{"id":714178,"date":"2024-03-20T21:02:05","date_gmt":"2024-03-20T19:02:05","guid":{"rendered":"http:\/\/devrri.freshlemon.ro\/?p=714178"},"modified":"2024-03-20T21:02:05","modified_gmt":"2024-03-20T19:02:05","slug":"noticias-del-dia-2123","status":"publish","type":"post","link":"https:\/\/www.rri.ro\/es\/actualidad\/noticias\/noticias-del-dia-2123-id714178.html","title":{"rendered":"Noticias del d\u00eda"},"content":{"rendered":"<p>INFO \u2013 PLUS Titulares:<\/p>\n<p><strong>&#8211; La coalici\u00f3n en el poder PSD-PNL present\u00f3, el mi\u00e9rcoles, al m\u00e9dico C\u0103t\u0103lin C\u00eerstoiu, como candidato conjunto al Ayuntamiento de Bucarest.<\/strong><\/p>\n<p><strong>&#8211; Ruman\u00eda acoger\u00e1, en Mihail Kog\u0103lniceanu (sureste), la mayor base operativa de la OTAN en Europa. La inversi\u00f3n del Gobierno se estima en 2,5 mil millones de euros.<\/strong><\/p>\n<p><strong>&#8211; Con motivo del D\u00eda Internacional de la Francofon\u00eda, que se celebra anualmente el 20 de marzo, las instituciones culturales de Bucarest organizaron eventos especiales.<\/strong><\/p>\n<p><strong>&#8211; Ruman\u00eda estar\u00e1 presente, este a\u00f1o, en la Bienal de Arte de Venecia, en Italia.<\/strong><\/p>\n<p><strong>&#8211; En las pr\u00f3ximas 24 horas, en la mitad oriental y en el sur de Ruman\u00eda, el cielo estar\u00e1 nublado.<\/strong><\/p>\n<p>Podr\u00e1n escuchar una nota sobre los movimientos preelectorales de los principales partidos y otra sobre el programa Rabla Plus (Chatarra), que da facilidades para la compra de coches el\u00e9ctricos e h\u00edbridos.<\/p>\n<p>&nbsp;<\/p>\n<p><strong>Bucarest, Elecciones<\/strong> &#8211; El candidato conjunto al ayuntamiento general de Bucarest de la coalici\u00f3n de Gobierno formada por PSD-PNL, el doctor C\u0103t\u0103lin C\u00eerstoiu, director del Hospital Universitario de la capital, fue presentado oficialmente el mi\u00e9rcoles, en una rueda de prensa, por los l\u00edderes de los dos partidos. C\u0103t\u0103lin C\u00eerstoiu no se unir\u00e1 a ninguna de las dos formaciones, ser\u00e1 apoyado, en las elecciones locales del 9 de junio, como independiente. En los pr\u00f3ximos d\u00edas, los socialdem\u00f3cratas y los liberales tambi\u00e9n anunciar\u00e1n candidatos conjuntos para los seis sectores de Bucarest. Volveremos a este tema en detalle. Les recordamos que este a\u00f1o se celebran en Ruman\u00eda todo tipo de elecciones: en junio, las elecciones parlamentarias locales y europeas, en septiembre las presidenciales y en diciembre las parlamentarias. Hoy mi\u00e9rcoles, el Tribunal Constitucional dio luz verde a la ley que permite adelantar las elecciones presidenciales en septiembre, rechazando as\u00ed la notificaci\u00f3n presentada por la USR y For\u0163a Dreptei (Fuerza de la Derecha). La oposici\u00f3n afirm\u00f3, en la notificaci\u00f3n, que el documento viola los principios democr\u00e1ticos, ya que es inconstitucional modificar las reglas electorales unos meses antes de la fecha de las elecciones.<br \/>\nBucarest, Base OTAN- Ruman\u00eda acoger\u00e1 en Mihail Kog\u0103lniceanu (sureste), la mayor base operativa de la OTAN en Europa, un aut\u00e9ntico portaaviones terrestre, como se conoce esta instalaci\u00f3n militar en el seno de la Alianza. La modernizaci\u00f3n de la base se inici\u00f3 en 2010, en el contexto de la guerra en Afganist\u00e1n, pero ahora se ha entrado en una nueva etapa de ampliaci\u00f3n del complejo militar. Se destinan importantes fondos para la construcci\u00f3n de una ciudad militar que incluir\u00e1 un hospital y una escuela. La inversi\u00f3n del Gobierno se estima en 2,5 mil millones de euros. Al final, Mihail Kog\u0103lniceanu podr\u00eda hacerse cargo de la log\u00edstica y los recursos humanos de la base estadounidense de Ramstein en Alemania.<\/p>\n<p>&nbsp;<\/p>\n<p><strong>Bucarest, Francofon\u00eda<\/strong> &#8211; Con motivo del D\u00eda Internacional de la Francofon\u00eda, que se celebra anualmente el 20 de marzo, varias instituciones culturales de Bucarest organizan eventos especiales. El Museo Nacional de Literatura Rumana organizar\u00e1 una presentaci\u00f3n de escritores rumanos que tuvieron una profunda conexi\u00f3n con el mundo cultural franc\u00e9s, tradujeron o escribieron sus obras en franc\u00e9s. El jueves, los estudiantes de la Escuela Francesa Internacional de Bucarest participar\u00e1n en una visita guiada en franc\u00e9s, presentada por St\u00e9phan Artaud, muse\u00f3grafo en pr\u00e1cticas en el Museo Nacional de Literatura Rumana.<br \/>\nLa Casa de las Artes \u00abDinu Lipatti\u00bb organiza hasta el 23 de marzo la 8\u00aa Edici\u00f3n del Festival \u00abI Love Lipatti\u00bb. Durante el evento, el D\u00eda de la Francofon\u00eda estar\u00e1 marcado por el Recital extraordinario interpretado por el invitado especial de Francia, el pianista Dimitri Malignan. El Peque\u00f1o Teatro conmemorar\u00e1 el D\u00eda de la Francofon\u00eda con la representaci\u00f3n \u00abTartufo de Moliere\u00bb, dirigida por Gelu Colceag, que tendr\u00e1 lugar el s\u00e1bado. Y el teatro \u00abNottara\u00bb prepar\u00f3 una edici\u00f3n especial del programa \u00abDi\u00e1logos sin m\u00e1scara\u00bb, con Vasile \u015eirli como invitado, cuyo tema de debate fue \u00abDe Bucarest a Disneylandia\u00bb. Un viaje, un camino, una historia\u00bb. Vasile \u015eirli es un compositor rumano que conquist\u00f3 Francia. Durante 30 a\u00f1os fue director del Departamento de M\u00fasica de Disneyland Par\u00eds.<\/p>\n<p>&nbsp;<\/p>\n<p><strong>Bucarest, Bienal Arte<\/strong> &#8211; Ruman\u00eda estar\u00e1 presente, este a\u00f1o, en la Bienal de Arte de Venecia, en Italia. El mi\u00e9rcoles se public\u00f3 en Bucarest el proyecto que representar\u00e1 al pa\u00eds en la 60\u00aa edici\u00f3n de esta gran exposici\u00f3n internacional. La propuesta de Ruman\u00eda se llama \u00abQu\u00e9 es el trabajo\u00bb y est\u00e1 firmada por \u015eerban Savu. La exposici\u00f3n, se\u00f1ala ICR, analiza la iconograf\u00eda del trabajo, inspir\u00e1ndose en el realismo hist\u00f3rico y el arte propagand\u00edstico de los pa\u00edses que formaban parte del llamado \u00abBloque del Este\u00bb. \u00abEn la Bienal de Venecia, que tendr\u00e1 lugar entre el 20 de abril y el 24 de noviembre, se presentar\u00e1n exposiciones de 87 pa\u00edses.<\/p>\n<p>&nbsp;<\/p>\n<p><strong>Bucarest , Meteo &#8211;<\/strong> En las pr\u00f3ximas 24 horas, en la mitad oriental y en el sur de Ruman\u00eda, el cielo estar\u00e1 nublado y se anunciar\u00e1n precipitaciones ligeras. En las monta\u00f1as prevalecer\u00e1 la nieve. En el resto del pa\u00eds el cielo estar\u00e1 variable y s\u00f3lo llover\u00e1 de forma aislada. El viento soplar\u00e1 d\u00e9bil y moderado, con intensificaciones a lo largo del d\u00eda en la zona de alta monta\u00f1a (rachas superiores a 70&#8230;80 km\/h) y especialmente en las regiones orientales (velocidades generales de 40&#8230;50 km\/h). Las temperaturas m\u00e1ximas descender\u00e1n entre 5 y 16 grados cent\u00edgrados.<\/p>\n","protected":false},"excerpt":{"rendered":"<p>INFO \u2013 PLUS Titulares: &#8211; La coalici\u00f3n en el poder PSD-PNL present\u00f3, el mi\u00e9rcoles, al m\u00e9dico C\u0103t\u0103lin C\u00eerstoiu, como candidato conjunto al Ayuntamiento de Bucarest. &#8211; Ruman\u00eda acoger\u00e1, en Mihail Kog\u0103lniceanu (sureste), la mayor base operativa de la OTAN en Europa. La inversi\u00f3n del Gobierno se estima en 2,5 mil millones de euros. &#8211; Con [&hellip;]<\/p>\n","protected":false},"author":38,"featured_media":671693,"comment_status":"closed","ping_status":"closed","sticky":false,"template":"","format":"standard","meta":{"_acf_changed":false,"footnotes":""},"categories":[49382],"tags":[112561,144300,144299,133830],"coauthors":[132172],"class_list":["post-714178","post","type-post","status-publish","format-standard","has-post-thumbnail","hentry","category-noticias","tag-elecciones","tag-meteo-es","tag-nato-es","tag-noticias"],"acf":[],"yoast_head":"<!-- This site is optimized with the Yoast SEO plugin v27.3 - https:\/\/yoast.com\/product\/yoast-seo-wordpress\/ -->\n<title>Noticias del d\u00eda - Radio Ruman\u00eda Internacional<\/title>\n<meta name=\"robots\" content=\"index, follow, max-snippet:-1, max-image-preview:large, max-video-preview:-1\" \/>\n<link rel=\"canonical\" href=\"https:\/\/www.rri.ro\/es\/actualidad\/noticias\/noticias-del-dia-2123-id714178.html\" \/>\n<meta property=\"og:locale\" content=\"es_ES\" \/>\n<meta property=\"og:type\" content=\"article\" \/>\n<meta property=\"og:title\" content=\"Noticias del d\u00eda - Radio Ruman\u00eda Internacional\" \/>\n<meta property=\"og:description\" content=\"INFO \u2013 PLUS Titulares: &#8211; La coalici\u00f3n en el poder PSD-PNL present\u00f3, el mi\u00e9rcoles, al m\u00e9dico C\u0103t\u0103lin C\u00eerstoiu, como candidato conjunto al Ayuntamiento de Bucarest. &#8211; Ruman\u00eda acoger\u00e1, en Mihail Kog\u0103lniceanu (sureste), la mayor base operativa de la OTAN en Europa. La inversi\u00f3n del Gobierno se estima en 2,5 mil millones de euros. &#8211; Con [&hellip;]\" \/>\n<meta property=\"og:url\" content=\"https:\/\/www.rri.ro\/es\/actualidad\/noticias\/noticias-del-dia-2123-id714178.html\" \/>\n<meta property=\"og:site_name\" content=\"Radio Ruman\u00eda Internacional\" \/>\n<meta property=\"article:published_time\" content=\"2024-03-20T19:02:05+00:00\" \/>\n<meta property=\"og:image\" content=\"https:\/\/www.rri.ro\/wp-content\/uploads\/2024\/02\/stiri-spaniola-bleu-1.png\" \/>\n\t<meta property=\"og:image:width\" content=\"420\" \/>\n\t<meta property=\"og:image:height\" content=\"315\" \/>\n\t<meta property=\"og:image:type\" content=\"image\/png\" \/>\n<meta name=\"author\" content=\"Simona Sarbescu\" \/>\n<meta name=\"twitter:card\" content=\"summary_large_image\" \/>\n<meta name=\"twitter:label1\" content=\"Escrito por\" \/>\n\t<meta name=\"twitter:data1\" content=\"Simona Sarbescu\" \/>\n\t<meta name=\"twitter:label2\" content=\"Tiempo de lectura\" \/>\n\t<meta name=\"twitter:data2\" content=\"5 minutos\" \/>\n\t<meta name=\"twitter:label3\" content=\"Written by\" \/>\n\t<meta name=\"twitter:data3\" content=\"Simona Sarbescu\" \/>\n<script type=\"application\/ld+json\" class=\"yoast-schema-graph\">{\"@context\":\"https:\\\/\\\/schema.org\",\"@graph\":[{\"@type\":\"Article\",\"@id\":\"https:\\\/\\\/www.rri.ro\\\/es\\\/actualidad\\\/noticias\\\/noticias-del-dia-2123-id714178.html#article\",\"isPartOf\":{\"@id\":\"https:\\\/\\\/www.rri.ro\\\/es\\\/actualidad\\\/noticias\\\/noticias-del-dia-2123-id714178.html\"},\"author\":{\"name\":\"Simona Sarbescu\",\"@id\":\"https:\\\/\\\/www.rri.ro\\\/#\\\/schema\\\/person\\\/1e5b68c542aa18216bc645b5072f1273\"},\"headline\":\"Noticias del d\u00eda\",\"datePublished\":\"2024-03-20T19:02:05+00:00\",\"mainEntityOfPage\":{\"@id\":\"https:\\\/\\\/www.rri.ro\\\/es\\\/actualidad\\\/noticias\\\/noticias-del-dia-2123-id714178.html\"},\"wordCount\":959,\"image\":{\"@id\":\"https:\\\/\\\/www.rri.ro\\\/es\\\/actualidad\\\/noticias\\\/noticias-del-dia-2123-id714178.html#primaryimage\"},\"thumbnailUrl\":\"https:\\\/\\\/www.rri.ro\\\/wp-content\\\/uploads\\\/2024\\\/02\\\/stiri-spaniola-bleu-1.png\",\"keywords\":[\"elecciones\",\"meteo\",\"NATO\",\"noticias\"],\"articleSection\":[\"Noticias\"],\"inLanguage\":\"es\"},{\"@type\":\"WebPage\",\"@id\":\"https:\\\/\\\/www.rri.ro\\\/es\\\/actualidad\\\/noticias\\\/noticias-del-dia-2123-id714178.html\",\"url\":\"https:\\\/\\\/www.rri.ro\\\/es\\\/actualidad\\\/noticias\\\/noticias-del-dia-2123-id714178.html\",\"name\":\"Noticias del d\u00eda - Radio Ruman\u00eda Internacional\",\"isPartOf\":{\"@id\":\"https:\\\/\\\/www.rri.ro\\\/#website\"},\"primaryImageOfPage\":{\"@id\":\"https:\\\/\\\/www.rri.ro\\\/es\\\/actualidad\\\/noticias\\\/noticias-del-dia-2123-id714178.html#primaryimage\"},\"image\":{\"@id\":\"https:\\\/\\\/www.rri.ro\\\/es\\\/actualidad\\\/noticias\\\/noticias-del-dia-2123-id714178.html#primaryimage\"},\"thumbnailUrl\":\"https:\\\/\\\/www.rri.ro\\\/wp-content\\\/uploads\\\/2024\\\/02\\\/stiri-spaniola-bleu-1.png\",\"datePublished\":\"2024-03-20T19:02:05+00:00\",\"author\":{\"@id\":\"https:\\\/\\\/www.rri.ro\\\/#\\\/schema\\\/person\\\/1e5b68c542aa18216bc645b5072f1273\"},\"breadcrumb\":{\"@id\":\"https:\\\/\\\/www.rri.ro\\\/es\\\/actualidad\\\/noticias\\\/noticias-del-dia-2123-id714178.html#breadcrumb\"},\"inLanguage\":\"es\",\"potentialAction\":[{\"@type\":\"ReadAction\",\"target\":[\"https:\\\/\\\/www.rri.ro\\\/es\\\/actualidad\\\/noticias\\\/noticias-del-dia-2123-id714178.html\"]}]},{\"@type\":\"ImageObject\",\"inLanguage\":\"es\",\"@id\":\"https:\\\/\\\/www.rri.ro\\\/es\\\/actualidad\\\/noticias\\\/noticias-del-dia-2123-id714178.html#primaryimage\",\"url\":\"https:\\\/\\\/www.rri.ro\\\/wp-content\\\/uploads\\\/2024\\\/02\\\/stiri-spaniola-bleu-1.png\",\"contentUrl\":\"https:\\\/\\\/www.rri.ro\\\/wp-content\\\/uploads\\\/2024\\\/02\\\/stiri-spaniola-bleu-1.png\",\"width\":420,\"height\":315,\"caption\":\"stiri-spaniola-bleu\"},{\"@type\":\"BreadcrumbList\",\"@id\":\"https:\\\/\\\/www.rri.ro\\\/es\\\/actualidad\\\/noticias\\\/noticias-del-dia-2123-id714178.html#breadcrumb\",\"itemListElement\":[{\"@type\":\"ListItem\",\"position\":1,\"name\":\"P\u00e1gina de inicio\",\"item\":\"https:\\\/\\\/www.rri.ro\\\/es\"},{\"@type\":\"ListItem\",\"position\":2,\"name\":\"Actualidad\",\"item\":\"https:\\\/\\\/www.rri.ro\\\/es\\\/actualidad\"},{\"@type\":\"ListItem\",\"position\":3,\"name\":\"Noticias\",\"item\":\"https:\\\/\\\/www.rri.ro\\\/es\\\/actualidad\\\/noticias\"},{\"@type\":\"ListItem\",\"position\":4,\"name\":\"Noticias del d\u00eda\"}]},{\"@type\":\"WebSite\",\"@id\":\"https:\\\/\\\/www.rri.ro\\\/#website\",\"url\":\"https:\\\/\\\/www.rri.ro\\\/\",\"name\":\"Radio Ruman\u00eda Internacional\",\"description\":\"Totul despre Rom\u00e2nia \u015fi rom\u00e2ni, \u00een 13 limbi\\\/dialecte!\",\"inLanguage\":\"es\"},{\"@type\":\"Person\",\"@id\":\"https:\\\/\\\/www.rri.ro\\\/#\\\/schema\\\/person\\\/1e5b68c542aa18216bc645b5072f1273\",\"name\":\"Simona Sarbescu\",\"url\":\"https:\\\/\\\/www.rri.ro\\\/es\\\/author\\\/simona-sarbescu\"}]}<\/script>\n<!-- \/ Yoast SEO plugin. -->","yoast_head_json":{"title":"Noticias del d\u00eda - Radio Ruman\u00eda Internacional","robots":{"index":"index","follow":"follow","max-snippet":"max-snippet:-1","max-image-preview":"max-image-preview:large","max-video-preview":"max-video-preview:-1"},"canonical":"https:\/\/www.rri.ro\/es\/actualidad\/noticias\/noticias-del-dia-2123-id714178.html","og_locale":"es_ES","og_type":"article","og_title":"Noticias del d\u00eda - Radio Ruman\u00eda Internacional","og_description":"INFO \u2013 PLUS Titulares: &#8211; La coalici\u00f3n en el poder PSD-PNL present\u00f3, el mi\u00e9rcoles, al m\u00e9dico C\u0103t\u0103lin C\u00eerstoiu, como candidato conjunto al Ayuntamiento de Bucarest. &#8211; Ruman\u00eda acoger\u00e1, en Mihail Kog\u0103lniceanu (sureste), la mayor base operativa de la OTAN en Europa. La inversi\u00f3n del Gobierno se estima en 2,5 mil millones de euros. &#8211; Con [&hellip;]","og_url":"https:\/\/www.rri.ro\/es\/actualidad\/noticias\/noticias-del-dia-2123-id714178.html","og_site_name":"Radio Ruman\u00eda Internacional","article_published_time":"2024-03-20T19:02:05+00:00","og_image":[{"width":420,"height":315,"url":"https:\/\/www.rri.ro\/wp-content\/uploads\/2024\/02\/stiri-spaniola-bleu-1.png","type":"image\/png"}],"author":"Simona Sarbescu","twitter_card":"summary_large_image","twitter_misc":{"Escrito por":"Simona Sarbescu","Tiempo de lectura":"5 minutos","Written by":"Simona Sarbescu"},"schema":{"@context":"https:\/\/schema.org","@graph":[{"@type":"Article","@id":"https:\/\/www.rri.ro\/es\/actualidad\/noticias\/noticias-del-dia-2123-id714178.html#article","isPartOf":{"@id":"https:\/\/www.rri.ro\/es\/actualidad\/noticias\/noticias-del-dia-2123-id714178.html"},"author":{"name":"Simona Sarbescu","@id":"https:\/\/www.rri.ro\/#\/schema\/person\/1e5b68c542aa18216bc645b5072f1273"},"headline":"Noticias del d\u00eda","datePublished":"2024-03-20T19:02:05+00:00","mainEntityOfPage":{"@id":"https:\/\/www.rri.ro\/es\/actualidad\/noticias\/noticias-del-dia-2123-id714178.html"},"wordCount":959,"image":{"@id":"https:\/\/www.rri.ro\/es\/actualidad\/noticias\/noticias-del-dia-2123-id714178.html#primaryimage"},"thumbnailUrl":"https:\/\/www.rri.ro\/wp-content\/uploads\/2024\/02\/stiri-spaniola-bleu-1.png","keywords":["elecciones","meteo","NATO","noticias"],"articleSection":["Noticias"],"inLanguage":"es"},{"@type":"WebPage","@id":"https:\/\/www.rri.ro\/es\/actualidad\/noticias\/noticias-del-dia-2123-id714178.html","url":"https:\/\/www.rri.ro\/es\/actualidad\/noticias\/noticias-del-dia-2123-id714178.html","name":"Noticias del d\u00eda - Radio Ruman\u00eda Internacional","isPartOf":{"@id":"https:\/\/www.rri.ro\/#website"},"primaryImageOfPage":{"@id":"https:\/\/www.rri.ro\/es\/actualidad\/noticias\/noticias-del-dia-2123-id714178.html#primaryimage"},"image":{"@id":"https:\/\/www.rri.ro\/es\/actualidad\/noticias\/noticias-del-dia-2123-id714178.html#primaryimage"},"thumbnailUrl":"https:\/\/www.rri.ro\/wp-content\/uploads\/2024\/02\/stiri-spaniola-bleu-1.png","datePublished":"2024-03-20T19:02:05+00:00","author":{"@id":"https:\/\/www.rri.ro\/#\/schema\/person\/1e5b68c542aa18216bc645b5072f1273"},"breadcrumb":{"@id":"https:\/\/www.rri.ro\/es\/actualidad\/noticias\/noticias-del-dia-2123-id714178.html#breadcrumb"},"inLanguage":"es","potentialAction":[{"@type":"ReadAction","target":["https:\/\/www.rri.ro\/es\/actualidad\/noticias\/noticias-del-dia-2123-id714178.html"]}]},{"@type":"ImageObject","inLanguage":"es","@id":"https:\/\/www.rri.ro\/es\/actualidad\/noticias\/noticias-del-dia-2123-id714178.html#primaryimage","url":"https:\/\/www.rri.ro\/wp-content\/uploads\/2024\/02\/stiri-spaniola-bleu-1.png","contentUrl":"https:\/\/www.rri.ro\/wp-content\/uploads\/2024\/02\/stiri-spaniola-bleu-1.png","width":420,"height":315,"caption":"stiri-spaniola-bleu"},{"@type":"BreadcrumbList","@id":"https:\/\/www.rri.ro\/es\/actualidad\/noticias\/noticias-del-dia-2123-id714178.html#breadcrumb","itemListElement":[{"@type":"ListItem","position":1,"name":"P\u00e1gina de inicio","item":"https:\/\/www.rri.ro\/es"},{"@type":"ListItem","position":2,"name":"Actualidad","item":"https:\/\/www.rri.ro\/es\/actualidad"},{"@type":"ListItem","position":3,"name":"Noticias","item":"https:\/\/www.rri.ro\/es\/actualidad\/noticias"},{"@type":"ListItem","position":4,"name":"Noticias del d\u00eda"}]},{"@type":"WebSite","@id":"https:\/\/www.rri.ro\/#website","url":"https:\/\/www.rri.ro\/","name":"Radio Ruman\u00eda Internacional","description":"Totul despre Rom\u00e2nia \u015fi rom\u00e2ni, \u00een 13 limbi\/dialecte!","inLanguage":"es"},{"@type":"Person","@id":"https:\/\/www.rri.ro\/#\/schema\/person\/1e5b68c542aa18216bc645b5072f1273","name":"Simona Sarbescu","url":"https:\/\/www.rri.ro\/es\/author\/simona-sarbescu"}]}},"_links":{"self":[{"href":"https:\/\/www.rri.ro\/es\/wp-json\/wp\/v2\/posts\/714178","targetHints":{"allow":["GET"]}}],"collection":[{"href":"https:\/\/www.rri.ro\/es\/wp-json\/wp\/v2\/posts"}],"about":[{"href":"https:\/\/www.rri.ro\/es\/wp-json\/wp\/v2\/types\/post"}],"author":[{"embeddable":true,"href":"https:\/\/www.rri.ro\/es\/wp-json\/wp\/v2\/users\/38"}],"replies":[{"embeddable":true,"href":"https:\/\/www.rri.ro\/es\/wp-json\/wp\/v2\/comments?post=714178"}],"version-history":[{"count":0,"href":"https:\/\/www.rri.ro\/es\/wp-json\/wp\/v2\/posts\/714178\/revisions"}],"wp:featuredmedia":[{"embeddable":true,"href":"https:\/\/www.rri.ro\/es\/wp-json\/wp\/v2\/media\/671693"}],"wp:attachment":[{"href":"https:\/\/www.rri.ro\/es\/wp-json\/wp\/v2\/media?parent=714178"}],"wp:term":[{"taxonomy":"category","embeddable":true,"href":"https:\/\/www.rri.ro\/es\/wp-json\/wp\/v2\/categories?post=714178"},{"taxonomy":"post_tag","embeddable":true,"href":"https:\/\/www.rri.ro\/es\/wp-json\/wp\/v2\/tags?post=714178"},{"taxonomy":"author","embeddable":true,"href":"https:\/\/www.rri.ro\/es\/wp-json\/wp\/v2\/coauthors?post=714178"}],"curies":[{"name":"wp","href":"https:\/\/api.w.org\/{rel}","templated":true}]}}