{"id":714315,"date":"2024-03-21T14:35:13","date_gmt":"2024-03-21T12:35:13","guid":{"rendered":"http:\/\/devrri.freshlemon.ro\/?p=714315"},"modified":"2024-03-21T14:35:13","modified_gmt":"2024-03-21T12:35:13","slug":"rumania-elecciones-y-declaraciones","status":"publish","type":"post","link":"https:\/\/www.rri.ro\/es\/actualidad\/tema-del-dia\/rumania-elecciones-y-declaraciones-id714315.html","title":{"rendered":"Ruman\u00eda, elecciones y declaraciones"},"content":{"rendered":"<p>El m\u00e9dico ortop\u00e9dico C\u0103t\u0103lin C\u00eerstoiu (50), decano de la Facultad de Medicina \u00abCarol Davila\u00bb y director del Hospital Universitario de Urgencias, quiere ser alcalde de Bucarest. Ha sido anunciado como candidato conjunto de la coalici\u00f3n gobernante PSD-PNL. El presidente socialdem\u00f3crata, Marcel Ciolacu, critic\u00f3 la labor del actual alcalde general y afirm\u00f3 que Bucarest necesita a alguien capaz de dirigir un equipo, ser gestor y catalizador de personas de alto rendimiento en todos los \u00e1mbitos. Su compa\u00f1ero de coalici\u00f3n, el l\u00edder liberal Nicolae Ciuc\u0103, habl\u00f3 de coherencia y cohesi\u00f3n en la administraci\u00f3n de la capital y de un denominador com\u00fan para todo lo que significa el trabajo del Ayuntamiento General y de los ayuntamientos sectoriales.<\/p>\n<p>La elecci\u00f3n fue criticada por la USR, el principal partido de la oposici\u00f3n rumana, que apoya al actual alcalde general, Nicu\u0219or Dan, para otro mandato. Hasta ahora se han anunciado otros dos candidatos: el actual alcalde del sector 5, Cristian Popescu Piedone, en nombre del Partido Humanista Social Liberal, y Mihai Enache, en nombre de la AUR. La campa\u00f1a de C\u0103t\u0103lin C\u00eerstoiu ser\u00e1 coordinada por Gabriela Firea, presidenta del PSD de Bucarest, y su hom\u00f3logo liberal, Sebastian Burduja, dos pol\u00edticos que ya hab\u00edan anunciado anteriormente su propia intenci\u00f3n de presentar su candidatura a la alcald\u00eda de Bucarest. C\u0103t\u0103lin C\u00eerstoiu explic\u00f3 por qu\u00e9 acept\u00f3 el reto de presentarse como candidato:<\/p>\n<p>\u00ab<em>Como m\u00e9dico, he llegado a la conclusi\u00f3n, teniendo sentido c\u00edvico, de que la salud no se limita estrictamente a los m\u00e9todos por los que un hombre la encuentra adecuadamente en un hospital. En la salud de los pacientes influye enormemente desde el aire limpio hasta un transporte p\u00fablico eficiente, pasando por una infraestructura viaria eficaz. Un entorno propicio en el que, en el Ayuntamiento, cada ciudadano no pregunte por sus derechos, sino que los encuentre fundamentalmente<\/em><em>\u00bb.<\/em><\/p>\n<p>Inmediatamente despu\u00e9s del anuncio del candidato del PSD-PNL, el alcalde en funciones de la capital, Nicu\u015for Dan, retir\u00f3 los principales poderes ejecutivos al vicealcalde liberal Stelian Bujduveanu. <em>\u00ab<\/em><em>Durante tres a\u00f1os, en el Consejo de Bucarest hab\u00eda una mayor\u00eda de derechas, formada por el PNL, la USR y el PMP, y ahora el PNL ha decidido formar otra mayor\u00eda junto al PSD, situaci\u00f3n que ya no coincide con el cargo que ocupa el vicealcalde<\/em><em>\u00bb<\/em><em>,<\/em> explic\u00f3 Nicusor Dan su decisi\u00f3n. Stelian Bujduveanu coordinaba \u00e1reas como el transporte, el patrimonio, la relaci\u00f3n con la Administraci\u00f3n de Calles de Bucarest y la Compa\u00f1\u00eda de Transportes de Bucarest, atribuciones asumidas ahora por el alcalde general. Por otra parte, la Comisi\u00f3n T\u00e9cnica Central que coordina las actividades de organizaci\u00f3n de las elecciones parlamentarias locales y europeas celebr\u00f3 este mi\u00e9rcoles su primera reuni\u00f3n.<\/p>\n<p>Las elecciones al Parlamento Europeo y las municipales se celebrar\u00e1n el 9 de junio. Tambi\u00e9n este a\u00f1o est\u00e1n previstas elecciones presidenciales (en septiembre) y legislativas (en diciembre). Adem\u00e1s, la CCR rechaz\u00f3 por unanimidad una petici\u00f3n de la USR relativa al adelanto de la fecha de las elecciones presidenciales rumanas. As\u00ed que la primera vuelta ser\u00e1, seg\u00fan lo decidido, el 15 de septiembre y la segunda el 29 de septiembre.<\/p>\n<p>Versi\u00f3n en espa\u00f1ol: Victoria Sepciu<\/p>\n<p>&nbsp;<\/p>\n","protected":false},"excerpt":{"rendered":"<p>El m\u00e9dico ortop\u00e9dico C\u0103t\u0103lin C\u00eerstoiu (50), decano de la Facultad de Medicina \u00abCarol Davila\u00bb y director del Hospital Universitario de Urgencias, quiere ser alcalde de Bucarest. Ha sido anunciado como candidato conjunto de la coalici\u00f3n gobernante PSD-PNL. El presidente socialdem\u00f3crata, Marcel Ciolacu, critic\u00f3 la labor del actual alcalde general y afirm\u00f3 que Bucarest necesita a [&hellip;]<\/p>\n","protected":false},"author":106,"featured_media":656121,"comment_status":"closed","ping_status":"closed","sticky":false,"template":"","format":"gallery","meta":{"_acf_changed":false,"footnotes":""},"categories":[49231],"tags":[144343,144342,112561],"coauthors":[113311],"class_list":["post-714315","post","type-post","status-publish","format-gallery","has-post-thumbnail","hentry","category-tema-del-dia","tag-alcalde","tag-candidato","tag-elecciones","post_format-post-format-gallery"],"acf":[],"yoast_head":"<!-- This site is optimized with the Yoast SEO plugin v27.5 - https:\/\/yoast.com\/product\/yoast-seo-wordpress\/ -->\n<title>Ruman\u00eda, elecciones y declaraciones - Radio Ruman\u00eda Internacional<\/title>\n<meta name=\"robots\" content=\"index, follow, max-snippet:-1, max-image-preview:large, max-video-preview:-1\" \/>\n<link rel=\"canonical\" href=\"https:\/\/www.rri.ro\/es\/actualidad\/tema-del-dia\/rumania-elecciones-y-declaraciones-id714315.html\" \/>\n<meta property=\"og:locale\" content=\"es_ES\" \/>\n<meta property=\"og:type\" content=\"article\" \/>\n<meta property=\"og:title\" content=\"Ruman\u00eda, elecciones y declaraciones - Radio Ruman\u00eda Internacional\" \/>\n<meta property=\"og:description\" content=\"El m\u00e9dico ortop\u00e9dico C\u0103t\u0103lin C\u00eerstoiu (50), decano de la Facultad de Medicina \u00abCarol Davila\u00bb y director del Hospital Universitario de Urgencias, quiere ser alcalde de Bucarest. Ha sido anunciado como candidato conjunto de la coalici\u00f3n gobernante PSD-PNL. El presidente socialdem\u00f3crata, Marcel Ciolacu, critic\u00f3 la labor del actual alcalde general y afirm\u00f3 que Bucarest necesita a [&hellip;]\" \/>\n<meta property=\"og:url\" content=\"https:\/\/www.rri.ro\/es\/actualidad\/tema-del-dia\/rumania-elecciones-y-declaraciones-id714315.html\" \/>\n<meta property=\"og:site_name\" content=\"Radio Ruman\u00eda Internacional\" \/>\n<meta property=\"article:published_time\" content=\"2024-03-21T12:35:13+00:00\" \/>\n<meta property=\"og:image\" content=\"https:\/\/www.rri.ro\/wp-content\/uploads\/2024\/02\/vot-stampila-alegeri-sursa-foto-fb-autoritatea-electorala-permanenta-size-1200.jpg\" \/>\n\t<meta property=\"og:image:width\" content=\"1200\" \/>\n\t<meta property=\"og:image:height\" content=\"984\" \/>\n\t<meta property=\"og:image:type\" content=\"image\/jpeg\" \/>\n<meta name=\"author\" content=\"Mihai Pelin\" \/>\n<meta name=\"twitter:card\" content=\"summary_large_image\" \/>\n<meta name=\"twitter:label1\" content=\"Escrito por\" \/>\n\t<meta name=\"twitter:data1\" content=\"Mihai Pelin\" \/>\n\t<meta name=\"twitter:label2\" content=\"Tiempo de lectura\" \/>\n\t<meta name=\"twitter:data2\" content=\"3 minutos\" \/>\n\t<meta name=\"twitter:label3\" content=\"Written by\" \/>\n\t<meta name=\"twitter:data3\" content=\"Mihai Pelin\" \/>\n<script type=\"application\/ld+json\" class=\"yoast-schema-graph\">{\"@context\":\"https:\\\/\\\/schema.org\",\"@graph\":[{\"@type\":\"Article\",\"@id\":\"https:\\\/\\\/www.rri.ro\\\/es\\\/actualidad\\\/tema-del-dia\\\/rumania-elecciones-y-declaraciones-id714315.html#article\",\"isPartOf\":{\"@id\":\"https:\\\/\\\/www.rri.ro\\\/es\\\/actualidad\\\/tema-del-dia\\\/rumania-elecciones-y-declaraciones-id714315.html\"},\"author\":{\"name\":\"Mihai Pelin\",\"@id\":\"https:\\\/\\\/www.rri.ro\\\/#\\\/schema\\\/person\\\/c6036c822534c855dc3aad41a484f05d\"},\"headline\":\"Ruman\u00eda, elecciones y declaraciones\",\"datePublished\":\"2024-03-21T12:35:13+00:00\",\"mainEntityOfPage\":{\"@id\":\"https:\\\/\\\/www.rri.ro\\\/es\\\/actualidad\\\/tema-del-dia\\\/rumania-elecciones-y-declaraciones-id714315.html\"},\"wordCount\":568,\"image\":{\"@id\":\"https:\\\/\\\/www.rri.ro\\\/es\\\/actualidad\\\/tema-del-dia\\\/rumania-elecciones-y-declaraciones-id714315.html#primaryimage\"},\"thumbnailUrl\":\"https:\\\/\\\/www.rri.ro\\\/wp-content\\\/uploads\\\/2024\\\/02\\\/vot-stampila-alegeri-sursa-foto-fb-autoritatea-electorala-permanenta-size-1200.jpg\",\"keywords\":[\"alcalde\",\"candidato\",\"elecciones\"],\"articleSection\":[\"Tema del d\u00eda\"],\"inLanguage\":\"es\"},{\"@type\":\"WebPage\",\"@id\":\"https:\\\/\\\/www.rri.ro\\\/es\\\/actualidad\\\/tema-del-dia\\\/rumania-elecciones-y-declaraciones-id714315.html\",\"url\":\"https:\\\/\\\/www.rri.ro\\\/es\\\/actualidad\\\/tema-del-dia\\\/rumania-elecciones-y-declaraciones-id714315.html\",\"name\":\"Ruman\u00eda, elecciones y declaraciones - Radio Ruman\u00eda Internacional\",\"isPartOf\":{\"@id\":\"https:\\\/\\\/www.rri.ro\\\/#website\"},\"primaryImageOfPage\":{\"@id\":\"https:\\\/\\\/www.rri.ro\\\/es\\\/actualidad\\\/tema-del-dia\\\/rumania-elecciones-y-declaraciones-id714315.html#primaryimage\"},\"image\":{\"@id\":\"https:\\\/\\\/www.rri.ro\\\/es\\\/actualidad\\\/tema-del-dia\\\/rumania-elecciones-y-declaraciones-id714315.html#primaryimage\"},\"thumbnailUrl\":\"https:\\\/\\\/www.rri.ro\\\/wp-content\\\/uploads\\\/2024\\\/02\\\/vot-stampila-alegeri-sursa-foto-fb-autoritatea-electorala-permanenta-size-1200.jpg\",\"datePublished\":\"2024-03-21T12:35:13+00:00\",\"author\":{\"@id\":\"https:\\\/\\\/www.rri.ro\\\/#\\\/schema\\\/person\\\/c6036c822534c855dc3aad41a484f05d\"},\"breadcrumb\":{\"@id\":\"https:\\\/\\\/www.rri.ro\\\/es\\\/actualidad\\\/tema-del-dia\\\/rumania-elecciones-y-declaraciones-id714315.html#breadcrumb\"},\"inLanguage\":\"es\",\"potentialAction\":[{\"@type\":\"ReadAction\",\"target\":[\"https:\\\/\\\/www.rri.ro\\\/es\\\/actualidad\\\/tema-del-dia\\\/rumania-elecciones-y-declaraciones-id714315.html\"]}]},{\"@type\":\"ImageObject\",\"inLanguage\":\"es\",\"@id\":\"https:\\\/\\\/www.rri.ro\\\/es\\\/actualidad\\\/tema-del-dia\\\/rumania-elecciones-y-declaraciones-id714315.html#primaryimage\",\"url\":\"https:\\\/\\\/www.rri.ro\\\/wp-content\\\/uploads\\\/2024\\\/02\\\/vot-stampila-alegeri-sursa-foto-fb-autoritatea-electorala-permanenta-size-1200.jpg\",\"contentUrl\":\"https:\\\/\\\/www.rri.ro\\\/wp-content\\\/uploads\\\/2024\\\/02\\\/vot-stampila-alegeri-sursa-foto-fb-autoritatea-electorala-permanenta-size-1200.jpg\",\"width\":1200,\"height\":984,\"caption\":\"Rom\u00e2nii \u00ee\u015fi vor alege \u00een aceea\u015fi zi eurodeputa\u0163ii \u015fi primarii (sursa foto: AEP)\"},{\"@type\":\"BreadcrumbList\",\"@id\":\"https:\\\/\\\/www.rri.ro\\\/es\\\/actualidad\\\/tema-del-dia\\\/rumania-elecciones-y-declaraciones-id714315.html#breadcrumb\",\"itemListElement\":[{\"@type\":\"ListItem\",\"position\":1,\"name\":\"P\u00e1gina de inicio\",\"item\":\"https:\\\/\\\/www.rri.ro\\\/es\"},{\"@type\":\"ListItem\",\"position\":2,\"name\":\"Actualidad\",\"item\":\"https:\\\/\\\/www.rri.ro\\\/es\\\/actualidad\"},{\"@type\":\"ListItem\",\"position\":3,\"name\":\"Tema del d\u00eda\",\"item\":\"https:\\\/\\\/www.rri.ro\\\/es\\\/actualidad\\\/tema-del-dia\"},{\"@type\":\"ListItem\",\"position\":4,\"name\":\"Ruman\u00eda, elecciones y declaraciones\"}]},{\"@type\":\"WebSite\",\"@id\":\"https:\\\/\\\/www.rri.ro\\\/#website\",\"url\":\"https:\\\/\\\/www.rri.ro\\\/\",\"name\":\"Radio Ruman\u00eda Internacional\",\"description\":\"Totul despre Rom\u00e2nia \u015fi rom\u00e2ni, \u00een 13 limbi\\\/dialecte!\",\"inLanguage\":\"es\"},{\"@type\":\"Person\",\"@id\":\"https:\\\/\\\/www.rri.ro\\\/#\\\/schema\\\/person\\\/c6036c822534c855dc3aad41a484f05d\",\"name\":\"Mihai Pelin\",\"url\":\"https:\\\/\\\/www.rri.ro\\\/es\\\/author\\\/mihai-pelin\"}]}<\/script>\n<!-- \/ Yoast SEO plugin. -->","yoast_head_json":{"title":"Ruman\u00eda, elecciones y declaraciones - Radio Ruman\u00eda Internacional","robots":{"index":"index","follow":"follow","max-snippet":"max-snippet:-1","max-image-preview":"max-image-preview:large","max-video-preview":"max-video-preview:-1"},"canonical":"https:\/\/www.rri.ro\/es\/actualidad\/tema-del-dia\/rumania-elecciones-y-declaraciones-id714315.html","og_locale":"es_ES","og_type":"article","og_title":"Ruman\u00eda, elecciones y declaraciones - Radio Ruman\u00eda Internacional","og_description":"El m\u00e9dico ortop\u00e9dico C\u0103t\u0103lin C\u00eerstoiu (50), decano de la Facultad de Medicina \u00abCarol Davila\u00bb y director del Hospital Universitario de Urgencias, quiere ser alcalde de Bucarest. Ha sido anunciado como candidato conjunto de la coalici\u00f3n gobernante PSD-PNL. El presidente socialdem\u00f3crata, Marcel Ciolacu, critic\u00f3 la labor del actual alcalde general y afirm\u00f3 que Bucarest necesita a [&hellip;]","og_url":"https:\/\/www.rri.ro\/es\/actualidad\/tema-del-dia\/rumania-elecciones-y-declaraciones-id714315.html","og_site_name":"Radio Ruman\u00eda Internacional","article_published_time":"2024-03-21T12:35:13+00:00","og_image":[{"width":1200,"height":984,"url":"https:\/\/www.rri.ro\/wp-content\/uploads\/2024\/02\/vot-stampila-alegeri-sursa-foto-fb-autoritatea-electorala-permanenta-size-1200.jpg","type":"image\/jpeg"}],"author":"Mihai Pelin","twitter_card":"summary_large_image","twitter_misc":{"Escrito por":"Mihai Pelin","Tiempo de lectura":"3 minutos","Written by":"Mihai Pelin"},"schema":{"@context":"https:\/\/schema.org","@graph":[{"@type":"Article","@id":"https:\/\/www.rri.ro\/es\/actualidad\/tema-del-dia\/rumania-elecciones-y-declaraciones-id714315.html#article","isPartOf":{"@id":"https:\/\/www.rri.ro\/es\/actualidad\/tema-del-dia\/rumania-elecciones-y-declaraciones-id714315.html"},"author":{"name":"Mihai Pelin","@id":"https:\/\/www.rri.ro\/#\/schema\/person\/c6036c822534c855dc3aad41a484f05d"},"headline":"Ruman\u00eda, elecciones y declaraciones","datePublished":"2024-03-21T12:35:13+00:00","mainEntityOfPage":{"@id":"https:\/\/www.rri.ro\/es\/actualidad\/tema-del-dia\/rumania-elecciones-y-declaraciones-id714315.html"},"wordCount":568,"image":{"@id":"https:\/\/www.rri.ro\/es\/actualidad\/tema-del-dia\/rumania-elecciones-y-declaraciones-id714315.html#primaryimage"},"thumbnailUrl":"https:\/\/www.rri.ro\/wp-content\/uploads\/2024\/02\/vot-stampila-alegeri-sursa-foto-fb-autoritatea-electorala-permanenta-size-1200.jpg","keywords":["alcalde","candidato","elecciones"],"articleSection":["Tema del d\u00eda"],"inLanguage":"es"},{"@type":"WebPage","@id":"https:\/\/www.rri.ro\/es\/actualidad\/tema-del-dia\/rumania-elecciones-y-declaraciones-id714315.html","url":"https:\/\/www.rri.ro\/es\/actualidad\/tema-del-dia\/rumania-elecciones-y-declaraciones-id714315.html","name":"Ruman\u00eda, elecciones y declaraciones - Radio Ruman\u00eda Internacional","isPartOf":{"@id":"https:\/\/www.rri.ro\/#website"},"primaryImageOfPage":{"@id":"https:\/\/www.rri.ro\/es\/actualidad\/tema-del-dia\/rumania-elecciones-y-declaraciones-id714315.html#primaryimage"},"image":{"@id":"https:\/\/www.rri.ro\/es\/actualidad\/tema-del-dia\/rumania-elecciones-y-declaraciones-id714315.html#primaryimage"},"thumbnailUrl":"https:\/\/www.rri.ro\/wp-content\/uploads\/2024\/02\/vot-stampila-alegeri-sursa-foto-fb-autoritatea-electorala-permanenta-size-1200.jpg","datePublished":"2024-03-21T12:35:13+00:00","author":{"@id":"https:\/\/www.rri.ro\/#\/schema\/person\/c6036c822534c855dc3aad41a484f05d"},"breadcrumb":{"@id":"https:\/\/www.rri.ro\/es\/actualidad\/tema-del-dia\/rumania-elecciones-y-declaraciones-id714315.html#breadcrumb"},"inLanguage":"es","potentialAction":[{"@type":"ReadAction","target":["https:\/\/www.rri.ro\/es\/actualidad\/tema-del-dia\/rumania-elecciones-y-declaraciones-id714315.html"]}]},{"@type":"ImageObject","inLanguage":"es","@id":"https:\/\/www.rri.ro\/es\/actualidad\/tema-del-dia\/rumania-elecciones-y-declaraciones-id714315.html#primaryimage","url":"https:\/\/www.rri.ro\/wp-content\/uploads\/2024\/02\/vot-stampila-alegeri-sursa-foto-fb-autoritatea-electorala-permanenta-size-1200.jpg","contentUrl":"https:\/\/www.rri.ro\/wp-content\/uploads\/2024\/02\/vot-stampila-alegeri-sursa-foto-fb-autoritatea-electorala-permanenta-size-1200.jpg","width":1200,"height":984,"caption":"Rom\u00e2nii \u00ee\u015fi vor alege \u00een aceea\u015fi zi eurodeputa\u0163ii \u015fi primarii (sursa foto: AEP)"},{"@type":"BreadcrumbList","@id":"https:\/\/www.rri.ro\/es\/actualidad\/tema-del-dia\/rumania-elecciones-y-declaraciones-id714315.html#breadcrumb","itemListElement":[{"@type":"ListItem","position":1,"name":"P\u00e1gina de inicio","item":"https:\/\/www.rri.ro\/es"},{"@type":"ListItem","position":2,"name":"Actualidad","item":"https:\/\/www.rri.ro\/es\/actualidad"},{"@type":"ListItem","position":3,"name":"Tema del d\u00eda","item":"https:\/\/www.rri.ro\/es\/actualidad\/tema-del-dia"},{"@type":"ListItem","position":4,"name":"Ruman\u00eda, elecciones y declaraciones"}]},{"@type":"WebSite","@id":"https:\/\/www.rri.ro\/#website","url":"https:\/\/www.rri.ro\/","name":"Radio Ruman\u00eda Internacional","description":"Totul despre Rom\u00e2nia \u015fi rom\u00e2ni, \u00een 13 limbi\/dialecte!","inLanguage":"es"},{"@type":"Person","@id":"https:\/\/www.rri.ro\/#\/schema\/person\/c6036c822534c855dc3aad41a484f05d","name":"Mihai Pelin","url":"https:\/\/www.rri.ro\/es\/author\/mihai-pelin"}]}},"_links":{"self":[{"href":"https:\/\/www.rri.ro\/es\/wp-json\/wp\/v2\/posts\/714315","targetHints":{"allow":["GET"]}}],"collection":[{"href":"https:\/\/www.rri.ro\/es\/wp-json\/wp\/v2\/posts"}],"about":[{"href":"https:\/\/www.rri.ro\/es\/wp-json\/wp\/v2\/types\/post"}],"author":[{"embeddable":true,"href":"https:\/\/www.rri.ro\/es\/wp-json\/wp\/v2\/users\/106"}],"replies":[{"embeddable":true,"href":"https:\/\/www.rri.ro\/es\/wp-json\/wp\/v2\/comments?post=714315"}],"version-history":[{"count":0,"href":"https:\/\/www.rri.ro\/es\/wp-json\/wp\/v2\/posts\/714315\/revisions"}],"wp:featuredmedia":[{"embeddable":true,"href":"https:\/\/www.rri.ro\/es\/wp-json\/wp\/v2\/media\/656121"}],"wp:attachment":[{"href":"https:\/\/www.rri.ro\/es\/wp-json\/wp\/v2\/media?parent=714315"}],"wp:term":[{"taxonomy":"category","embeddable":true,"href":"https:\/\/www.rri.ro\/es\/wp-json\/wp\/v2\/categories?post=714315"},{"taxonomy":"post_tag","embeddable":true,"href":"https:\/\/www.rri.ro\/es\/wp-json\/wp\/v2\/tags?post=714315"},{"taxonomy":"author","embeddable":true,"href":"https:\/\/www.rri.ro\/es\/wp-json\/wp\/v2\/coauthors?post=714315"}],"curies":[{"name":"wp","href":"https:\/\/api.w.org\/{rel}","templated":true}]}}