{"id":737367,"date":"2024-04-03T20:00:14","date_gmt":"2024-04-03T17:00:14","guid":{"rendered":"http:\/\/devrri.freshlemon.ro\/?p=737367"},"modified":"2024-04-03T21:03:51","modified_gmt":"2024-04-03T18:03:51","slug":"noticias-del-dia-2137","status":"publish","type":"post","link":"https:\/\/www.rri.ro\/es\/actualidad\/noticias\/noticias-del-dia-2137-id737367.html","title":{"rendered":"Noticias del d\u00eda"},"content":{"rendered":"<p>Titulares:<\/p>\n<p><strong>Reuni\u00f3n de trabajo dedicada a la preparaci\u00f3n de la futura Agenda Estrat\u00e9gica de la UE, organizada en Bucarest por el presidente de Ruman\u00eda, Klaus Iohannis, junto con el presidente del Consejo Europeo, Charles Michel.<\/strong><\/p>\n<p><strong>El Ministerio de Defensa organiza eventos especiales para celebrar el 20\u00ba aniversario de la adhesi\u00f3n de Ruman\u00eda a la OTAN y el 75\u00ba aniversario de la fundaci\u00f3n de la Alianza.<\/strong><\/p>\n<p><strong>La tasa de desempleo en Ruman\u00eda disminuy\u00f3 ligeramente en febrero de este a\u00f1o, hasta el 5,6%, en comparaci\u00f3n con el mes anterior.<\/strong><\/p>\n<p><strong>La huelga de los empleados de Correos de Ruman\u00eda termin\u00f3 el mi\u00e9rcoles.<\/strong><\/p>\n<p><strong>M\u00e1s de 230 registros fueron llevados a cabo, el mi\u00e9rcoles, en Ruman\u00eda, para desarticular grupos especializados en la comisi\u00f3n de delitos de trata de personas, tr\u00e1fico de menores, tr\u00e1fico de drogas y delitos inform\u00e1ticos.<\/strong><\/p>\n<p><strong>En las pr\u00f3ximas 24 horas, el cielo estar\u00e1 nublado en general en el noroeste, norte y centro de Ruman\u00eda, donde, en zonas relativamente extensas, llover\u00e1.<\/strong><\/p>\n<p>Despu\u00e9s de las noticias, podr\u00e1n escuchar las notas \u00abSesi\u00f3n especial dedicada a la OTAN\u00bb, respectivamente \u00abRuman\u00eda \u2013 los efectos de las tormentas\u00bb.<\/p>\n<p>&nbsp;<\/p>\n<p><strong>Bucarest, Reuni\u00f3n UE<\/strong> &#8211; El jefe del Estado rumano, Klaus Iohannis, declar\u00f3 el mi\u00e9rcoles que Ruman\u00eda est\u00e1 profundamente comprometida con el avance de todas las prioridades de la UE para el per\u00edodo 2024-2029 y mostr\u00f3 que el pa\u00eds puede contribuir de forma significativa a este proceso. Hizo esta declaraci\u00f3n con motivo de la reuni\u00f3n de trabajo en Bucarest dedicada a la futura agenda estrat\u00e9gica del bloque comunitario. Klaus Iohannis subray\u00f3 que, desde la perspectiva de Ruman\u00eda, en los pr\u00f3ximos a\u00f1os, a nivel de la UE, es necesario centrarse en reforzar la construcci\u00f3n europea, refiri\u00e9ndose en particular a la seguridad y la defensa. Presente en la reuni\u00f3n, el presidente del Consejo Europeo, Charles Michel, afirm\u00f3 que el sector energ\u00e9tico y la transici\u00f3n energ\u00e9tica son un tema muy importante, porque representan cuestiones relacionadas con la prosperidad y el apoyo a las ambiciones industriales en el futuro. Los debates sobre los preparativos de la Agenda Estrat\u00e9gica para el pr\u00f3ximo ciclo institucional continuar\u00e1n a nivel de los l\u00edderes europeos, con el objetivo de ser adoptada por el Consejo Europeo en la cumbre prevista para junio.<\/p>\n<p>&nbsp;<\/p>\n<p><strong>Bucarest, OTAN<\/strong> &#8211; Con motivo del 20\u00ba aniversario de la adhesi\u00f3n de Ruman\u00eda a la Alianza del Atl\u00e1ntico Norte y el 75\u00ba aniversario de la OTAN, el Ministerio de Defensa organiza en Bucarest y en el pa\u00eds eventos especiales. El jueves, en el Comando del Cuerpo Multinacional Sudeste en Sibiu (centro), se celebrar\u00e1 la \u00abJornada de puertas abiertas\u00bb, con la posibilidad de que el p\u00fablico visite una exposici\u00f3n de equipamiento militar presentada por las estructuras subordinadas y asociadas . Adem\u00e1s de una exposici\u00f3n fotogr\u00e1fica dedicada al D\u00eda de la OTAN, el domingo 7 de abril se celebrar\u00e1n en Bucarest y en las principales guarniciones del pa\u00eds ceremonias militares para izar las banderas rumana y de la OTAN. El martes, el Parlamento bicameral de Bucarest organiz\u00f3 una reuni\u00f3n conjunta dedicada a las dos d\u00e9cadas de pertenencia de Ruman\u00eda a la OTAN. Volveremos con detalles despu\u00e9s de las noticias.<\/p>\n<p>&nbsp;<\/p>\n<p><strong>Bucarest, Paro &#8211;<\/strong> La tasa de desempleo en Ruman\u00eda disminuy\u00f3 ligeramente, hasta el 5,6%, en febrero de este a\u00f1o, en comparaci\u00f3n con el mes anterior, pero entre los j\u00f3venes (de 15 a 24 a\u00f1os) sigue teniendo un nivel alto, del 22,1%, seg\u00fan seg\u00fan los datos remitidos por el Instituto Nacional de Estad\u00edstica. La tasa de desempleo de los hombres fue 0,8 d\u00edgitos superior a la de las mujeres, siendo los valores del 6% para los hombres y del 5,2% para las mujeres. El n\u00famero de desempleados de entre 15 y 74 a\u00f1os estimado para el mes de febrero super\u00f3 las 466 mil personas, disminuyendo respecto a enero, pero aumentando respecto al a\u00f1o anterior. En cuanto al n\u00famero de desempleados de entre 25 y 74 a\u00f1os, este represent\u00f3 m\u00e1s del 74% del total estimado de parados.<\/p>\n<p>&nbsp;<\/p>\n<p><strong>Bucarest, Crimen organizado<\/strong> \u2013 M\u00e1s de 230 registros fueron llevados a cabo, el mi\u00e9rcoles, en Ruman\u00eda, para desarticular grupos especializados en la comisi\u00f3n de delitos de trata de personas, tr\u00e1fico de menores, tr\u00e1fico de drogas y delitos inform\u00e1ticos. Aproximadamente 200 personas fueron llevadas a las audiencias. La acci\u00f3n forma parte de una serie llevada a cabo a nivel de la Polic\u00eda rumana y de la DIICOT desde 2018 y revela la preocupaci\u00f3n por investigar la actividad delictiva de los grupos delictivos organizados que operan en el territorio nacional o que tienen un componente transnacional, as\u00ed como otros hechos graves asociados con el crimen organizado.<\/p>\n<p>&nbsp;<\/p>\n<p><strong>Bucarest, Huelga \u2013<\/strong> La huelga de los empleados de Correos de Ruman\u00eda termin\u00f3 el mi\u00e9rcoles, despu\u00e9s de que la direcci\u00f3n de la empresa y el sindicato representativo firmaran un nuevo convenio colectivo de trabajo. Prev\u00e9 aumentos salariales en dos cuotas, a partir del 1 de julio y a partir del 1 de septiembre. El anuncio lo hizo el ministro de Digitalizaci\u00f3n, Bogdan Ivan, al final de las negociaciones con los sindicatos. Les recordamos que m\u00e1s de 7.000 trabajadores postales de 32distritos iniciaron el lunes una huelga general, descontentos con los salarios y los aumentos. La Compa\u00f1\u00eda de Correos de Ruman\u00eda es el operador nacional en el \u00e1mbito de los servicios postales y es propiedad del Estado.<\/p>\n<p>&nbsp;<\/p>\n<p><strong>Bucarest, Tiempo &#8211;<\/strong> En las pr\u00f3ximas 24 horas, el cielo estar\u00e1 nublado en general en el noroeste, norte y centro de Ruman\u00eda, donde, en zonas relativamente extensas, llover\u00e1. En las dem\u00e1s regiones har\u00e1 calor para este per\u00edodo y el cielo variable, con algunas nubes y algo de lluvia. En altitudes elevadas, se reportar\u00e1n precipitaciones mixtas. El viento soplar\u00e1 d\u00e9bil y moderado, con ligeras intensificaciones en las zonas suroeste y monta\u00f1osas. Las temperaturas m\u00e1ximas descender\u00e1n entre los 12 y 24 grados cent\u00edgrados.<\/p>\n","protected":false},"excerpt":{"rendered":"<p>Titulares: Reuni\u00f3n de trabajo dedicada a la preparaci\u00f3n de la futura Agenda Estrat\u00e9gica de la UE, organizada en Bucarest por el presidente de Ruman\u00eda, Klaus Iohannis, junto con el presidente del Consejo Europeo, Charles Michel. El Ministerio de Defensa organiza eventos especiales para celebrar el 20\u00ba aniversario de la adhesi\u00f3n de Ruman\u00eda a la OTAN [&hellip;]<\/p>\n","protected":false},"author":38,"featured_media":671693,"comment_status":"closed","ping_status":"closed","sticky":false,"template":"","format":"standard","meta":{"_acf_changed":false,"footnotes":""},"categories":[49382],"tags":[49207,49134,48989,145596,145597,48949],"coauthors":[132172],"class_list":["post-737367","post","type-post","status-publish","format-standard","has-post-thumbnail","hentry","category-noticias","tag-aniversario","tag-defensa","tag-otan","tag-paro","tag-reunion-ue","tag-rumania"],"acf":[],"yoast_head":"<!-- This site is optimized with the Yoast SEO plugin v27.5 - https:\/\/yoast.com\/product\/yoast-seo-wordpress\/ -->\n<title>Noticias del d\u00eda - Radio Ruman\u00eda Internacional<\/title>\n<meta name=\"robots\" content=\"index, follow, max-snippet:-1, max-image-preview:large, max-video-preview:-1\" \/>\n<link rel=\"canonical\" href=\"https:\/\/www.rri.ro\/es\/actualidad\/noticias\/noticias-del-dia-2137-id737367.html\" \/>\n<meta property=\"og:locale\" content=\"es_ES\" \/>\n<meta property=\"og:type\" content=\"article\" \/>\n<meta property=\"og:title\" content=\"Noticias del d\u00eda - Radio Ruman\u00eda Internacional\" \/>\n<meta property=\"og:description\" content=\"Titulares: Reuni\u00f3n de trabajo dedicada a la preparaci\u00f3n de la futura Agenda Estrat\u00e9gica de la UE, organizada en Bucarest por el presidente de Ruman\u00eda, Klaus Iohannis, junto con el presidente del Consejo Europeo, Charles Michel. El Ministerio de Defensa organiza eventos especiales para celebrar el 20\u00ba aniversario de la adhesi\u00f3n de Ruman\u00eda a la OTAN [&hellip;]\" \/>\n<meta property=\"og:url\" content=\"https:\/\/www.rri.ro\/es\/actualidad\/noticias\/noticias-del-dia-2137-id737367.html\" \/>\n<meta property=\"og:site_name\" content=\"Radio Ruman\u00eda Internacional\" \/>\n<meta property=\"article:published_time\" content=\"2024-04-03T17:00:14+00:00\" \/>\n<meta property=\"article:modified_time\" content=\"2024-04-03T18:03:51+00:00\" \/>\n<meta property=\"og:image\" content=\"https:\/\/www.rri.ro\/wp-content\/uploads\/2024\/02\/stiri-spaniola-bleu-1.png\" \/>\n\t<meta property=\"og:image:width\" content=\"420\" \/>\n\t<meta property=\"og:image:height\" content=\"315\" \/>\n\t<meta property=\"og:image:type\" content=\"image\/png\" \/>\n<meta name=\"author\" content=\"Simona Sarbescu\" \/>\n<meta name=\"twitter:card\" content=\"summary_large_image\" \/>\n<meta name=\"twitter:label1\" content=\"Escrito por\" \/>\n\t<meta name=\"twitter:data1\" content=\"Simona Sarbescu\" \/>\n\t<meta name=\"twitter:label2\" content=\"Tiempo de lectura\" \/>\n\t<meta name=\"twitter:data2\" content=\"5 minutos\" \/>\n\t<meta name=\"twitter:label3\" content=\"Written by\" \/>\n\t<meta name=\"twitter:data3\" content=\"Simona Sarbescu\" \/>\n<script type=\"application\/ld+json\" class=\"yoast-schema-graph\">{\"@context\":\"https:\\\/\\\/schema.org\",\"@graph\":[{\"@type\":\"Article\",\"@id\":\"https:\\\/\\\/www.rri.ro\\\/es\\\/actualidad\\\/noticias\\\/noticias-del-dia-2137-id737367.html#article\",\"isPartOf\":{\"@id\":\"https:\\\/\\\/www.rri.ro\\\/es\\\/actualidad\\\/noticias\\\/noticias-del-dia-2137-id737367.html\"},\"author\":{\"name\":\"Simona Sarbescu\",\"@id\":\"https:\\\/\\\/www.rri.ro\\\/#\\\/schema\\\/person\\\/1e5b68c542aa18216bc645b5072f1273\"},\"headline\":\"Noticias del d\u00eda\",\"datePublished\":\"2024-04-03T17:00:14+00:00\",\"dateModified\":\"2024-04-03T18:03:51+00:00\",\"mainEntityOfPage\":{\"@id\":\"https:\\\/\\\/www.rri.ro\\\/es\\\/actualidad\\\/noticias\\\/noticias-del-dia-2137-id737367.html\"},\"wordCount\":1025,\"image\":{\"@id\":\"https:\\\/\\\/www.rri.ro\\\/es\\\/actualidad\\\/noticias\\\/noticias-del-dia-2137-id737367.html#primaryimage\"},\"thumbnailUrl\":\"https:\\\/\\\/www.rri.ro\\\/wp-content\\\/uploads\\\/2024\\\/02\\\/stiri-spaniola-bleu-1.png\",\"keywords\":[\"aniversario\",\"defensa\",\"OTAN\",\"paro\",\"reunion UE\",\"Rumania\"],\"articleSection\":[\"Noticias\"],\"inLanguage\":\"es\"},{\"@type\":\"WebPage\",\"@id\":\"https:\\\/\\\/www.rri.ro\\\/es\\\/actualidad\\\/noticias\\\/noticias-del-dia-2137-id737367.html\",\"url\":\"https:\\\/\\\/www.rri.ro\\\/es\\\/actualidad\\\/noticias\\\/noticias-del-dia-2137-id737367.html\",\"name\":\"Noticias del d\u00eda - Radio Ruman\u00eda Internacional\",\"isPartOf\":{\"@id\":\"https:\\\/\\\/www.rri.ro\\\/#website\"},\"primaryImageOfPage\":{\"@id\":\"https:\\\/\\\/www.rri.ro\\\/es\\\/actualidad\\\/noticias\\\/noticias-del-dia-2137-id737367.html#primaryimage\"},\"image\":{\"@id\":\"https:\\\/\\\/www.rri.ro\\\/es\\\/actualidad\\\/noticias\\\/noticias-del-dia-2137-id737367.html#primaryimage\"},\"thumbnailUrl\":\"https:\\\/\\\/www.rri.ro\\\/wp-content\\\/uploads\\\/2024\\\/02\\\/stiri-spaniola-bleu-1.png\",\"datePublished\":\"2024-04-03T17:00:14+00:00\",\"dateModified\":\"2024-04-03T18:03:51+00:00\",\"author\":{\"@id\":\"https:\\\/\\\/www.rri.ro\\\/#\\\/schema\\\/person\\\/1e5b68c542aa18216bc645b5072f1273\"},\"breadcrumb\":{\"@id\":\"https:\\\/\\\/www.rri.ro\\\/es\\\/actualidad\\\/noticias\\\/noticias-del-dia-2137-id737367.html#breadcrumb\"},\"inLanguage\":\"es\",\"potentialAction\":[{\"@type\":\"ReadAction\",\"target\":[\"https:\\\/\\\/www.rri.ro\\\/es\\\/actualidad\\\/noticias\\\/noticias-del-dia-2137-id737367.html\"]}]},{\"@type\":\"ImageObject\",\"inLanguage\":\"es\",\"@id\":\"https:\\\/\\\/www.rri.ro\\\/es\\\/actualidad\\\/noticias\\\/noticias-del-dia-2137-id737367.html#primaryimage\",\"url\":\"https:\\\/\\\/www.rri.ro\\\/wp-content\\\/uploads\\\/2024\\\/02\\\/stiri-spaniola-bleu-1.png\",\"contentUrl\":\"https:\\\/\\\/www.rri.ro\\\/wp-content\\\/uploads\\\/2024\\\/02\\\/stiri-spaniola-bleu-1.png\",\"width\":420,\"height\":315,\"caption\":\"stiri-spaniola-bleu\"},{\"@type\":\"BreadcrumbList\",\"@id\":\"https:\\\/\\\/www.rri.ro\\\/es\\\/actualidad\\\/noticias\\\/noticias-del-dia-2137-id737367.html#breadcrumb\",\"itemListElement\":[{\"@type\":\"ListItem\",\"position\":1,\"name\":\"P\u00e1gina de inicio\",\"item\":\"https:\\\/\\\/www.rri.ro\\\/es\"},{\"@type\":\"ListItem\",\"position\":2,\"name\":\"Actualidad\",\"item\":\"https:\\\/\\\/www.rri.ro\\\/es\\\/actualidad\"},{\"@type\":\"ListItem\",\"position\":3,\"name\":\"Noticias\",\"item\":\"https:\\\/\\\/www.rri.ro\\\/es\\\/actualidad\\\/noticias\"},{\"@type\":\"ListItem\",\"position\":4,\"name\":\"Noticias del d\u00eda\"}]},{\"@type\":\"WebSite\",\"@id\":\"https:\\\/\\\/www.rri.ro\\\/#website\",\"url\":\"https:\\\/\\\/www.rri.ro\\\/\",\"name\":\"Radio Ruman\u00eda Internacional\",\"description\":\"Totul despre Rom\u00e2nia \u015fi rom\u00e2ni, \u00een 13 limbi\\\/dialecte!\",\"inLanguage\":\"es\"},{\"@type\":\"Person\",\"@id\":\"https:\\\/\\\/www.rri.ro\\\/#\\\/schema\\\/person\\\/1e5b68c542aa18216bc645b5072f1273\",\"name\":\"Simona Sarbescu\",\"url\":\"https:\\\/\\\/www.rri.ro\\\/es\\\/author\\\/simona-sarbescu\"}]}<\/script>\n<!-- \/ Yoast SEO plugin. -->","yoast_head_json":{"title":"Noticias del d\u00eda - Radio Ruman\u00eda Internacional","robots":{"index":"index","follow":"follow","max-snippet":"max-snippet:-1","max-image-preview":"max-image-preview:large","max-video-preview":"max-video-preview:-1"},"canonical":"https:\/\/www.rri.ro\/es\/actualidad\/noticias\/noticias-del-dia-2137-id737367.html","og_locale":"es_ES","og_type":"article","og_title":"Noticias del d\u00eda - Radio Ruman\u00eda Internacional","og_description":"Titulares: Reuni\u00f3n de trabajo dedicada a la preparaci\u00f3n de la futura Agenda Estrat\u00e9gica de la UE, organizada en Bucarest por el presidente de Ruman\u00eda, Klaus Iohannis, junto con el presidente del Consejo Europeo, Charles Michel. El Ministerio de Defensa organiza eventos especiales para celebrar el 20\u00ba aniversario de la adhesi\u00f3n de Ruman\u00eda a la OTAN [&hellip;]","og_url":"https:\/\/www.rri.ro\/es\/actualidad\/noticias\/noticias-del-dia-2137-id737367.html","og_site_name":"Radio Ruman\u00eda Internacional","article_published_time":"2024-04-03T17:00:14+00:00","article_modified_time":"2024-04-03T18:03:51+00:00","og_image":[{"width":420,"height":315,"url":"https:\/\/www.rri.ro\/wp-content\/uploads\/2024\/02\/stiri-spaniola-bleu-1.png","type":"image\/png"}],"author":"Simona Sarbescu","twitter_card":"summary_large_image","twitter_misc":{"Escrito por":"Simona Sarbescu","Tiempo de lectura":"5 minutos","Written by":"Simona Sarbescu"},"schema":{"@context":"https:\/\/schema.org","@graph":[{"@type":"Article","@id":"https:\/\/www.rri.ro\/es\/actualidad\/noticias\/noticias-del-dia-2137-id737367.html#article","isPartOf":{"@id":"https:\/\/www.rri.ro\/es\/actualidad\/noticias\/noticias-del-dia-2137-id737367.html"},"author":{"name":"Simona Sarbescu","@id":"https:\/\/www.rri.ro\/#\/schema\/person\/1e5b68c542aa18216bc645b5072f1273"},"headline":"Noticias del d\u00eda","datePublished":"2024-04-03T17:00:14+00:00","dateModified":"2024-04-03T18:03:51+00:00","mainEntityOfPage":{"@id":"https:\/\/www.rri.ro\/es\/actualidad\/noticias\/noticias-del-dia-2137-id737367.html"},"wordCount":1025,"image":{"@id":"https:\/\/www.rri.ro\/es\/actualidad\/noticias\/noticias-del-dia-2137-id737367.html#primaryimage"},"thumbnailUrl":"https:\/\/www.rri.ro\/wp-content\/uploads\/2024\/02\/stiri-spaniola-bleu-1.png","keywords":["aniversario","defensa","OTAN","paro","reunion UE","Rumania"],"articleSection":["Noticias"],"inLanguage":"es"},{"@type":"WebPage","@id":"https:\/\/www.rri.ro\/es\/actualidad\/noticias\/noticias-del-dia-2137-id737367.html","url":"https:\/\/www.rri.ro\/es\/actualidad\/noticias\/noticias-del-dia-2137-id737367.html","name":"Noticias del d\u00eda - Radio Ruman\u00eda Internacional","isPartOf":{"@id":"https:\/\/www.rri.ro\/#website"},"primaryImageOfPage":{"@id":"https:\/\/www.rri.ro\/es\/actualidad\/noticias\/noticias-del-dia-2137-id737367.html#primaryimage"},"image":{"@id":"https:\/\/www.rri.ro\/es\/actualidad\/noticias\/noticias-del-dia-2137-id737367.html#primaryimage"},"thumbnailUrl":"https:\/\/www.rri.ro\/wp-content\/uploads\/2024\/02\/stiri-spaniola-bleu-1.png","datePublished":"2024-04-03T17:00:14+00:00","dateModified":"2024-04-03T18:03:51+00:00","author":{"@id":"https:\/\/www.rri.ro\/#\/schema\/person\/1e5b68c542aa18216bc645b5072f1273"},"breadcrumb":{"@id":"https:\/\/www.rri.ro\/es\/actualidad\/noticias\/noticias-del-dia-2137-id737367.html#breadcrumb"},"inLanguage":"es","potentialAction":[{"@type":"ReadAction","target":["https:\/\/www.rri.ro\/es\/actualidad\/noticias\/noticias-del-dia-2137-id737367.html"]}]},{"@type":"ImageObject","inLanguage":"es","@id":"https:\/\/www.rri.ro\/es\/actualidad\/noticias\/noticias-del-dia-2137-id737367.html#primaryimage","url":"https:\/\/www.rri.ro\/wp-content\/uploads\/2024\/02\/stiri-spaniola-bleu-1.png","contentUrl":"https:\/\/www.rri.ro\/wp-content\/uploads\/2024\/02\/stiri-spaniola-bleu-1.png","width":420,"height":315,"caption":"stiri-spaniola-bleu"},{"@type":"BreadcrumbList","@id":"https:\/\/www.rri.ro\/es\/actualidad\/noticias\/noticias-del-dia-2137-id737367.html#breadcrumb","itemListElement":[{"@type":"ListItem","position":1,"name":"P\u00e1gina de inicio","item":"https:\/\/www.rri.ro\/es"},{"@type":"ListItem","position":2,"name":"Actualidad","item":"https:\/\/www.rri.ro\/es\/actualidad"},{"@type":"ListItem","position":3,"name":"Noticias","item":"https:\/\/www.rri.ro\/es\/actualidad\/noticias"},{"@type":"ListItem","position":4,"name":"Noticias del d\u00eda"}]},{"@type":"WebSite","@id":"https:\/\/www.rri.ro\/#website","url":"https:\/\/www.rri.ro\/","name":"Radio Ruman\u00eda Internacional","description":"Totul despre Rom\u00e2nia \u015fi rom\u00e2ni, \u00een 13 limbi\/dialecte!","inLanguage":"es"},{"@type":"Person","@id":"https:\/\/www.rri.ro\/#\/schema\/person\/1e5b68c542aa18216bc645b5072f1273","name":"Simona Sarbescu","url":"https:\/\/www.rri.ro\/es\/author\/simona-sarbescu"}]}},"_links":{"self":[{"href":"https:\/\/www.rri.ro\/es\/wp-json\/wp\/v2\/posts\/737367","targetHints":{"allow":["GET"]}}],"collection":[{"href":"https:\/\/www.rri.ro\/es\/wp-json\/wp\/v2\/posts"}],"about":[{"href":"https:\/\/www.rri.ro\/es\/wp-json\/wp\/v2\/types\/post"}],"author":[{"embeddable":true,"href":"https:\/\/www.rri.ro\/es\/wp-json\/wp\/v2\/users\/38"}],"replies":[{"embeddable":true,"href":"https:\/\/www.rri.ro\/es\/wp-json\/wp\/v2\/comments?post=737367"}],"version-history":[{"count":0,"href":"https:\/\/www.rri.ro\/es\/wp-json\/wp\/v2\/posts\/737367\/revisions"}],"wp:featuredmedia":[{"embeddable":true,"href":"https:\/\/www.rri.ro\/es\/wp-json\/wp\/v2\/media\/671693"}],"wp:attachment":[{"href":"https:\/\/www.rri.ro\/es\/wp-json\/wp\/v2\/media?parent=737367"}],"wp:term":[{"taxonomy":"category","embeddable":true,"href":"https:\/\/www.rri.ro\/es\/wp-json\/wp\/v2\/categories?post=737367"},{"taxonomy":"post_tag","embeddable":true,"href":"https:\/\/www.rri.ro\/es\/wp-json\/wp\/v2\/tags?post=737367"},{"taxonomy":"author","embeddable":true,"href":"https:\/\/www.rri.ro\/es\/wp-json\/wp\/v2\/coauthors?post=737367"}],"curies":[{"name":"wp","href":"https:\/\/api.w.org\/{rel}","templated":true}]}}