{"id":753970,"date":"2024-04-27T18:00:30","date_gmt":"2024-04-27T15:00:30","guid":{"rendered":"https:\/\/www.rri.ro\/?p=753970"},"modified":"2024-04-27T18:17:43","modified_gmt":"2024-04-27T15:17:43","slug":"entrevista-al-musicologo-fernando-perez-ruano-sobre-su-interes-por-el-sinfonismo-rumano","status":"publish","type":"post","link":"https:\/\/www.rri.ro\/es\/panorama-rumano\/paseo-cultural\/entrevista-al-musicologo-fernando-perez-ruano-sobre-su-interes-por-el-sinfonismo-rumano-id753970.html","title":{"rendered":"Entrevista al music\u00f3logo espa\u00f1ol Fernando P\u00e9rez Ruano sobre su inter\u00e9s por el sinfonismo rumano"},"content":{"rendered":"<p>El music\u00f3logo, compositor e investigador espa\u00f1ol Fernando P\u00e9rez Ruano, ha colaborado recientemente con el <strong>Instituto Cultural Rumano de Madrid<\/strong> en el proyecto <em>Los debates Alexandru Busuioceanu<\/em>, que incluye tres conferencias dedicadas al Sinfonismo rumano en Espa\u00f1a. El proyecto representa una colaboraci\u00f3n con el Real Casino de Madrid y la Embajada de Ruman\u00eda en el Reino de Espa\u00f1a.<\/p>\n<p>Los actos comenzaron el pasado 13 de marzo, con la conferencia titulada <em>M\u00fasica de occidente: Ruman\u00eda en Espa\u00f1a, hacia un estado de la cuesti\u00f3n,<\/em> impartida por Fernando P\u00e9rez Ruano. El 16 de abril, el director de orquesta Enrique Garc\u00eda Asensio habl\u00f3 sobre su relaci\u00f3n con el maestro Sergiu Celibidache.<\/p>\n<p>El pr\u00f3ximo 7 de mayo, a las 19:00 horas, tendr\u00e1 lugar la conferencia <em>Sergiu Comissiona en la direcci\u00f3n de la Orquestra Sinf\u00f3nica de RTVE,<\/em> impartida por Fernando P\u00e9rez Ruano, con Enrique Garc\u00eda Asensio como invitado. El evento se organizar\u00e1 en el Sal\u00f3n de actos del Instituto Cultural Rumano de Madrid.<\/p>\n<p>Fernando P\u00e9rez Ruano ha participado tambi\u00e9n en el episodio 13 del p\u00f3dcast Miradas a Ruman\u00eda del Instituto Cultural Rumano de Madrid, en el que ha conversado con Maria Floarea Pop, directora de esta instituci\u00f3n, sobre el director de orquesta rumano Sergiu Comissiona. La charla se puede escuchar en las redes sociales del ICR Madrid.<\/p>\n<p><strong>A trav\u00e9s de sus colaboraciones con esta instituci\u00f3n, el destacado music\u00f3logo, compositor e investigador espa\u00f1ol Fernando P\u00e9rez Ruano se ha acercado tambi\u00e9n a la m\u00fasica rumana. He aqu\u00ed lo que ha contado en una entrevista difundida por el programa Paseo cultural:<\/strong><br \/>\n<iframe loading=\"lazy\" width=\"100%\" height=\"166\" scrolling=\"no\" frameborder=\"no\" allow=\"autoplay\" src=\"https:\/\/w.soundcloud.com\/player\/?url=https%3A\/\/api.soundcloud.com\/tracks\/1809097812&#038;color=%23ff5500&#038;auto_play=false&#038;hide_related=false&#038;show_comments=true&#038;show_user=true&#038;show_reposts=false&#038;show_teaser=true\"><\/iframe><\/p>\n<div style=\"font-size: 10px; color: #cccccc;line-break: anywhere;word-break: normal;overflow: hidden;white-space: nowrap;text-overflow: ellipsis; font-family: Interstate,Lucida Grande,Lucida Sans Unicode,Lucida Sans,Garuda,Verdana,Tahoma,sans-serif;font-weight: 100;\"><a href=\"https:\/\/soundcloud.com\/radioromaniainternational\" title=\"RadioRomaniaInternational\" target=\"_blank\" style=\"color: #cccccc; text-decoration: none;\" rel=\"noopener\">RadioRomaniaInternational<\/a> \u00b7 <a href=\"https:\/\/soundcloud.com\/radioromaniainternational\/entrevista-al-musicologo-fernando-perez-ruano-sobre-su-interes-por-el-sinfonismo-rumano\" title=\"Entrevista al music\u00f3logo Fernando P\u00e9rez Ruano sobre su inter\u00e9s por el sinfonismo rumano\" target=\"_blank\" style=\"color: #cccccc; text-decoration: none;\" rel=\"noopener\">Entrevista al music\u00f3logo Fernando P\u00e9rez Ruano sobre su inter\u00e9s por el sinfonismo rumano<\/a><\/div>\n","protected":false},"excerpt":{"rendered":"<p>El music\u00f3logo, compositor e investigador espa\u00f1ol Fernando P\u00e9rez Ruano, ha colaborado recientemente con el Instituto Cultural Rumano de Madrid en el proyecto Los debates Alexandru Busuioceanu, que incluye tres conferencias dedicadas al Sinfonismo rumano en Espa\u00f1a. El proyecto representa una colaboraci\u00f3n con el Real Casino de Madrid y la Embajada de Ruman\u00eda en el Reino [&hellip;]<\/p>\n","protected":false},"author":61,"featured_media":753593,"comment_status":"closed","ping_status":"closed","sticky":false,"template":"","format":"standard","meta":{"_acf_changed":false,"footnotes":""},"categories":[111717],"tags":[146885,146886,111855,136832,146884],"coauthors":[116698],"class_list":["post-753970","post","type-post","status-publish","format-standard","has-post-thumbnail","hentry","category-paseo-cultural","tag-fernando-perez-ruano","tag-icr-madrid-es","tag-paseo-cultural","tag-rri-es","tag-sinfonismo-rumano-en-espana"],"acf":[],"yoast_head":"<!-- This site is optimized with the Yoast SEO plugin v27.3 - https:\/\/yoast.com\/product\/yoast-seo-wordpress\/ -->\n<title>Entrevista al music\u00f3logo espa\u00f1ol Fernando P\u00e9rez Ruano sobre su inter\u00e9s por el sinfonismo rumano - Radio Ruman\u00eda Internacional<\/title>\n<meta name=\"robots\" content=\"index, follow, max-snippet:-1, max-image-preview:large, max-video-preview:-1\" \/>\n<link rel=\"canonical\" href=\"https:\/\/www.rri.ro\/es\/panorama-rumano\/paseo-cultural\/entrevista-al-musicologo-fernando-perez-ruano-sobre-su-interes-por-el-sinfonismo-rumano-id753970.html\" \/>\n<meta property=\"og:locale\" content=\"es_ES\" \/>\n<meta property=\"og:type\" content=\"article\" \/>\n<meta property=\"og:title\" content=\"Entrevista al music\u00f3logo espa\u00f1ol Fernando P\u00e9rez Ruano sobre su inter\u00e9s por el sinfonismo rumano - Radio Ruman\u00eda Internacional\" \/>\n<meta property=\"og:description\" content=\"El music\u00f3logo, compositor e investigador espa\u00f1ol Fernando P\u00e9rez Ruano, ha colaborado recientemente con el Instituto Cultural Rumano de Madrid en el proyecto Los debates Alexandru Busuioceanu, que incluye tres conferencias dedicadas al Sinfonismo rumano en Espa\u00f1a. El proyecto representa una colaboraci\u00f3n con el Real Casino de Madrid y la Embajada de Ruman\u00eda en el Reino [&hellip;]\" \/>\n<meta property=\"og:url\" content=\"https:\/\/www.rri.ro\/es\/panorama-rumano\/paseo-cultural\/entrevista-al-musicologo-fernando-perez-ruano-sobre-su-interes-por-el-sinfonismo-rumano-id753970.html\" \/>\n<meta property=\"og:site_name\" content=\"Radio Ruman\u00eda Internacional\" \/>\n<meta property=\"article:published_time\" content=\"2024-04-27T15:00:30+00:00\" \/>\n<meta property=\"article:modified_time\" content=\"2024-04-27T15:17:43+00:00\" \/>\n<meta property=\"og:image\" content=\"https:\/\/www.rri.ro\/wp-content\/uploads\/2024\/04\/Fernando-Ruano-foto-icr-madrid.jpg\" \/>\n\t<meta property=\"og:image:width\" content=\"960\" \/>\n\t<meta property=\"og:image:height\" content=\"575\" \/>\n\t<meta property=\"og:image:type\" content=\"image\/jpeg\" \/>\n<meta name=\"author\" content=\"Monica Tar\u0103u\" \/>\n<meta name=\"twitter:card\" content=\"summary_large_image\" \/>\n<meta name=\"twitter:label1\" content=\"Escrito por\" \/>\n\t<meta name=\"twitter:data1\" content=\"Monica Tar\u0103u\" \/>\n\t<meta name=\"twitter:label2\" content=\"Tiempo de lectura\" \/>\n\t<meta name=\"twitter:data2\" content=\"1 minuto\" \/>\n\t<meta name=\"twitter:label3\" content=\"Written by\" \/>\n\t<meta name=\"twitter:data3\" content=\"Monica Tar\u0103u\" \/>\n<script type=\"application\/ld+json\" class=\"yoast-schema-graph\">{\"@context\":\"https:\\\/\\\/schema.org\",\"@graph\":[{\"@type\":\"Article\",\"@id\":\"https:\\\/\\\/www.rri.ro\\\/es\\\/panorama-rumano\\\/paseo-cultural\\\/entrevista-al-musicologo-fernando-perez-ruano-sobre-su-interes-por-el-sinfonismo-rumano-id753970.html#article\",\"isPartOf\":{\"@id\":\"https:\\\/\\\/www.rri.ro\\\/es\\\/panorama-rumano\\\/paseo-cultural\\\/entrevista-al-musicologo-fernando-perez-ruano-sobre-su-interes-por-el-sinfonismo-rumano-id753970.html\"},\"author\":{\"name\":\"Monica Tar\u0103u\",\"@id\":\"https:\\\/\\\/www.rri.ro\\\/#\\\/schema\\\/person\\\/bcfb9bd03936efd8c393a7e62bae417a\"},\"headline\":\"Entrevista al music\u00f3logo espa\u00f1ol Fernando P\u00e9rez Ruano sobre su inter\u00e9s por el sinfonismo rumano\",\"datePublished\":\"2024-04-27T15:00:30+00:00\",\"dateModified\":\"2024-04-27T15:17:43+00:00\",\"mainEntityOfPage\":{\"@id\":\"https:\\\/\\\/www.rri.ro\\\/es\\\/panorama-rumano\\\/paseo-cultural\\\/entrevista-al-musicologo-fernando-perez-ruano-sobre-su-interes-por-el-sinfonismo-rumano-id753970.html\"},\"wordCount\":313,\"image\":{\"@id\":\"https:\\\/\\\/www.rri.ro\\\/es\\\/panorama-rumano\\\/paseo-cultural\\\/entrevista-al-musicologo-fernando-perez-ruano-sobre-su-interes-por-el-sinfonismo-rumano-id753970.html#primaryimage\"},\"thumbnailUrl\":\"https:\\\/\\\/www.rri.ro\\\/wp-content\\\/uploads\\\/2024\\\/04\\\/Fernando-Ruano-foto-icr-madrid.jpg\",\"keywords\":[\"Fernando P\u00e9rez Ruano\",\"ICR Madrid\",\"Paseo cultural\",\"RRI\",\"Sinfonismo rumano en Espa\u00f1a\"],\"articleSection\":[\"Paseo\u00a0cultural\"],\"inLanguage\":\"es\"},{\"@type\":\"WebPage\",\"@id\":\"https:\\\/\\\/www.rri.ro\\\/es\\\/panorama-rumano\\\/paseo-cultural\\\/entrevista-al-musicologo-fernando-perez-ruano-sobre-su-interes-por-el-sinfonismo-rumano-id753970.html\",\"url\":\"https:\\\/\\\/www.rri.ro\\\/es\\\/panorama-rumano\\\/paseo-cultural\\\/entrevista-al-musicologo-fernando-perez-ruano-sobre-su-interes-por-el-sinfonismo-rumano-id753970.html\",\"name\":\"Entrevista al music\u00f3logo espa\u00f1ol Fernando P\u00e9rez Ruano sobre su inter\u00e9s por el sinfonismo rumano - Radio Ruman\u00eda Internacional\",\"isPartOf\":{\"@id\":\"https:\\\/\\\/www.rri.ro\\\/#website\"},\"primaryImageOfPage\":{\"@id\":\"https:\\\/\\\/www.rri.ro\\\/es\\\/panorama-rumano\\\/paseo-cultural\\\/entrevista-al-musicologo-fernando-perez-ruano-sobre-su-interes-por-el-sinfonismo-rumano-id753970.html#primaryimage\"},\"image\":{\"@id\":\"https:\\\/\\\/www.rri.ro\\\/es\\\/panorama-rumano\\\/paseo-cultural\\\/entrevista-al-musicologo-fernando-perez-ruano-sobre-su-interes-por-el-sinfonismo-rumano-id753970.html#primaryimage\"},\"thumbnailUrl\":\"https:\\\/\\\/www.rri.ro\\\/wp-content\\\/uploads\\\/2024\\\/04\\\/Fernando-Ruano-foto-icr-madrid.jpg\",\"datePublished\":\"2024-04-27T15:00:30+00:00\",\"dateModified\":\"2024-04-27T15:17:43+00:00\",\"author\":{\"@id\":\"https:\\\/\\\/www.rri.ro\\\/#\\\/schema\\\/person\\\/bcfb9bd03936efd8c393a7e62bae417a\"},\"breadcrumb\":{\"@id\":\"https:\\\/\\\/www.rri.ro\\\/es\\\/panorama-rumano\\\/paseo-cultural\\\/entrevista-al-musicologo-fernando-perez-ruano-sobre-su-interes-por-el-sinfonismo-rumano-id753970.html#breadcrumb\"},\"inLanguage\":\"es\",\"potentialAction\":[{\"@type\":\"ReadAction\",\"target\":[\"https:\\\/\\\/www.rri.ro\\\/es\\\/panorama-rumano\\\/paseo-cultural\\\/entrevista-al-musicologo-fernando-perez-ruano-sobre-su-interes-por-el-sinfonismo-rumano-id753970.html\"]}]},{\"@type\":\"ImageObject\",\"inLanguage\":\"es\",\"@id\":\"https:\\\/\\\/www.rri.ro\\\/es\\\/panorama-rumano\\\/paseo-cultural\\\/entrevista-al-musicologo-fernando-perez-ruano-sobre-su-interes-por-el-sinfonismo-rumano-id753970.html#primaryimage\",\"url\":\"https:\\\/\\\/www.rri.ro\\\/wp-content\\\/uploads\\\/2024\\\/04\\\/Fernando-Ruano-foto-icr-madrid.jpg\",\"contentUrl\":\"https:\\\/\\\/www.rri.ro\\\/wp-content\\\/uploads\\\/2024\\\/04\\\/Fernando-Ruano-foto-icr-madrid.jpg\",\"width\":960,\"height\":575,\"caption\":\"Foto: ICR Madrid\"},{\"@type\":\"BreadcrumbList\",\"@id\":\"https:\\\/\\\/www.rri.ro\\\/es\\\/panorama-rumano\\\/paseo-cultural\\\/entrevista-al-musicologo-fernando-perez-ruano-sobre-su-interes-por-el-sinfonismo-rumano-id753970.html#breadcrumb\",\"itemListElement\":[{\"@type\":\"ListItem\",\"position\":1,\"name\":\"P\u00e1gina de inicio\",\"item\":\"https:\\\/\\\/www.rri.ro\\\/es\"},{\"@type\":\"ListItem\",\"position\":2,\"name\":\"Panorama rumano\",\"item\":\"https:\\\/\\\/www.rri.ro\\\/es\\\/panorama-rumano\"},{\"@type\":\"ListItem\",\"position\":3,\"name\":\"Paseo\u00a0cultural\",\"item\":\"https:\\\/\\\/www.rri.ro\\\/es\\\/panorama-rumano\\\/paseo-cultural\"},{\"@type\":\"ListItem\",\"position\":4,\"name\":\"Entrevista al music\u00f3logo espa\u00f1ol Fernando P\u00e9rez Ruano sobre su inter\u00e9s por el sinfonismo rumano\"}]},{\"@type\":\"WebSite\",\"@id\":\"https:\\\/\\\/www.rri.ro\\\/#website\",\"url\":\"https:\\\/\\\/www.rri.ro\\\/\",\"name\":\"Radio Ruman\u00eda Internacional\",\"description\":\"Totul despre Rom\u00e2nia \u015fi rom\u00e2ni, \u00een 13 limbi\\\/dialecte!\",\"inLanguage\":\"es\"},{\"@type\":\"Person\",\"@id\":\"https:\\\/\\\/www.rri.ro\\\/#\\\/schema\\\/person\\\/bcfb9bd03936efd8c393a7e62bae417a\",\"name\":\"Monica Tar\u0103u\",\"url\":\"https:\\\/\\\/www.rri.ro\\\/es\\\/author\\\/monica-tarau\"}]}<\/script>\n<!-- \/ Yoast SEO plugin. -->","yoast_head_json":{"title":"Entrevista al music\u00f3logo espa\u00f1ol Fernando P\u00e9rez Ruano sobre su inter\u00e9s por el sinfonismo rumano - Radio Ruman\u00eda Internacional","robots":{"index":"index","follow":"follow","max-snippet":"max-snippet:-1","max-image-preview":"max-image-preview:large","max-video-preview":"max-video-preview:-1"},"canonical":"https:\/\/www.rri.ro\/es\/panorama-rumano\/paseo-cultural\/entrevista-al-musicologo-fernando-perez-ruano-sobre-su-interes-por-el-sinfonismo-rumano-id753970.html","og_locale":"es_ES","og_type":"article","og_title":"Entrevista al music\u00f3logo espa\u00f1ol Fernando P\u00e9rez Ruano sobre su inter\u00e9s por el sinfonismo rumano - Radio Ruman\u00eda Internacional","og_description":"El music\u00f3logo, compositor e investigador espa\u00f1ol Fernando P\u00e9rez Ruano, ha colaborado recientemente con el Instituto Cultural Rumano de Madrid en el proyecto Los debates Alexandru Busuioceanu, que incluye tres conferencias dedicadas al Sinfonismo rumano en Espa\u00f1a. El proyecto representa una colaboraci\u00f3n con el Real Casino de Madrid y la Embajada de Ruman\u00eda en el Reino [&hellip;]","og_url":"https:\/\/www.rri.ro\/es\/panorama-rumano\/paseo-cultural\/entrevista-al-musicologo-fernando-perez-ruano-sobre-su-interes-por-el-sinfonismo-rumano-id753970.html","og_site_name":"Radio Ruman\u00eda Internacional","article_published_time":"2024-04-27T15:00:30+00:00","article_modified_time":"2024-04-27T15:17:43+00:00","og_image":[{"width":960,"height":575,"url":"https:\/\/www.rri.ro\/wp-content\/uploads\/2024\/04\/Fernando-Ruano-foto-icr-madrid.jpg","type":"image\/jpeg"}],"author":"Monica Tar\u0103u","twitter_card":"summary_large_image","twitter_misc":{"Escrito por":"Monica Tar\u0103u","Tiempo de lectura":"1 minuto","Written by":"Monica Tar\u0103u"},"schema":{"@context":"https:\/\/schema.org","@graph":[{"@type":"Article","@id":"https:\/\/www.rri.ro\/es\/panorama-rumano\/paseo-cultural\/entrevista-al-musicologo-fernando-perez-ruano-sobre-su-interes-por-el-sinfonismo-rumano-id753970.html#article","isPartOf":{"@id":"https:\/\/www.rri.ro\/es\/panorama-rumano\/paseo-cultural\/entrevista-al-musicologo-fernando-perez-ruano-sobre-su-interes-por-el-sinfonismo-rumano-id753970.html"},"author":{"name":"Monica Tar\u0103u","@id":"https:\/\/www.rri.ro\/#\/schema\/person\/bcfb9bd03936efd8c393a7e62bae417a"},"headline":"Entrevista al music\u00f3logo espa\u00f1ol Fernando P\u00e9rez Ruano sobre su inter\u00e9s por el sinfonismo rumano","datePublished":"2024-04-27T15:00:30+00:00","dateModified":"2024-04-27T15:17:43+00:00","mainEntityOfPage":{"@id":"https:\/\/www.rri.ro\/es\/panorama-rumano\/paseo-cultural\/entrevista-al-musicologo-fernando-perez-ruano-sobre-su-interes-por-el-sinfonismo-rumano-id753970.html"},"wordCount":313,"image":{"@id":"https:\/\/www.rri.ro\/es\/panorama-rumano\/paseo-cultural\/entrevista-al-musicologo-fernando-perez-ruano-sobre-su-interes-por-el-sinfonismo-rumano-id753970.html#primaryimage"},"thumbnailUrl":"https:\/\/www.rri.ro\/wp-content\/uploads\/2024\/04\/Fernando-Ruano-foto-icr-madrid.jpg","keywords":["Fernando P\u00e9rez Ruano","ICR Madrid","Paseo cultural","RRI","Sinfonismo rumano en Espa\u00f1a"],"articleSection":["Paseo\u00a0cultural"],"inLanguage":"es"},{"@type":"WebPage","@id":"https:\/\/www.rri.ro\/es\/panorama-rumano\/paseo-cultural\/entrevista-al-musicologo-fernando-perez-ruano-sobre-su-interes-por-el-sinfonismo-rumano-id753970.html","url":"https:\/\/www.rri.ro\/es\/panorama-rumano\/paseo-cultural\/entrevista-al-musicologo-fernando-perez-ruano-sobre-su-interes-por-el-sinfonismo-rumano-id753970.html","name":"Entrevista al music\u00f3logo espa\u00f1ol Fernando P\u00e9rez Ruano sobre su inter\u00e9s por el sinfonismo rumano - Radio Ruman\u00eda Internacional","isPartOf":{"@id":"https:\/\/www.rri.ro\/#website"},"primaryImageOfPage":{"@id":"https:\/\/www.rri.ro\/es\/panorama-rumano\/paseo-cultural\/entrevista-al-musicologo-fernando-perez-ruano-sobre-su-interes-por-el-sinfonismo-rumano-id753970.html#primaryimage"},"image":{"@id":"https:\/\/www.rri.ro\/es\/panorama-rumano\/paseo-cultural\/entrevista-al-musicologo-fernando-perez-ruano-sobre-su-interes-por-el-sinfonismo-rumano-id753970.html#primaryimage"},"thumbnailUrl":"https:\/\/www.rri.ro\/wp-content\/uploads\/2024\/04\/Fernando-Ruano-foto-icr-madrid.jpg","datePublished":"2024-04-27T15:00:30+00:00","dateModified":"2024-04-27T15:17:43+00:00","author":{"@id":"https:\/\/www.rri.ro\/#\/schema\/person\/bcfb9bd03936efd8c393a7e62bae417a"},"breadcrumb":{"@id":"https:\/\/www.rri.ro\/es\/panorama-rumano\/paseo-cultural\/entrevista-al-musicologo-fernando-perez-ruano-sobre-su-interes-por-el-sinfonismo-rumano-id753970.html#breadcrumb"},"inLanguage":"es","potentialAction":[{"@type":"ReadAction","target":["https:\/\/www.rri.ro\/es\/panorama-rumano\/paseo-cultural\/entrevista-al-musicologo-fernando-perez-ruano-sobre-su-interes-por-el-sinfonismo-rumano-id753970.html"]}]},{"@type":"ImageObject","inLanguage":"es","@id":"https:\/\/www.rri.ro\/es\/panorama-rumano\/paseo-cultural\/entrevista-al-musicologo-fernando-perez-ruano-sobre-su-interes-por-el-sinfonismo-rumano-id753970.html#primaryimage","url":"https:\/\/www.rri.ro\/wp-content\/uploads\/2024\/04\/Fernando-Ruano-foto-icr-madrid.jpg","contentUrl":"https:\/\/www.rri.ro\/wp-content\/uploads\/2024\/04\/Fernando-Ruano-foto-icr-madrid.jpg","width":960,"height":575,"caption":"Foto: ICR Madrid"},{"@type":"BreadcrumbList","@id":"https:\/\/www.rri.ro\/es\/panorama-rumano\/paseo-cultural\/entrevista-al-musicologo-fernando-perez-ruano-sobre-su-interes-por-el-sinfonismo-rumano-id753970.html#breadcrumb","itemListElement":[{"@type":"ListItem","position":1,"name":"P\u00e1gina de inicio","item":"https:\/\/www.rri.ro\/es"},{"@type":"ListItem","position":2,"name":"Panorama rumano","item":"https:\/\/www.rri.ro\/es\/panorama-rumano"},{"@type":"ListItem","position":3,"name":"Paseo\u00a0cultural","item":"https:\/\/www.rri.ro\/es\/panorama-rumano\/paseo-cultural"},{"@type":"ListItem","position":4,"name":"Entrevista al music\u00f3logo espa\u00f1ol Fernando P\u00e9rez Ruano sobre su inter\u00e9s por el sinfonismo rumano"}]},{"@type":"WebSite","@id":"https:\/\/www.rri.ro\/#website","url":"https:\/\/www.rri.ro\/","name":"Radio Ruman\u00eda Internacional","description":"Totul despre Rom\u00e2nia \u015fi rom\u00e2ni, \u00een 13 limbi\/dialecte!","inLanguage":"es"},{"@type":"Person","@id":"https:\/\/www.rri.ro\/#\/schema\/person\/bcfb9bd03936efd8c393a7e62bae417a","name":"Monica Tar\u0103u","url":"https:\/\/www.rri.ro\/es\/author\/monica-tarau"}]}},"_links":{"self":[{"href":"https:\/\/www.rri.ro\/es\/wp-json\/wp\/v2\/posts\/753970","targetHints":{"allow":["GET"]}}],"collection":[{"href":"https:\/\/www.rri.ro\/es\/wp-json\/wp\/v2\/posts"}],"about":[{"href":"https:\/\/www.rri.ro\/es\/wp-json\/wp\/v2\/types\/post"}],"author":[{"embeddable":true,"href":"https:\/\/www.rri.ro\/es\/wp-json\/wp\/v2\/users\/61"}],"replies":[{"embeddable":true,"href":"https:\/\/www.rri.ro\/es\/wp-json\/wp\/v2\/comments?post=753970"}],"version-history":[{"count":0,"href":"https:\/\/www.rri.ro\/es\/wp-json\/wp\/v2\/posts\/753970\/revisions"}],"wp:featuredmedia":[{"embeddable":true,"href":"https:\/\/www.rri.ro\/es\/wp-json\/wp\/v2\/media\/753593"}],"wp:attachment":[{"href":"https:\/\/www.rri.ro\/es\/wp-json\/wp\/v2\/media?parent=753970"}],"wp:term":[{"taxonomy":"category","embeddable":true,"href":"https:\/\/www.rri.ro\/es\/wp-json\/wp\/v2\/categories?post=753970"},{"taxonomy":"post_tag","embeddable":true,"href":"https:\/\/www.rri.ro\/es\/wp-json\/wp\/v2\/tags?post=753970"},{"taxonomy":"author","embeddable":true,"href":"https:\/\/www.rri.ro\/es\/wp-json\/wp\/v2\/coauthors?post=753970"}],"curies":[{"name":"wp","href":"https:\/\/api.w.org\/{rel}","templated":true}]}}