{"id":783628,"date":"2024-06-24T18:56:08","date_gmt":"2024-06-24T15:56:08","guid":{"rendered":"https:\/\/www.rri.ro\/?p=783628"},"modified":"2024-06-24T18:56:08","modified_gmt":"2024-06-24T15:56:08","slug":"noticias-del-dia-2216","status":"publish","type":"post","link":"https:\/\/www.rri.ro\/es\/actualidad\/noticias\/noticias-del-dia-2216-id783628.html","title":{"rendered":"Noticias del d\u00eda"},"content":{"rendered":"<p><strong>Titulares:<\/strong><\/p>\n<p><strong>Los ministros europeos de Asuntos Exteriores adoptaron el lunes en Luxemburgo un nuevo paquete de sanciones contra Rusia por la guerra en Ucrania. Ruman\u00eda estuvo representada por la jefa de la diplomacia, Luminita Odobescu.<\/strong><\/p>\n<p><strong>El dia 24 de junio en Rumania y en las comunidades rumanas de todo el mundo se celebra<\/strong><strong> el <\/strong><strong>D\u00eda Internacional de la Blusa Rumana, llamada <em>ie<\/em>.<\/strong><\/p>\n<p><strong>\u00a0<\/strong><strong>La faja rumana m\u00e1s larga, de m\u00e1s de 1.600 metros, y la m\u00e1s pesada, de 70 kilos, han entrado en el Libro Guinness de los R\u00e9cords.<\/strong><\/p>\n<p>&nbsp;<\/p>\n<p><strong>Consejo de Asuntos Exteriores<\/strong> &#8211; Los ministros europeos de Asuntos Exteriores adoptaron el lunes en Luxemburgo un nuevo paquete de sanciones, el decimocuarto, contra Rusia por la guerra en Ucrania. Ruman\u00eda estuvo representada por la jefa de la diplomacia, Luminita Odobescu. Los ministros de Asuntos Exteriores de la UE aprobaron una ayuda militar de 1.400 millones de euros (1.500 millones de d\u00f3lares) para Ucrania. El paquete se financiar\u00e1 por primera vez con el producto de los activos congelados del Banco Central de Rusia. El plan de la UE para el uso inmediato de los ingresos procedentes de los activos rusos congelados es independiente de la decisi\u00f3n adoptada este mes por los l\u00edderes del G7 de utilizar los ingresos futuros para financiar pr\u00e9stamos a Ucrania por valor de 50.000 millones de d\u00f3lares.<\/p>\n<p>&nbsp;<\/p>\n<p><strong>Blusa tradicional<\/strong> &#8211; El 24 de junio en Rumania y en las comunidades rumanas de todo el mundo se celebra el D\u00eda Internacional de la Blusa Rumana, llamada <em>ie<\/em>. As\u00ed, los d\u00edas 22 y 23 de junio, las comunidades rumanas y moldavas del Reino de B\u00e9lgica celebraron el D\u00eda Internacional de Ia ie en el Ch\u00e2teau de la Solitude, edificio patrimonial de Auderghem, en la Regi\u00f3n de Bruselas Capital. A los numerosos debates tem\u00e1ticos organizados durante los dos d\u00edas asisti\u00f3 un numeroso p\u00fablico, interesado en conocer la etnograf\u00eda y el folclore, la artesan\u00eda de la blusa rumana y la transici\u00f3n de lo tradicional a la modernidad. Los participantes se interesaron tambi\u00e9n por el v\u00ednculo entre la blusa tradicional y la fiesta de S\u00e2nziene (las hadas m\u00e1gicas), que se celebra el mismo d\u00eda, su reflejo en la literatura rumana y la inmortalizaci\u00f3n art\u00edstica del mito de S\u00e2nziene.<\/p>\n<p>&nbsp;<\/p>\n<p><strong>Guinness de los R\u00e9cords<\/strong> &#8211; El Centro Cultural Rumano-Moldo-Alem\u00e1n de N\u00faremberg (Alemania) ha entrado dos veces en el Libro Guinness de los R\u00e9cords por la faja m\u00e1s larga hecha en tres meses, de m\u00e1s de 1.600 metros, y la m\u00e1s pesada, de 70 kilos. La iniciativa se puso en marcha a finales de febrero y desde entonces m\u00e1s de mil rumanos de todo el mundo se han unido al proyecto y han confeccionado piezas de la faja que se han cosido entre s\u00ed. Cada segmento sigue el modelo de la zona de la que proceden los rumanos participantes, explic\u00f3 a Radio Ruman\u00eda la coordinadora del Centro Cultural, Ionela van Rees-Zota. <em>\u00abHay personas de casi todos los distritos de Ruman\u00eda. Hay gente de todo el mundo, desde Nueva Zelanda hasta la Rep\u00fablica de Moldavia y desde Noruega hasta Asia<\/em>\u00bb, explic\u00f3 van Rees-Zota.<\/p>\n<p><strong>\u00a0<\/strong><\/p>\n<p><strong>Fondo de Modernizaci\u00f3n<\/strong> &#8211; En el marco del Fondo de Modernizaci\u00f3n, la Uni\u00f3n Europea desembols\u00f3 el lunes casi 3.000 millones de euros para apoyar 39 proyectos energ\u00e9ticos en diez Estados miembros de la UE, entre ellos Ruman\u00eda, seg\u00fan un comunicado del Ejecutivo comunitario. Se trata del mayor desembolso jam\u00e1s realizado en el marco del Fondo de Modernizaci\u00f3n. Estas inversiones ayudan a los Estados miembros a cumplir sus objetivos clim\u00e1ticos y energ\u00e9ticos y contribuyen al objetivo a largo plazo de la UE de alcanzar la neutralidad clim\u00e1tica en 2050.<\/p>\n<p>&nbsp;<\/p>\n<p><strong>Festival de Teatro<\/strong> &#8211; En Sibiu (centro), el Festival Internacional de Teatro prosigue con 830 eventos en los que participan m\u00e1s de 5.000 artistas de 82 pa\u00edses, entre ellos actores, directores de teatro y escritores de fama mundial como John Malkovich, Tim Robbins, Pippo delBono y Neil LaBute. El festival tambi\u00e9n acogi\u00f3 el lunes la inauguraci\u00f3n del <em>Show Exchange<\/em>, un acontecimiento a gran escala que cumple su 27\u00aa edici\u00f3n y que este a\u00f1o seguir\u00e1 celebr\u00e1ndose en formato f\u00edsico, h\u00edbrido y en l\u00ednea. Durante cuatro d\u00edas, m\u00e1s de 80 representantes de instituciones y organizaciones culturales de m\u00e1s de 30 pa\u00edses de todo el mundo se re\u00fanen en Sibiu para establecer contactos y reelaborar proyectos juntos.<\/p>\n","protected":false},"excerpt":{"rendered":"<p>Titulares: Los ministros europeos de Asuntos Exteriores adoptaron el lunes en Luxemburgo un nuevo paquete de sanciones contra Rusia por la guerra en Ucrania. Ruman\u00eda estuvo representada por la jefa de la diplomacia, Luminita Odobescu. El dia 24 de junio en Rumania y en las comunidades rumanas de todo el mundo se celebra el D\u00eda [&hellip;]<\/p>\n","protected":false},"author":60,"featured_media":723423,"comment_status":"closed","ping_status":"closed","sticky":false,"template":"","format":"gallery","meta":{"_acf_changed":false,"footnotes":""},"categories":[49382],"tags":[150227,148487,150229,150231,150230,150228,150232,134235,150226,143967,48962],"coauthors":[132173,116091],"class_list":["post-783628","post","type-post","status-publish","format-gallery","has-post-thumbnail","hentry","category-noticias","tag-blusa-tradicional-rumana","tag-consejo-de-asuntos-exteriores","tag-faja","tag-festival-internacional-de-teatro","tag-fondo-de-modernizacion","tag-guinness-de-los-records","tag-ie-es","tag-rusia-es","tag-sanciones","tag-sibiu-es","tag-ucrania","post_format-post-format-gallery"],"acf":[],"yoast_head":"<!-- This site is optimized with the Yoast SEO plugin v27.3 - https:\/\/yoast.com\/product\/yoast-seo-wordpress\/ -->\n<title>Noticias del d\u00eda - Radio Ruman\u00eda Internacional<\/title>\n<meta name=\"robots\" content=\"index, follow, max-snippet:-1, max-image-preview:large, max-video-preview:-1\" \/>\n<link rel=\"canonical\" href=\"https:\/\/www.rri.ro\/es\/actualidad\/noticias\/noticias-del-dia-2216-id783628.html\" \/>\n<meta property=\"og:locale\" content=\"es_ES\" \/>\n<meta property=\"og:type\" content=\"article\" \/>\n<meta property=\"og:title\" content=\"Noticias del d\u00eda - Radio Ruman\u00eda Internacional\" \/>\n<meta property=\"og:description\" content=\"Titulares: Los ministros europeos de Asuntos Exteriores adoptaron el lunes en Luxemburgo un nuevo paquete de sanciones contra Rusia por la guerra en Ucrania. Ruman\u00eda estuvo representada por la jefa de la diplomacia, Luminita Odobescu. El dia 24 de junio en Rumania y en las comunidades rumanas de todo el mundo se celebra el D\u00eda [&hellip;]\" \/>\n<meta property=\"og:url\" content=\"https:\/\/www.rri.ro\/es\/actualidad\/noticias\/noticias-del-dia-2216-id783628.html\" \/>\n<meta property=\"og:site_name\" content=\"Radio Ruman\u00eda Internacional\" \/>\n<meta property=\"article:published_time\" content=\"2024-06-24T15:56:08+00:00\" \/>\n<meta property=\"og:image\" content=\"https:\/\/www.rri.ro\/wp-content\/uploads\/2024\/03\/RRI-960x540-Noticias-2-NOU.jpg\" \/>\n\t<meta property=\"og:image:width\" content=\"960\" \/>\n\t<meta property=\"og:image:height\" content=\"540\" \/>\n\t<meta property=\"og:image:type\" content=\"image\/jpeg\" \/>\n<meta name=\"author\" content=\"Victoria Sepciu, Newsroom\" \/>\n<meta name=\"twitter:card\" content=\"summary_large_image\" \/>\n<meta name=\"twitter:label1\" content=\"Escrito por\" \/>\n\t<meta name=\"twitter:data1\" content=\"Victoria Sepciu\" \/>\n\t<meta name=\"twitter:label2\" content=\"Tiempo de lectura\" \/>\n\t<meta name=\"twitter:data2\" content=\"4 minutos\" \/>\n\t<meta name=\"twitter:label3\" content=\"Written by\" \/>\n\t<meta name=\"twitter:data3\" content=\"Victoria Sepciu, Newsroom\" \/>\n<script type=\"application\/ld+json\" class=\"yoast-schema-graph\">{\"@context\":\"https:\\\/\\\/schema.org\",\"@graph\":[{\"@type\":\"Article\",\"@id\":\"https:\\\/\\\/www.rri.ro\\\/es\\\/actualidad\\\/noticias\\\/noticias-del-dia-2216-id783628.html#article\",\"isPartOf\":{\"@id\":\"https:\\\/\\\/www.rri.ro\\\/es\\\/actualidad\\\/noticias\\\/noticias-del-dia-2216-id783628.html\"},\"author\":{\"name\":\"Victoria Sepciu\",\"@id\":\"https:\\\/\\\/www.rri.ro\\\/#\\\/schema\\\/person\\\/de572bc6e026b9d7659f4ee1893e56c8\"},\"headline\":\"Noticias del d\u00eda\",\"datePublished\":\"2024-06-24T15:56:08+00:00\",\"mainEntityOfPage\":{\"@id\":\"https:\\\/\\\/www.rri.ro\\\/es\\\/actualidad\\\/noticias\\\/noticias-del-dia-2216-id783628.html\"},\"wordCount\":765,\"image\":{\"@id\":\"https:\\\/\\\/www.rri.ro\\\/es\\\/actualidad\\\/noticias\\\/noticias-del-dia-2216-id783628.html#primaryimage\"},\"thumbnailUrl\":\"https:\\\/\\\/www.rri.ro\\\/wp-content\\\/uploads\\\/2024\\\/03\\\/RRI-960x540-Noticias-2-NOU.jpg\",\"keywords\":[\"Blusa tradicional rumana\",\"Consejo de Asuntos Exteriores\",\"faja\",\"Festival Internacional de Teatro\",\"Fondo de Modernizaci\u00f3n\",\"Guinness de los R\u00e9cords\",\"ie\",\"Rusia\",\"sanciones\",\"Sibiu\",\"Ucrania\"],\"articleSection\":[\"Noticias\"],\"inLanguage\":\"es\"},{\"@type\":\"WebPage\",\"@id\":\"https:\\\/\\\/www.rri.ro\\\/es\\\/actualidad\\\/noticias\\\/noticias-del-dia-2216-id783628.html\",\"url\":\"https:\\\/\\\/www.rri.ro\\\/es\\\/actualidad\\\/noticias\\\/noticias-del-dia-2216-id783628.html\",\"name\":\"Noticias del d\u00eda - Radio Ruman\u00eda Internacional\",\"isPartOf\":{\"@id\":\"https:\\\/\\\/www.rri.ro\\\/#website\"},\"primaryImageOfPage\":{\"@id\":\"https:\\\/\\\/www.rri.ro\\\/es\\\/actualidad\\\/noticias\\\/noticias-del-dia-2216-id783628.html#primaryimage\"},\"image\":{\"@id\":\"https:\\\/\\\/www.rri.ro\\\/es\\\/actualidad\\\/noticias\\\/noticias-del-dia-2216-id783628.html#primaryimage\"},\"thumbnailUrl\":\"https:\\\/\\\/www.rri.ro\\\/wp-content\\\/uploads\\\/2024\\\/03\\\/RRI-960x540-Noticias-2-NOU.jpg\",\"datePublished\":\"2024-06-24T15:56:08+00:00\",\"author\":{\"@id\":\"https:\\\/\\\/www.rri.ro\\\/#\\\/schema\\\/person\\\/de572bc6e026b9d7659f4ee1893e56c8\"},\"breadcrumb\":{\"@id\":\"https:\\\/\\\/www.rri.ro\\\/es\\\/actualidad\\\/noticias\\\/noticias-del-dia-2216-id783628.html#breadcrumb\"},\"inLanguage\":\"es\",\"potentialAction\":[{\"@type\":\"ReadAction\",\"target\":[\"https:\\\/\\\/www.rri.ro\\\/es\\\/actualidad\\\/noticias\\\/noticias-del-dia-2216-id783628.html\"]}]},{\"@type\":\"ImageObject\",\"inLanguage\":\"es\",\"@id\":\"https:\\\/\\\/www.rri.ro\\\/es\\\/actualidad\\\/noticias\\\/noticias-del-dia-2216-id783628.html#primaryimage\",\"url\":\"https:\\\/\\\/www.rri.ro\\\/wp-content\\\/uploads\\\/2024\\\/03\\\/RRI-960x540-Noticias-2-NOU.jpg\",\"contentUrl\":\"https:\\\/\\\/www.rri.ro\\\/wp-content\\\/uploads\\\/2024\\\/03\\\/RRI-960x540-Noticias-2-NOU.jpg\",\"width\":960,\"height\":540,\"caption\":\"RRI 960x540 Noticias 2-NOU\"},{\"@type\":\"BreadcrumbList\",\"@id\":\"https:\\\/\\\/www.rri.ro\\\/es\\\/actualidad\\\/noticias\\\/noticias-del-dia-2216-id783628.html#breadcrumb\",\"itemListElement\":[{\"@type\":\"ListItem\",\"position\":1,\"name\":\"P\u00e1gina de inicio\",\"item\":\"https:\\\/\\\/www.rri.ro\\\/es\"},{\"@type\":\"ListItem\",\"position\":2,\"name\":\"Actualidad\",\"item\":\"https:\\\/\\\/www.rri.ro\\\/es\\\/actualidad\"},{\"@type\":\"ListItem\",\"position\":3,\"name\":\"Noticias\",\"item\":\"https:\\\/\\\/www.rri.ro\\\/es\\\/actualidad\\\/noticias\"},{\"@type\":\"ListItem\",\"position\":4,\"name\":\"Noticias del d\u00eda\"}]},{\"@type\":\"WebSite\",\"@id\":\"https:\\\/\\\/www.rri.ro\\\/#website\",\"url\":\"https:\\\/\\\/www.rri.ro\\\/\",\"name\":\"Radio Ruman\u00eda Internacional\",\"description\":\"Totul despre Rom\u00e2nia \u015fi rom\u00e2ni, \u00een 13 limbi\\\/dialecte!\",\"inLanguage\":\"es\"},{\"@type\":\"Person\",\"@id\":\"https:\\\/\\\/www.rri.ro\\\/#\\\/schema\\\/person\\\/de572bc6e026b9d7659f4ee1893e56c8\",\"name\":\"Victoria Sepciu\",\"url\":\"https:\\\/\\\/www.rri.ro\\\/es\\\/author\\\/victoria-sepciu\"}]}<\/script>\n<!-- \/ Yoast SEO plugin. -->","yoast_head_json":{"title":"Noticias del d\u00eda - Radio Ruman\u00eda Internacional","robots":{"index":"index","follow":"follow","max-snippet":"max-snippet:-1","max-image-preview":"max-image-preview:large","max-video-preview":"max-video-preview:-1"},"canonical":"https:\/\/www.rri.ro\/es\/actualidad\/noticias\/noticias-del-dia-2216-id783628.html","og_locale":"es_ES","og_type":"article","og_title":"Noticias del d\u00eda - Radio Ruman\u00eda Internacional","og_description":"Titulares: Los ministros europeos de Asuntos Exteriores adoptaron el lunes en Luxemburgo un nuevo paquete de sanciones contra Rusia por la guerra en Ucrania. Ruman\u00eda estuvo representada por la jefa de la diplomacia, Luminita Odobescu. El dia 24 de junio en Rumania y en las comunidades rumanas de todo el mundo se celebra el D\u00eda [&hellip;]","og_url":"https:\/\/www.rri.ro\/es\/actualidad\/noticias\/noticias-del-dia-2216-id783628.html","og_site_name":"Radio Ruman\u00eda Internacional","article_published_time":"2024-06-24T15:56:08+00:00","og_image":[{"width":960,"height":540,"url":"https:\/\/www.rri.ro\/wp-content\/uploads\/2024\/03\/RRI-960x540-Noticias-2-NOU.jpg","type":"image\/jpeg"}],"author":"Victoria Sepciu, Newsroom","twitter_card":"summary_large_image","twitter_misc":{"Escrito por":"Victoria Sepciu","Tiempo de lectura":"4 minutos","Written by":"Victoria Sepciu, Newsroom"},"schema":{"@context":"https:\/\/schema.org","@graph":[{"@type":"Article","@id":"https:\/\/www.rri.ro\/es\/actualidad\/noticias\/noticias-del-dia-2216-id783628.html#article","isPartOf":{"@id":"https:\/\/www.rri.ro\/es\/actualidad\/noticias\/noticias-del-dia-2216-id783628.html"},"author":{"name":"Victoria Sepciu","@id":"https:\/\/www.rri.ro\/#\/schema\/person\/de572bc6e026b9d7659f4ee1893e56c8"},"headline":"Noticias del d\u00eda","datePublished":"2024-06-24T15:56:08+00:00","mainEntityOfPage":{"@id":"https:\/\/www.rri.ro\/es\/actualidad\/noticias\/noticias-del-dia-2216-id783628.html"},"wordCount":765,"image":{"@id":"https:\/\/www.rri.ro\/es\/actualidad\/noticias\/noticias-del-dia-2216-id783628.html#primaryimage"},"thumbnailUrl":"https:\/\/www.rri.ro\/wp-content\/uploads\/2024\/03\/RRI-960x540-Noticias-2-NOU.jpg","keywords":["Blusa tradicional rumana","Consejo de Asuntos Exteriores","faja","Festival Internacional de Teatro","Fondo de Modernizaci\u00f3n","Guinness de los R\u00e9cords","ie","Rusia","sanciones","Sibiu","Ucrania"],"articleSection":["Noticias"],"inLanguage":"es"},{"@type":"WebPage","@id":"https:\/\/www.rri.ro\/es\/actualidad\/noticias\/noticias-del-dia-2216-id783628.html","url":"https:\/\/www.rri.ro\/es\/actualidad\/noticias\/noticias-del-dia-2216-id783628.html","name":"Noticias del d\u00eda - Radio Ruman\u00eda Internacional","isPartOf":{"@id":"https:\/\/www.rri.ro\/#website"},"primaryImageOfPage":{"@id":"https:\/\/www.rri.ro\/es\/actualidad\/noticias\/noticias-del-dia-2216-id783628.html#primaryimage"},"image":{"@id":"https:\/\/www.rri.ro\/es\/actualidad\/noticias\/noticias-del-dia-2216-id783628.html#primaryimage"},"thumbnailUrl":"https:\/\/www.rri.ro\/wp-content\/uploads\/2024\/03\/RRI-960x540-Noticias-2-NOU.jpg","datePublished":"2024-06-24T15:56:08+00:00","author":{"@id":"https:\/\/www.rri.ro\/#\/schema\/person\/de572bc6e026b9d7659f4ee1893e56c8"},"breadcrumb":{"@id":"https:\/\/www.rri.ro\/es\/actualidad\/noticias\/noticias-del-dia-2216-id783628.html#breadcrumb"},"inLanguage":"es","potentialAction":[{"@type":"ReadAction","target":["https:\/\/www.rri.ro\/es\/actualidad\/noticias\/noticias-del-dia-2216-id783628.html"]}]},{"@type":"ImageObject","inLanguage":"es","@id":"https:\/\/www.rri.ro\/es\/actualidad\/noticias\/noticias-del-dia-2216-id783628.html#primaryimage","url":"https:\/\/www.rri.ro\/wp-content\/uploads\/2024\/03\/RRI-960x540-Noticias-2-NOU.jpg","contentUrl":"https:\/\/www.rri.ro\/wp-content\/uploads\/2024\/03\/RRI-960x540-Noticias-2-NOU.jpg","width":960,"height":540,"caption":"RRI 960x540 Noticias 2-NOU"},{"@type":"BreadcrumbList","@id":"https:\/\/www.rri.ro\/es\/actualidad\/noticias\/noticias-del-dia-2216-id783628.html#breadcrumb","itemListElement":[{"@type":"ListItem","position":1,"name":"P\u00e1gina de inicio","item":"https:\/\/www.rri.ro\/es"},{"@type":"ListItem","position":2,"name":"Actualidad","item":"https:\/\/www.rri.ro\/es\/actualidad"},{"@type":"ListItem","position":3,"name":"Noticias","item":"https:\/\/www.rri.ro\/es\/actualidad\/noticias"},{"@type":"ListItem","position":4,"name":"Noticias del d\u00eda"}]},{"@type":"WebSite","@id":"https:\/\/www.rri.ro\/#website","url":"https:\/\/www.rri.ro\/","name":"Radio Ruman\u00eda Internacional","description":"Totul despre Rom\u00e2nia \u015fi rom\u00e2ni, \u00een 13 limbi\/dialecte!","inLanguage":"es"},{"@type":"Person","@id":"https:\/\/www.rri.ro\/#\/schema\/person\/de572bc6e026b9d7659f4ee1893e56c8","name":"Victoria Sepciu","url":"https:\/\/www.rri.ro\/es\/author\/victoria-sepciu"}]}},"_links":{"self":[{"href":"https:\/\/www.rri.ro\/es\/wp-json\/wp\/v2\/posts\/783628","targetHints":{"allow":["GET"]}}],"collection":[{"href":"https:\/\/www.rri.ro\/es\/wp-json\/wp\/v2\/posts"}],"about":[{"href":"https:\/\/www.rri.ro\/es\/wp-json\/wp\/v2\/types\/post"}],"author":[{"embeddable":true,"href":"https:\/\/www.rri.ro\/es\/wp-json\/wp\/v2\/users\/60"}],"replies":[{"embeddable":true,"href":"https:\/\/www.rri.ro\/es\/wp-json\/wp\/v2\/comments?post=783628"}],"version-history":[{"count":0,"href":"https:\/\/www.rri.ro\/es\/wp-json\/wp\/v2\/posts\/783628\/revisions"}],"wp:featuredmedia":[{"embeddable":true,"href":"https:\/\/www.rri.ro\/es\/wp-json\/wp\/v2\/media\/723423"}],"wp:attachment":[{"href":"https:\/\/www.rri.ro\/es\/wp-json\/wp\/v2\/media?parent=783628"}],"wp:term":[{"taxonomy":"category","embeddable":true,"href":"https:\/\/www.rri.ro\/es\/wp-json\/wp\/v2\/categories?post=783628"},{"taxonomy":"post_tag","embeddable":true,"href":"https:\/\/www.rri.ro\/es\/wp-json\/wp\/v2\/tags?post=783628"},{"taxonomy":"author","embeddable":true,"href":"https:\/\/www.rri.ro\/es\/wp-json\/wp\/v2\/coauthors?post=783628"}],"curies":[{"name":"wp","href":"https:\/\/api.w.org\/{rel}","templated":true}]}}