{"id":799623,"date":"2024-08-21T15:53:29","date_gmt":"2024-08-21T12:53:29","guid":{"rendered":"https:\/\/www.rri.ro\/?p=799623"},"modified":"2025-09-04T19:38:45","modified_gmt":"2025-09-04T16:38:45","slug":"048-rumaniando-en-la-radio","status":"publish","type":"post","link":"https:\/\/www.rri.ro\/es\/cronica-semanal\/rumaniando-en-la-radio\/048-rumaniando-en-la-radio-id799623.html","title":{"rendered":"048 Rumaniando en la Radio"},"content":{"rendered":"<p><span style=\"font-family: arial, helvetica, sans-serif;\">Aprovechando que recientemente dos nuevos objetivos tur\u00edsticos rumanos han sido incluidos en la Lista del Patrimonio Mundial de la UNESCO, en el programa de hoy vamos a hablar sobre el origen de esta organizaci\u00f3n y su sistema de toma de decisiones sobre el Patrimonio Mundial protegido.<\/span><\/p>\n<p><span style=\"font-family: arial, helvetica, sans-serif;\">Tambi\u00e9n tendremos tiempo para analizar las dos incorporaciones rumanas: \u201cLas Fronteras del Imperio Romano y Dacia\u201d y el \u201cConjunto Monumental de Constantin Brancusi en Targu Jiu\u201d.<\/span><\/p>\n<p><iframe loading=\"lazy\" src=\"https:\/\/w.soundcloud.com\/player\/?url=https%3A\/\/api.soundcloud.com\/tracks\/1901275866&amp;color=%23ff5500&amp;auto_play=false&amp;hide_related=false&amp;show_comments=true&amp;show_user=true&amp;show_reposts=false&amp;show_teaser=true\" width=\"100%\" height=\"166\" frameborder=\"no\" scrolling=\"no\"><\/iframe><\/p>\n<div style=\"font-size: 10px; color: #cccccc; line-break: anywhere; word-break: normal; overflow: hidden; white-space: nowrap; text-overflow: ellipsis; font-family: Interstate,Lucida Grande,Lucida Sans Unicode,Lucida Sans,Garuda,Verdana,Tahoma,sans-serif; font-weight: 100;\"><a style=\"color: #cccccc; text-decoration: none;\" title=\"RadioRomaniaInternational\" href=\"https:\/\/soundcloud.com\/radioromaniainternational\" target=\"_blank\" rel=\"noopener\">RadioRomaniaInternational<\/a> \u00b7 <a style=\"color: #cccccc; text-decoration: none;\" title=\"RUMANIANDO 21.08.2024\" href=\"https:\/\/soundcloud.com\/radioromaniainternational\/rumaniando-21082024\" target=\"_blank\" rel=\"noopener\">RUMANIANDO 21.08.2024<\/a><\/div>\n<p>&nbsp;<\/p>\n<p>&nbsp;<\/p>\n","protected":false},"excerpt":{"rendered":"<p>Aprovechando que recientemente dos nuevos objetivos tur\u00edsticos rumanos han sido incluidos en la Lista del Patrimonio Mundial de la UNESCO, en el programa de hoy vamos a hablar sobre el origen de esta organizaci\u00f3n y su sistema de toma de decisiones sobre el Patrimonio Mundial protegido. Tambi\u00e9n tendremos tiempo para analizar las dos incorporaciones rumanas: [&hellip;]<\/p>\n","protected":false},"author":99,"featured_media":562387,"comment_status":"closed","ping_status":"closed","sticky":false,"template":"","format":"audio","meta":{"_acf_changed":false,"footnotes":""},"categories":[112449],"tags":[145700,153310,144623,148571,153301,152060,145590,48968,148975,153305,49295,153298,153302,153299,153304,153303,153307,153300,143749,153309,153311,153306,144199,144200,153308,147028,142386,146583],"coauthors":[114929],"class_list":["post-799623","post","type-post","status-publish","format-audio","has-post-thumbnail","hentry","category-rumaniando-en-la-radio","tag-alba-iulia-es","tag-apulum-es","tag-brancusi-es","tag-castro-romano","tag-cementerio-de-montparnasse","tag-constantin-brancusi-es","tag-dacia-es","tag-danubio","tag-drobeta-turnu-severin-es","tag-esculturas","tag-fronteras","tag-imperio-romano","tag-la-columna-del-infinito","tag-la-lista-de-la-unesco","tag-la-mesa-del-silencio","tag-la-puerta-del-beso","tag-limes-dacicus-es","tag-modernismo","tag-patrimonio-mundial-de-la-unesco","tag-porolissum-es","tag-potaissa-es","tag-provincia-romana","tag-rasnov-es","tag-targu-jiu-es","tag-tibiscum-es","tag-turda-es","tag-unesco-es","tag-zalau-es","post_format-post-format-audio"],"acf":[],"yoast_head":"<!-- This site is optimized with the Yoast SEO plugin v27.5 - https:\/\/yoast.com\/product\/yoast-seo-wordpress\/ -->\n<title>048 Rumaniando en la Radio - Radio Ruman\u00eda Internacional<\/title>\n<meta name=\"robots\" content=\"index, follow, max-snippet:-1, max-image-preview:large, max-video-preview:-1\" \/>\n<link rel=\"canonical\" href=\"https:\/\/www.rri.ro\/es\/cronica-semanal\/rumaniando-en-la-radio\/048-rumaniando-en-la-radio-id799623.html\" \/>\n<meta property=\"og:locale\" content=\"es_ES\" \/>\n<meta property=\"og:type\" content=\"article\" \/>\n<meta property=\"og:title\" content=\"048 Rumaniando en la Radio - Radio Ruman\u00eda Internacional\" \/>\n<meta property=\"og:description\" content=\"Aprovechando que recientemente dos nuevos objetivos tur\u00edsticos rumanos han sido incluidos en la Lista del Patrimonio Mundial de la UNESCO, en el programa de hoy vamos a hablar sobre el origen de esta organizaci\u00f3n y su sistema de toma de decisiones sobre el Patrimonio Mundial protegido. Tambi\u00e9n tendremos tiempo para analizar las dos incorporaciones rumanas: [&hellip;]\" \/>\n<meta property=\"og:url\" content=\"https:\/\/www.rri.ro\/es\/cronica-semanal\/rumaniando-en-la-radio\/048-rumaniando-en-la-radio-id799623.html\" \/>\n<meta property=\"og:site_name\" content=\"Radio Ruman\u00eda Internacional\" \/>\n<meta property=\"article:published_time\" content=\"2024-08-21T12:53:29+00:00\" \/>\n<meta property=\"article:modified_time\" content=\"2025-09-04T16:38:45+00:00\" \/>\n<meta property=\"og:image\" content=\"https:\/\/www.rri.ro\/wp-content\/uploads\/2023\/10\/rumaniando-en-la-radio.jpg\" \/>\n\t<meta property=\"og:image:width\" content=\"640\" \/>\n\t<meta property=\"og:image:height\" content=\"401\" \/>\n\t<meta property=\"og:image:type\" content=\"image\/jpeg\" \/>\n<meta name=\"author\" content=\"Antonio Madrid\" \/>\n<meta name=\"twitter:card\" content=\"summary_large_image\" \/>\n<meta name=\"twitter:label1\" content=\"Escrito por\" \/>\n\t<meta name=\"twitter:data1\" content=\"Antonio Madrid\" \/>\n\t<meta name=\"twitter:label2\" content=\"Written by\" \/>\n\t<meta name=\"twitter:data2\" content=\"Antonio Madrid\" \/>\n<script type=\"application\/ld+json\" class=\"yoast-schema-graph\">{\"@context\":\"https:\\\/\\\/schema.org\",\"@graph\":[{\"@type\":\"Article\",\"@id\":\"https:\\\/\\\/www.rri.ro\\\/es\\\/cronica-semanal\\\/rumaniando-en-la-radio\\\/048-rumaniando-en-la-radio-id799623.html#article\",\"isPartOf\":{\"@id\":\"https:\\\/\\\/www.rri.ro\\\/es\\\/cronica-semanal\\\/rumaniando-en-la-radio\\\/048-rumaniando-en-la-radio-id799623.html\"},\"author\":{\"name\":\"Antonio Madrid\",\"@id\":\"https:\\\/\\\/www.rri.ro\\\/#\\\/schema\\\/person\\\/42648fab0d4c496576143af628fee3bb\"},\"headline\":\"048 Rumaniando en la Radio\",\"datePublished\":\"2024-08-21T12:53:29+00:00\",\"dateModified\":\"2025-09-04T16:38:45+00:00\",\"mainEntityOfPage\":{\"@id\":\"https:\\\/\\\/www.rri.ro\\\/es\\\/cronica-semanal\\\/rumaniando-en-la-radio\\\/048-rumaniando-en-la-radio-id799623.html\"},\"wordCount\":83,\"image\":{\"@id\":\"https:\\\/\\\/www.rri.ro\\\/es\\\/cronica-semanal\\\/rumaniando-en-la-radio\\\/048-rumaniando-en-la-radio-id799623.html#primaryimage\"},\"thumbnailUrl\":\"https:\\\/\\\/www.rri.ro\\\/wp-content\\\/uploads\\\/2023\\\/10\\\/rumaniando-en-la-radio.jpg\",\"keywords\":[\"Alba Iulia\",\"Apulum\",\"Brancusi\",\"castro romano\",\"cementerio de Montparnasse\",\"Constantin Brancusi\",\"Dacia\",\"Danubio\",\"Drobeta Turnu Severin\",\"esculturas\",\"fronteras\",\"Imperio Romano\",\"La Columna del Infinito\",\"la lista de la UNESCO\",\"La Mesa del Silencio\",\"La Puerta del Beso\",\"Limes dacicus\",\"modernismo\",\"Patrimonio Mundial de la UNESCO\",\"Porolissum\",\"Potaissa\",\"provincia romana\",\"Rasnov\",\"Targu Jiu\",\"Tibiscum\",\"Turda\",\"UNESCO\",\"Zalau\"],\"articleSection\":[\"Rumaniando en la Radio\"],\"inLanguage\":\"es\"},{\"@type\":\"WebPage\",\"@id\":\"https:\\\/\\\/www.rri.ro\\\/es\\\/cronica-semanal\\\/rumaniando-en-la-radio\\\/048-rumaniando-en-la-radio-id799623.html\",\"url\":\"https:\\\/\\\/www.rri.ro\\\/es\\\/cronica-semanal\\\/rumaniando-en-la-radio\\\/048-rumaniando-en-la-radio-id799623.html\",\"name\":\"048 Rumaniando en la Radio - Radio Ruman\u00eda Internacional\",\"isPartOf\":{\"@id\":\"https:\\\/\\\/www.rri.ro\\\/#website\"},\"primaryImageOfPage\":{\"@id\":\"https:\\\/\\\/www.rri.ro\\\/es\\\/cronica-semanal\\\/rumaniando-en-la-radio\\\/048-rumaniando-en-la-radio-id799623.html#primaryimage\"},\"image\":{\"@id\":\"https:\\\/\\\/www.rri.ro\\\/es\\\/cronica-semanal\\\/rumaniando-en-la-radio\\\/048-rumaniando-en-la-radio-id799623.html#primaryimage\"},\"thumbnailUrl\":\"https:\\\/\\\/www.rri.ro\\\/wp-content\\\/uploads\\\/2023\\\/10\\\/rumaniando-en-la-radio.jpg\",\"datePublished\":\"2024-08-21T12:53:29+00:00\",\"dateModified\":\"2025-09-04T16:38:45+00:00\",\"author\":{\"@id\":\"https:\\\/\\\/www.rri.ro\\\/#\\\/schema\\\/person\\\/42648fab0d4c496576143af628fee3bb\"},\"breadcrumb\":{\"@id\":\"https:\\\/\\\/www.rri.ro\\\/es\\\/cronica-semanal\\\/rumaniando-en-la-radio\\\/048-rumaniando-en-la-radio-id799623.html#breadcrumb\"},\"inLanguage\":\"es\",\"potentialAction\":[{\"@type\":\"ReadAction\",\"target\":[\"https:\\\/\\\/www.rri.ro\\\/es\\\/cronica-semanal\\\/rumaniando-en-la-radio\\\/048-rumaniando-en-la-radio-id799623.html\"]}]},{\"@type\":\"ImageObject\",\"inLanguage\":\"es\",\"@id\":\"https:\\\/\\\/www.rri.ro\\\/es\\\/cronica-semanal\\\/rumaniando-en-la-radio\\\/048-rumaniando-en-la-radio-id799623.html#primaryimage\",\"url\":\"https:\\\/\\\/www.rri.ro\\\/wp-content\\\/uploads\\\/2023\\\/10\\\/rumaniando-en-la-radio.jpg\",\"contentUrl\":\"https:\\\/\\\/www.rri.ro\\\/wp-content\\\/uploads\\\/2023\\\/10\\\/rumaniando-en-la-radio.jpg\",\"width\":640,\"height\":401},{\"@type\":\"BreadcrumbList\",\"@id\":\"https:\\\/\\\/www.rri.ro\\\/es\\\/cronica-semanal\\\/rumaniando-en-la-radio\\\/048-rumaniando-en-la-radio-id799623.html#breadcrumb\",\"itemListElement\":[{\"@type\":\"ListItem\",\"position\":1,\"name\":\"P\u00e1gina de inicio\",\"item\":\"https:\\\/\\\/www.rri.ro\\\/es\"},{\"@type\":\"ListItem\",\"position\":2,\"name\":\"Cr\u00f3nica semanal\",\"item\":\"https:\\\/\\\/www.rri.ro\\\/es\\\/cronica-semanal\"},{\"@type\":\"ListItem\",\"position\":3,\"name\":\"Rumaniando en la Radio\",\"item\":\"https:\\\/\\\/www.rri.ro\\\/es\\\/cronica-semanal\\\/rumaniando-en-la-radio\"},{\"@type\":\"ListItem\",\"position\":4,\"name\":\"048 Rumaniando en la Radio\"}]},{\"@type\":\"WebSite\",\"@id\":\"https:\\\/\\\/www.rri.ro\\\/#website\",\"url\":\"https:\\\/\\\/www.rri.ro\\\/\",\"name\":\"Radio Ruman\u00eda Internacional\",\"description\":\"Totul despre Rom\u00e2nia \u015fi rom\u00e2ni, \u00een 13 limbi\\\/dialecte!\",\"inLanguage\":\"es\"},{\"@type\":\"Person\",\"@id\":\"https:\\\/\\\/www.rri.ro\\\/#\\\/schema\\\/person\\\/42648fab0d4c496576143af628fee3bb\",\"name\":\"Antonio Madrid\",\"sameAs\":[\"www.linkedin.com\\\/in\\\/antoniojmadridi\"],\"url\":\"https:\\\/\\\/www.rri.ro\\\/es\\\/author\\\/antonio-madrid\"}]}<\/script>\n<!-- \/ Yoast SEO plugin. -->","yoast_head_json":{"title":"048 Rumaniando en la Radio - Radio Ruman\u00eda Internacional","robots":{"index":"index","follow":"follow","max-snippet":"max-snippet:-1","max-image-preview":"max-image-preview:large","max-video-preview":"max-video-preview:-1"},"canonical":"https:\/\/www.rri.ro\/es\/cronica-semanal\/rumaniando-en-la-radio\/048-rumaniando-en-la-radio-id799623.html","og_locale":"es_ES","og_type":"article","og_title":"048 Rumaniando en la Radio - Radio Ruman\u00eda Internacional","og_description":"Aprovechando que recientemente dos nuevos objetivos tur\u00edsticos rumanos han sido incluidos en la Lista del Patrimonio Mundial de la UNESCO, en el programa de hoy vamos a hablar sobre el origen de esta organizaci\u00f3n y su sistema de toma de decisiones sobre el Patrimonio Mundial protegido. Tambi\u00e9n tendremos tiempo para analizar las dos incorporaciones rumanas: [&hellip;]","og_url":"https:\/\/www.rri.ro\/es\/cronica-semanal\/rumaniando-en-la-radio\/048-rumaniando-en-la-radio-id799623.html","og_site_name":"Radio Ruman\u00eda Internacional","article_published_time":"2024-08-21T12:53:29+00:00","article_modified_time":"2025-09-04T16:38:45+00:00","og_image":[{"width":640,"height":401,"url":"https:\/\/www.rri.ro\/wp-content\/uploads\/2023\/10\/rumaniando-en-la-radio.jpg","type":"image\/jpeg"}],"author":"Antonio Madrid","twitter_card":"summary_large_image","twitter_misc":{"Escrito por":"Antonio Madrid","Written by":"Antonio Madrid"},"schema":{"@context":"https:\/\/schema.org","@graph":[{"@type":"Article","@id":"https:\/\/www.rri.ro\/es\/cronica-semanal\/rumaniando-en-la-radio\/048-rumaniando-en-la-radio-id799623.html#article","isPartOf":{"@id":"https:\/\/www.rri.ro\/es\/cronica-semanal\/rumaniando-en-la-radio\/048-rumaniando-en-la-radio-id799623.html"},"author":{"name":"Antonio Madrid","@id":"https:\/\/www.rri.ro\/#\/schema\/person\/42648fab0d4c496576143af628fee3bb"},"headline":"048 Rumaniando en la Radio","datePublished":"2024-08-21T12:53:29+00:00","dateModified":"2025-09-04T16:38:45+00:00","mainEntityOfPage":{"@id":"https:\/\/www.rri.ro\/es\/cronica-semanal\/rumaniando-en-la-radio\/048-rumaniando-en-la-radio-id799623.html"},"wordCount":83,"image":{"@id":"https:\/\/www.rri.ro\/es\/cronica-semanal\/rumaniando-en-la-radio\/048-rumaniando-en-la-radio-id799623.html#primaryimage"},"thumbnailUrl":"https:\/\/www.rri.ro\/wp-content\/uploads\/2023\/10\/rumaniando-en-la-radio.jpg","keywords":["Alba Iulia","Apulum","Brancusi","castro romano","cementerio de Montparnasse","Constantin Brancusi","Dacia","Danubio","Drobeta Turnu Severin","esculturas","fronteras","Imperio Romano","La Columna del Infinito","la lista de la UNESCO","La Mesa del Silencio","La Puerta del Beso","Limes dacicus","modernismo","Patrimonio Mundial de la UNESCO","Porolissum","Potaissa","provincia romana","Rasnov","Targu Jiu","Tibiscum","Turda","UNESCO","Zalau"],"articleSection":["Rumaniando en la Radio"],"inLanguage":"es"},{"@type":"WebPage","@id":"https:\/\/www.rri.ro\/es\/cronica-semanal\/rumaniando-en-la-radio\/048-rumaniando-en-la-radio-id799623.html","url":"https:\/\/www.rri.ro\/es\/cronica-semanal\/rumaniando-en-la-radio\/048-rumaniando-en-la-radio-id799623.html","name":"048 Rumaniando en la Radio - Radio Ruman\u00eda Internacional","isPartOf":{"@id":"https:\/\/www.rri.ro\/#website"},"primaryImageOfPage":{"@id":"https:\/\/www.rri.ro\/es\/cronica-semanal\/rumaniando-en-la-radio\/048-rumaniando-en-la-radio-id799623.html#primaryimage"},"image":{"@id":"https:\/\/www.rri.ro\/es\/cronica-semanal\/rumaniando-en-la-radio\/048-rumaniando-en-la-radio-id799623.html#primaryimage"},"thumbnailUrl":"https:\/\/www.rri.ro\/wp-content\/uploads\/2023\/10\/rumaniando-en-la-radio.jpg","datePublished":"2024-08-21T12:53:29+00:00","dateModified":"2025-09-04T16:38:45+00:00","author":{"@id":"https:\/\/www.rri.ro\/#\/schema\/person\/42648fab0d4c496576143af628fee3bb"},"breadcrumb":{"@id":"https:\/\/www.rri.ro\/es\/cronica-semanal\/rumaniando-en-la-radio\/048-rumaniando-en-la-radio-id799623.html#breadcrumb"},"inLanguage":"es","potentialAction":[{"@type":"ReadAction","target":["https:\/\/www.rri.ro\/es\/cronica-semanal\/rumaniando-en-la-radio\/048-rumaniando-en-la-radio-id799623.html"]}]},{"@type":"ImageObject","inLanguage":"es","@id":"https:\/\/www.rri.ro\/es\/cronica-semanal\/rumaniando-en-la-radio\/048-rumaniando-en-la-radio-id799623.html#primaryimage","url":"https:\/\/www.rri.ro\/wp-content\/uploads\/2023\/10\/rumaniando-en-la-radio.jpg","contentUrl":"https:\/\/www.rri.ro\/wp-content\/uploads\/2023\/10\/rumaniando-en-la-radio.jpg","width":640,"height":401},{"@type":"BreadcrumbList","@id":"https:\/\/www.rri.ro\/es\/cronica-semanal\/rumaniando-en-la-radio\/048-rumaniando-en-la-radio-id799623.html#breadcrumb","itemListElement":[{"@type":"ListItem","position":1,"name":"P\u00e1gina de inicio","item":"https:\/\/www.rri.ro\/es"},{"@type":"ListItem","position":2,"name":"Cr\u00f3nica semanal","item":"https:\/\/www.rri.ro\/es\/cronica-semanal"},{"@type":"ListItem","position":3,"name":"Rumaniando en la Radio","item":"https:\/\/www.rri.ro\/es\/cronica-semanal\/rumaniando-en-la-radio"},{"@type":"ListItem","position":4,"name":"048 Rumaniando en la Radio"}]},{"@type":"WebSite","@id":"https:\/\/www.rri.ro\/#website","url":"https:\/\/www.rri.ro\/","name":"Radio Ruman\u00eda Internacional","description":"Totul despre Rom\u00e2nia \u015fi rom\u00e2ni, \u00een 13 limbi\/dialecte!","inLanguage":"es"},{"@type":"Person","@id":"https:\/\/www.rri.ro\/#\/schema\/person\/42648fab0d4c496576143af628fee3bb","name":"Antonio Madrid","sameAs":["www.linkedin.com\/in\/antoniojmadridi"],"url":"https:\/\/www.rri.ro\/es\/author\/antonio-madrid"}]}},"_links":{"self":[{"href":"https:\/\/www.rri.ro\/es\/wp-json\/wp\/v2\/posts\/799623","targetHints":{"allow":["GET"]}}],"collection":[{"href":"https:\/\/www.rri.ro\/es\/wp-json\/wp\/v2\/posts"}],"about":[{"href":"https:\/\/www.rri.ro\/es\/wp-json\/wp\/v2\/types\/post"}],"author":[{"embeddable":true,"href":"https:\/\/www.rri.ro\/es\/wp-json\/wp\/v2\/users\/99"}],"replies":[{"embeddable":true,"href":"https:\/\/www.rri.ro\/es\/wp-json\/wp\/v2\/comments?post=799623"}],"version-history":[{"count":0,"href":"https:\/\/www.rri.ro\/es\/wp-json\/wp\/v2\/posts\/799623\/revisions"}],"wp:featuredmedia":[{"embeddable":true,"href":"https:\/\/www.rri.ro\/es\/wp-json\/wp\/v2\/media\/562387"}],"wp:attachment":[{"href":"https:\/\/www.rri.ro\/es\/wp-json\/wp\/v2\/media?parent=799623"}],"wp:term":[{"taxonomy":"category","embeddable":true,"href":"https:\/\/www.rri.ro\/es\/wp-json\/wp\/v2\/categories?post=799623"},{"taxonomy":"post_tag","embeddable":true,"href":"https:\/\/www.rri.ro\/es\/wp-json\/wp\/v2\/tags?post=799623"},{"taxonomy":"author","embeddable":true,"href":"https:\/\/www.rri.ro\/es\/wp-json\/wp\/v2\/coauthors?post=799623"}],"curies":[{"name":"wp","href":"https:\/\/api.w.org\/{rel}","templated":true}]}}