{"id":805243,"date":"2024-09-10T11:49:06","date_gmt":"2024-09-10T08:49:06","guid":{"rendered":"https:\/\/www.rri.ro\/?p=805243"},"modified":"2024-09-10T11:49:06","modified_gmt":"2024-09-10T08:49:06","slug":"reunion-de-teatros-nacionales-en-chisinau","status":"publish","type":"post","link":"https:\/\/www.rri.ro\/es\/actualidad\/tema-del-dia\/reunion-de-teatros-nacionales-en-chisinau-id805243.html","title":{"rendered":"Reuni\u00f3n de teatros nacionales en Chisin\u00e1u"},"content":{"rendered":"<p>Los teatros nacionales rumanos se re\u00fanen en Chisin\u00e1u, en la Rep\u00fablica de Moldavia, con motivo de la 9\u00aa edici\u00f3n del mayor festival europeo de artes esc\u00e9nicas. El evento, organizado por el Teatro Nacional Mihai Eminescu de la capital moldava en colaboraci\u00f3n con el Instituto Cultural Rumano de la orilla izquierda del Prut y los Ministerios de Cultura de Ruman\u00eda y Moldavia, se celebra desde hoy hasta el 22 de septiembre.<\/p>\n<p>Por cuarto a\u00f1o consecutivo, el acto se organiza bajo el patrocinio de los presidentes de Ruman\u00eda y Moldavia, Klaus Iohannis y Maia Sandu, y la edici\u00f3n de este a\u00f1o lleva por lema \u00abConexiones Europeas\u00bb.<\/p>\n<p>A lo largo de 13 d\u00edas, el p\u00fablico de Chisinau disfrutar\u00e1 de 27 representaciones en sala y al aire libre, 8 audiciones radiof\u00f3nicas y 6 estrenos. Tambi\u00e9n habr\u00e1 10 presentaciones de libros y encuentros con personalidades de la cultura y el teatro, como Emil Boroghin\u0103, Ludmila Patlanjoglu, Matei Vi\u0219niec, Ana Blandiana, Aura Corbeanu, Ion Bogdan Lefter, Maria Z\u0103rnescu, Oana Bor\u0219 y muchos otros.<\/p>\n<p>Ruman\u00eda est\u00e1 representada por el Teatro Nacional \u00abI. L. Caragiale\u00bb de Bucarest, el Teatro Nacional \u00abVasile Alecsandri\u00bb de Ia\u0219i, el Teatro Nacional \u00abRadu Stanca\u00bb de Sibiu, el Teatro Nacional \u00abMarin Sorescu\u00bb de Craiova, el Teatro Nacional \u00abLucian Blaga\u00bb de Cluj-Napoca, el Teatro Nacional de Targu-Mures, el Teatro Estatal de Constanza, el Teatro \u00abMatei Vi\u0219niec\u00bb de Suceava, el Teatro de la Radio Nacional y la Compa\u00f1\u00eda de Danza \u00abGigi C\u0103ciuleanu\u00bb Romania Dance Company.<\/p>\n<p>Por otro lado, los anfitriones ponen en primer plano 8 instituciones teatrales: el Teatro Nacional \u00abMihai Eminescu\u00bb, el Teatro Republicano \u00abLuceaf\u0103rul\u00bb, el Teatro Nacional \u00abVasile Alecsandri\u00bb de Balti, el Teatro Nacional \u00abEug\u00e8ne Ionesco\u00bb, el Teatro \u00abB. P. Ha\u0219deu\u00bb de Cahul, el Teatro Nacional Satiricus \u00abI.L. Caragiale\u00bb, el Teatro \u00abAlexie Mateevici\u00bb y el Teatro Sin Nombre &#8211; Centro Ginta Latina. El invitado de honor del festival es el Teatro Dram\u00e1tico Nacional \u00abIvan Franko\u00bb de Kiev.<\/p>\n<p>El Encuentro de Teatros Nacionales Rumanos se organiz\u00f3 por primera vez en 2015 y se inspir\u00f3 en el proyecto \u00abTeatro rumano Bucarest &#8211; Ia\u0219i \u2013 Chisin\u00e1u\u00bb, puesto en marcha un a\u00f1o antes por los dos directores de los Teatros Nacionales de Bucarest y Chisinau, el gran actor Ion Caramitru y el director Petru Had\u00e2rc\u0103, respectivamente.<\/p>\n<p>El proyecto se concibi\u00f3 como un flujo masivo de representaciones de Occidente a Chisinau para ofrecer modelos alternativos a la avalancha de mensajes y narrativas propagand\u00edsticas rusas que dominaban el espacio p\u00fablico y medi\u00e1tico en aquel momento, proporcionar a los ciudadanos moldavos puntos de referencia democr\u00e1ticos y anclarlos en el mundo libre.<\/p>\n<p>Versi\u00f3n en espa\u00f1ol: Antonio Madrid<\/p>\n","protected":false},"excerpt":{"rendered":"<p>Los teatros nacionales rumanos se re\u00fanen en Chisin\u00e1u, en la Rep\u00fablica de Moldavia, con motivo de la 9\u00aa edici\u00f3n del mayor festival europeo de artes esc\u00e9nicas. El evento, organizado por el Teatro Nacional Mihai Eminescu de la capital moldava en colaboraci\u00f3n con el Instituto Cultural Rumano de la orilla izquierda del Prut y los Ministerios [&hellip;]<\/p>\n","protected":false},"author":118,"featured_media":805161,"comment_status":"closed","ping_status":"closed","sticky":false,"template":"","format":"standard","meta":{"_acf_changed":false,"footnotes":""},"categories":[49231],"tags":[154291,154306,154307,143824,154293,154304,154303,49273,154308,154311,143641,154282,142565,154309,154305,154284,154310,154312,48965,154285,154300,154298,154292,154302,154290,154297,154286,154289,154288,154294,112196,154296,154287,112232,154299,154295,154301,154283],"coauthors":[113323],"class_list":["post-805243","post","type-post","status-publish","format-standard","has-post-thumbnail","hentry","category-tema-del-dia","tag-teatro-matei-visniec-de-suceava","tag-ana-blandiana-es","tag-aura-corbeanu-es","tag-chisinau-es","tag-compania-de-danza-gigi-caciuleanu-romania-dance-company","tag-emil-boroghina-es","tag-encuentro-de-teatros-nacionales-rumanos","tag-instituto-cultural-rumano","tag-ion-bogdan-lefter-es","tag-ion-caramitru-es","tag-klaus-iohannis-es","tag-ludmila-patlanjoglu","tag-maia-sandu-es","tag-maria-zarnescu-es","tag-matei-visniec-es","tag-ministerios-de-cultura-de-rumania","tag-oana-bors-es","tag-petru-hadarca-es","tag-republica-de-moldavia","tag-rumania-y-moldavia","tag-teatro-alexie-mateevici","tag-teatro-b-p-hasdeu-de-cahul","tag-teatro-de-la-radio-nacional","tag-teatro-dramatico-nacional-ivan-franko-de-kiev","tag-teatro-estatal-de-constanza","tag-teatro-nacional-eugene-ionesco","tag-teatro-nacional-i-l-caragiale-de-bucarest","tag-teatro-nacional-lucian-blaga-de-cluj-napoca","tag-teatro-nacional-marin-sorescu-de-craiova","tag-teatro-nacional-mihai-eminescu","tag-teatro-nacional-radu-stanca-de-sibiu","tag-teatro-nacional-vasile-alecsandri-de-balti","tag-teatro-nacional-vasile-alecsandri-de-iasi","tag-teatro-nacional-de-targu-mures","tag-teatro-nacional-satiricus-i-l-caragiale","tag-teatro-republicano-luceafarul","tag-teatro-sin-nombre-centro-ginta-latina","tag-teatros-nacionales-rumanos"],"acf":[],"yoast_head":"<!-- This site is optimized with the Yoast SEO plugin v27.5 - https:\/\/yoast.com\/product\/yoast-seo-wordpress\/ -->\n<title>Reuni\u00f3n de teatros nacionales en Chisin\u00e1u - Radio Ruman\u00eda Internacional<\/title>\n<meta name=\"robots\" content=\"index, follow, max-snippet:-1, max-image-preview:large, max-video-preview:-1\" \/>\n<link rel=\"canonical\" href=\"https:\/\/www.rri.ro\/es\/actualidad\/tema-del-dia\/reunion-de-teatros-nacionales-en-chisinau-id805243.html\" \/>\n<meta property=\"og:locale\" content=\"es_ES\" \/>\n<meta property=\"og:type\" content=\"article\" \/>\n<meta property=\"og:title\" content=\"Reuni\u00f3n de teatros nacionales en Chisin\u00e1u - Radio Ruman\u00eda Internacional\" \/>\n<meta property=\"og:description\" content=\"Los teatros nacionales rumanos se re\u00fanen en Chisin\u00e1u, en la Rep\u00fablica de Moldavia, con motivo de la 9\u00aa edici\u00f3n del mayor festival europeo de artes esc\u00e9nicas. El evento, organizado por el Teatro Nacional Mihai Eminescu de la capital moldava en colaboraci\u00f3n con el Instituto Cultural Rumano de la orilla izquierda del Prut y los Ministerios [&hellip;]\" \/>\n<meta property=\"og:url\" content=\"https:\/\/www.rri.ro\/es\/actualidad\/tema-del-dia\/reunion-de-teatros-nacionales-en-chisinau-id805243.html\" \/>\n<meta property=\"og:site_name\" content=\"Radio Ruman\u00eda Internacional\" \/>\n<meta property=\"article:published_time\" content=\"2024-09-10T08:49:06+00:00\" \/>\n<meta property=\"og:image\" content=\"https:\/\/www.rri.ro\/wp-content\/uploads\/2024\/09\/reuniunea-teatrelor-nationale-2024-visual.jpg\" \/>\n\t<meta property=\"og:image:width\" content=\"1200\" \/>\n\t<meta property=\"og:image:height\" content=\"691\" \/>\n\t<meta property=\"og:image:type\" content=\"image\/jpeg\" \/>\n<meta name=\"author\" content=\"Sorin Iordan\" \/>\n<meta name=\"twitter:card\" content=\"summary_large_image\" \/>\n<meta name=\"twitter:label1\" content=\"Escrito por\" \/>\n\t<meta name=\"twitter:data1\" content=\"Sorin Iordan\" \/>\n\t<meta name=\"twitter:label2\" content=\"Tiempo de lectura\" \/>\n\t<meta name=\"twitter:data2\" content=\"2 minutos\" \/>\n\t<meta name=\"twitter:label3\" content=\"Written by\" \/>\n\t<meta name=\"twitter:data3\" content=\"Sorin Iordan\" \/>\n<script type=\"application\/ld+json\" class=\"yoast-schema-graph\">{\"@context\":\"https:\\\/\\\/schema.org\",\"@graph\":[{\"@type\":\"Article\",\"@id\":\"https:\\\/\\\/www.rri.ro\\\/es\\\/actualidad\\\/tema-del-dia\\\/reunion-de-teatros-nacionales-en-chisinau-id805243.html#article\",\"isPartOf\":{\"@id\":\"https:\\\/\\\/www.rri.ro\\\/es\\\/actualidad\\\/tema-del-dia\\\/reunion-de-teatros-nacionales-en-chisinau-id805243.html\"},\"author\":{\"name\":\"Sorin Iordan\",\"@id\":\"https:\\\/\\\/www.rri.ro\\\/#\\\/schema\\\/person\\\/4f66d7193567114976ed046851bb8dc3\"},\"headline\":\"Reuni\u00f3n de teatros nacionales en Chisin\u00e1u\",\"datePublished\":\"2024-09-10T08:49:06+00:00\",\"mainEntityOfPage\":{\"@id\":\"https:\\\/\\\/www.rri.ro\\\/es\\\/actualidad\\\/tema-del-dia\\\/reunion-de-teatros-nacionales-en-chisinau-id805243.html\"},\"wordCount\":460,\"image\":{\"@id\":\"https:\\\/\\\/www.rri.ro\\\/es\\\/actualidad\\\/tema-del-dia\\\/reunion-de-teatros-nacionales-en-chisinau-id805243.html#primaryimage\"},\"thumbnailUrl\":\"https:\\\/\\\/www.rri.ro\\\/wp-content\\\/uploads\\\/2024\\\/09\\\/reuniunea-teatrelor-nationale-2024-visual.jpg\",\"keywords\":[\".Teatro \u00abMatei Vi\u0219niec\u00bb de Suceava\",\"Ana Blandiana\",\"Aura Corbeanu\",\"chisinau\",\"Compa\u00f1\u00eda de Danza \u00abGigi C\u0103ciuleanu\u00bb Romania Dance Company\",\"Emil Boroghina\",\"Encuentro de Teatros Nacionales Rumanos\",\"Instituto Cultural Rumano\",\"Ion Bogdan Lefter\",\"Ion Caramitru\",\"Klaus Iohannis\",\"Ludmila Patlanjoglu\",\"Maia Sandu\",\"Maria Zarnescu\",\"Matei Visniec\",\"Ministerios de Cultura de Ruman\u00eda\",\"Oana Bors\",\"Petru Had\u00e2rc\u0103\",\"Rep\u00fablica de Moldavia\",\"Ruman\u00eda y Moldavia\",\"Teatro \u00abAlexie Mateevici\u00bb\",\"Teatro \u00abB. P. Ha\u0219deu\u00bb de Cahul\",\"Teatro de la Radio Nacional\",\"Teatro Dram\u00e1tico Nacional \u00abIvan Franko\u00bb de Kiev\",\"Teatro Estatal de Constanza\",\"Teatro Nacional \u00abEug\u00e8ne Ionesco\u00bb\",\"Teatro Nacional \u00abI. L. Caragiale\u00bb de Bucarest\",\"Teatro Nacional \u00abLucian Blaga\u00bb de Cluj-Napoca\",\"Teatro Nacional \u00abMarin Sorescu\u00bb de Craiova\",\"Teatro Nacional \u00abMihai Eminescu\u00bb\",\"Teatro Nacional \u00abRadu Stanca\u00bb de Sibiu\",\"Teatro Nacional \u00abVasile Alecsandri\u00bb de Balti\",\"Teatro Nacional \u00abVasile Alecsandri\u00bb de Ia\u0219i\",\"Teatro Nacional de T\u00e2rgu-Mure\u015f\",\"Teatro Nacional Satiricus \u00abI.L. Caragiale\u00bb\",\"Teatro Republicano \u00abLuceaf\u0103rul\u00bb\",\"Teatro Sin Nombre - Centro Ginta Latina\",\"teatros nacionales rumanos\"],\"articleSection\":[\"Tema del d\u00eda\"],\"inLanguage\":\"es\"},{\"@type\":\"WebPage\",\"@id\":\"https:\\\/\\\/www.rri.ro\\\/es\\\/actualidad\\\/tema-del-dia\\\/reunion-de-teatros-nacionales-en-chisinau-id805243.html\",\"url\":\"https:\\\/\\\/www.rri.ro\\\/es\\\/actualidad\\\/tema-del-dia\\\/reunion-de-teatros-nacionales-en-chisinau-id805243.html\",\"name\":\"Reuni\u00f3n de teatros nacionales en Chisin\u00e1u - Radio Ruman\u00eda Internacional\",\"isPartOf\":{\"@id\":\"https:\\\/\\\/www.rri.ro\\\/#website\"},\"primaryImageOfPage\":{\"@id\":\"https:\\\/\\\/www.rri.ro\\\/es\\\/actualidad\\\/tema-del-dia\\\/reunion-de-teatros-nacionales-en-chisinau-id805243.html#primaryimage\"},\"image\":{\"@id\":\"https:\\\/\\\/www.rri.ro\\\/es\\\/actualidad\\\/tema-del-dia\\\/reunion-de-teatros-nacionales-en-chisinau-id805243.html#primaryimage\"},\"thumbnailUrl\":\"https:\\\/\\\/www.rri.ro\\\/wp-content\\\/uploads\\\/2024\\\/09\\\/reuniunea-teatrelor-nationale-2024-visual.jpg\",\"datePublished\":\"2024-09-10T08:49:06+00:00\",\"author\":{\"@id\":\"https:\\\/\\\/www.rri.ro\\\/#\\\/schema\\\/person\\\/4f66d7193567114976ed046851bb8dc3\"},\"breadcrumb\":{\"@id\":\"https:\\\/\\\/www.rri.ro\\\/es\\\/actualidad\\\/tema-del-dia\\\/reunion-de-teatros-nacionales-en-chisinau-id805243.html#breadcrumb\"},\"inLanguage\":\"es\",\"potentialAction\":[{\"@type\":\"ReadAction\",\"target\":[\"https:\\\/\\\/www.rri.ro\\\/es\\\/actualidad\\\/tema-del-dia\\\/reunion-de-teatros-nacionales-en-chisinau-id805243.html\"]}]},{\"@type\":\"ImageObject\",\"inLanguage\":\"es\",\"@id\":\"https:\\\/\\\/www.rri.ro\\\/es\\\/actualidad\\\/tema-del-dia\\\/reunion-de-teatros-nacionales-en-chisinau-id805243.html#primaryimage\",\"url\":\"https:\\\/\\\/www.rri.ro\\\/wp-content\\\/uploads\\\/2024\\\/09\\\/reuniunea-teatrelor-nationale-2024-visual.jpg\",\"contentUrl\":\"https:\\\/\\\/www.rri.ro\\\/wp-content\\\/uploads\\\/2024\\\/09\\\/reuniunea-teatrelor-nationale-2024-visual.jpg\",\"width\":1200,\"height\":691,\"caption\":\"Reuniunea Teatrelor Na\u021bionale, la a noua edi\u021bie\"},{\"@type\":\"BreadcrumbList\",\"@id\":\"https:\\\/\\\/www.rri.ro\\\/es\\\/actualidad\\\/tema-del-dia\\\/reunion-de-teatros-nacionales-en-chisinau-id805243.html#breadcrumb\",\"itemListElement\":[{\"@type\":\"ListItem\",\"position\":1,\"name\":\"P\u00e1gina de inicio\",\"item\":\"https:\\\/\\\/www.rri.ro\\\/es\"},{\"@type\":\"ListItem\",\"position\":2,\"name\":\"Actualidad\",\"item\":\"https:\\\/\\\/www.rri.ro\\\/es\\\/actualidad\"},{\"@type\":\"ListItem\",\"position\":3,\"name\":\"Tema del d\u00eda\",\"item\":\"https:\\\/\\\/www.rri.ro\\\/es\\\/actualidad\\\/tema-del-dia\"},{\"@type\":\"ListItem\",\"position\":4,\"name\":\"Reuni\u00f3n de teatros nacionales en Chisin\u00e1u\"}]},{\"@type\":\"WebSite\",\"@id\":\"https:\\\/\\\/www.rri.ro\\\/#website\",\"url\":\"https:\\\/\\\/www.rri.ro\\\/\",\"name\":\"Radio Ruman\u00eda Internacional\",\"description\":\"Totul despre Rom\u00e2nia \u015fi rom\u00e2ni, \u00een 13 limbi\\\/dialecte!\",\"inLanguage\":\"es\"},{\"@type\":\"Person\",\"@id\":\"https:\\\/\\\/www.rri.ro\\\/#\\\/schema\\\/person\\\/4f66d7193567114976ed046851bb8dc3\",\"name\":\"Sorin Iordan\",\"url\":\"https:\\\/\\\/www.rri.ro\\\/es\\\/author\\\/sorin-iordan\"}]}<\/script>\n<!-- \/ Yoast SEO plugin. -->","yoast_head_json":{"title":"Reuni\u00f3n de teatros nacionales en Chisin\u00e1u - Radio Ruman\u00eda Internacional","robots":{"index":"index","follow":"follow","max-snippet":"max-snippet:-1","max-image-preview":"max-image-preview:large","max-video-preview":"max-video-preview:-1"},"canonical":"https:\/\/www.rri.ro\/es\/actualidad\/tema-del-dia\/reunion-de-teatros-nacionales-en-chisinau-id805243.html","og_locale":"es_ES","og_type":"article","og_title":"Reuni\u00f3n de teatros nacionales en Chisin\u00e1u - Radio Ruman\u00eda Internacional","og_description":"Los teatros nacionales rumanos se re\u00fanen en Chisin\u00e1u, en la Rep\u00fablica de Moldavia, con motivo de la 9\u00aa edici\u00f3n del mayor festival europeo de artes esc\u00e9nicas. El evento, organizado por el Teatro Nacional Mihai Eminescu de la capital moldava en colaboraci\u00f3n con el Instituto Cultural Rumano de la orilla izquierda del Prut y los Ministerios [&hellip;]","og_url":"https:\/\/www.rri.ro\/es\/actualidad\/tema-del-dia\/reunion-de-teatros-nacionales-en-chisinau-id805243.html","og_site_name":"Radio Ruman\u00eda Internacional","article_published_time":"2024-09-10T08:49:06+00:00","og_image":[{"width":1200,"height":691,"url":"https:\/\/www.rri.ro\/wp-content\/uploads\/2024\/09\/reuniunea-teatrelor-nationale-2024-visual.jpg","type":"image\/jpeg"}],"author":"Sorin Iordan","twitter_card":"summary_large_image","twitter_misc":{"Escrito por":"Sorin Iordan","Tiempo de lectura":"2 minutos","Written by":"Sorin Iordan"},"schema":{"@context":"https:\/\/schema.org","@graph":[{"@type":"Article","@id":"https:\/\/www.rri.ro\/es\/actualidad\/tema-del-dia\/reunion-de-teatros-nacionales-en-chisinau-id805243.html#article","isPartOf":{"@id":"https:\/\/www.rri.ro\/es\/actualidad\/tema-del-dia\/reunion-de-teatros-nacionales-en-chisinau-id805243.html"},"author":{"name":"Sorin Iordan","@id":"https:\/\/www.rri.ro\/#\/schema\/person\/4f66d7193567114976ed046851bb8dc3"},"headline":"Reuni\u00f3n de teatros nacionales en Chisin\u00e1u","datePublished":"2024-09-10T08:49:06+00:00","mainEntityOfPage":{"@id":"https:\/\/www.rri.ro\/es\/actualidad\/tema-del-dia\/reunion-de-teatros-nacionales-en-chisinau-id805243.html"},"wordCount":460,"image":{"@id":"https:\/\/www.rri.ro\/es\/actualidad\/tema-del-dia\/reunion-de-teatros-nacionales-en-chisinau-id805243.html#primaryimage"},"thumbnailUrl":"https:\/\/www.rri.ro\/wp-content\/uploads\/2024\/09\/reuniunea-teatrelor-nationale-2024-visual.jpg","keywords":[".Teatro \u00abMatei Vi\u0219niec\u00bb de Suceava","Ana Blandiana","Aura Corbeanu","chisinau","Compa\u00f1\u00eda de Danza \u00abGigi C\u0103ciuleanu\u00bb Romania Dance Company","Emil Boroghina","Encuentro de Teatros Nacionales Rumanos","Instituto Cultural Rumano","Ion Bogdan Lefter","Ion Caramitru","Klaus Iohannis","Ludmila Patlanjoglu","Maia Sandu","Maria Zarnescu","Matei Visniec","Ministerios de Cultura de Ruman\u00eda","Oana Bors","Petru Had\u00e2rc\u0103","Rep\u00fablica de Moldavia","Ruman\u00eda y Moldavia","Teatro \u00abAlexie Mateevici\u00bb","Teatro \u00abB. P. Ha\u0219deu\u00bb de Cahul","Teatro de la Radio Nacional","Teatro Dram\u00e1tico Nacional \u00abIvan Franko\u00bb de Kiev","Teatro Estatal de Constanza","Teatro Nacional \u00abEug\u00e8ne Ionesco\u00bb","Teatro Nacional \u00abI. L. Caragiale\u00bb de Bucarest","Teatro Nacional \u00abLucian Blaga\u00bb de Cluj-Napoca","Teatro Nacional \u00abMarin Sorescu\u00bb de Craiova","Teatro Nacional \u00abMihai Eminescu\u00bb","Teatro Nacional \u00abRadu Stanca\u00bb de Sibiu","Teatro Nacional \u00abVasile Alecsandri\u00bb de Balti","Teatro Nacional \u00abVasile Alecsandri\u00bb de Ia\u0219i","Teatro Nacional de T\u00e2rgu-Mure\u015f","Teatro Nacional Satiricus \u00abI.L. Caragiale\u00bb","Teatro Republicano \u00abLuceaf\u0103rul\u00bb","Teatro Sin Nombre - Centro Ginta Latina","teatros nacionales rumanos"],"articleSection":["Tema del d\u00eda"],"inLanguage":"es"},{"@type":"WebPage","@id":"https:\/\/www.rri.ro\/es\/actualidad\/tema-del-dia\/reunion-de-teatros-nacionales-en-chisinau-id805243.html","url":"https:\/\/www.rri.ro\/es\/actualidad\/tema-del-dia\/reunion-de-teatros-nacionales-en-chisinau-id805243.html","name":"Reuni\u00f3n de teatros nacionales en Chisin\u00e1u - Radio Ruman\u00eda Internacional","isPartOf":{"@id":"https:\/\/www.rri.ro\/#website"},"primaryImageOfPage":{"@id":"https:\/\/www.rri.ro\/es\/actualidad\/tema-del-dia\/reunion-de-teatros-nacionales-en-chisinau-id805243.html#primaryimage"},"image":{"@id":"https:\/\/www.rri.ro\/es\/actualidad\/tema-del-dia\/reunion-de-teatros-nacionales-en-chisinau-id805243.html#primaryimage"},"thumbnailUrl":"https:\/\/www.rri.ro\/wp-content\/uploads\/2024\/09\/reuniunea-teatrelor-nationale-2024-visual.jpg","datePublished":"2024-09-10T08:49:06+00:00","author":{"@id":"https:\/\/www.rri.ro\/#\/schema\/person\/4f66d7193567114976ed046851bb8dc3"},"breadcrumb":{"@id":"https:\/\/www.rri.ro\/es\/actualidad\/tema-del-dia\/reunion-de-teatros-nacionales-en-chisinau-id805243.html#breadcrumb"},"inLanguage":"es","potentialAction":[{"@type":"ReadAction","target":["https:\/\/www.rri.ro\/es\/actualidad\/tema-del-dia\/reunion-de-teatros-nacionales-en-chisinau-id805243.html"]}]},{"@type":"ImageObject","inLanguage":"es","@id":"https:\/\/www.rri.ro\/es\/actualidad\/tema-del-dia\/reunion-de-teatros-nacionales-en-chisinau-id805243.html#primaryimage","url":"https:\/\/www.rri.ro\/wp-content\/uploads\/2024\/09\/reuniunea-teatrelor-nationale-2024-visual.jpg","contentUrl":"https:\/\/www.rri.ro\/wp-content\/uploads\/2024\/09\/reuniunea-teatrelor-nationale-2024-visual.jpg","width":1200,"height":691,"caption":"Reuniunea Teatrelor Na\u021bionale, la a noua edi\u021bie"},{"@type":"BreadcrumbList","@id":"https:\/\/www.rri.ro\/es\/actualidad\/tema-del-dia\/reunion-de-teatros-nacionales-en-chisinau-id805243.html#breadcrumb","itemListElement":[{"@type":"ListItem","position":1,"name":"P\u00e1gina de inicio","item":"https:\/\/www.rri.ro\/es"},{"@type":"ListItem","position":2,"name":"Actualidad","item":"https:\/\/www.rri.ro\/es\/actualidad"},{"@type":"ListItem","position":3,"name":"Tema del d\u00eda","item":"https:\/\/www.rri.ro\/es\/actualidad\/tema-del-dia"},{"@type":"ListItem","position":4,"name":"Reuni\u00f3n de teatros nacionales en Chisin\u00e1u"}]},{"@type":"WebSite","@id":"https:\/\/www.rri.ro\/#website","url":"https:\/\/www.rri.ro\/","name":"Radio Ruman\u00eda Internacional","description":"Totul despre Rom\u00e2nia \u015fi rom\u00e2ni, \u00een 13 limbi\/dialecte!","inLanguage":"es"},{"@type":"Person","@id":"https:\/\/www.rri.ro\/#\/schema\/person\/4f66d7193567114976ed046851bb8dc3","name":"Sorin Iordan","url":"https:\/\/www.rri.ro\/es\/author\/sorin-iordan"}]}},"_links":{"self":[{"href":"https:\/\/www.rri.ro\/es\/wp-json\/wp\/v2\/posts\/805243","targetHints":{"allow":["GET"]}}],"collection":[{"href":"https:\/\/www.rri.ro\/es\/wp-json\/wp\/v2\/posts"}],"about":[{"href":"https:\/\/www.rri.ro\/es\/wp-json\/wp\/v2\/types\/post"}],"author":[{"embeddable":true,"href":"https:\/\/www.rri.ro\/es\/wp-json\/wp\/v2\/users\/118"}],"replies":[{"embeddable":true,"href":"https:\/\/www.rri.ro\/es\/wp-json\/wp\/v2\/comments?post=805243"}],"version-history":[{"count":0,"href":"https:\/\/www.rri.ro\/es\/wp-json\/wp\/v2\/posts\/805243\/revisions"}],"wp:featuredmedia":[{"embeddable":true,"href":"https:\/\/www.rri.ro\/es\/wp-json\/wp\/v2\/media\/805161"}],"wp:attachment":[{"href":"https:\/\/www.rri.ro\/es\/wp-json\/wp\/v2\/media?parent=805243"}],"wp:term":[{"taxonomy":"category","embeddable":true,"href":"https:\/\/www.rri.ro\/es\/wp-json\/wp\/v2\/categories?post=805243"},{"taxonomy":"post_tag","embeddable":true,"href":"https:\/\/www.rri.ro\/es\/wp-json\/wp\/v2\/tags?post=805243"},{"taxonomy":"author","embeddable":true,"href":"https:\/\/www.rri.ro\/es\/wp-json\/wp\/v2\/coauthors?post=805243"}],"curies":[{"name":"wp","href":"https:\/\/api.w.org\/{rel}","templated":true}]}}