{"id":816032,"date":"2024-10-10T11:33:29","date_gmt":"2024-10-10T08:33:29","guid":{"rendered":"https:\/\/www.rri.ro\/?p=816032"},"modified":"2024-10-10T11:33:29","modified_gmt":"2024-10-10T08:33:29","slug":"apoyo-de-la-ue-a-la-republica-de-moldavia","status":"publish","type":"post","link":"https:\/\/www.rri.ro\/es\/actualidad\/en-portada\/apoyo-de-la-ue-a-la-republica-de-moldavia-id816032.html","title":{"rendered":"Apoyo de la UE a la Rep\u00fablica de Moldavia"},"content":{"rendered":"<p>Reunidos en sesi\u00f3n plenaria el mi\u00e9rcoles en Estrasburgo, los eurodiputados adoptaron una resoluci\u00f3n en la que advierten en\u00e9rgicamente contra los continuos intentos de Rusia de desviar a la Rep\u00fablica de Moldavia de su trayectoria europea. El documento condena en\u00e9rgicamente las actividades maliciosas, la intromisi\u00f3n y las operaciones h\u00edbridas de Mosc\u00fa, que se han vuelto m\u00e1s agresivas a medida que se acercan las elecciones presidenciales y el refer\u00e9ndum constitucional sobre la especificaci\u00f3n de la adhesi\u00f3n de la Rep\u00fablica de Moldavia a la UE como \u00abobjetivo estrat\u00e9gico\u00bb en la Constituci\u00f3n, el 20 de octubre.<\/p>\n<p>Los eurodiputados destacan el papel desempe\u00f1ado por los actores  y los oligarcas prorrusos, as\u00ed como por el grupo medi\u00e1tico Russia Today, financiado por el Estado ruso, en la manipulaci\u00f3n de los votos y las ciberacciones, y piden a los Estados miembros de la UE que garanticen que Moldavia recibe toda la ayuda necesaria para reforzar sus instituciones y hacer frente a las amenazas h\u00edbridas. Seg\u00fan los eurodiputados, el Servicio de Seguridad e Inteligencia moldavo ha declarado recientemente que Rusia ha invertido unos 100 millones de euros para socavar el proceso electoral con el fin de persuadir a los moldavos de que voten en contra de la adhesi\u00f3n a la UE.<\/p>\n<p>El 3 de octubre de 2024, las autoridades moldavas descubrieron un esquema de fraude electoral a gran escala financiado por el oligarca fugitivo Ilan \u015eor, que transfiri\u00f3 15 millones de d\u00f3lares a 130.000 moldavos como parte de una operaci\u00f3n de soborno electoral, seg\u00fan el comunicado de prensa del Parlamento Europeo. Condenando estas acciones, el legislativo europeo pide a Mosc\u00fa que respete la independencia, la soberan\u00eda y la integridad territorial de la Rep\u00fablica de Moldavia, que ponga fin a las provocaciones y a los intentos de desestabilizar el pa\u00eds y de socavar el orden constitucional y las instituciones democr\u00e1ticas.<\/p>\n<p>Tambi\u00e9n deber\u00eda retirar sus fuerzas militares del pa\u00eds, tropas desplegadas con el pretexto de la paz desde 1992, tras la guerra de secesi\u00f3n de la regi\u00f3n separatista de Transnistria. Al mismo tiempo, los eurodiputados piden a la Comisi\u00f3n Europea que incluya a la Rep\u00fablica de Moldavia en el Instrumento de Ayuda de Preadhesi\u00f3n y que d\u00e9 prioridad a la financiaci\u00f3n de los pa\u00edses candidatos en el pr\u00f3ximo marco financiero plurianual para el per\u00edodo 2028-2034. Para aumentar la resiliencia de Moldavia frente a las amenazas h\u00edbridas, el Parlamento Europeo insta a la Uni\u00f3n Europea a seguir cooperando en \u00e1mbitos como la comunicaci\u00f3n estrat\u00e9gica, el apoyo a los periodistas y a la sociedad civil, y la promoci\u00f3n de contenidos independientes de los medios de comunicaci\u00f3n en lengua rusa.<\/p>\n<p>Versi\u00f3n en espa\u00f1ol: Monica Tar\u0103u<\/p>\n","protected":false},"excerpt":{"rendered":"<p>Reunidos en sesi\u00f3n plenaria el mi\u00e9rcoles en Estrasburgo, los eurodiputados adoptaron una resoluci\u00f3n en la que advierten en\u00e9rgicamente contra los continuos intentos de Rusia de desviar a la Rep\u00fablica de Moldavia de su trayectoria europea. El documento condena en\u00e9rgicamente las actividades maliciosas, la intromisi\u00f3n y las operaciones h\u00edbridas de Mosc\u00fa, que se han vuelto m\u00e1s [&hellip;]<\/p>\n","protected":false},"author":108,"featured_media":791105,"comment_status":"closed","ping_status":"closed","sticky":false,"template":"","format":"standard","meta":{"_acf_changed":false,"footnotes":""},"categories":[23],"tags":[156283,156282,143824,48965,48949],"coauthors":[113249],"class_list":["post-816032","post","type-post","status-publish","format-standard","has-post-thumbnail","hentry","category-en-portada","tag-apoyo-a-la-republica-de-moldavia","tag-apoyo-de-la-ue","tag-chisinau-es","tag-republica-de-moldavia","tag-rumania"],"acf":[],"yoast_head":"<!-- This site is optimized with the Yoast SEO plugin v27.3 - https:\/\/yoast.com\/product\/yoast-seo-wordpress\/ -->\n<title>Apoyo de la UE a la Rep\u00fablica de Moldavia - Radio Ruman\u00eda Internacional<\/title>\n<meta name=\"robots\" content=\"index, follow, max-snippet:-1, max-image-preview:large, max-video-preview:-1\" \/>\n<link rel=\"canonical\" href=\"https:\/\/www.rri.ro\/es\/actualidad\/en-portada\/apoyo-de-la-ue-a-la-republica-de-moldavia-id816032.html\" \/>\n<meta property=\"og:locale\" content=\"es_ES\" \/>\n<meta property=\"og:type\" content=\"article\" \/>\n<meta property=\"og:title\" content=\"Apoyo de la UE a la Rep\u00fablica de Moldavia - Radio Ruman\u00eda Internacional\" \/>\n<meta property=\"og:description\" content=\"Reunidos en sesi\u00f3n plenaria el mi\u00e9rcoles en Estrasburgo, los eurodiputados adoptaron una resoluci\u00f3n en la que advierten en\u00e9rgicamente contra los continuos intentos de Rusia de desviar a la Rep\u00fablica de Moldavia de su trayectoria europea. El documento condena en\u00e9rgicamente las actividades maliciosas, la intromisi\u00f3n y las operaciones h\u00edbridas de Mosc\u00fa, que se han vuelto m\u00e1s [&hellip;]\" \/>\n<meta property=\"og:url\" content=\"https:\/\/www.rri.ro\/es\/actualidad\/en-portada\/apoyo-de-la-ue-a-la-republica-de-moldavia-id816032.html\" \/>\n<meta property=\"og:site_name\" content=\"Radio Ruman\u00eda Internacional\" \/>\n<meta property=\"article:published_time\" content=\"2024-10-10T08:33:29+00:00\" \/>\n<meta property=\"og:image\" content=\"https:\/\/www.rri.ro\/wp-content\/uploads\/2024\/07\/alegeri-Parlamentul-European-Metsola-foto-EP-16x9-1.jpg\" \/>\n\t<meta property=\"og:image:width\" content=\"1200\" \/>\n\t<meta property=\"og:image:height\" content=\"676\" \/>\n\t<meta property=\"og:image:type\" content=\"image\/jpeg\" \/>\n<meta name=\"author\" content=\"Corina Cristea\" \/>\n<meta name=\"twitter:card\" content=\"summary_large_image\" \/>\n<meta name=\"twitter:label1\" content=\"Escrito por\" \/>\n\t<meta name=\"twitter:data1\" content=\"Corina Cristea\" \/>\n\t<meta name=\"twitter:label2\" content=\"Tiempo de lectura\" \/>\n\t<meta name=\"twitter:data2\" content=\"2 minutos\" \/>\n\t<meta name=\"twitter:label3\" content=\"Written by\" \/>\n\t<meta name=\"twitter:data3\" content=\"Corina Cristea\" \/>\n<script type=\"application\/ld+json\" class=\"yoast-schema-graph\">{\"@context\":\"https:\\\/\\\/schema.org\",\"@graph\":[{\"@type\":\"Article\",\"@id\":\"https:\\\/\\\/www.rri.ro\\\/es\\\/actualidad\\\/en-portada\\\/apoyo-de-la-ue-a-la-republica-de-moldavia-id816032.html#article\",\"isPartOf\":{\"@id\":\"https:\\\/\\\/www.rri.ro\\\/es\\\/actualidad\\\/en-portada\\\/apoyo-de-la-ue-a-la-republica-de-moldavia-id816032.html\"},\"author\":{\"name\":\"Corina Cristea\",\"@id\":\"https:\\\/\\\/www.rri.ro\\\/#\\\/schema\\\/person\\\/f9ab1cb3569dee1b2c033a814bb7f0fc\"},\"headline\":\"Apoyo de la UE a la Rep\u00fablica de Moldavia\",\"datePublished\":\"2024-10-10T08:33:29+00:00\",\"mainEntityOfPage\":{\"@id\":\"https:\\\/\\\/www.rri.ro\\\/es\\\/actualidad\\\/en-portada\\\/apoyo-de-la-ue-a-la-republica-de-moldavia-id816032.html\"},\"wordCount\":483,\"image\":{\"@id\":\"https:\\\/\\\/www.rri.ro\\\/es\\\/actualidad\\\/en-portada\\\/apoyo-de-la-ue-a-la-republica-de-moldavia-id816032.html#primaryimage\"},\"thumbnailUrl\":\"https:\\\/\\\/www.rri.ro\\\/wp-content\\\/uploads\\\/2024\\\/07\\\/alegeri-Parlamentul-European-Metsola-foto-EP-16x9-1.jpg\",\"keywords\":[\"apoyo a la Rep\u00fablica de Moldavia\",\"apoyo de la UE\",\"chisinau\",\"Rep\u00fablica de Moldavia\",\"Rumania\"],\"articleSection\":[\"En portada\"],\"inLanguage\":\"es\"},{\"@type\":\"WebPage\",\"@id\":\"https:\\\/\\\/www.rri.ro\\\/es\\\/actualidad\\\/en-portada\\\/apoyo-de-la-ue-a-la-republica-de-moldavia-id816032.html\",\"url\":\"https:\\\/\\\/www.rri.ro\\\/es\\\/actualidad\\\/en-portada\\\/apoyo-de-la-ue-a-la-republica-de-moldavia-id816032.html\",\"name\":\"Apoyo de la UE a la Rep\u00fablica de Moldavia - Radio Ruman\u00eda Internacional\",\"isPartOf\":{\"@id\":\"https:\\\/\\\/www.rri.ro\\\/#website\"},\"primaryImageOfPage\":{\"@id\":\"https:\\\/\\\/www.rri.ro\\\/es\\\/actualidad\\\/en-portada\\\/apoyo-de-la-ue-a-la-republica-de-moldavia-id816032.html#primaryimage\"},\"image\":{\"@id\":\"https:\\\/\\\/www.rri.ro\\\/es\\\/actualidad\\\/en-portada\\\/apoyo-de-la-ue-a-la-republica-de-moldavia-id816032.html#primaryimage\"},\"thumbnailUrl\":\"https:\\\/\\\/www.rri.ro\\\/wp-content\\\/uploads\\\/2024\\\/07\\\/alegeri-Parlamentul-European-Metsola-foto-EP-16x9-1.jpg\",\"datePublished\":\"2024-10-10T08:33:29+00:00\",\"author\":{\"@id\":\"https:\\\/\\\/www.rri.ro\\\/#\\\/schema\\\/person\\\/f9ab1cb3569dee1b2c033a814bb7f0fc\"},\"breadcrumb\":{\"@id\":\"https:\\\/\\\/www.rri.ro\\\/es\\\/actualidad\\\/en-portada\\\/apoyo-de-la-ue-a-la-republica-de-moldavia-id816032.html#breadcrumb\"},\"inLanguage\":\"es\",\"potentialAction\":[{\"@type\":\"ReadAction\",\"target\":[\"https:\\\/\\\/www.rri.ro\\\/es\\\/actualidad\\\/en-portada\\\/apoyo-de-la-ue-a-la-republica-de-moldavia-id816032.html\"]}]},{\"@type\":\"ImageObject\",\"inLanguage\":\"es\",\"@id\":\"https:\\\/\\\/www.rri.ro\\\/es\\\/actualidad\\\/en-portada\\\/apoyo-de-la-ue-a-la-republica-de-moldavia-id816032.html#primaryimage\",\"url\":\"https:\\\/\\\/www.rri.ro\\\/wp-content\\\/uploads\\\/2024\\\/07\\\/alegeri-Parlamentul-European-Metsola-foto-EP-16x9-1.jpg\",\"contentUrl\":\"https:\\\/\\\/www.rri.ro\\\/wp-content\\\/uploads\\\/2024\\\/07\\\/alegeri-Parlamentul-European-Metsola-foto-EP-16x9-1.jpg\",\"width\":1200,\"height\":676,\"caption\":\"EP Plenary session - Election of the new EP President\"},{\"@type\":\"BreadcrumbList\",\"@id\":\"https:\\\/\\\/www.rri.ro\\\/es\\\/actualidad\\\/en-portada\\\/apoyo-de-la-ue-a-la-republica-de-moldavia-id816032.html#breadcrumb\",\"itemListElement\":[{\"@type\":\"ListItem\",\"position\":1,\"name\":\"P\u00e1gina de inicio\",\"item\":\"https:\\\/\\\/www.rri.ro\\\/es\"},{\"@type\":\"ListItem\",\"position\":2,\"name\":\"Actualidad\",\"item\":\"https:\\\/\\\/www.rri.ro\\\/es\\\/actualidad\"},{\"@type\":\"ListItem\",\"position\":3,\"name\":\"En portada\",\"item\":\"https:\\\/\\\/www.rri.ro\\\/es\\\/actualidad\\\/en-portada\"},{\"@type\":\"ListItem\",\"position\":4,\"name\":\"Apoyo de la UE a la Rep\u00fablica de Moldavia\"}]},{\"@type\":\"WebSite\",\"@id\":\"https:\\\/\\\/www.rri.ro\\\/#website\",\"url\":\"https:\\\/\\\/www.rri.ro\\\/\",\"name\":\"Radio Ruman\u00eda Internacional\",\"description\":\"Totul despre Rom\u00e2nia \u015fi rom\u00e2ni, \u00een 13 limbi\\\/dialecte!\",\"inLanguage\":\"es\"},{\"@type\":\"Person\",\"@id\":\"https:\\\/\\\/www.rri.ro\\\/#\\\/schema\\\/person\\\/f9ab1cb3569dee1b2c033a814bb7f0fc\",\"name\":\"Corina Cristea\",\"url\":\"https:\\\/\\\/www.rri.ro\\\/es\\\/author\\\/corina-cristea\"}]}<\/script>\n<!-- \/ Yoast SEO plugin. -->","yoast_head_json":{"title":"Apoyo de la UE a la Rep\u00fablica de Moldavia - Radio Ruman\u00eda Internacional","robots":{"index":"index","follow":"follow","max-snippet":"max-snippet:-1","max-image-preview":"max-image-preview:large","max-video-preview":"max-video-preview:-1"},"canonical":"https:\/\/www.rri.ro\/es\/actualidad\/en-portada\/apoyo-de-la-ue-a-la-republica-de-moldavia-id816032.html","og_locale":"es_ES","og_type":"article","og_title":"Apoyo de la UE a la Rep\u00fablica de Moldavia - Radio Ruman\u00eda Internacional","og_description":"Reunidos en sesi\u00f3n plenaria el mi\u00e9rcoles en Estrasburgo, los eurodiputados adoptaron una resoluci\u00f3n en la que advierten en\u00e9rgicamente contra los continuos intentos de Rusia de desviar a la Rep\u00fablica de Moldavia de su trayectoria europea. El documento condena en\u00e9rgicamente las actividades maliciosas, la intromisi\u00f3n y las operaciones h\u00edbridas de Mosc\u00fa, que se han vuelto m\u00e1s [&hellip;]","og_url":"https:\/\/www.rri.ro\/es\/actualidad\/en-portada\/apoyo-de-la-ue-a-la-republica-de-moldavia-id816032.html","og_site_name":"Radio Ruman\u00eda Internacional","article_published_time":"2024-10-10T08:33:29+00:00","og_image":[{"width":1200,"height":676,"url":"https:\/\/www.rri.ro\/wp-content\/uploads\/2024\/07\/alegeri-Parlamentul-European-Metsola-foto-EP-16x9-1.jpg","type":"image\/jpeg"}],"author":"Corina Cristea","twitter_card":"summary_large_image","twitter_misc":{"Escrito por":"Corina Cristea","Tiempo de lectura":"2 minutos","Written by":"Corina Cristea"},"schema":{"@context":"https:\/\/schema.org","@graph":[{"@type":"Article","@id":"https:\/\/www.rri.ro\/es\/actualidad\/en-portada\/apoyo-de-la-ue-a-la-republica-de-moldavia-id816032.html#article","isPartOf":{"@id":"https:\/\/www.rri.ro\/es\/actualidad\/en-portada\/apoyo-de-la-ue-a-la-republica-de-moldavia-id816032.html"},"author":{"name":"Corina Cristea","@id":"https:\/\/www.rri.ro\/#\/schema\/person\/f9ab1cb3569dee1b2c033a814bb7f0fc"},"headline":"Apoyo de la UE a la Rep\u00fablica de Moldavia","datePublished":"2024-10-10T08:33:29+00:00","mainEntityOfPage":{"@id":"https:\/\/www.rri.ro\/es\/actualidad\/en-portada\/apoyo-de-la-ue-a-la-republica-de-moldavia-id816032.html"},"wordCount":483,"image":{"@id":"https:\/\/www.rri.ro\/es\/actualidad\/en-portada\/apoyo-de-la-ue-a-la-republica-de-moldavia-id816032.html#primaryimage"},"thumbnailUrl":"https:\/\/www.rri.ro\/wp-content\/uploads\/2024\/07\/alegeri-Parlamentul-European-Metsola-foto-EP-16x9-1.jpg","keywords":["apoyo a la Rep\u00fablica de Moldavia","apoyo de la UE","chisinau","Rep\u00fablica de Moldavia","Rumania"],"articleSection":["En portada"],"inLanguage":"es"},{"@type":"WebPage","@id":"https:\/\/www.rri.ro\/es\/actualidad\/en-portada\/apoyo-de-la-ue-a-la-republica-de-moldavia-id816032.html","url":"https:\/\/www.rri.ro\/es\/actualidad\/en-portada\/apoyo-de-la-ue-a-la-republica-de-moldavia-id816032.html","name":"Apoyo de la UE a la Rep\u00fablica de Moldavia - Radio Ruman\u00eda Internacional","isPartOf":{"@id":"https:\/\/www.rri.ro\/#website"},"primaryImageOfPage":{"@id":"https:\/\/www.rri.ro\/es\/actualidad\/en-portada\/apoyo-de-la-ue-a-la-republica-de-moldavia-id816032.html#primaryimage"},"image":{"@id":"https:\/\/www.rri.ro\/es\/actualidad\/en-portada\/apoyo-de-la-ue-a-la-republica-de-moldavia-id816032.html#primaryimage"},"thumbnailUrl":"https:\/\/www.rri.ro\/wp-content\/uploads\/2024\/07\/alegeri-Parlamentul-European-Metsola-foto-EP-16x9-1.jpg","datePublished":"2024-10-10T08:33:29+00:00","author":{"@id":"https:\/\/www.rri.ro\/#\/schema\/person\/f9ab1cb3569dee1b2c033a814bb7f0fc"},"breadcrumb":{"@id":"https:\/\/www.rri.ro\/es\/actualidad\/en-portada\/apoyo-de-la-ue-a-la-republica-de-moldavia-id816032.html#breadcrumb"},"inLanguage":"es","potentialAction":[{"@type":"ReadAction","target":["https:\/\/www.rri.ro\/es\/actualidad\/en-portada\/apoyo-de-la-ue-a-la-republica-de-moldavia-id816032.html"]}]},{"@type":"ImageObject","inLanguage":"es","@id":"https:\/\/www.rri.ro\/es\/actualidad\/en-portada\/apoyo-de-la-ue-a-la-republica-de-moldavia-id816032.html#primaryimage","url":"https:\/\/www.rri.ro\/wp-content\/uploads\/2024\/07\/alegeri-Parlamentul-European-Metsola-foto-EP-16x9-1.jpg","contentUrl":"https:\/\/www.rri.ro\/wp-content\/uploads\/2024\/07\/alegeri-Parlamentul-European-Metsola-foto-EP-16x9-1.jpg","width":1200,"height":676,"caption":"EP Plenary session - Election of the new EP President"},{"@type":"BreadcrumbList","@id":"https:\/\/www.rri.ro\/es\/actualidad\/en-portada\/apoyo-de-la-ue-a-la-republica-de-moldavia-id816032.html#breadcrumb","itemListElement":[{"@type":"ListItem","position":1,"name":"P\u00e1gina de inicio","item":"https:\/\/www.rri.ro\/es"},{"@type":"ListItem","position":2,"name":"Actualidad","item":"https:\/\/www.rri.ro\/es\/actualidad"},{"@type":"ListItem","position":3,"name":"En portada","item":"https:\/\/www.rri.ro\/es\/actualidad\/en-portada"},{"@type":"ListItem","position":4,"name":"Apoyo de la UE a la Rep\u00fablica de Moldavia"}]},{"@type":"WebSite","@id":"https:\/\/www.rri.ro\/#website","url":"https:\/\/www.rri.ro\/","name":"Radio Ruman\u00eda Internacional","description":"Totul despre Rom\u00e2nia \u015fi rom\u00e2ni, \u00een 13 limbi\/dialecte!","inLanguage":"es"},{"@type":"Person","@id":"https:\/\/www.rri.ro\/#\/schema\/person\/f9ab1cb3569dee1b2c033a814bb7f0fc","name":"Corina Cristea","url":"https:\/\/www.rri.ro\/es\/author\/corina-cristea"}]}},"_links":{"self":[{"href":"https:\/\/www.rri.ro\/es\/wp-json\/wp\/v2\/posts\/816032","targetHints":{"allow":["GET"]}}],"collection":[{"href":"https:\/\/www.rri.ro\/es\/wp-json\/wp\/v2\/posts"}],"about":[{"href":"https:\/\/www.rri.ro\/es\/wp-json\/wp\/v2\/types\/post"}],"author":[{"embeddable":true,"href":"https:\/\/www.rri.ro\/es\/wp-json\/wp\/v2\/users\/108"}],"replies":[{"embeddable":true,"href":"https:\/\/www.rri.ro\/es\/wp-json\/wp\/v2\/comments?post=816032"}],"version-history":[{"count":0,"href":"https:\/\/www.rri.ro\/es\/wp-json\/wp\/v2\/posts\/816032\/revisions"}],"wp:featuredmedia":[{"embeddable":true,"href":"https:\/\/www.rri.ro\/es\/wp-json\/wp\/v2\/media\/791105"}],"wp:attachment":[{"href":"https:\/\/www.rri.ro\/es\/wp-json\/wp\/v2\/media?parent=816032"}],"wp:term":[{"taxonomy":"category","embeddable":true,"href":"https:\/\/www.rri.ro\/es\/wp-json\/wp\/v2\/categories?post=816032"},{"taxonomy":"post_tag","embeddable":true,"href":"https:\/\/www.rri.ro\/es\/wp-json\/wp\/v2\/tags?post=816032"},{"taxonomy":"author","embeddable":true,"href":"https:\/\/www.rri.ro\/es\/wp-json\/wp\/v2\/coauthors?post=816032"}],"curies":[{"name":"wp","href":"https:\/\/api.w.org\/{rel}","templated":true}]}}