{"id":826693,"date":"2024-11-09T11:27:50","date_gmt":"2024-11-09T09:27:50","guid":{"rendered":"https:\/\/www.rri.ro\/?p=826693"},"modified":"2024-11-09T11:27:50","modified_gmt":"2024-11-09T09:27:50","slug":"acontecimientos-literarios-y-musicales-organizados-en-espana","status":"publish","type":"post","link":"https:\/\/www.rri.ro\/es\/panorama-rumano\/paseo-cultural\/acontecimientos-literarios-y-musicales-organizados-en-espana-id826693.html","title":{"rendered":"Acontecimientos literarios y musicales organizados en Espa\u00f1a"},"content":{"rendered":"<p>La escritora rumana Ana Blandiana, ganadora del Premio Princesa de Asturias de las Letras 2024, participa del 8 al 12 de noviembre como invitada en la 16\u00aa edici\u00f3n del Festival E\u00f1e, cuyo tema principal en La democracia. La primera personalidad rumana que recibe esta distinci\u00f3n participar\u00e1 tambi\u00e9n en un evento organizado en la Universidad Complutense de Madrid.<\/p>\n<p>Mircea C\u0103rt\u0103rescu participar\u00e1 en dos sesiones del Festival E\u00f1e y se reunir\u00e1 con sus lectores. Del 6 al 11 de noviembre, uno de los escritores rumanos m\u00e1s conocidos en Espa\u00f1a participa tambi\u00e9n en una gira por este pa\u00eds para lanzar su novela \u00abTheodoros\u00bb, traducida al espa\u00f1ol por Marian Ochoa de Eribe y publicada por la Editorial Impedimenta.<\/p>\n<p>El violinista Valentin \u0218erban y el pianista Mihai Diaconescu tocar\u00e1n el 12 de noviembre en Madrid y el 13 de noviembre en Barcelona. El concierto \u00abPaisajes sonoros: la m\u00fasica folcl\u00f3rica en las obras de compositores rumanos y espa\u00f1oles\u00bb tendr\u00e1 lugar en el marco del programa \u00abRuman\u00eda en la m\u00fasica\u00bb.<\/p>\n<p>Maria Floarea Pop, directora del Instituto Cultural Rumano de Madrid, entra en detalles sobre estos actos:<\/p>\n<p><iframe loading=\"lazy\" width=\"100%\" height=\"166\" scrolling=\"no\" frameborder=\"no\" allow=\"autoplay\" src=\"https:\/\/w.soundcloud.com\/player\/?url=https%3A\/\/api.soundcloud.com\/tracks\/1953736351&#038;color=%23ff5500&#038;auto_play=false&#038;hide_related=false&#038;show_comments=true&#038;show_user=true&#038;show_reposts=false&#038;show_teaser=true\"><\/iframe><\/p>\n<div style=\"font-size: 10px; color: #cccccc;line-break: anywhere;word-break: normal;overflow: hidden;white-space: nowrap;text-overflow: ellipsis; font-family: Interstate,Lucida Grande,Lucida Sans Unicode,Lucida Sans,Garuda,Verdana,Tahoma,sans-serif;font-weight: 100;\"><a href=\"https:\/\/soundcloud.com\/radioromaniainternational\" title=\"RadioRomaniaInternational\" target=\"_blank\" style=\"color: #cccccc; text-decoration: none;\" rel=\"noopener\">RadioRomaniaInternational<\/a> \u00b7 <a href=\"https:\/\/soundcloud.com\/radioromaniainternational\/icr-madrid-noiembrie-2024-net\" title=\"ICR-Madrid-noiembrie-2024-net.mp3\" target=\"_blank\" style=\"color: #cccccc; text-decoration: none;\" rel=\"noopener\">ICR-Madrid-noiembrie-2024-net.mp3<\/a><\/div>\n","protected":false},"excerpt":{"rendered":"<p>La escritora rumana Ana Blandiana, ganadora del Premio Princesa de Asturias de las Letras 2024, participa del 8 al 12 de noviembre como invitada en la 16\u00aa edici\u00f3n del Festival E\u00f1e, cuyo tema principal en La democracia. La primera personalidad rumana que recibe esta distinci\u00f3n participar\u00e1 tambi\u00e9n en un evento organizado en la Universidad Complutense [&hellip;]<\/p>\n","protected":false},"author":61,"featured_media":826671,"comment_status":"closed","ping_status":"closed","sticky":false,"template":"","format":"standard","meta":{"_acf_changed":false,"footnotes":""},"categories":[111717],"tags":[154306,111928,146886,111844,157988,113126,136832],"coauthors":[116698],"class_list":["post-826693","post","type-post","status-publish","format-standard","has-post-thumbnail","hentry","category-paseo-cultural","tag-ana-blandiana-es","tag-cultura-rumana","tag-icr-madrid-es","tag-literatura-rumana","tag-mircea-cartarescu-es","tag-musica-rumana","tag-rri-es"],"acf":[],"yoast_head":"<!-- This site is optimized with the Yoast SEO plugin v27.3 - https:\/\/yoast.com\/product\/yoast-seo-wordpress\/ -->\n<title>Acontecimientos literarios y musicales organizados en Espa\u00f1a - Radio Ruman\u00eda Internacional<\/title>\n<meta name=\"robots\" content=\"index, follow, max-snippet:-1, max-image-preview:large, max-video-preview:-1\" \/>\n<link rel=\"canonical\" href=\"https:\/\/www.rri.ro\/es\/panorama-rumano\/paseo-cultural\/acontecimientos-literarios-y-musicales-organizados-en-espana-id826693.html\" \/>\n<meta property=\"og:locale\" content=\"es_ES\" \/>\n<meta property=\"og:type\" content=\"article\" \/>\n<meta property=\"og:title\" content=\"Acontecimientos literarios y musicales organizados en Espa\u00f1a - Radio Ruman\u00eda Internacional\" \/>\n<meta property=\"og:description\" content=\"La escritora rumana Ana Blandiana, ganadora del Premio Princesa de Asturias de las Letras 2024, participa del 8 al 12 de noviembre como invitada en la 16\u00aa edici\u00f3n del Festival E\u00f1e, cuyo tema principal en La democracia. La primera personalidad rumana que recibe esta distinci\u00f3n participar\u00e1 tambi\u00e9n en un evento organizado en la Universidad Complutense [&hellip;]\" \/>\n<meta property=\"og:url\" content=\"https:\/\/www.rri.ro\/es\/panorama-rumano\/paseo-cultural\/acontecimientos-literarios-y-musicales-organizados-en-espana-id826693.html\" \/>\n<meta property=\"og:site_name\" content=\"Radio Ruman\u00eda Internacional\" \/>\n<meta property=\"article:published_time\" content=\"2024-11-09T09:27:50+00:00\" \/>\n<meta property=\"og:image\" content=\"https:\/\/www.rri.ro\/wp-content\/uploads\/2024\/11\/turneu-mircea-cartarescu-in-spania-sursa-foto-icr_16x9.jpg\" \/>\n\t<meta property=\"og:image:width\" content=\"960\" \/>\n\t<meta property=\"og:image:height\" content=\"540\" \/>\n\t<meta property=\"og:image:type\" content=\"image\/jpeg\" \/>\n<meta name=\"author\" content=\"Monica Tar\u0103u\" \/>\n<meta name=\"twitter:card\" content=\"summary_large_image\" \/>\n<meta name=\"twitter:label1\" content=\"Escrito por\" \/>\n\t<meta name=\"twitter:data1\" content=\"Monica Tar\u0103u\" \/>\n\t<meta name=\"twitter:label2\" content=\"Tiempo de lectura\" \/>\n\t<meta name=\"twitter:data2\" content=\"1 minuto\" \/>\n\t<meta name=\"twitter:label3\" content=\"Written by\" \/>\n\t<meta name=\"twitter:data3\" content=\"Monica Tar\u0103u\" \/>\n<script type=\"application\/ld+json\" class=\"yoast-schema-graph\">{\"@context\":\"https:\\\/\\\/schema.org\",\"@graph\":[{\"@type\":\"Article\",\"@id\":\"https:\\\/\\\/www.rri.ro\\\/es\\\/panorama-rumano\\\/paseo-cultural\\\/acontecimientos-literarios-y-musicales-organizados-en-espana-id826693.html#article\",\"isPartOf\":{\"@id\":\"https:\\\/\\\/www.rri.ro\\\/es\\\/panorama-rumano\\\/paseo-cultural\\\/acontecimientos-literarios-y-musicales-organizados-en-espana-id826693.html\"},\"author\":{\"name\":\"Monica Tar\u0103u\",\"@id\":\"https:\\\/\\\/www.rri.ro\\\/#\\\/schema\\\/person\\\/bcfb9bd03936efd8c393a7e62bae417a\"},\"headline\":\"Acontecimientos literarios y musicales organizados en Espa\u00f1a\",\"datePublished\":\"2024-11-09T09:27:50+00:00\",\"mainEntityOfPage\":{\"@id\":\"https:\\\/\\\/www.rri.ro\\\/es\\\/panorama-rumano\\\/paseo-cultural\\\/acontecimientos-literarios-y-musicales-organizados-en-espana-id826693.html\"},\"wordCount\":201,\"image\":{\"@id\":\"https:\\\/\\\/www.rri.ro\\\/es\\\/panorama-rumano\\\/paseo-cultural\\\/acontecimientos-literarios-y-musicales-organizados-en-espana-id826693.html#primaryimage\"},\"thumbnailUrl\":\"https:\\\/\\\/www.rri.ro\\\/wp-content\\\/uploads\\\/2024\\\/11\\\/turneu-mircea-cartarescu-in-spania-sursa-foto-icr_16x9.jpg\",\"keywords\":[\"Ana Blandiana\",\"cultura rumana\",\"ICR Madrid\",\"literatura rumana\",\"mircea cartarescu\",\"m\u00fasica rumana\",\"RRI\"],\"articleSection\":[\"Paseo\u00a0cultural\"],\"inLanguage\":\"es\"},{\"@type\":\"WebPage\",\"@id\":\"https:\\\/\\\/www.rri.ro\\\/es\\\/panorama-rumano\\\/paseo-cultural\\\/acontecimientos-literarios-y-musicales-organizados-en-espana-id826693.html\",\"url\":\"https:\\\/\\\/www.rri.ro\\\/es\\\/panorama-rumano\\\/paseo-cultural\\\/acontecimientos-literarios-y-musicales-organizados-en-espana-id826693.html\",\"name\":\"Acontecimientos literarios y musicales organizados en Espa\u00f1a - Radio Ruman\u00eda Internacional\",\"isPartOf\":{\"@id\":\"https:\\\/\\\/www.rri.ro\\\/#website\"},\"primaryImageOfPage\":{\"@id\":\"https:\\\/\\\/www.rri.ro\\\/es\\\/panorama-rumano\\\/paseo-cultural\\\/acontecimientos-literarios-y-musicales-organizados-en-espana-id826693.html#primaryimage\"},\"image\":{\"@id\":\"https:\\\/\\\/www.rri.ro\\\/es\\\/panorama-rumano\\\/paseo-cultural\\\/acontecimientos-literarios-y-musicales-organizados-en-espana-id826693.html#primaryimage\"},\"thumbnailUrl\":\"https:\\\/\\\/www.rri.ro\\\/wp-content\\\/uploads\\\/2024\\\/11\\\/turneu-mircea-cartarescu-in-spania-sursa-foto-icr_16x9.jpg\",\"datePublished\":\"2024-11-09T09:27:50+00:00\",\"author\":{\"@id\":\"https:\\\/\\\/www.rri.ro\\\/#\\\/schema\\\/person\\\/bcfb9bd03936efd8c393a7e62bae417a\"},\"breadcrumb\":{\"@id\":\"https:\\\/\\\/www.rri.ro\\\/es\\\/panorama-rumano\\\/paseo-cultural\\\/acontecimientos-literarios-y-musicales-organizados-en-espana-id826693.html#breadcrumb\"},\"inLanguage\":\"es\",\"potentialAction\":[{\"@type\":\"ReadAction\",\"target\":[\"https:\\\/\\\/www.rri.ro\\\/es\\\/panorama-rumano\\\/paseo-cultural\\\/acontecimientos-literarios-y-musicales-organizados-en-espana-id826693.html\"]}]},{\"@type\":\"ImageObject\",\"inLanguage\":\"es\",\"@id\":\"https:\\\/\\\/www.rri.ro\\\/es\\\/panorama-rumano\\\/paseo-cultural\\\/acontecimientos-literarios-y-musicales-organizados-en-espana-id826693.html#primaryimage\",\"url\":\"https:\\\/\\\/www.rri.ro\\\/wp-content\\\/uploads\\\/2024\\\/11\\\/turneu-mircea-cartarescu-in-spania-sursa-foto-icr_16x9.jpg\",\"contentUrl\":\"https:\\\/\\\/www.rri.ro\\\/wp-content\\\/uploads\\\/2024\\\/11\\\/turneu-mircea-cartarescu-in-spania-sursa-foto-icr_16x9.jpg\",\"width\":960,\"height\":540},{\"@type\":\"BreadcrumbList\",\"@id\":\"https:\\\/\\\/www.rri.ro\\\/es\\\/panorama-rumano\\\/paseo-cultural\\\/acontecimientos-literarios-y-musicales-organizados-en-espana-id826693.html#breadcrumb\",\"itemListElement\":[{\"@type\":\"ListItem\",\"position\":1,\"name\":\"P\u00e1gina de inicio\",\"item\":\"https:\\\/\\\/www.rri.ro\\\/es\"},{\"@type\":\"ListItem\",\"position\":2,\"name\":\"Panorama rumano\",\"item\":\"https:\\\/\\\/www.rri.ro\\\/es\\\/panorama-rumano\"},{\"@type\":\"ListItem\",\"position\":3,\"name\":\"Paseo\u00a0cultural\",\"item\":\"https:\\\/\\\/www.rri.ro\\\/es\\\/panorama-rumano\\\/paseo-cultural\"},{\"@type\":\"ListItem\",\"position\":4,\"name\":\"Acontecimientos literarios y musicales organizados en Espa\u00f1a\"}]},{\"@type\":\"WebSite\",\"@id\":\"https:\\\/\\\/www.rri.ro\\\/#website\",\"url\":\"https:\\\/\\\/www.rri.ro\\\/\",\"name\":\"Radio Ruman\u00eda Internacional\",\"description\":\"Totul despre Rom\u00e2nia \u015fi rom\u00e2ni, \u00een 13 limbi\\\/dialecte!\",\"inLanguage\":\"es\"},{\"@type\":\"Person\",\"@id\":\"https:\\\/\\\/www.rri.ro\\\/#\\\/schema\\\/person\\\/bcfb9bd03936efd8c393a7e62bae417a\",\"name\":\"Monica Tar\u0103u\",\"url\":\"https:\\\/\\\/www.rri.ro\\\/es\\\/author\\\/monica-tarau\"}]}<\/script>\n<!-- \/ Yoast SEO plugin. -->","yoast_head_json":{"title":"Acontecimientos literarios y musicales organizados en Espa\u00f1a - Radio Ruman\u00eda Internacional","robots":{"index":"index","follow":"follow","max-snippet":"max-snippet:-1","max-image-preview":"max-image-preview:large","max-video-preview":"max-video-preview:-1"},"canonical":"https:\/\/www.rri.ro\/es\/panorama-rumano\/paseo-cultural\/acontecimientos-literarios-y-musicales-organizados-en-espana-id826693.html","og_locale":"es_ES","og_type":"article","og_title":"Acontecimientos literarios y musicales organizados en Espa\u00f1a - Radio Ruman\u00eda Internacional","og_description":"La escritora rumana Ana Blandiana, ganadora del Premio Princesa de Asturias de las Letras 2024, participa del 8 al 12 de noviembre como invitada en la 16\u00aa edici\u00f3n del Festival E\u00f1e, cuyo tema principal en La democracia. La primera personalidad rumana que recibe esta distinci\u00f3n participar\u00e1 tambi\u00e9n en un evento organizado en la Universidad Complutense [&hellip;]","og_url":"https:\/\/www.rri.ro\/es\/panorama-rumano\/paseo-cultural\/acontecimientos-literarios-y-musicales-organizados-en-espana-id826693.html","og_site_name":"Radio Ruman\u00eda Internacional","article_published_time":"2024-11-09T09:27:50+00:00","og_image":[{"width":960,"height":540,"url":"https:\/\/www.rri.ro\/wp-content\/uploads\/2024\/11\/turneu-mircea-cartarescu-in-spania-sursa-foto-icr_16x9.jpg","type":"image\/jpeg"}],"author":"Monica Tar\u0103u","twitter_card":"summary_large_image","twitter_misc":{"Escrito por":"Monica Tar\u0103u","Tiempo de lectura":"1 minuto","Written by":"Monica Tar\u0103u"},"schema":{"@context":"https:\/\/schema.org","@graph":[{"@type":"Article","@id":"https:\/\/www.rri.ro\/es\/panorama-rumano\/paseo-cultural\/acontecimientos-literarios-y-musicales-organizados-en-espana-id826693.html#article","isPartOf":{"@id":"https:\/\/www.rri.ro\/es\/panorama-rumano\/paseo-cultural\/acontecimientos-literarios-y-musicales-organizados-en-espana-id826693.html"},"author":{"name":"Monica Tar\u0103u","@id":"https:\/\/www.rri.ro\/#\/schema\/person\/bcfb9bd03936efd8c393a7e62bae417a"},"headline":"Acontecimientos literarios y musicales organizados en Espa\u00f1a","datePublished":"2024-11-09T09:27:50+00:00","mainEntityOfPage":{"@id":"https:\/\/www.rri.ro\/es\/panorama-rumano\/paseo-cultural\/acontecimientos-literarios-y-musicales-organizados-en-espana-id826693.html"},"wordCount":201,"image":{"@id":"https:\/\/www.rri.ro\/es\/panorama-rumano\/paseo-cultural\/acontecimientos-literarios-y-musicales-organizados-en-espana-id826693.html#primaryimage"},"thumbnailUrl":"https:\/\/www.rri.ro\/wp-content\/uploads\/2024\/11\/turneu-mircea-cartarescu-in-spania-sursa-foto-icr_16x9.jpg","keywords":["Ana Blandiana","cultura rumana","ICR Madrid","literatura rumana","mircea cartarescu","m\u00fasica rumana","RRI"],"articleSection":["Paseo\u00a0cultural"],"inLanguage":"es"},{"@type":"WebPage","@id":"https:\/\/www.rri.ro\/es\/panorama-rumano\/paseo-cultural\/acontecimientos-literarios-y-musicales-organizados-en-espana-id826693.html","url":"https:\/\/www.rri.ro\/es\/panorama-rumano\/paseo-cultural\/acontecimientos-literarios-y-musicales-organizados-en-espana-id826693.html","name":"Acontecimientos literarios y musicales organizados en Espa\u00f1a - Radio Ruman\u00eda Internacional","isPartOf":{"@id":"https:\/\/www.rri.ro\/#website"},"primaryImageOfPage":{"@id":"https:\/\/www.rri.ro\/es\/panorama-rumano\/paseo-cultural\/acontecimientos-literarios-y-musicales-organizados-en-espana-id826693.html#primaryimage"},"image":{"@id":"https:\/\/www.rri.ro\/es\/panorama-rumano\/paseo-cultural\/acontecimientos-literarios-y-musicales-organizados-en-espana-id826693.html#primaryimage"},"thumbnailUrl":"https:\/\/www.rri.ro\/wp-content\/uploads\/2024\/11\/turneu-mircea-cartarescu-in-spania-sursa-foto-icr_16x9.jpg","datePublished":"2024-11-09T09:27:50+00:00","author":{"@id":"https:\/\/www.rri.ro\/#\/schema\/person\/bcfb9bd03936efd8c393a7e62bae417a"},"breadcrumb":{"@id":"https:\/\/www.rri.ro\/es\/panorama-rumano\/paseo-cultural\/acontecimientos-literarios-y-musicales-organizados-en-espana-id826693.html#breadcrumb"},"inLanguage":"es","potentialAction":[{"@type":"ReadAction","target":["https:\/\/www.rri.ro\/es\/panorama-rumano\/paseo-cultural\/acontecimientos-literarios-y-musicales-organizados-en-espana-id826693.html"]}]},{"@type":"ImageObject","inLanguage":"es","@id":"https:\/\/www.rri.ro\/es\/panorama-rumano\/paseo-cultural\/acontecimientos-literarios-y-musicales-organizados-en-espana-id826693.html#primaryimage","url":"https:\/\/www.rri.ro\/wp-content\/uploads\/2024\/11\/turneu-mircea-cartarescu-in-spania-sursa-foto-icr_16x9.jpg","contentUrl":"https:\/\/www.rri.ro\/wp-content\/uploads\/2024\/11\/turneu-mircea-cartarescu-in-spania-sursa-foto-icr_16x9.jpg","width":960,"height":540},{"@type":"BreadcrumbList","@id":"https:\/\/www.rri.ro\/es\/panorama-rumano\/paseo-cultural\/acontecimientos-literarios-y-musicales-organizados-en-espana-id826693.html#breadcrumb","itemListElement":[{"@type":"ListItem","position":1,"name":"P\u00e1gina de inicio","item":"https:\/\/www.rri.ro\/es"},{"@type":"ListItem","position":2,"name":"Panorama rumano","item":"https:\/\/www.rri.ro\/es\/panorama-rumano"},{"@type":"ListItem","position":3,"name":"Paseo\u00a0cultural","item":"https:\/\/www.rri.ro\/es\/panorama-rumano\/paseo-cultural"},{"@type":"ListItem","position":4,"name":"Acontecimientos literarios y musicales organizados en Espa\u00f1a"}]},{"@type":"WebSite","@id":"https:\/\/www.rri.ro\/#website","url":"https:\/\/www.rri.ro\/","name":"Radio Ruman\u00eda Internacional","description":"Totul despre Rom\u00e2nia \u015fi rom\u00e2ni, \u00een 13 limbi\/dialecte!","inLanguage":"es"},{"@type":"Person","@id":"https:\/\/www.rri.ro\/#\/schema\/person\/bcfb9bd03936efd8c393a7e62bae417a","name":"Monica Tar\u0103u","url":"https:\/\/www.rri.ro\/es\/author\/monica-tarau"}]}},"_links":{"self":[{"href":"https:\/\/www.rri.ro\/es\/wp-json\/wp\/v2\/posts\/826693","targetHints":{"allow":["GET"]}}],"collection":[{"href":"https:\/\/www.rri.ro\/es\/wp-json\/wp\/v2\/posts"}],"about":[{"href":"https:\/\/www.rri.ro\/es\/wp-json\/wp\/v2\/types\/post"}],"author":[{"embeddable":true,"href":"https:\/\/www.rri.ro\/es\/wp-json\/wp\/v2\/users\/61"}],"replies":[{"embeddable":true,"href":"https:\/\/www.rri.ro\/es\/wp-json\/wp\/v2\/comments?post=826693"}],"version-history":[{"count":0,"href":"https:\/\/www.rri.ro\/es\/wp-json\/wp\/v2\/posts\/826693\/revisions"}],"wp:featuredmedia":[{"embeddable":true,"href":"https:\/\/www.rri.ro\/es\/wp-json\/wp\/v2\/media\/826671"}],"wp:attachment":[{"href":"https:\/\/www.rri.ro\/es\/wp-json\/wp\/v2\/media?parent=826693"}],"wp:term":[{"taxonomy":"category","embeddable":true,"href":"https:\/\/www.rri.ro\/es\/wp-json\/wp\/v2\/categories?post=826693"},{"taxonomy":"post_tag","embeddable":true,"href":"https:\/\/www.rri.ro\/es\/wp-json\/wp\/v2\/tags?post=826693"},{"taxonomy":"author","embeddable":true,"href":"https:\/\/www.rri.ro\/es\/wp-json\/wp\/v2\/coauthors?post=826693"}],"curies":[{"name":"wp","href":"https:\/\/api.w.org\/{rel}","templated":true}]}}