{"id":827211,"date":"2024-11-11T12:19:32","date_gmt":"2024-11-11T10:19:32","guid":{"rendered":"https:\/\/www.rri.ro\/?p=827211"},"modified":"2024-11-11T12:19:32","modified_gmt":"2024-11-11T10:19:32","slug":"medidas-aduaneras","status":"publish","type":"post","link":"https:\/\/www.rri.ro\/es\/actualidad\/en-portada\/medidas-aduaneras-id827211.html","title":{"rendered":"Medidas aduaneras"},"content":{"rendered":"<p>Ruman\u00eda cuenta con cuatro esc\u00e1neres operativos en las aduanas, otros cinco entrar\u00e1n en funcionamiento el mes que viene y en 2025 se colocar\u00e1n otros ocho esc\u00e1neres en las aduanas fronterizas, seg\u00fan datos facilitados por la Autoridad Aduanera rumana, a petici\u00f3n de los medios de comunicaci\u00f3n de Bucarest.<\/p>\n<p>Ya se han instalado los primeros esc\u00e1neres en las fronteras exteriores de la UE: tres en la frontera con la Rep\u00fablica de Moldavia en mayo de 2024, seguidos en octubre por uno en la frontera con Ucrania.<\/p>\n<p>En diciembre de 2024 habr\u00e1 uno en Constanza (la mayor ciudad portuaria rumana del mar Negro), otros tres en la frontera ucraniana y uno en la serbia. El a\u00f1o que viene, Constanza y los pasos fronterizos con Moldavia y Ucrania siguen siendo prioritarios para los nuevos esc\u00e1neres.<\/p>\n<p>A partir de 2026, el sistema se ampliar\u00e1 a las aduanas con Hungr\u00eda y Bulgaria, que, al igual que Ruman\u00eda, son Estados miembros de la UE.\u00a0 La Autoridad Aduanera anuncia que, desde la puesta en funcionamiento de los esc\u00e1neres, los inspectores de aduanas han descubierto m\u00e1s de 53.000 euros, 123.000 lei moldavos y 3.100 cigarrillos tras el escaneado de dos minibuses procedentes de la Rep\u00fablica de Moldavia. Tanto el dinero no declarado como los cigarrillos de contrabando estaban ocultos en el techo de los minibuses y fueron detectados por el sistema de escaneado. Tambi\u00e9n se encontraron cuatro pistolas y m\u00e1s de 500 cartuchos letales en el techo del minib\u00fas.<\/p>\n<p><em>\u00abCon cada nuevo esc\u00e1ner instalado en los puntos aduaneros, observamos tanto mejoras sustanciales en la eficacia de los controles como cambios en el comportamiento de quienes intentan eludir la ley. Esta evoluci\u00f3n demuestra claramente que nuestras medidas no solo son necesarias, sino tambi\u00e9n eficaces\u00bb<\/em>, afirm\u00f3 el ministro de Hacienda, Marcel Bolo\u0219, que dirige la Autoridad Aduanera.<\/p>\n<p>Por otra parte, la polic\u00eda rumana ha descubierto toneladas de drogas en los nueve primeros meses del a\u00f1o: casi 170 kilos de drogas de alto riesgo y 800 kilos de drogas de riesgo, cuatro toneladas de masa verde de cannabis, siete toneladas de sustancias dopantes prohibidas incautadas en una f\u00e1brica clandestina y \u2013una de las incautaciones m\u00e1s importantes en el Puerto de Constanza\u2013 16 toneladas de pulpa de fruta que conten\u00edan coca\u00edna. Seg\u00fan la polic\u00eda, se han desarticulado 33 grupos delictivos, integrados por casi 240 personas.<\/p>\n<p>Tambi\u00e9n en los nueve primeros meses del a\u00f1o, la polic\u00eda se incaut\u00f3 de m\u00e1s de 21 millones de cigarrillos y 6 toneladas de tabaco de contrabando. En la lucha contra el contrabando de tabaco y productos del tabaco, 119 personas fueron sometidas a medidas preventivas y 29 fueron detenidas. En estos casos, los agentes de polic\u00eda tambi\u00e9n impusieron multas por valor de casi 7 millones de leus (equivalentes a unos 1,4 millones de euros).<\/p>\n<p>Versi\u00f3n en espa\u00f1ol: Antonio Madrid<\/p>\n","protected":false},"excerpt":{"rendered":"<p>Ruman\u00eda cuenta con cuatro esc\u00e1neres operativos en las aduanas, otros cinco entrar\u00e1n en funcionamiento el mes que viene y en 2025 se colocar\u00e1n otros ocho esc\u00e1neres en las aduanas fronterizas, seg\u00fan datos facilitados por la Autoridad Aduanera rumana, a petici\u00f3n de los medios de comunicaci\u00f3n de Bucarest. Ya se han instalado los primeros esc\u00e1neres en [&hellip;]<\/p>\n","protected":false},"author":105,"featured_media":668437,"comment_status":"closed","ping_status":"closed","sticky":false,"template":"","format":"standard","meta":{"_acf_changed":false,"footnotes":""},"categories":[23],"tags":[158110,143622,141128,158112,112365,158066,152079,145719,143563,158108,112729,158109,49181,146483,112523,153749,139544,112475,144422,158107,151239,143250,158111,141133,49393,48962],"coauthors":[113297],"class_list":["post-827211","post","type-post","status-publish","format-standard","has-post-thumbnail","hentry","category-en-portada","tag-autoridad-aduanera","tag-bulgaria-es","tag-cigarrillos","tag-cocaina-es","tag-constanza","tag-contrabando","tag-controles-fronterizos","tag-dinero","tag-drogas","tag-escaner","tag-hungria","tag-legalidad","tag-ley","tag-marcel-bolos-es","tag-medios-de-comunicacion","tag-ministro-de-hacienda","tag-moldavia-es","tag-multas","tag-pasos-fronterizos","tag-pistolas","tag-policia-rumana","tag-serbia-es","tag-sustancias-dopantes","tag-tabaco","tag-trafico","tag-ucrania"],"acf":[],"yoast_head":"<!-- This site is optimized with the Yoast SEO plugin v27.3 - https:\/\/yoast.com\/product\/yoast-seo-wordpress\/ -->\n<title>Medidas aduaneras - Radio Ruman\u00eda Internacional<\/title>\n<meta name=\"robots\" content=\"index, follow, max-snippet:-1, max-image-preview:large, max-video-preview:-1\" \/>\n<link rel=\"canonical\" href=\"https:\/\/www.rri.ro\/es\/actualidad\/en-portada\/medidas-aduaneras-id827211.html\" \/>\n<meta property=\"og:locale\" content=\"es_ES\" \/>\n<meta property=\"og:type\" content=\"article\" \/>\n<meta property=\"og:title\" content=\"Medidas aduaneras - Radio Ruman\u00eda Internacional\" \/>\n<meta property=\"og:description\" content=\"Ruman\u00eda cuenta con cuatro esc\u00e1neres operativos en las aduanas, otros cinco entrar\u00e1n en funcionamiento el mes que viene y en 2025 se colocar\u00e1n otros ocho esc\u00e1neres en las aduanas fronterizas, seg\u00fan datos facilitados por la Autoridad Aduanera rumana, a petici\u00f3n de los medios de comunicaci\u00f3n de Bucarest. Ya se han instalado los primeros esc\u00e1neres en [&hellip;]\" \/>\n<meta property=\"og:url\" content=\"https:\/\/www.rri.ro\/es\/actualidad\/en-portada\/medidas-aduaneras-id827211.html\" \/>\n<meta property=\"og:site_name\" content=\"Radio Ruman\u00eda Internacional\" \/>\n<meta property=\"article:published_time\" content=\"2024-11-11T10:19:32+00:00\" \/>\n<meta property=\"og:image\" content=\"https:\/\/www.rri.ro\/wp-content\/uploads\/2024\/02\/trafic-frontiera-control-vama-granita-sursa-foto-Politia-de-frontiera-IGPF.png\" \/>\n\t<meta property=\"og:image:width\" content=\"1200\" \/>\n\t<meta property=\"og:image:height\" content=\"720\" \/>\n\t<meta property=\"og:image:type\" content=\"image\/png\" \/>\n<meta name=\"author\" content=\"Bogdan Matei\" \/>\n<meta name=\"twitter:card\" content=\"summary_large_image\" \/>\n<meta name=\"twitter:label1\" content=\"Escrito por\" \/>\n\t<meta name=\"twitter:data1\" content=\"Bogdan Matei\" \/>\n\t<meta name=\"twitter:label2\" content=\"Tiempo de lectura\" \/>\n\t<meta name=\"twitter:data2\" content=\"2 minutos\" \/>\n\t<meta name=\"twitter:label3\" content=\"Written by\" \/>\n\t<meta name=\"twitter:data3\" content=\"Bogdan Matei\" \/>\n<script type=\"application\/ld+json\" class=\"yoast-schema-graph\">{\"@context\":\"https:\\\/\\\/schema.org\",\"@graph\":[{\"@type\":\"Article\",\"@id\":\"https:\\\/\\\/www.rri.ro\\\/es\\\/actualidad\\\/en-portada\\\/medidas-aduaneras-id827211.html#article\",\"isPartOf\":{\"@id\":\"https:\\\/\\\/www.rri.ro\\\/es\\\/actualidad\\\/en-portada\\\/medidas-aduaneras-id827211.html\"},\"author\":{\"name\":\"Bogdan Matei\",\"@id\":\"https:\\\/\\\/www.rri.ro\\\/#\\\/schema\\\/person\\\/0ed327d40678578e6dbb840527e3ba32\"},\"headline\":\"Medidas aduaneras\",\"datePublished\":\"2024-11-11T10:19:32+00:00\",\"mainEntityOfPage\":{\"@id\":\"https:\\\/\\\/www.rri.ro\\\/es\\\/actualidad\\\/en-portada\\\/medidas-aduaneras-id827211.html\"},\"wordCount\":483,\"image\":{\"@id\":\"https:\\\/\\\/www.rri.ro\\\/es\\\/actualidad\\\/en-portada\\\/medidas-aduaneras-id827211.html#primaryimage\"},\"thumbnailUrl\":\"https:\\\/\\\/www.rri.ro\\\/wp-content\\\/uploads\\\/2024\\\/02\\\/trafic-frontiera-control-vama-granita-sursa-foto-Politia-de-frontiera-IGPF.png\",\"keywords\":[\"Autoridad Aduanera\",\"Bulgaria\",\"cigarrillos\",\"cocaina\",\"constanza\",\"contrabando\",\"controles fronterizos\",\"dinero\",\"drogas\",\"esc\u00e1ner\",\"Hungria\",\"legalidad\",\"ley\",\"Marcel Bolos\",\"medios de comunicaci\u00f3n\",\"ministro de Hacienda\",\"Moldavia\",\"multas\",\"pasos fronterizos\",\"pistolas\",\"Polic\u00eda Rumana\",\"SERBIA\",\"sustancias dopantes\",\"tabaco\",\"tr\u00e1fico\",\"Ucrania\"],\"articleSection\":[\"En portada\"],\"inLanguage\":\"es\"},{\"@type\":\"WebPage\",\"@id\":\"https:\\\/\\\/www.rri.ro\\\/es\\\/actualidad\\\/en-portada\\\/medidas-aduaneras-id827211.html\",\"url\":\"https:\\\/\\\/www.rri.ro\\\/es\\\/actualidad\\\/en-portada\\\/medidas-aduaneras-id827211.html\",\"name\":\"Medidas aduaneras - Radio Ruman\u00eda Internacional\",\"isPartOf\":{\"@id\":\"https:\\\/\\\/www.rri.ro\\\/#website\"},\"primaryImageOfPage\":{\"@id\":\"https:\\\/\\\/www.rri.ro\\\/es\\\/actualidad\\\/en-portada\\\/medidas-aduaneras-id827211.html#primaryimage\"},\"image\":{\"@id\":\"https:\\\/\\\/www.rri.ro\\\/es\\\/actualidad\\\/en-portada\\\/medidas-aduaneras-id827211.html#primaryimage\"},\"thumbnailUrl\":\"https:\\\/\\\/www.rri.ro\\\/wp-content\\\/uploads\\\/2024\\\/02\\\/trafic-frontiera-control-vama-granita-sursa-foto-Politia-de-frontiera-IGPF.png\",\"datePublished\":\"2024-11-11T10:19:32+00:00\",\"author\":{\"@id\":\"https:\\\/\\\/www.rri.ro\\\/#\\\/schema\\\/person\\\/0ed327d40678578e6dbb840527e3ba32\"},\"breadcrumb\":{\"@id\":\"https:\\\/\\\/www.rri.ro\\\/es\\\/actualidad\\\/en-portada\\\/medidas-aduaneras-id827211.html#breadcrumb\"},\"inLanguage\":\"es\",\"potentialAction\":[{\"@type\":\"ReadAction\",\"target\":[\"https:\\\/\\\/www.rri.ro\\\/es\\\/actualidad\\\/en-portada\\\/medidas-aduaneras-id827211.html\"]}]},{\"@type\":\"ImageObject\",\"inLanguage\":\"es\",\"@id\":\"https:\\\/\\\/www.rri.ro\\\/es\\\/actualidad\\\/en-portada\\\/medidas-aduaneras-id827211.html#primaryimage\",\"url\":\"https:\\\/\\\/www.rri.ro\\\/wp-content\\\/uploads\\\/2024\\\/02\\\/trafic-frontiera-control-vama-granita-sursa-foto-Politia-de-frontiera-IGPF.png\",\"contentUrl\":\"https:\\\/\\\/www.rri.ro\\\/wp-content\\\/uploads\\\/2024\\\/02\\\/trafic-frontiera-control-vama-granita-sursa-foto-Politia-de-frontiera-IGPF.png\",\"width\":1200,\"height\":720,\"caption\":\"trafic frontiera control vama granita sursa foto Politia de frontiera IGPF\"},{\"@type\":\"BreadcrumbList\",\"@id\":\"https:\\\/\\\/www.rri.ro\\\/es\\\/actualidad\\\/en-portada\\\/medidas-aduaneras-id827211.html#breadcrumb\",\"itemListElement\":[{\"@type\":\"ListItem\",\"position\":1,\"name\":\"P\u00e1gina de inicio\",\"item\":\"https:\\\/\\\/www.rri.ro\\\/es\"},{\"@type\":\"ListItem\",\"position\":2,\"name\":\"Actualidad\",\"item\":\"https:\\\/\\\/www.rri.ro\\\/es\\\/actualidad\"},{\"@type\":\"ListItem\",\"position\":3,\"name\":\"En portada\",\"item\":\"https:\\\/\\\/www.rri.ro\\\/es\\\/actualidad\\\/en-portada\"},{\"@type\":\"ListItem\",\"position\":4,\"name\":\"Medidas aduaneras\"}]},{\"@type\":\"WebSite\",\"@id\":\"https:\\\/\\\/www.rri.ro\\\/#website\",\"url\":\"https:\\\/\\\/www.rri.ro\\\/\",\"name\":\"Radio Ruman\u00eda Internacional\",\"description\":\"Totul despre Rom\u00e2nia \u015fi rom\u00e2ni, \u00een 13 limbi\\\/dialecte!\",\"inLanguage\":\"es\"},{\"@type\":\"Person\",\"@id\":\"https:\\\/\\\/www.rri.ro\\\/#\\\/schema\\\/person\\\/0ed327d40678578e6dbb840527e3ba32\",\"name\":\"Bogdan Matei\",\"url\":\"https:\\\/\\\/www.rri.ro\\\/es\\\/author\\\/bogdan-matei\"}]}<\/script>\n<!-- \/ Yoast SEO plugin. -->","yoast_head_json":{"title":"Medidas aduaneras - Radio Ruman\u00eda Internacional","robots":{"index":"index","follow":"follow","max-snippet":"max-snippet:-1","max-image-preview":"max-image-preview:large","max-video-preview":"max-video-preview:-1"},"canonical":"https:\/\/www.rri.ro\/es\/actualidad\/en-portada\/medidas-aduaneras-id827211.html","og_locale":"es_ES","og_type":"article","og_title":"Medidas aduaneras - Radio Ruman\u00eda Internacional","og_description":"Ruman\u00eda cuenta con cuatro esc\u00e1neres operativos en las aduanas, otros cinco entrar\u00e1n en funcionamiento el mes que viene y en 2025 se colocar\u00e1n otros ocho esc\u00e1neres en las aduanas fronterizas, seg\u00fan datos facilitados por la Autoridad Aduanera rumana, a petici\u00f3n de los medios de comunicaci\u00f3n de Bucarest. Ya se han instalado los primeros esc\u00e1neres en [&hellip;]","og_url":"https:\/\/www.rri.ro\/es\/actualidad\/en-portada\/medidas-aduaneras-id827211.html","og_site_name":"Radio Ruman\u00eda Internacional","article_published_time":"2024-11-11T10:19:32+00:00","og_image":[{"width":1200,"height":720,"url":"https:\/\/www.rri.ro\/wp-content\/uploads\/2024\/02\/trafic-frontiera-control-vama-granita-sursa-foto-Politia-de-frontiera-IGPF.png","type":"image\/png"}],"author":"Bogdan Matei","twitter_card":"summary_large_image","twitter_misc":{"Escrito por":"Bogdan Matei","Tiempo de lectura":"2 minutos","Written by":"Bogdan Matei"},"schema":{"@context":"https:\/\/schema.org","@graph":[{"@type":"Article","@id":"https:\/\/www.rri.ro\/es\/actualidad\/en-portada\/medidas-aduaneras-id827211.html#article","isPartOf":{"@id":"https:\/\/www.rri.ro\/es\/actualidad\/en-portada\/medidas-aduaneras-id827211.html"},"author":{"name":"Bogdan Matei","@id":"https:\/\/www.rri.ro\/#\/schema\/person\/0ed327d40678578e6dbb840527e3ba32"},"headline":"Medidas aduaneras","datePublished":"2024-11-11T10:19:32+00:00","mainEntityOfPage":{"@id":"https:\/\/www.rri.ro\/es\/actualidad\/en-portada\/medidas-aduaneras-id827211.html"},"wordCount":483,"image":{"@id":"https:\/\/www.rri.ro\/es\/actualidad\/en-portada\/medidas-aduaneras-id827211.html#primaryimage"},"thumbnailUrl":"https:\/\/www.rri.ro\/wp-content\/uploads\/2024\/02\/trafic-frontiera-control-vama-granita-sursa-foto-Politia-de-frontiera-IGPF.png","keywords":["Autoridad Aduanera","Bulgaria","cigarrillos","cocaina","constanza","contrabando","controles fronterizos","dinero","drogas","esc\u00e1ner","Hungria","legalidad","ley","Marcel Bolos","medios de comunicaci\u00f3n","ministro de Hacienda","Moldavia","multas","pasos fronterizos","pistolas","Polic\u00eda Rumana","SERBIA","sustancias dopantes","tabaco","tr\u00e1fico","Ucrania"],"articleSection":["En portada"],"inLanguage":"es"},{"@type":"WebPage","@id":"https:\/\/www.rri.ro\/es\/actualidad\/en-portada\/medidas-aduaneras-id827211.html","url":"https:\/\/www.rri.ro\/es\/actualidad\/en-portada\/medidas-aduaneras-id827211.html","name":"Medidas aduaneras - Radio Ruman\u00eda Internacional","isPartOf":{"@id":"https:\/\/www.rri.ro\/#website"},"primaryImageOfPage":{"@id":"https:\/\/www.rri.ro\/es\/actualidad\/en-portada\/medidas-aduaneras-id827211.html#primaryimage"},"image":{"@id":"https:\/\/www.rri.ro\/es\/actualidad\/en-portada\/medidas-aduaneras-id827211.html#primaryimage"},"thumbnailUrl":"https:\/\/www.rri.ro\/wp-content\/uploads\/2024\/02\/trafic-frontiera-control-vama-granita-sursa-foto-Politia-de-frontiera-IGPF.png","datePublished":"2024-11-11T10:19:32+00:00","author":{"@id":"https:\/\/www.rri.ro\/#\/schema\/person\/0ed327d40678578e6dbb840527e3ba32"},"breadcrumb":{"@id":"https:\/\/www.rri.ro\/es\/actualidad\/en-portada\/medidas-aduaneras-id827211.html#breadcrumb"},"inLanguage":"es","potentialAction":[{"@type":"ReadAction","target":["https:\/\/www.rri.ro\/es\/actualidad\/en-portada\/medidas-aduaneras-id827211.html"]}]},{"@type":"ImageObject","inLanguage":"es","@id":"https:\/\/www.rri.ro\/es\/actualidad\/en-portada\/medidas-aduaneras-id827211.html#primaryimage","url":"https:\/\/www.rri.ro\/wp-content\/uploads\/2024\/02\/trafic-frontiera-control-vama-granita-sursa-foto-Politia-de-frontiera-IGPF.png","contentUrl":"https:\/\/www.rri.ro\/wp-content\/uploads\/2024\/02\/trafic-frontiera-control-vama-granita-sursa-foto-Politia-de-frontiera-IGPF.png","width":1200,"height":720,"caption":"trafic frontiera control vama granita sursa foto Politia de frontiera IGPF"},{"@type":"BreadcrumbList","@id":"https:\/\/www.rri.ro\/es\/actualidad\/en-portada\/medidas-aduaneras-id827211.html#breadcrumb","itemListElement":[{"@type":"ListItem","position":1,"name":"P\u00e1gina de inicio","item":"https:\/\/www.rri.ro\/es"},{"@type":"ListItem","position":2,"name":"Actualidad","item":"https:\/\/www.rri.ro\/es\/actualidad"},{"@type":"ListItem","position":3,"name":"En portada","item":"https:\/\/www.rri.ro\/es\/actualidad\/en-portada"},{"@type":"ListItem","position":4,"name":"Medidas aduaneras"}]},{"@type":"WebSite","@id":"https:\/\/www.rri.ro\/#website","url":"https:\/\/www.rri.ro\/","name":"Radio Ruman\u00eda Internacional","description":"Totul despre Rom\u00e2nia \u015fi rom\u00e2ni, \u00een 13 limbi\/dialecte!","inLanguage":"es"},{"@type":"Person","@id":"https:\/\/www.rri.ro\/#\/schema\/person\/0ed327d40678578e6dbb840527e3ba32","name":"Bogdan Matei","url":"https:\/\/www.rri.ro\/es\/author\/bogdan-matei"}]}},"_links":{"self":[{"href":"https:\/\/www.rri.ro\/es\/wp-json\/wp\/v2\/posts\/827211","targetHints":{"allow":["GET"]}}],"collection":[{"href":"https:\/\/www.rri.ro\/es\/wp-json\/wp\/v2\/posts"}],"about":[{"href":"https:\/\/www.rri.ro\/es\/wp-json\/wp\/v2\/types\/post"}],"author":[{"embeddable":true,"href":"https:\/\/www.rri.ro\/es\/wp-json\/wp\/v2\/users\/105"}],"replies":[{"embeddable":true,"href":"https:\/\/www.rri.ro\/es\/wp-json\/wp\/v2\/comments?post=827211"}],"version-history":[{"count":0,"href":"https:\/\/www.rri.ro\/es\/wp-json\/wp\/v2\/posts\/827211\/revisions"}],"wp:featuredmedia":[{"embeddable":true,"href":"https:\/\/www.rri.ro\/es\/wp-json\/wp\/v2\/media\/668437"}],"wp:attachment":[{"href":"https:\/\/www.rri.ro\/es\/wp-json\/wp\/v2\/media?parent=827211"}],"wp:term":[{"taxonomy":"category","embeddable":true,"href":"https:\/\/www.rri.ro\/es\/wp-json\/wp\/v2\/categories?post=827211"},{"taxonomy":"post_tag","embeddable":true,"href":"https:\/\/www.rri.ro\/es\/wp-json\/wp\/v2\/tags?post=827211"},{"taxonomy":"author","embeddable":true,"href":"https:\/\/www.rri.ro\/es\/wp-json\/wp\/v2\/coauthors?post=827211"}],"curies":[{"name":"wp","href":"https:\/\/api.w.org\/{rel}","templated":true}]}}