{"id":858188,"date":"2025-02-04T12:12:14","date_gmt":"2025-02-04T10:12:14","guid":{"rendered":"https:\/\/www.rri.ro\/?p=858188"},"modified":"2025-02-04T12:12:14","modified_gmt":"2025-02-04T10:12:14","slug":"ue-mas-gasto-en-defensa","status":"publish","type":"post","link":"https:\/\/www.rri.ro\/es\/actualidad\/en-portada\/ue-mas-gasto-en-defensa-id858188.html","title":{"rendered":"UE: m\u00e1s gasto en defensa"},"content":{"rendered":"<p>Con una guerra que amenaza con prolongarse en sus fronteras y un jefe de la Casa Blanca del que algunos dicen que es imprevisible, otros que es un negociador, y la mayor\u00eda sostiene que ambas cosas, la Uni\u00f3n Europea no puede permitirse el lujo de situar las cuestiones de defensa y seguridad com\u00fan al final de la agenda.<\/p>\n<p>Los l\u00edderes de la UE se reunieron en Bruselas en un encuentro informal dedicado precisamente a este tema. Insistieron no solo en aumentar los presupuestos de defensa de los Estados miembros, sino tambi\u00e9n en financiar proyectos conjuntos con fondos de la UE. La financiaci\u00f3n y la colaboraci\u00f3n a nivel de la UE podr\u00edan contrarrestar las limitaciones presupuestarias que actualmente impiden a algunos Estados miembros gastar m\u00e1s en defensa. De este modo, podr\u00edan eliminarse las diferencias en la producci\u00f3n de la industria de defensa, de modo que lo que se produzca en la Uni\u00f3n Europea, es decir, equipos y municiones, pueda utilizarse en todos los Estados miembros.<\/p>\n<p>Presente en las conversaciones, el presidente rumano Klaus Iohannis subray\u00f3 que, en todo este debate, es muy importante no perder de vista la pertenencia a la OTAN de muchos de los Estados miembros de la UE. Ruman\u00eda, insisti\u00f3, no acepta la idea de una defensa europea separada o paralela a lo que se hace en la OTAN, porque esta situaci\u00f3n no podr\u00eda funcionar. La cooperaci\u00f3n de la UE en materia de defensa no debe solaparse con el papel de la OTAN, que se considera el principal actor en la seguridad transatl\u00e1ntica, seg\u00fan la mayor\u00eda de los dirigentes de la UE.<\/p>\n<p>El secretario general de la OTAN, Mark Rutte, afirm\u00f3 que, sean cuales sean las soluciones, la industria europea de defensa debe crecer y que la principal soluci\u00f3n es aumentar los presupuestos. <em>\u00abAhora mismo estamos evaluando las lagunas que tenemos en la defensa europea, viendo d\u00f3nde estamos y hacia d\u00f3nde debemos ir, y a partir de ah\u00ed fijaremos objetivos. Tambi\u00e9n decidiremos cu\u00e1nto deben gastar los aliados en defensa, pero ser\u00e1 mucho m\u00e1s del 2% del PIB\u00bb<\/em>, afirm\u00f3 Mark Rutte.<\/p>\n<p>En materia de contrataci\u00f3n p\u00fablica, el presidente de Francia, Emmanuel Macron, ha sido el \u00fanico que ha hablado de contrataci\u00f3n exclusiva o prioritaria de la Uni\u00f3n Europea. Se trata de una postura que excluir\u00eda en el futuro a gran parte de los proveedores estadounidenses, de ah\u00ed las reticencias de los Estados miembros que no quieren tensar las relaciones con Estados Unidos, especialmente en la actual situaci\u00f3n de inseguridad mundial, se\u00f1ala el corresponsal de la cadena p\u00fablica en Bruselas.<\/p>\n<p>Estados Unidos es aliado de la OTAN y hasta ahora ha asumido la mayor parte de la carga que supone el equipamiento de defensa de la Alianza. El secretario general de la OTAN, Mark Rutte, ha sugerido que los aliados europeos asuman cada vez m\u00e1s parte de la carga, no solo en t\u00e9rminos de gasto en la OTAN, sino tambi\u00e9n en ayuda a Ucrania.<\/p>\n<p>En el encuentro con la prensa nacional, el presidente Klaus Iohannis record\u00f3 que, a pesar del gran d\u00e9ficit del a\u00f1o pasado, Ruman\u00eda ha tenido un importante crecimiento econ\u00f3mico, y en este contexto se aument\u00f3 el presupuesto de defensa hasta el 2,5% del PIB, un ejemplo a seguir para el resto de los pa\u00edses de la UE.<\/p>\n<p>Versi\u00f3n en espa\u00f1ol: Antonio Madrid<\/p>\n","protected":false},"excerpt":{"rendered":"<p>Con una guerra que amenaza con prolongarse en sus fronteras y un jefe de la Casa Blanca del que algunos dicen que es imprevisible, otros que es un negociador, y la mayor\u00eda sostiene que ambas cosas, la Uni\u00f3n Europea no puede permitirse el lujo de situar las cuestiones de defensa y seguridad com\u00fan al final [&hellip;]<\/p>\n","protected":false},"author":110,"featured_media":819132,"comment_status":"closed","ping_status":"closed","sticky":false,"template":"","format":"standard","meta":{"_acf_changed":false,"footnotes":""},"categories":[23],"tags":[49269,147296,144439,136919,48957,49134,148019,162874,150504,146357,134233,156573,148503,162879,162876,132346,48989,162877,147393,162875,162878,48949,162880,48962,138100],"coauthors":[113257],"class_list":["post-858188","post","type-post","status-publish","format-standard","has-post-thumbnail","hentry","category-en-portada","tag-bruselas","tag-casa-blanca","tag-contratacion-publica","tag-cooperacion","tag-crecimiento-economico","tag-defensa","tag-donald-trump-es","tag-el-presidente-de-francia","tag-emmanuel-macron-es","tag-estados-miembros","tag-estados-unidos","tag-fondos-de-la-ue","tag-gasto","tag-industria-de-defensa","tag-lideres-de-la-ue","tag-militar-es","tag-otan","tag-papel-de-la-otan","tag-presidente-klaus-iohannis-es","tag-presupuesto-de-defensa","tag-presupuestos-de-defensa","tag-rumania","tag-seguridad-transatlantica","tag-ucrania","tag-union-europea"],"acf":[],"yoast_head":"<!-- This site is optimized with the Yoast SEO plugin v27.3 - https:\/\/yoast.com\/product\/yoast-seo-wordpress\/ -->\n<title>UE: m\u00e1s gasto en defensa - Radio Ruman\u00eda Internacional<\/title>\n<meta name=\"robots\" content=\"index, follow, max-snippet:-1, max-image-preview:large, max-video-preview:-1\" \/>\n<link rel=\"canonical\" href=\"https:\/\/www.rri.ro\/es\/actualidad\/en-portada\/ue-mas-gasto-en-defensa-id858188.html\" \/>\n<meta property=\"og:locale\" content=\"es_ES\" \/>\n<meta property=\"og:type\" content=\"article\" \/>\n<meta property=\"og:title\" content=\"UE: m\u00e1s gasto en defensa - Radio Ruman\u00eda Internacional\" \/>\n<meta property=\"og:description\" content=\"Con una guerra que amenaza con prolongarse en sus fronteras y un jefe de la Casa Blanca del que algunos dicen que es imprevisible, otros que es un negociador, y la mayor\u00eda sostiene que ambas cosas, la Uni\u00f3n Europea no puede permitirse el lujo de situar las cuestiones de defensa y seguridad com\u00fan al final [&hellip;]\" \/>\n<meta property=\"og:url\" content=\"https:\/\/www.rri.ro\/es\/actualidad\/en-portada\/ue-mas-gasto-en-defensa-id858188.html\" \/>\n<meta property=\"og:site_name\" content=\"Radio Ruman\u00eda Internacional\" \/>\n<meta property=\"article:published_time\" content=\"2025-02-04T10:12:14+00:00\" \/>\n<meta property=\"og:image\" content=\"https:\/\/www.rri.ro\/wp-content\/uploads\/2024\/10\/steag-UE-europa-consiliul-european-foto-Copyrigh-European-Union.jpg\" \/>\n\t<meta property=\"og:image:width\" content=\"960\" \/>\n\t<meta property=\"og:image:height\" content=\"540\" \/>\n\t<meta property=\"og:image:type\" content=\"image\/jpeg\" \/>\n<meta name=\"author\" content=\"\u015etefan Stoica\" \/>\n<meta name=\"twitter:card\" content=\"summary_large_image\" \/>\n<meta name=\"twitter:label1\" content=\"Escrito por\" \/>\n\t<meta name=\"twitter:data1\" content=\"\u015etefan Stoica\" \/>\n\t<meta name=\"twitter:label2\" content=\"Tiempo de lectura\" \/>\n\t<meta name=\"twitter:data2\" content=\"3 minutos\" \/>\n\t<meta name=\"twitter:label3\" content=\"Written by\" \/>\n\t<meta name=\"twitter:data3\" content=\"\u015etefan Stoica\" \/>\n<script type=\"application\/ld+json\" class=\"yoast-schema-graph\">{\"@context\":\"https:\\\/\\\/schema.org\",\"@graph\":[{\"@type\":\"Article\",\"@id\":\"https:\\\/\\\/www.rri.ro\\\/es\\\/actualidad\\\/en-portada\\\/ue-mas-gasto-en-defensa-id858188.html#article\",\"isPartOf\":{\"@id\":\"https:\\\/\\\/www.rri.ro\\\/es\\\/actualidad\\\/en-portada\\\/ue-mas-gasto-en-defensa-id858188.html\"},\"author\":{\"name\":\"\u015etefan Stoica\",\"@id\":\"https:\\\/\\\/www.rri.ro\\\/#\\\/schema\\\/person\\\/2d81d5dc94d44190d13245f64551d334\"},\"headline\":\"UE: m\u00e1s gasto en defensa\",\"datePublished\":\"2025-02-04T10:12:14+00:00\",\"mainEntityOfPage\":{\"@id\":\"https:\\\/\\\/www.rri.ro\\\/es\\\/actualidad\\\/en-portada\\\/ue-mas-gasto-en-defensa-id858188.html\"},\"wordCount\":592,\"image\":{\"@id\":\"https:\\\/\\\/www.rri.ro\\\/es\\\/actualidad\\\/en-portada\\\/ue-mas-gasto-en-defensa-id858188.html#primaryimage\"},\"thumbnailUrl\":\"https:\\\/\\\/www.rri.ro\\\/wp-content\\\/uploads\\\/2024\\\/10\\\/steag-UE-europa-consiliul-european-foto-Copyrigh-European-Union.jpg\",\"keywords\":[\"Bruselas\",\"Casa Blanca\",\"contrataci\u00f3n p\u00fablica\",\"cooperaci\u00f3n\",\"crecimiento econ\u00f3mico\",\"defensa\",\"Donald Trump\",\"el presidente de Francia\",\"Emmanuel Macron\",\"Estados miembros\",\"Estados Unidos\",\"fondos de la UE\",\"gasto\",\"industria de defensa\",\"l\u00edderes de la UE\",\"militar\",\"OTAN\",\"papel de la OTAN\",\"presidente Klaus Iohannis\",\"presupuesto de defensa\",\"presupuestos de defensa\",\"Rumania\",\"seguridad transatl\u00e1ntica\",\"Ucrania\",\"Uni\u00f3n Europea\"],\"articleSection\":[\"En portada\"],\"inLanguage\":\"es\"},{\"@type\":\"WebPage\",\"@id\":\"https:\\\/\\\/www.rri.ro\\\/es\\\/actualidad\\\/en-portada\\\/ue-mas-gasto-en-defensa-id858188.html\",\"url\":\"https:\\\/\\\/www.rri.ro\\\/es\\\/actualidad\\\/en-portada\\\/ue-mas-gasto-en-defensa-id858188.html\",\"name\":\"UE: m\u00e1s gasto en defensa - Radio Ruman\u00eda Internacional\",\"isPartOf\":{\"@id\":\"https:\\\/\\\/www.rri.ro\\\/#website\"},\"primaryImageOfPage\":{\"@id\":\"https:\\\/\\\/www.rri.ro\\\/es\\\/actualidad\\\/en-portada\\\/ue-mas-gasto-en-defensa-id858188.html#primaryimage\"},\"image\":{\"@id\":\"https:\\\/\\\/www.rri.ro\\\/es\\\/actualidad\\\/en-portada\\\/ue-mas-gasto-en-defensa-id858188.html#primaryimage\"},\"thumbnailUrl\":\"https:\\\/\\\/www.rri.ro\\\/wp-content\\\/uploads\\\/2024\\\/10\\\/steag-UE-europa-consiliul-european-foto-Copyrigh-European-Union.jpg\",\"datePublished\":\"2025-02-04T10:12:14+00:00\",\"author\":{\"@id\":\"https:\\\/\\\/www.rri.ro\\\/#\\\/schema\\\/person\\\/2d81d5dc94d44190d13245f64551d334\"},\"breadcrumb\":{\"@id\":\"https:\\\/\\\/www.rri.ro\\\/es\\\/actualidad\\\/en-portada\\\/ue-mas-gasto-en-defensa-id858188.html#breadcrumb\"},\"inLanguage\":\"es\",\"potentialAction\":[{\"@type\":\"ReadAction\",\"target\":[\"https:\\\/\\\/www.rri.ro\\\/es\\\/actualidad\\\/en-portada\\\/ue-mas-gasto-en-defensa-id858188.html\"]}]},{\"@type\":\"ImageObject\",\"inLanguage\":\"es\",\"@id\":\"https:\\\/\\\/www.rri.ro\\\/es\\\/actualidad\\\/en-portada\\\/ue-mas-gasto-en-defensa-id858188.html#primaryimage\",\"url\":\"https:\\\/\\\/www.rri.ro\\\/wp-content\\\/uploads\\\/2024\\\/10\\\/steag-UE-europa-consiliul-european-foto-Copyrigh-European-Union.jpg\",\"contentUrl\":\"https:\\\/\\\/www.rri.ro\\\/wp-content\\\/uploads\\\/2024\\\/10\\\/steag-UE-europa-consiliul-european-foto-Copyrigh-European-Union.jpg\",\"width\":960,\"height\":540,\"caption\":\"foto: Copyright European Union\"},{\"@type\":\"BreadcrumbList\",\"@id\":\"https:\\\/\\\/www.rri.ro\\\/es\\\/actualidad\\\/en-portada\\\/ue-mas-gasto-en-defensa-id858188.html#breadcrumb\",\"itemListElement\":[{\"@type\":\"ListItem\",\"position\":1,\"name\":\"P\u00e1gina de inicio\",\"item\":\"https:\\\/\\\/www.rri.ro\\\/es\"},{\"@type\":\"ListItem\",\"position\":2,\"name\":\"Actualidad\",\"item\":\"https:\\\/\\\/www.rri.ro\\\/es\\\/actualidad\"},{\"@type\":\"ListItem\",\"position\":3,\"name\":\"En portada\",\"item\":\"https:\\\/\\\/www.rri.ro\\\/es\\\/actualidad\\\/en-portada\"},{\"@type\":\"ListItem\",\"position\":4,\"name\":\"UE: m\u00e1s gasto en defensa\"}]},{\"@type\":\"WebSite\",\"@id\":\"https:\\\/\\\/www.rri.ro\\\/#website\",\"url\":\"https:\\\/\\\/www.rri.ro\\\/\",\"name\":\"Radio Ruman\u00eda Internacional\",\"description\":\"Totul despre Rom\u00e2nia \u015fi rom\u00e2ni, \u00een 13 limbi\\\/dialecte!\",\"inLanguage\":\"es\"},{\"@type\":\"Person\",\"@id\":\"https:\\\/\\\/www.rri.ro\\\/#\\\/schema\\\/person\\\/2d81d5dc94d44190d13245f64551d334\",\"name\":\"\u015etefan Stoica\",\"url\":\"https:\\\/\\\/www.rri.ro\\\/es\\\/author\\\/stefan-stoica\"}]}<\/script>\n<!-- \/ Yoast SEO plugin. -->","yoast_head_json":{"title":"UE: m\u00e1s gasto en defensa - Radio Ruman\u00eda Internacional","robots":{"index":"index","follow":"follow","max-snippet":"max-snippet:-1","max-image-preview":"max-image-preview:large","max-video-preview":"max-video-preview:-1"},"canonical":"https:\/\/www.rri.ro\/es\/actualidad\/en-portada\/ue-mas-gasto-en-defensa-id858188.html","og_locale":"es_ES","og_type":"article","og_title":"UE: m\u00e1s gasto en defensa - Radio Ruman\u00eda Internacional","og_description":"Con una guerra que amenaza con prolongarse en sus fronteras y un jefe de la Casa Blanca del que algunos dicen que es imprevisible, otros que es un negociador, y la mayor\u00eda sostiene que ambas cosas, la Uni\u00f3n Europea no puede permitirse el lujo de situar las cuestiones de defensa y seguridad com\u00fan al final [&hellip;]","og_url":"https:\/\/www.rri.ro\/es\/actualidad\/en-portada\/ue-mas-gasto-en-defensa-id858188.html","og_site_name":"Radio Ruman\u00eda Internacional","article_published_time":"2025-02-04T10:12:14+00:00","og_image":[{"width":960,"height":540,"url":"https:\/\/www.rri.ro\/wp-content\/uploads\/2024\/10\/steag-UE-europa-consiliul-european-foto-Copyrigh-European-Union.jpg","type":"image\/jpeg"}],"author":"\u015etefan Stoica","twitter_card":"summary_large_image","twitter_misc":{"Escrito por":"\u015etefan Stoica","Tiempo de lectura":"3 minutos","Written by":"\u015etefan Stoica"},"schema":{"@context":"https:\/\/schema.org","@graph":[{"@type":"Article","@id":"https:\/\/www.rri.ro\/es\/actualidad\/en-portada\/ue-mas-gasto-en-defensa-id858188.html#article","isPartOf":{"@id":"https:\/\/www.rri.ro\/es\/actualidad\/en-portada\/ue-mas-gasto-en-defensa-id858188.html"},"author":{"name":"\u015etefan Stoica","@id":"https:\/\/www.rri.ro\/#\/schema\/person\/2d81d5dc94d44190d13245f64551d334"},"headline":"UE: m\u00e1s gasto en defensa","datePublished":"2025-02-04T10:12:14+00:00","mainEntityOfPage":{"@id":"https:\/\/www.rri.ro\/es\/actualidad\/en-portada\/ue-mas-gasto-en-defensa-id858188.html"},"wordCount":592,"image":{"@id":"https:\/\/www.rri.ro\/es\/actualidad\/en-portada\/ue-mas-gasto-en-defensa-id858188.html#primaryimage"},"thumbnailUrl":"https:\/\/www.rri.ro\/wp-content\/uploads\/2024\/10\/steag-UE-europa-consiliul-european-foto-Copyrigh-European-Union.jpg","keywords":["Bruselas","Casa Blanca","contrataci\u00f3n p\u00fablica","cooperaci\u00f3n","crecimiento econ\u00f3mico","defensa","Donald Trump","el presidente de Francia","Emmanuel Macron","Estados miembros","Estados Unidos","fondos de la UE","gasto","industria de defensa","l\u00edderes de la UE","militar","OTAN","papel de la OTAN","presidente Klaus Iohannis","presupuesto de defensa","presupuestos de defensa","Rumania","seguridad transatl\u00e1ntica","Ucrania","Uni\u00f3n Europea"],"articleSection":["En portada"],"inLanguage":"es"},{"@type":"WebPage","@id":"https:\/\/www.rri.ro\/es\/actualidad\/en-portada\/ue-mas-gasto-en-defensa-id858188.html","url":"https:\/\/www.rri.ro\/es\/actualidad\/en-portada\/ue-mas-gasto-en-defensa-id858188.html","name":"UE: m\u00e1s gasto en defensa - Radio Ruman\u00eda Internacional","isPartOf":{"@id":"https:\/\/www.rri.ro\/#website"},"primaryImageOfPage":{"@id":"https:\/\/www.rri.ro\/es\/actualidad\/en-portada\/ue-mas-gasto-en-defensa-id858188.html#primaryimage"},"image":{"@id":"https:\/\/www.rri.ro\/es\/actualidad\/en-portada\/ue-mas-gasto-en-defensa-id858188.html#primaryimage"},"thumbnailUrl":"https:\/\/www.rri.ro\/wp-content\/uploads\/2024\/10\/steag-UE-europa-consiliul-european-foto-Copyrigh-European-Union.jpg","datePublished":"2025-02-04T10:12:14+00:00","author":{"@id":"https:\/\/www.rri.ro\/#\/schema\/person\/2d81d5dc94d44190d13245f64551d334"},"breadcrumb":{"@id":"https:\/\/www.rri.ro\/es\/actualidad\/en-portada\/ue-mas-gasto-en-defensa-id858188.html#breadcrumb"},"inLanguage":"es","potentialAction":[{"@type":"ReadAction","target":["https:\/\/www.rri.ro\/es\/actualidad\/en-portada\/ue-mas-gasto-en-defensa-id858188.html"]}]},{"@type":"ImageObject","inLanguage":"es","@id":"https:\/\/www.rri.ro\/es\/actualidad\/en-portada\/ue-mas-gasto-en-defensa-id858188.html#primaryimage","url":"https:\/\/www.rri.ro\/wp-content\/uploads\/2024\/10\/steag-UE-europa-consiliul-european-foto-Copyrigh-European-Union.jpg","contentUrl":"https:\/\/www.rri.ro\/wp-content\/uploads\/2024\/10\/steag-UE-europa-consiliul-european-foto-Copyrigh-European-Union.jpg","width":960,"height":540,"caption":"foto: Copyright European Union"},{"@type":"BreadcrumbList","@id":"https:\/\/www.rri.ro\/es\/actualidad\/en-portada\/ue-mas-gasto-en-defensa-id858188.html#breadcrumb","itemListElement":[{"@type":"ListItem","position":1,"name":"P\u00e1gina de inicio","item":"https:\/\/www.rri.ro\/es"},{"@type":"ListItem","position":2,"name":"Actualidad","item":"https:\/\/www.rri.ro\/es\/actualidad"},{"@type":"ListItem","position":3,"name":"En portada","item":"https:\/\/www.rri.ro\/es\/actualidad\/en-portada"},{"@type":"ListItem","position":4,"name":"UE: m\u00e1s gasto en defensa"}]},{"@type":"WebSite","@id":"https:\/\/www.rri.ro\/#website","url":"https:\/\/www.rri.ro\/","name":"Radio Ruman\u00eda Internacional","description":"Totul despre Rom\u00e2nia \u015fi rom\u00e2ni, \u00een 13 limbi\/dialecte!","inLanguage":"es"},{"@type":"Person","@id":"https:\/\/www.rri.ro\/#\/schema\/person\/2d81d5dc94d44190d13245f64551d334","name":"\u015etefan Stoica","url":"https:\/\/www.rri.ro\/es\/author\/stefan-stoica"}]}},"_links":{"self":[{"href":"https:\/\/www.rri.ro\/es\/wp-json\/wp\/v2\/posts\/858188","targetHints":{"allow":["GET"]}}],"collection":[{"href":"https:\/\/www.rri.ro\/es\/wp-json\/wp\/v2\/posts"}],"about":[{"href":"https:\/\/www.rri.ro\/es\/wp-json\/wp\/v2\/types\/post"}],"author":[{"embeddable":true,"href":"https:\/\/www.rri.ro\/es\/wp-json\/wp\/v2\/users\/110"}],"replies":[{"embeddable":true,"href":"https:\/\/www.rri.ro\/es\/wp-json\/wp\/v2\/comments?post=858188"}],"version-history":[{"count":0,"href":"https:\/\/www.rri.ro\/es\/wp-json\/wp\/v2\/posts\/858188\/revisions"}],"wp:featuredmedia":[{"embeddable":true,"href":"https:\/\/www.rri.ro\/es\/wp-json\/wp\/v2\/media\/819132"}],"wp:attachment":[{"href":"https:\/\/www.rri.ro\/es\/wp-json\/wp\/v2\/media?parent=858188"}],"wp:term":[{"taxonomy":"category","embeddable":true,"href":"https:\/\/www.rri.ro\/es\/wp-json\/wp\/v2\/categories?post=858188"},{"taxonomy":"post_tag","embeddable":true,"href":"https:\/\/www.rri.ro\/es\/wp-json\/wp\/v2\/tags?post=858188"},{"taxonomy":"author","embeddable":true,"href":"https:\/\/www.rri.ro\/es\/wp-json\/wp\/v2\/coauthors?post=858188"}],"curies":[{"name":"wp","href":"https:\/\/api.w.org\/{rel}","templated":true}]}}