{"id":861286,"date":"2025-02-12T17:20:40","date_gmt":"2025-02-12T15:20:40","guid":{"rendered":"https:\/\/www.rri.ro\/?p=861286"},"modified":"2025-09-04T19:58:03","modified_gmt":"2025-09-04T16:58:03","slug":"073-rumaniando-en-la-radio","status":"publish","type":"post","link":"https:\/\/www.rri.ro\/es\/cronica-semanal\/rumaniando-en-la-radio\/073-rumaniando-en-la-radio-id861286.html","title":{"rendered":"073 Rumaniando en la Radio"},"content":{"rendered":"<p><span style=\"font-family: arial, helvetica, sans-serif;\">Via Transilvanica est\u00e1 dividida en siete regiones: anteriormente ya hemos completado del recorrido de la regi\u00f3n de Bucovina, y en el \u00faltimo cap\u00edtulo de esta serie dedicada a la regi\u00f3n del Altiplano ya hemos podido visitar hasta la ciudad de Bistrita.<\/span><\/p>\n<p><span style=\"font-family: arial, helvetica, sans-serif;\">Hoy vamos a recorrer a trave\u00e9s de las ondas de la radio el tramo que separa a esta ciudad hasta Gledin, y nos vamos acercando al final de la ruta del Altiplano, que luego dar\u00e1 paso a la regi\u00f3n Terra Siculorum.<\/span><\/p>\n<p><iframe loading=\"lazy\" src=\"https:\/\/w.soundcloud.com\/player\/?url=https%3A\/\/api.soundcloud.com\/tracks\/2032545796&amp;color=%23ff5500&amp;auto_play=false&amp;hide_related=false&amp;show_comments=true&amp;show_user=true&amp;show_reposts=false&amp;show_teaser=true\" width=\"100%\" height=\"166\" frameborder=\"no\" scrolling=\"no\"><\/iframe><\/p>\n<div style=\"font-size: 10px; color: #cccccc; line-break: anywhere; word-break: normal; overflow: hidden; white-space: nowrap; text-overflow: ellipsis; font-family: Interstate,Lucida Grande,Lucida Sans Unicode,Lucida Sans,Garuda,Verdana,Tahoma,sans-serif; font-weight: 100;\"><a style=\"color: #cccccc; text-decoration: none;\" title=\"RadioRomaniaInternational\" href=\"https:\/\/soundcloud.com\/radioromaniainternational\" target=\"_blank\" rel=\"noopener\">RadioRomaniaInternational<\/a> \u00b7 <a style=\"color: #cccccc; text-decoration: none;\" title=\"073 RUM 12.02.2025\" href=\"https:\/\/soundcloud.com\/radioromaniainternational\/073-rum-12-02-2025\" target=\"_blank\" rel=\"noopener\">073 RUM 12.02.2025<\/a><\/div>\n<p>&nbsp;<\/p>\n","protected":false},"excerpt":{"rendered":"<p>Via Transilvanica est\u00e1 dividida en siete regiones: anteriormente ya hemos completado del recorrido de la regi\u00f3n de Bucovina, y en el \u00faltimo cap\u00edtulo de esta serie dedicada a la regi\u00f3n del Altiplano ya hemos podido visitar hasta la ciudad de Bistrita. Hoy vamos a recorrer a trave\u00e9s de las ondas de la radio el tramo [&hellip;]<\/p>\n","protected":false},"author":99,"featured_media":562387,"comment_status":"closed","ping_status":"closed","sticky":false,"template":"","format":"audio","meta":{"_acf_changed":false,"footnotes":""},"categories":[112449],"tags":[163552,161259,163549,133797,163551,48968,148975,163543,152906,163539,163550,163554,163546,163536,163538,133793,163542,163545,148449,139540,163555,157457,163556,163547,154344,143250,163541,163540,163537,163553,144335,163548,163544,148974],"coauthors":[114929],"class_list":["post-861286","post","type-post","status-publish","format-audio","has-post-thumbnail","hentry","category-rumaniando-en-la-radio","tag-bistrita-bargaului","tag-bistrita-nasaud-es","tag-bosque-de-tierras-bajas","tag-bucovina-es","tag-chalet-de-dealu-negru","tag-danubio","tag-drobeta-turnu-severin-es","tag-gledin","tag-gorj-es","tag-haller-borbala","tag-iglesia-evangelica","tag-ilva-mare","tag-jeica","tag-laleaua","tag-laleaua-pestrita","tag-maramures-es","tag-monor","tag-montanas-calimani","tag-nicolae-ceausescu-es","tag-putna-es","tag-region-de-bucovina","tag-region-del-altiplano","tag-region-terra-siculorum","tag-sava-negrean-brudascu","tag-securitate-es","tag-serbia-es","tag-somcuta-mare","tag-teleki-ferenc","tag-teleki-pal","tag-terra-siculorum","tag-timis-es","tag-tulipan-abigarrado","tag-valea-lutului","tag-via-transilvanica-es","post_format-post-format-audio"],"acf":[],"yoast_head":"<!-- This site is optimized with the Yoast SEO plugin v27.5 - https:\/\/yoast.com\/product\/yoast-seo-wordpress\/ -->\n<title>073 Rumaniando en la Radio - Radio Ruman\u00eda Internacional<\/title>\n<meta name=\"robots\" content=\"index, follow, max-snippet:-1, max-image-preview:large, max-video-preview:-1\" \/>\n<link rel=\"canonical\" href=\"https:\/\/www.rri.ro\/es\/cronica-semanal\/rumaniando-en-la-radio\/073-rumaniando-en-la-radio-id861286.html\" \/>\n<meta property=\"og:locale\" content=\"es_ES\" \/>\n<meta property=\"og:type\" content=\"article\" \/>\n<meta property=\"og:title\" content=\"073 Rumaniando en la Radio - Radio Ruman\u00eda Internacional\" \/>\n<meta property=\"og:description\" content=\"Via Transilvanica est\u00e1 dividida en siete regiones: anteriormente ya hemos completado del recorrido de la regi\u00f3n de Bucovina, y en el \u00faltimo cap\u00edtulo de esta serie dedicada a la regi\u00f3n del Altiplano ya hemos podido visitar hasta la ciudad de Bistrita. Hoy vamos a recorrer a trave\u00e9s de las ondas de la radio el tramo [&hellip;]\" \/>\n<meta property=\"og:url\" content=\"https:\/\/www.rri.ro\/es\/cronica-semanal\/rumaniando-en-la-radio\/073-rumaniando-en-la-radio-id861286.html\" \/>\n<meta property=\"og:site_name\" content=\"Radio Ruman\u00eda Internacional\" \/>\n<meta property=\"article:published_time\" content=\"2025-02-12T15:20:40+00:00\" \/>\n<meta property=\"article:modified_time\" content=\"2025-09-04T16:58:03+00:00\" \/>\n<meta property=\"og:image\" content=\"https:\/\/www.rri.ro\/wp-content\/uploads\/2023\/10\/rumaniando-en-la-radio.jpg\" \/>\n\t<meta property=\"og:image:width\" content=\"640\" \/>\n\t<meta property=\"og:image:height\" content=\"401\" \/>\n\t<meta property=\"og:image:type\" content=\"image\/jpeg\" \/>\n<meta name=\"author\" content=\"Antonio Madrid\" \/>\n<meta name=\"twitter:card\" content=\"summary_large_image\" \/>\n<meta name=\"twitter:label1\" content=\"Escrito por\" \/>\n\t<meta name=\"twitter:data1\" content=\"Antonio Madrid\" \/>\n\t<meta name=\"twitter:label2\" content=\"Written by\" \/>\n\t<meta name=\"twitter:data2\" content=\"Antonio Madrid\" \/>\n<script type=\"application\/ld+json\" class=\"yoast-schema-graph\">{\"@context\":\"https:\\\/\\\/schema.org\",\"@graph\":[{\"@type\":\"Article\",\"@id\":\"https:\\\/\\\/www.rri.ro\\\/es\\\/cronica-semanal\\\/rumaniando-en-la-radio\\\/073-rumaniando-en-la-radio-id861286.html#article\",\"isPartOf\":{\"@id\":\"https:\\\/\\\/www.rri.ro\\\/es\\\/cronica-semanal\\\/rumaniando-en-la-radio\\\/073-rumaniando-en-la-radio-id861286.html\"},\"author\":{\"name\":\"Antonio Madrid\",\"@id\":\"https:\\\/\\\/www.rri.ro\\\/#\\\/schema\\\/person\\\/42648fab0d4c496576143af628fee3bb\"},\"headline\":\"073 Rumaniando en la Radio\",\"datePublished\":\"2025-02-12T15:20:40+00:00\",\"dateModified\":\"2025-09-04T16:58:03+00:00\",\"mainEntityOfPage\":{\"@id\":\"https:\\\/\\\/www.rri.ro\\\/es\\\/cronica-semanal\\\/rumaniando-en-la-radio\\\/073-rumaniando-en-la-radio-id861286.html\"},\"wordCount\":94,\"image\":{\"@id\":\"https:\\\/\\\/www.rri.ro\\\/es\\\/cronica-semanal\\\/rumaniando-en-la-radio\\\/073-rumaniando-en-la-radio-id861286.html#primaryimage\"},\"thumbnailUrl\":\"https:\\\/\\\/www.rri.ro\\\/wp-content\\\/uploads\\\/2023\\\/10\\\/rumaniando-en-la-radio.jpg\",\"keywords\":[\"Bistrita Bargaului\",\"Bistrita Nasaud\",\"Bosque de Tierras Bajas\",\"Bucovina\",\"chalet de Dealu\u2019 Negru\",\"Danubio\",\"Drobeta Turnu Severin\",\"Gledin\",\"Gorj\",\"Haller Borb\u00e1la\",\"Iglesia Evang\u00e9lica\",\"Ilva Mare\",\"Jeica\",\"Laleaua\",\"Laleaua pestrita\",\"Maramures\",\"Monor\",\"monta\u00f1as Calimani\",\"Nicolae Ceausescu\",\"Putna\",\"regi\u00f3n de Bucovina\",\"regi\u00f3n del Altiplano\",\"regi\u00f3n Terra Siculorum\",\"Sava Negrean Bruda\u0219cu\",\"securitate\",\"SERBIA\",\"\u0218omcuta Mare\",\"Teleki Ferenc\",\"Teleki P\u00e1l\",\"Terra Siculorum\",\"Timis\",\"tulip\u00e1n abigarrado\",\"Valea Lutului\",\"Via Transilvanica\"],\"articleSection\":[\"Rumaniando en la Radio\"],\"inLanguage\":\"es\"},{\"@type\":\"WebPage\",\"@id\":\"https:\\\/\\\/www.rri.ro\\\/es\\\/cronica-semanal\\\/rumaniando-en-la-radio\\\/073-rumaniando-en-la-radio-id861286.html\",\"url\":\"https:\\\/\\\/www.rri.ro\\\/es\\\/cronica-semanal\\\/rumaniando-en-la-radio\\\/073-rumaniando-en-la-radio-id861286.html\",\"name\":\"073 Rumaniando en la Radio - Radio Ruman\u00eda Internacional\",\"isPartOf\":{\"@id\":\"https:\\\/\\\/www.rri.ro\\\/#website\"},\"primaryImageOfPage\":{\"@id\":\"https:\\\/\\\/www.rri.ro\\\/es\\\/cronica-semanal\\\/rumaniando-en-la-radio\\\/073-rumaniando-en-la-radio-id861286.html#primaryimage\"},\"image\":{\"@id\":\"https:\\\/\\\/www.rri.ro\\\/es\\\/cronica-semanal\\\/rumaniando-en-la-radio\\\/073-rumaniando-en-la-radio-id861286.html#primaryimage\"},\"thumbnailUrl\":\"https:\\\/\\\/www.rri.ro\\\/wp-content\\\/uploads\\\/2023\\\/10\\\/rumaniando-en-la-radio.jpg\",\"datePublished\":\"2025-02-12T15:20:40+00:00\",\"dateModified\":\"2025-09-04T16:58:03+00:00\",\"author\":{\"@id\":\"https:\\\/\\\/www.rri.ro\\\/#\\\/schema\\\/person\\\/42648fab0d4c496576143af628fee3bb\"},\"breadcrumb\":{\"@id\":\"https:\\\/\\\/www.rri.ro\\\/es\\\/cronica-semanal\\\/rumaniando-en-la-radio\\\/073-rumaniando-en-la-radio-id861286.html#breadcrumb\"},\"inLanguage\":\"es\",\"potentialAction\":[{\"@type\":\"ReadAction\",\"target\":[\"https:\\\/\\\/www.rri.ro\\\/es\\\/cronica-semanal\\\/rumaniando-en-la-radio\\\/073-rumaniando-en-la-radio-id861286.html\"]}]},{\"@type\":\"ImageObject\",\"inLanguage\":\"es\",\"@id\":\"https:\\\/\\\/www.rri.ro\\\/es\\\/cronica-semanal\\\/rumaniando-en-la-radio\\\/073-rumaniando-en-la-radio-id861286.html#primaryimage\",\"url\":\"https:\\\/\\\/www.rri.ro\\\/wp-content\\\/uploads\\\/2023\\\/10\\\/rumaniando-en-la-radio.jpg\",\"contentUrl\":\"https:\\\/\\\/www.rri.ro\\\/wp-content\\\/uploads\\\/2023\\\/10\\\/rumaniando-en-la-radio.jpg\",\"width\":640,\"height\":401},{\"@type\":\"BreadcrumbList\",\"@id\":\"https:\\\/\\\/www.rri.ro\\\/es\\\/cronica-semanal\\\/rumaniando-en-la-radio\\\/073-rumaniando-en-la-radio-id861286.html#breadcrumb\",\"itemListElement\":[{\"@type\":\"ListItem\",\"position\":1,\"name\":\"P\u00e1gina de inicio\",\"item\":\"https:\\\/\\\/www.rri.ro\\\/es\"},{\"@type\":\"ListItem\",\"position\":2,\"name\":\"Cr\u00f3nica semanal\",\"item\":\"https:\\\/\\\/www.rri.ro\\\/es\\\/cronica-semanal\"},{\"@type\":\"ListItem\",\"position\":3,\"name\":\"Rumaniando en la Radio\",\"item\":\"https:\\\/\\\/www.rri.ro\\\/es\\\/cronica-semanal\\\/rumaniando-en-la-radio\"},{\"@type\":\"ListItem\",\"position\":4,\"name\":\"073 Rumaniando en la Radio\"}]},{\"@type\":\"WebSite\",\"@id\":\"https:\\\/\\\/www.rri.ro\\\/#website\",\"url\":\"https:\\\/\\\/www.rri.ro\\\/\",\"name\":\"Radio Ruman\u00eda Internacional\",\"description\":\"Totul despre Rom\u00e2nia \u015fi rom\u00e2ni, \u00een 13 limbi\\\/dialecte!\",\"inLanguage\":\"es\"},{\"@type\":\"Person\",\"@id\":\"https:\\\/\\\/www.rri.ro\\\/#\\\/schema\\\/person\\\/42648fab0d4c496576143af628fee3bb\",\"name\":\"Antonio Madrid\",\"sameAs\":[\"www.linkedin.com\\\/in\\\/antoniojmadridi\"],\"url\":\"https:\\\/\\\/www.rri.ro\\\/es\\\/author\\\/antonio-madrid\"}]}<\/script>\n<!-- \/ Yoast SEO plugin. -->","yoast_head_json":{"title":"073 Rumaniando en la Radio - Radio Ruman\u00eda Internacional","robots":{"index":"index","follow":"follow","max-snippet":"max-snippet:-1","max-image-preview":"max-image-preview:large","max-video-preview":"max-video-preview:-1"},"canonical":"https:\/\/www.rri.ro\/es\/cronica-semanal\/rumaniando-en-la-radio\/073-rumaniando-en-la-radio-id861286.html","og_locale":"es_ES","og_type":"article","og_title":"073 Rumaniando en la Radio - Radio Ruman\u00eda Internacional","og_description":"Via Transilvanica est\u00e1 dividida en siete regiones: anteriormente ya hemos completado del recorrido de la regi\u00f3n de Bucovina, y en el \u00faltimo cap\u00edtulo de esta serie dedicada a la regi\u00f3n del Altiplano ya hemos podido visitar hasta la ciudad de Bistrita. Hoy vamos a recorrer a trave\u00e9s de las ondas de la radio el tramo [&hellip;]","og_url":"https:\/\/www.rri.ro\/es\/cronica-semanal\/rumaniando-en-la-radio\/073-rumaniando-en-la-radio-id861286.html","og_site_name":"Radio Ruman\u00eda Internacional","article_published_time":"2025-02-12T15:20:40+00:00","article_modified_time":"2025-09-04T16:58:03+00:00","og_image":[{"width":640,"height":401,"url":"https:\/\/www.rri.ro\/wp-content\/uploads\/2023\/10\/rumaniando-en-la-radio.jpg","type":"image\/jpeg"}],"author":"Antonio Madrid","twitter_card":"summary_large_image","twitter_misc":{"Escrito por":"Antonio Madrid","Written by":"Antonio Madrid"},"schema":{"@context":"https:\/\/schema.org","@graph":[{"@type":"Article","@id":"https:\/\/www.rri.ro\/es\/cronica-semanal\/rumaniando-en-la-radio\/073-rumaniando-en-la-radio-id861286.html#article","isPartOf":{"@id":"https:\/\/www.rri.ro\/es\/cronica-semanal\/rumaniando-en-la-radio\/073-rumaniando-en-la-radio-id861286.html"},"author":{"name":"Antonio Madrid","@id":"https:\/\/www.rri.ro\/#\/schema\/person\/42648fab0d4c496576143af628fee3bb"},"headline":"073 Rumaniando en la Radio","datePublished":"2025-02-12T15:20:40+00:00","dateModified":"2025-09-04T16:58:03+00:00","mainEntityOfPage":{"@id":"https:\/\/www.rri.ro\/es\/cronica-semanal\/rumaniando-en-la-radio\/073-rumaniando-en-la-radio-id861286.html"},"wordCount":94,"image":{"@id":"https:\/\/www.rri.ro\/es\/cronica-semanal\/rumaniando-en-la-radio\/073-rumaniando-en-la-radio-id861286.html#primaryimage"},"thumbnailUrl":"https:\/\/www.rri.ro\/wp-content\/uploads\/2023\/10\/rumaniando-en-la-radio.jpg","keywords":["Bistrita Bargaului","Bistrita Nasaud","Bosque de Tierras Bajas","Bucovina","chalet de Dealu\u2019 Negru","Danubio","Drobeta Turnu Severin","Gledin","Gorj","Haller Borb\u00e1la","Iglesia Evang\u00e9lica","Ilva Mare","Jeica","Laleaua","Laleaua pestrita","Maramures","Monor","monta\u00f1as Calimani","Nicolae Ceausescu","Putna","regi\u00f3n de Bucovina","regi\u00f3n del Altiplano","regi\u00f3n Terra Siculorum","Sava Negrean Bruda\u0219cu","securitate","SERBIA","\u0218omcuta Mare","Teleki Ferenc","Teleki P\u00e1l","Terra Siculorum","Timis","tulip\u00e1n abigarrado","Valea Lutului","Via Transilvanica"],"articleSection":["Rumaniando en la Radio"],"inLanguage":"es"},{"@type":"WebPage","@id":"https:\/\/www.rri.ro\/es\/cronica-semanal\/rumaniando-en-la-radio\/073-rumaniando-en-la-radio-id861286.html","url":"https:\/\/www.rri.ro\/es\/cronica-semanal\/rumaniando-en-la-radio\/073-rumaniando-en-la-radio-id861286.html","name":"073 Rumaniando en la Radio - Radio Ruman\u00eda Internacional","isPartOf":{"@id":"https:\/\/www.rri.ro\/#website"},"primaryImageOfPage":{"@id":"https:\/\/www.rri.ro\/es\/cronica-semanal\/rumaniando-en-la-radio\/073-rumaniando-en-la-radio-id861286.html#primaryimage"},"image":{"@id":"https:\/\/www.rri.ro\/es\/cronica-semanal\/rumaniando-en-la-radio\/073-rumaniando-en-la-radio-id861286.html#primaryimage"},"thumbnailUrl":"https:\/\/www.rri.ro\/wp-content\/uploads\/2023\/10\/rumaniando-en-la-radio.jpg","datePublished":"2025-02-12T15:20:40+00:00","dateModified":"2025-09-04T16:58:03+00:00","author":{"@id":"https:\/\/www.rri.ro\/#\/schema\/person\/42648fab0d4c496576143af628fee3bb"},"breadcrumb":{"@id":"https:\/\/www.rri.ro\/es\/cronica-semanal\/rumaniando-en-la-radio\/073-rumaniando-en-la-radio-id861286.html#breadcrumb"},"inLanguage":"es","potentialAction":[{"@type":"ReadAction","target":["https:\/\/www.rri.ro\/es\/cronica-semanal\/rumaniando-en-la-radio\/073-rumaniando-en-la-radio-id861286.html"]}]},{"@type":"ImageObject","inLanguage":"es","@id":"https:\/\/www.rri.ro\/es\/cronica-semanal\/rumaniando-en-la-radio\/073-rumaniando-en-la-radio-id861286.html#primaryimage","url":"https:\/\/www.rri.ro\/wp-content\/uploads\/2023\/10\/rumaniando-en-la-radio.jpg","contentUrl":"https:\/\/www.rri.ro\/wp-content\/uploads\/2023\/10\/rumaniando-en-la-radio.jpg","width":640,"height":401},{"@type":"BreadcrumbList","@id":"https:\/\/www.rri.ro\/es\/cronica-semanal\/rumaniando-en-la-radio\/073-rumaniando-en-la-radio-id861286.html#breadcrumb","itemListElement":[{"@type":"ListItem","position":1,"name":"P\u00e1gina de inicio","item":"https:\/\/www.rri.ro\/es"},{"@type":"ListItem","position":2,"name":"Cr\u00f3nica semanal","item":"https:\/\/www.rri.ro\/es\/cronica-semanal"},{"@type":"ListItem","position":3,"name":"Rumaniando en la Radio","item":"https:\/\/www.rri.ro\/es\/cronica-semanal\/rumaniando-en-la-radio"},{"@type":"ListItem","position":4,"name":"073 Rumaniando en la Radio"}]},{"@type":"WebSite","@id":"https:\/\/www.rri.ro\/#website","url":"https:\/\/www.rri.ro\/","name":"Radio Ruman\u00eda Internacional","description":"Totul despre Rom\u00e2nia \u015fi rom\u00e2ni, \u00een 13 limbi\/dialecte!","inLanguage":"es"},{"@type":"Person","@id":"https:\/\/www.rri.ro\/#\/schema\/person\/42648fab0d4c496576143af628fee3bb","name":"Antonio Madrid","sameAs":["www.linkedin.com\/in\/antoniojmadridi"],"url":"https:\/\/www.rri.ro\/es\/author\/antonio-madrid"}]}},"_links":{"self":[{"href":"https:\/\/www.rri.ro\/es\/wp-json\/wp\/v2\/posts\/861286","targetHints":{"allow":["GET"]}}],"collection":[{"href":"https:\/\/www.rri.ro\/es\/wp-json\/wp\/v2\/posts"}],"about":[{"href":"https:\/\/www.rri.ro\/es\/wp-json\/wp\/v2\/types\/post"}],"author":[{"embeddable":true,"href":"https:\/\/www.rri.ro\/es\/wp-json\/wp\/v2\/users\/99"}],"replies":[{"embeddable":true,"href":"https:\/\/www.rri.ro\/es\/wp-json\/wp\/v2\/comments?post=861286"}],"version-history":[{"count":0,"href":"https:\/\/www.rri.ro\/es\/wp-json\/wp\/v2\/posts\/861286\/revisions"}],"wp:featuredmedia":[{"embeddable":true,"href":"https:\/\/www.rri.ro\/es\/wp-json\/wp\/v2\/media\/562387"}],"wp:attachment":[{"href":"https:\/\/www.rri.ro\/es\/wp-json\/wp\/v2\/media?parent=861286"}],"wp:term":[{"taxonomy":"category","embeddable":true,"href":"https:\/\/www.rri.ro\/es\/wp-json\/wp\/v2\/categories?post=861286"},{"taxonomy":"post_tag","embeddable":true,"href":"https:\/\/www.rri.ro\/es\/wp-json\/wp\/v2\/tags?post=861286"},{"taxonomy":"author","embeddable":true,"href":"https:\/\/www.rri.ro\/es\/wp-json\/wp\/v2\/coauthors?post=861286"}],"curies":[{"name":"wp","href":"https:\/\/api.w.org\/{rel}","templated":true}]}}