{"id":862942,"date":"2025-02-18T12:26:22","date_gmt":"2025-02-18T10:26:22","guid":{"rendered":"https:\/\/www.rri.ro\/?p=862942"},"modified":"2025-02-18T12:26:22","modified_gmt":"2025-02-18T10:26:22","slug":"informe-sobre-la-inflacion-del-banco-nacional","status":"publish","type":"post","link":"https:\/\/www.rri.ro\/es\/actualidad\/en-portada\/informe-sobre-la-inflacion-del-banco-nacional-id862942.html","title":{"rendered":"Informe sobre la inflaci\u00f3n del Banco Nacional"},"content":{"rendered":"<p>Seg\u00fan el \u00faltimo informe trimestral de la instituci\u00f3n, el Banco Nacional ha elevado su previsi\u00f3n de inflaci\u00f3n para finales de este a\u00f1o al 3,8 % desde el 3,5 % anterior. El gobernador del BNR, Mugur Is\u0103rescu, dijo que no habr\u00e1 presiones inflacionistas particulares en el primer semestre de este a\u00f1o, sino influencias generadas por choques pasados. Record\u00f3 el aumento de los impuestos indirectos en enero de 2024 y la reducci\u00f3n de los precios del gas natural y los alimentos no procesados en el segundo trimestre del a\u00f1o pasado. Para finales de 2026, el Banco Central prev\u00e9 una tasa de inflaci\u00f3n anual del 3,1 %.<\/p>\n<p>El gobernador del BNR explic\u00f3 que, a partir del primer trimestre de este a\u00f1o, Ruman\u00eda entrar\u00e1 en un periodo de d\u00e9ficit de demanda, un elemento positivo en t\u00e9rminos de inflaci\u00f3n, pero que puede afectar al crecimiento de la econom\u00eda.<\/p>\n<p>Mugur Is\u0103rescu declar\u00f3 lo siguiente:<\/p>\n<p><em>\u00abEl pa\u00eds est\u00e1 entrando en un periodo de d\u00e9ficit de demanda, as\u00ed que vamos a ver qu\u00e9 ocurrir\u00e1. Lo importante es que, en combinaci\u00f3n con la pol\u00edtica fiscal y monetaria, esta nueva situaci\u00f3n no conduzca a la recesi\u00f3n. Si el crecimiento econ\u00f3mico se basa principalmente en la inversi\u00f3n y, sobre todo, en la absorci\u00f3n de los fondos de la UE, creemos que se puede evitar y que la inflaci\u00f3n descender\u00e1. Habr\u00e1 crecimiento econ\u00f3mico, pero no muy alto\u00bb. <\/em><\/p>\n<p>El gobernador del Banco Nacional, Mugur Is\u0103rescu, subray\u00f3 asimismo que Ruman\u00eda no fue el campe\u00f3n de la inflaci\u00f3n del a\u00f1o pasado, como se afirm\u00f3. En realidad, tuvo cifras de inflaci\u00f3n m\u00e1s bajas en comparaci\u00f3n con tres pa\u00edses similares: la Rep\u00fablica Checa, Polonia y Hungr\u00eda. La inflaci\u00f3n m\u00e1s alta se registr\u00f3 en Hungr\u00eda, casi un 25 %, en el punto \u00e1lgido; luego, en Polonia e, incluso, estuvimos ligeramente por debajo de la Rep\u00fablica Checa, puntualiz\u00f3 el gobernador del BNR, explicando que la ca\u00edda de la inflaci\u00f3n en Ruman\u00eda fue, sin embargo, m\u00e1s lenta.<\/p>\n<p>En cuanto a los riesgos para la trayectoria prevista de la tasa de inflaci\u00f3n, Mugur Is\u0103rescu advirti\u00f3 de que hay muchas incertidumbres, entre ellas lo que est\u00e1 ocurriendo en Arabia Saud\u00ed, es decir, las conversaciones de la Administraci\u00f3n Trump sobre Ucrania con Rusia, pero tambi\u00e9n la cumbre de los pa\u00edses europeos de Par\u00eds sobre Ucrania. Seg\u00fan el gobernador, las medidas adoptadas por la actual coalici\u00f3n gobernante para reducir el d\u00e9ficit presupuestario conducir\u00e1n a un periodo de escasez de demanda. En este contexto, explic\u00f3 que es importante que a trav\u00e9s de la pol\u00edtica fiscal y monetaria se evite la recesi\u00f3n.<\/p>\n<p>Mugur Is\u0103rescu tambi\u00e9n anunci\u00f3 que este a\u00f1o el BNR dar\u00e1 m\u00e1s flexibilidad al tipo de cambio. Por lo tanto, a\u00f1adi\u00f3, el leus puede depreciarse ligeramente e incluso superar el umbral de los 5 leus por euro. No obstante, Mugur Is\u0103rescu subray\u00f3 que, una vez superadas las tensiones pol\u00edticas internas, el leus seguir\u00e1 siendo un ancla de estabilidad.<\/p>\n<p>Versi\u00f3n en espa\u00f1ol: Victoria Sepciu<\/p>\n","protected":false},"excerpt":{"rendered":"<p>Seg\u00fan el \u00faltimo informe trimestral de la instituci\u00f3n, el Banco Nacional ha elevado su previsi\u00f3n de inflaci\u00f3n para finales de este a\u00f1o al 3,8 % desde el 3,5 % anterior. El gobernador del BNR, Mugur Is\u0103rescu, dijo que no habr\u00e1 presiones inflacionistas particulares en el primer semestre de este a\u00f1o, sino influencias generadas por choques [&hellip;]<\/p>\n","protected":false},"author":46,"featured_media":862826,"comment_status":"closed","ping_status":"closed","sticky":false,"template":"","format":"gallery","meta":{"_acf_changed":false,"footnotes":""},"categories":[23],"tags":[155771,163989,49361,143896,148724,148855],"coauthors":[115852],"class_list":["post-862942","post","type-post","status-publish","format-gallery","has-post-thumbnail","hentry","category-en-portada","tag-banco-nacional-de-rumania-bnr","tag-deficit-de-demanda","tag-deficit-presupuestario","tag-inflacion","tag-mugur-isarescu-es","tag-tipo-de-cambio","post_format-post-format-gallery"],"acf":[],"yoast_head":"<!-- This site is optimized with the Yoast SEO plugin v27.3 - https:\/\/yoast.com\/product\/yoast-seo-wordpress\/ -->\n<title>Informe sobre la inflaci\u00f3n del Banco Nacional - Radio Ruman\u00eda Internacional<\/title>\n<meta name=\"robots\" content=\"index, follow, max-snippet:-1, max-image-preview:large, max-video-preview:-1\" \/>\n<link rel=\"canonical\" href=\"https:\/\/www.rri.ro\/es\/actualidad\/en-portada\/informe-sobre-la-inflacion-del-banco-nacional-id862942.html\" \/>\n<meta property=\"og:locale\" content=\"es_ES\" \/>\n<meta property=\"og:type\" content=\"article\" \/>\n<meta property=\"og:title\" content=\"Informe sobre la inflaci\u00f3n del Banco Nacional - Radio Ruman\u00eda Internacional\" \/>\n<meta property=\"og:description\" content=\"Seg\u00fan el \u00faltimo informe trimestral de la instituci\u00f3n, el Banco Nacional ha elevado su previsi\u00f3n de inflaci\u00f3n para finales de este a\u00f1o al 3,8 % desde el 3,5 % anterior. El gobernador del BNR, Mugur Is\u0103rescu, dijo que no habr\u00e1 presiones inflacionistas particulares en el primer semestre de este a\u00f1o, sino influencias generadas por choques [&hellip;]\" \/>\n<meta property=\"og:url\" content=\"https:\/\/www.rri.ro\/es\/actualidad\/en-portada\/informe-sobre-la-inflacion-del-banco-nacional-id862942.html\" \/>\n<meta property=\"og:site_name\" content=\"Radio Ruman\u00eda Internacional\" \/>\n<meta property=\"article:published_time\" content=\"2025-02-18T10:26:22+00:00\" \/>\n<meta property=\"og:image\" content=\"https:\/\/www.rri.ro\/wp-content\/uploads\/2025\/02\/finante-grafic-bani-inflatie-foto-Tumisu-pixabay.jpg\" \/>\n\t<meta property=\"og:image:width\" content=\"1280\" \/>\n\t<meta property=\"og:image:height\" content=\"720\" \/>\n\t<meta property=\"og:image:type\" content=\"image\/jpeg\" \/>\n<meta name=\"author\" content=\"Leyla Cheamil\" \/>\n<meta name=\"twitter:card\" content=\"summary_large_image\" \/>\n<meta name=\"twitter:label1\" content=\"Escrito por\" \/>\n\t<meta name=\"twitter:data1\" content=\"Leyla Cheamil\" \/>\n\t<meta name=\"twitter:label2\" content=\"Tiempo de lectura\" \/>\n\t<meta name=\"twitter:data2\" content=\"3 minutos\" \/>\n\t<meta name=\"twitter:label3\" content=\"Written by\" \/>\n\t<meta name=\"twitter:data3\" content=\"Leyla Cheamil\" \/>\n<script type=\"application\/ld+json\" class=\"yoast-schema-graph\">{\"@context\":\"https:\\\/\\\/schema.org\",\"@graph\":[{\"@type\":\"Article\",\"@id\":\"https:\\\/\\\/www.rri.ro\\\/es\\\/actualidad\\\/en-portada\\\/informe-sobre-la-inflacion-del-banco-nacional-id862942.html#article\",\"isPartOf\":{\"@id\":\"https:\\\/\\\/www.rri.ro\\\/es\\\/actualidad\\\/en-portada\\\/informe-sobre-la-inflacion-del-banco-nacional-id862942.html\"},\"author\":{\"name\":\"Leyla Cheamil\",\"@id\":\"https:\\\/\\\/www.rri.ro\\\/#\\\/schema\\\/person\\\/e6364ed2d4b6af207a82ca66000d07e0\"},\"headline\":\"Informe sobre la inflaci\u00f3n del Banco Nacional\",\"datePublished\":\"2025-02-18T10:26:22+00:00\",\"mainEntityOfPage\":{\"@id\":\"https:\\\/\\\/www.rri.ro\\\/es\\\/actualidad\\\/en-portada\\\/informe-sobre-la-inflacion-del-banco-nacional-id862942.html\"},\"wordCount\":544,\"image\":{\"@id\":\"https:\\\/\\\/www.rri.ro\\\/es\\\/actualidad\\\/en-portada\\\/informe-sobre-la-inflacion-del-banco-nacional-id862942.html#primaryimage\"},\"thumbnailUrl\":\"https:\\\/\\\/www.rri.ro\\\/wp-content\\\/uploads\\\/2025\\\/02\\\/finante-grafic-bani-inflatie-foto-Tumisu-pixabay.jpg\",\"keywords\":[\"Banco Nacional de Ruman\u00eda (BNR)\",\"d\u00e9ficit de demanda\",\"d\u00e9ficit presupuestario\",\"Inflacion\",\"Mugur Isarescu\",\"tipo de cambio\"],\"articleSection\":[\"En portada\"],\"inLanguage\":\"es\"},{\"@type\":\"WebPage\",\"@id\":\"https:\\\/\\\/www.rri.ro\\\/es\\\/actualidad\\\/en-portada\\\/informe-sobre-la-inflacion-del-banco-nacional-id862942.html\",\"url\":\"https:\\\/\\\/www.rri.ro\\\/es\\\/actualidad\\\/en-portada\\\/informe-sobre-la-inflacion-del-banco-nacional-id862942.html\",\"name\":\"Informe sobre la inflaci\u00f3n del Banco Nacional - Radio Ruman\u00eda Internacional\",\"isPartOf\":{\"@id\":\"https:\\\/\\\/www.rri.ro\\\/#website\"},\"primaryImageOfPage\":{\"@id\":\"https:\\\/\\\/www.rri.ro\\\/es\\\/actualidad\\\/en-portada\\\/informe-sobre-la-inflacion-del-banco-nacional-id862942.html#primaryimage\"},\"image\":{\"@id\":\"https:\\\/\\\/www.rri.ro\\\/es\\\/actualidad\\\/en-portada\\\/informe-sobre-la-inflacion-del-banco-nacional-id862942.html#primaryimage\"},\"thumbnailUrl\":\"https:\\\/\\\/www.rri.ro\\\/wp-content\\\/uploads\\\/2025\\\/02\\\/finante-grafic-bani-inflatie-foto-Tumisu-pixabay.jpg\",\"datePublished\":\"2025-02-18T10:26:22+00:00\",\"author\":{\"@id\":\"https:\\\/\\\/www.rri.ro\\\/#\\\/schema\\\/person\\\/e6364ed2d4b6af207a82ca66000d07e0\"},\"breadcrumb\":{\"@id\":\"https:\\\/\\\/www.rri.ro\\\/es\\\/actualidad\\\/en-portada\\\/informe-sobre-la-inflacion-del-banco-nacional-id862942.html#breadcrumb\"},\"inLanguage\":\"es\",\"potentialAction\":[{\"@type\":\"ReadAction\",\"target\":[\"https:\\\/\\\/www.rri.ro\\\/es\\\/actualidad\\\/en-portada\\\/informe-sobre-la-inflacion-del-banco-nacional-id862942.html\"]}]},{\"@type\":\"ImageObject\",\"inLanguage\":\"es\",\"@id\":\"https:\\\/\\\/www.rri.ro\\\/es\\\/actualidad\\\/en-portada\\\/informe-sobre-la-inflacion-del-banco-nacional-id862942.html#primaryimage\",\"url\":\"https:\\\/\\\/www.rri.ro\\\/wp-content\\\/uploads\\\/2025\\\/02\\\/finante-grafic-bani-inflatie-foto-Tumisu-pixabay.jpg\",\"contentUrl\":\"https:\\\/\\\/www.rri.ro\\\/wp-content\\\/uploads\\\/2025\\\/02\\\/finante-grafic-bani-inflatie-foto-Tumisu-pixabay.jpg\",\"width\":1280,\"height\":720,\"caption\":\"\u0414\u0435\u0440\u0436\u0430\u0432\u043d\u0438\u0439 \u0431\u043e\u0440\u0433 \u0437\u0440\u043e\u0441\u0442\u0430\u0454\"},{\"@type\":\"BreadcrumbList\",\"@id\":\"https:\\\/\\\/www.rri.ro\\\/es\\\/actualidad\\\/en-portada\\\/informe-sobre-la-inflacion-del-banco-nacional-id862942.html#breadcrumb\",\"itemListElement\":[{\"@type\":\"ListItem\",\"position\":1,\"name\":\"P\u00e1gina de inicio\",\"item\":\"https:\\\/\\\/www.rri.ro\\\/es\"},{\"@type\":\"ListItem\",\"position\":2,\"name\":\"Actualidad\",\"item\":\"https:\\\/\\\/www.rri.ro\\\/es\\\/actualidad\"},{\"@type\":\"ListItem\",\"position\":3,\"name\":\"En portada\",\"item\":\"https:\\\/\\\/www.rri.ro\\\/es\\\/actualidad\\\/en-portada\"},{\"@type\":\"ListItem\",\"position\":4,\"name\":\"Informe sobre la inflaci\u00f3n del Banco Nacional\"}]},{\"@type\":\"WebSite\",\"@id\":\"https:\\\/\\\/www.rri.ro\\\/#website\",\"url\":\"https:\\\/\\\/www.rri.ro\\\/\",\"name\":\"Radio Ruman\u00eda Internacional\",\"description\":\"Totul despre Rom\u00e2nia \u015fi rom\u00e2ni, \u00een 13 limbi\\\/dialecte!\",\"inLanguage\":\"es\"},{\"@type\":\"Person\",\"@id\":\"https:\\\/\\\/www.rri.ro\\\/#\\\/schema\\\/person\\\/e6364ed2d4b6af207a82ca66000d07e0\",\"name\":\"Leyla Cheamil\",\"url\":\"https:\\\/\\\/www.rri.ro\\\/es\\\/author\\\/leyla-cheamil\"}]}<\/script>\n<!-- \/ Yoast SEO plugin. -->","yoast_head_json":{"title":"Informe sobre la inflaci\u00f3n del Banco Nacional - Radio Ruman\u00eda Internacional","robots":{"index":"index","follow":"follow","max-snippet":"max-snippet:-1","max-image-preview":"max-image-preview:large","max-video-preview":"max-video-preview:-1"},"canonical":"https:\/\/www.rri.ro\/es\/actualidad\/en-portada\/informe-sobre-la-inflacion-del-banco-nacional-id862942.html","og_locale":"es_ES","og_type":"article","og_title":"Informe sobre la inflaci\u00f3n del Banco Nacional - Radio Ruman\u00eda Internacional","og_description":"Seg\u00fan el \u00faltimo informe trimestral de la instituci\u00f3n, el Banco Nacional ha elevado su previsi\u00f3n de inflaci\u00f3n para finales de este a\u00f1o al 3,8 % desde el 3,5 % anterior. El gobernador del BNR, Mugur Is\u0103rescu, dijo que no habr\u00e1 presiones inflacionistas particulares en el primer semestre de este a\u00f1o, sino influencias generadas por choques [&hellip;]","og_url":"https:\/\/www.rri.ro\/es\/actualidad\/en-portada\/informe-sobre-la-inflacion-del-banco-nacional-id862942.html","og_site_name":"Radio Ruman\u00eda Internacional","article_published_time":"2025-02-18T10:26:22+00:00","og_image":[{"width":1280,"height":720,"url":"https:\/\/www.rri.ro\/wp-content\/uploads\/2025\/02\/finante-grafic-bani-inflatie-foto-Tumisu-pixabay.jpg","type":"image\/jpeg"}],"author":"Leyla Cheamil","twitter_card":"summary_large_image","twitter_misc":{"Escrito por":"Leyla Cheamil","Tiempo de lectura":"3 minutos","Written by":"Leyla Cheamil"},"schema":{"@context":"https:\/\/schema.org","@graph":[{"@type":"Article","@id":"https:\/\/www.rri.ro\/es\/actualidad\/en-portada\/informe-sobre-la-inflacion-del-banco-nacional-id862942.html#article","isPartOf":{"@id":"https:\/\/www.rri.ro\/es\/actualidad\/en-portada\/informe-sobre-la-inflacion-del-banco-nacional-id862942.html"},"author":{"name":"Leyla Cheamil","@id":"https:\/\/www.rri.ro\/#\/schema\/person\/e6364ed2d4b6af207a82ca66000d07e0"},"headline":"Informe sobre la inflaci\u00f3n del Banco Nacional","datePublished":"2025-02-18T10:26:22+00:00","mainEntityOfPage":{"@id":"https:\/\/www.rri.ro\/es\/actualidad\/en-portada\/informe-sobre-la-inflacion-del-banco-nacional-id862942.html"},"wordCount":544,"image":{"@id":"https:\/\/www.rri.ro\/es\/actualidad\/en-portada\/informe-sobre-la-inflacion-del-banco-nacional-id862942.html#primaryimage"},"thumbnailUrl":"https:\/\/www.rri.ro\/wp-content\/uploads\/2025\/02\/finante-grafic-bani-inflatie-foto-Tumisu-pixabay.jpg","keywords":["Banco Nacional de Ruman\u00eda (BNR)","d\u00e9ficit de demanda","d\u00e9ficit presupuestario","Inflacion","Mugur Isarescu","tipo de cambio"],"articleSection":["En portada"],"inLanguage":"es"},{"@type":"WebPage","@id":"https:\/\/www.rri.ro\/es\/actualidad\/en-portada\/informe-sobre-la-inflacion-del-banco-nacional-id862942.html","url":"https:\/\/www.rri.ro\/es\/actualidad\/en-portada\/informe-sobre-la-inflacion-del-banco-nacional-id862942.html","name":"Informe sobre la inflaci\u00f3n del Banco Nacional - Radio Ruman\u00eda Internacional","isPartOf":{"@id":"https:\/\/www.rri.ro\/#website"},"primaryImageOfPage":{"@id":"https:\/\/www.rri.ro\/es\/actualidad\/en-portada\/informe-sobre-la-inflacion-del-banco-nacional-id862942.html#primaryimage"},"image":{"@id":"https:\/\/www.rri.ro\/es\/actualidad\/en-portada\/informe-sobre-la-inflacion-del-banco-nacional-id862942.html#primaryimage"},"thumbnailUrl":"https:\/\/www.rri.ro\/wp-content\/uploads\/2025\/02\/finante-grafic-bani-inflatie-foto-Tumisu-pixabay.jpg","datePublished":"2025-02-18T10:26:22+00:00","author":{"@id":"https:\/\/www.rri.ro\/#\/schema\/person\/e6364ed2d4b6af207a82ca66000d07e0"},"breadcrumb":{"@id":"https:\/\/www.rri.ro\/es\/actualidad\/en-portada\/informe-sobre-la-inflacion-del-banco-nacional-id862942.html#breadcrumb"},"inLanguage":"es","potentialAction":[{"@type":"ReadAction","target":["https:\/\/www.rri.ro\/es\/actualidad\/en-portada\/informe-sobre-la-inflacion-del-banco-nacional-id862942.html"]}]},{"@type":"ImageObject","inLanguage":"es","@id":"https:\/\/www.rri.ro\/es\/actualidad\/en-portada\/informe-sobre-la-inflacion-del-banco-nacional-id862942.html#primaryimage","url":"https:\/\/www.rri.ro\/wp-content\/uploads\/2025\/02\/finante-grafic-bani-inflatie-foto-Tumisu-pixabay.jpg","contentUrl":"https:\/\/www.rri.ro\/wp-content\/uploads\/2025\/02\/finante-grafic-bani-inflatie-foto-Tumisu-pixabay.jpg","width":1280,"height":720,"caption":"\u0414\u0435\u0440\u0436\u0430\u0432\u043d\u0438\u0439 \u0431\u043e\u0440\u0433 \u0437\u0440\u043e\u0441\u0442\u0430\u0454"},{"@type":"BreadcrumbList","@id":"https:\/\/www.rri.ro\/es\/actualidad\/en-portada\/informe-sobre-la-inflacion-del-banco-nacional-id862942.html#breadcrumb","itemListElement":[{"@type":"ListItem","position":1,"name":"P\u00e1gina de inicio","item":"https:\/\/www.rri.ro\/es"},{"@type":"ListItem","position":2,"name":"Actualidad","item":"https:\/\/www.rri.ro\/es\/actualidad"},{"@type":"ListItem","position":3,"name":"En portada","item":"https:\/\/www.rri.ro\/es\/actualidad\/en-portada"},{"@type":"ListItem","position":4,"name":"Informe sobre la inflaci\u00f3n del Banco Nacional"}]},{"@type":"WebSite","@id":"https:\/\/www.rri.ro\/#website","url":"https:\/\/www.rri.ro\/","name":"Radio Ruman\u00eda Internacional","description":"Totul despre Rom\u00e2nia \u015fi rom\u00e2ni, \u00een 13 limbi\/dialecte!","inLanguage":"es"},{"@type":"Person","@id":"https:\/\/www.rri.ro\/#\/schema\/person\/e6364ed2d4b6af207a82ca66000d07e0","name":"Leyla Cheamil","url":"https:\/\/www.rri.ro\/es\/author\/leyla-cheamil"}]}},"_links":{"self":[{"href":"https:\/\/www.rri.ro\/es\/wp-json\/wp\/v2\/posts\/862942","targetHints":{"allow":["GET"]}}],"collection":[{"href":"https:\/\/www.rri.ro\/es\/wp-json\/wp\/v2\/posts"}],"about":[{"href":"https:\/\/www.rri.ro\/es\/wp-json\/wp\/v2\/types\/post"}],"author":[{"embeddable":true,"href":"https:\/\/www.rri.ro\/es\/wp-json\/wp\/v2\/users\/46"}],"replies":[{"embeddable":true,"href":"https:\/\/www.rri.ro\/es\/wp-json\/wp\/v2\/comments?post=862942"}],"version-history":[{"count":0,"href":"https:\/\/www.rri.ro\/es\/wp-json\/wp\/v2\/posts\/862942\/revisions"}],"wp:featuredmedia":[{"embeddable":true,"href":"https:\/\/www.rri.ro\/es\/wp-json\/wp\/v2\/media\/862826"}],"wp:attachment":[{"href":"https:\/\/www.rri.ro\/es\/wp-json\/wp\/v2\/media?parent=862942"}],"wp:term":[{"taxonomy":"category","embeddable":true,"href":"https:\/\/www.rri.ro\/es\/wp-json\/wp\/v2\/categories?post=862942"},{"taxonomy":"post_tag","embeddable":true,"href":"https:\/\/www.rri.ro\/es\/wp-json\/wp\/v2\/tags?post=862942"},{"taxonomy":"author","embeddable":true,"href":"https:\/\/www.rri.ro\/es\/wp-json\/wp\/v2\/coauthors?post=862942"}],"curies":[{"name":"wp","href":"https:\/\/api.w.org\/{rel}","templated":true}]}}