{"id":863399,"date":"2025-02-19T10:33:26","date_gmt":"2025-02-19T08:33:26","guid":{"rendered":"https:\/\/www.rri.ro\/?p=863399"},"modified":"2025-02-19T10:33:26","modified_gmt":"2025-02-19T08:33:26","slug":"rumania-prosigue-su-andadura-euroatlantica","status":"publish","type":"post","link":"https:\/\/www.rri.ro\/es\/actualidad\/en-portada\/rumania-prosigue-su-andadura-euroatlantica-id863399.html","title":{"rendered":"Ruman\u00eda prosigue su andadura euroatl\u00e1ntica"},"content":{"rendered":"<p>La pol\u00edtica exterior de Ruman\u00eda mantendr\u00e1 su curso natural, como miembro de la Uni\u00f3n Europea y de la OTAN, teniendo una Asociaci\u00f3n Estrat\u00e9gica con los EE.UU. y estando abierta a la cooperaci\u00f3n con todos los socios que compartan los mismos valores y principios que nosotros apoyamos.<\/p>\n<p>Este fue uno de los importantes mensajes pronunciados el martes por el presidente interino del pa\u00eds, Ilie Bolojan, en la reuni\u00f3n anual con los jefes de las misiones diplom\u00e1ticas acreditadas en Bucarest. Seg\u00fan el presidente, Ruman\u00eda sigue siendo un pa\u00eds que cree firmemente en el futuro de la Uni\u00f3n Europea, proatl\u00e1ntico y un aliado responsable.<\/p>\n<p>Ilie Bolojan afirm\u00f3 que ya es hora de que cese la agresi\u00f3n rusa contra Ucrania, que comenz\u00f3 hace tres a\u00f1os. Un alto el fuego, seguido lo antes posible de una paz justa y duradera, es un objetivo que deben perseguir no s\u00f3lo las partes beligerantes, sino tambi\u00e9n toda la comunidad internacional, subray\u00f3. En su opini\u00f3n, la paz que se est\u00e1 negociando ahora no ser\u00e1 una paz duradera a menos que sea el resultado de compromisos aceptables para ambas partes y a menos que los actores internacionales proporcionen un paquete completo de garant\u00edas de seguridad para Ucrania a corto y largo plazo.<\/p>\n<p>Los beneficios de la pertenencia a la Uni\u00f3n Europea son evidentes, y Ruman\u00eda apoya todo proceso a nivel europeo destinado a aumentar la cohesi\u00f3n y la resistencia estrat\u00e9gica de la Uni\u00f3n y de sus Estados miembros, ha asegurado el presidente interino. Desde el punto de vista estrat\u00e9gico y de seguridad, Ruman\u00eda ha asumido un papel activo en el refuerzo de la defensa y la disuasi\u00f3n, as\u00ed como de la presencia de la OTAN en el Flanco Este y el mar Negro, que, seg\u00fan dijo, es una regi\u00f3n de importancia estrat\u00e9gica para la seguridad euroatl\u00e1ntica. Seguiremos, prometi\u00f3 firmemente Ilie Bolojan, coordin\u00e1ndonos estrechamente con nuestros aliados para garantizar las medidas de defensa y disuasi\u00f3n de la OTAN. Agradeci\u00f3 a todos los aliados y socios la contribuci\u00f3n que han aportado a la seguridad de Ruman\u00eda y de la regi\u00f3n del mar Negro mediante el despliegue de personal militar, equipamiento y t\u00e9cnica militar en el territorio del pa\u00eds.<\/p>\n<p>La Asociaci\u00f3n Estrat\u00e9gica con Estados Unidos ha sido y seguir\u00e1 siendo un pilar de la pol\u00edtica exterior de Ruman\u00eda, reiter\u00f3 el dirigente en Bucarest. <em>\u00abCreemos en esta relaci\u00f3n, que ha progresado sustancialmente a lo largo de los a\u00f1os, y creemos que puede reforzarse a\u00fan m\u00e1s a trav\u00e9s de nuestros proyectos conjuntos, ya sea en los \u00e1mbitos de la seguridad, la energ\u00eda, el comercio o la inversi\u00f3n en general\u00bb<\/em>, a\u00f1adi\u00f3 Bolojan.<\/p>\n<p>El presidente Bolojan se congratul\u00f3 de la inclusi\u00f3n de Ruman\u00eda en el Programa de Exenci\u00f3n de Visado, que, en su opini\u00f3n, tendr\u00e1 un impacto crucial en las relaciones bilaterales, incluidos los intercambios culturales, cient\u00edficos y entre personas. <em>\u00abCompartimos con Estados Unidos la convicci\u00f3n de que es necesario reforzar las inversiones en defensa, algo que Ruman\u00eda ya est\u00e1 haciendo al aumentar la parte de defensa en el Producto Interior Bruto y a trav\u00e9s de sus proyectos de equipamiento de defensa\u00bb<\/em>, a\u00f1adi\u00f3 el presidente Bolojan.<\/p>\n<p>Versi\u00f3n en espa\u00f1ol: Antonio Madrid<\/p>\n","protected":false},"excerpt":{"rendered":"<p>La pol\u00edtica exterior de Ruman\u00eda mantendr\u00e1 su curso natural, como miembro de la Uni\u00f3n Europea y de la OTAN, teniendo una Asociaci\u00f3n Estrat\u00e9gica con los EE.UU. y estando abierta a la cooperaci\u00f3n con todos los socios que compartan los mismos valores y principios que nosotros apoyamos. Este fue uno de los importantes mensajes pronunciados el [&hellip;]<\/p>\n","protected":false},"author":110,"featured_media":863347,"comment_status":"closed","ping_status":"closed","sticky":false,"template":"","format":"standard","meta":{"_acf_changed":false,"footnotes":""},"categories":[23],"tags":[164055,149175,49116,164054,146655,148143,49389,143241,134233,158935,146479,112397,164056,48989,143883,113112,159412,149154,158533,49130,48962,138100],"coauthors":[113257],"class_list":["post-863399","post","type-post","status-publish","format-standard","has-post-thumbnail","hentry","category-en-portada","tag-agresion-rusa","tag-alto-el-fuego","tag-asociacion-estrategica","tag-asociacion-estrategica-con-estados-unidos","tag-comercio","tag-disuasion","tag-ee-uu","tag-energia-es","tag-estados-unidos","tag-ilie-bolojan-es","tag-inversion","tag-mar-negro","tag-misiones-diplomaticas","tag-otan","tag-pib-es","tag-politica-exterior","tag-presidente-interino","tag-producto-interior-bruto","tag-programa-de-exencion-de-visado","tag-seguridad","tag-ucrania","tag-union-europea"],"acf":[],"yoast_head":"<!-- This site is optimized with the Yoast SEO plugin v27.3 - https:\/\/yoast.com\/product\/yoast-seo-wordpress\/ -->\n<title>Ruman\u00eda prosigue su andadura euroatl\u00e1ntica - Radio Ruman\u00eda Internacional<\/title>\n<meta name=\"robots\" content=\"index, follow, max-snippet:-1, max-image-preview:large, max-video-preview:-1\" \/>\n<link rel=\"canonical\" href=\"https:\/\/www.rri.ro\/es\/actualidad\/en-portada\/rumania-prosigue-su-andadura-euroatlantica-id863399.html\" \/>\n<meta property=\"og:locale\" content=\"es_ES\" \/>\n<meta property=\"og:type\" content=\"article\" \/>\n<meta property=\"og:title\" content=\"Ruman\u00eda prosigue su andadura euroatl\u00e1ntica - Radio Ruman\u00eda Internacional\" \/>\n<meta property=\"og:description\" content=\"La pol\u00edtica exterior de Ruman\u00eda mantendr\u00e1 su curso natural, como miembro de la Uni\u00f3n Europea y de la OTAN, teniendo una Asociaci\u00f3n Estrat\u00e9gica con los EE.UU. y estando abierta a la cooperaci\u00f3n con todos los socios que compartan los mismos valores y principios que nosotros apoyamos. Este fue uno de los importantes mensajes pronunciados el [&hellip;]\" \/>\n<meta property=\"og:url\" content=\"https:\/\/www.rri.ro\/es\/actualidad\/en-portada\/rumania-prosigue-su-andadura-euroatlantica-id863399.html\" \/>\n<meta property=\"og:site_name\" content=\"Radio Ruman\u00eda Internacional\" \/>\n<meta property=\"article:published_time\" content=\"2025-02-19T08:33:26+00:00\" \/>\n<meta property=\"og:image\" content=\"https:\/\/www.rri.ro\/wp-content\/uploads\/2025\/02\/ilie-bolojan-diplomatie-cotroceni-foto-presidency.jpg\" \/>\n\t<meta property=\"og:image:width\" content=\"1200\" \/>\n\t<meta property=\"og:image:height\" content=\"675\" \/>\n\t<meta property=\"og:image:type\" content=\"image\/jpeg\" \/>\n<meta name=\"author\" content=\"\u015etefan Stoica\" \/>\n<meta name=\"twitter:card\" content=\"summary_large_image\" \/>\n<meta name=\"twitter:label1\" content=\"Escrito por\" \/>\n\t<meta name=\"twitter:data1\" content=\"\u015etefan Stoica\" \/>\n\t<meta name=\"twitter:label2\" content=\"Tiempo de lectura\" \/>\n\t<meta name=\"twitter:data2\" content=\"3 minutos\" \/>\n\t<meta name=\"twitter:label3\" content=\"Written by\" \/>\n\t<meta name=\"twitter:data3\" content=\"\u015etefan Stoica\" \/>\n<script type=\"application\/ld+json\" class=\"yoast-schema-graph\">{\"@context\":\"https:\\\/\\\/schema.org\",\"@graph\":[{\"@type\":\"Article\",\"@id\":\"https:\\\/\\\/www.rri.ro\\\/es\\\/actualidad\\\/en-portada\\\/rumania-prosigue-su-andadura-euroatlantica-id863399.html#article\",\"isPartOf\":{\"@id\":\"https:\\\/\\\/www.rri.ro\\\/es\\\/actualidad\\\/en-portada\\\/rumania-prosigue-su-andadura-euroatlantica-id863399.html\"},\"author\":{\"name\":\"\u015etefan Stoica\",\"@id\":\"https:\\\/\\\/www.rri.ro\\\/#\\\/schema\\\/person\\\/2d81d5dc94d44190d13245f64551d334\"},\"headline\":\"Ruman\u00eda prosigue su andadura euroatl\u00e1ntica\",\"datePublished\":\"2025-02-19T08:33:26+00:00\",\"mainEntityOfPage\":{\"@id\":\"https:\\\/\\\/www.rri.ro\\\/es\\\/actualidad\\\/en-portada\\\/rumania-prosigue-su-andadura-euroatlantica-id863399.html\"},\"wordCount\":584,\"image\":{\"@id\":\"https:\\\/\\\/www.rri.ro\\\/es\\\/actualidad\\\/en-portada\\\/rumania-prosigue-su-andadura-euroatlantica-id863399.html#primaryimage\"},\"thumbnailUrl\":\"https:\\\/\\\/www.rri.ro\\\/wp-content\\\/uploads\\\/2025\\\/02\\\/ilie-bolojan-diplomatie-cotroceni-foto-presidency.jpg\",\"keywords\":[\"agresi\u00f3n rusa\",\"alto el fuego\",\"Asociaci\u00f3n Estrat\u00e9gica\",\"Asociaci\u00f3n Estrat\u00e9gica con Estados Unidos\",\"comercio\",\"disuasi\u00f3n\",\"EE.UU.\",\"energia\",\"Estados Unidos\",\"Ilie Bolojan\",\"inversi\u00f3n\",\"Mar Negro\",\"misiones diplom\u00e1ticas\",\"OTAN\",\"PIB\",\"pol\u00edtica exterior\",\"presidente interino\",\"Producto Interior Bruto\",\"Programa de Exenci\u00f3n de Visado\",\"Seguridad\",\"Ucrania\",\"Uni\u00f3n Europea\"],\"articleSection\":[\"En portada\"],\"inLanguage\":\"es\"},{\"@type\":\"WebPage\",\"@id\":\"https:\\\/\\\/www.rri.ro\\\/es\\\/actualidad\\\/en-portada\\\/rumania-prosigue-su-andadura-euroatlantica-id863399.html\",\"url\":\"https:\\\/\\\/www.rri.ro\\\/es\\\/actualidad\\\/en-portada\\\/rumania-prosigue-su-andadura-euroatlantica-id863399.html\",\"name\":\"Ruman\u00eda prosigue su andadura euroatl\u00e1ntica - Radio Ruman\u00eda Internacional\",\"isPartOf\":{\"@id\":\"https:\\\/\\\/www.rri.ro\\\/#website\"},\"primaryImageOfPage\":{\"@id\":\"https:\\\/\\\/www.rri.ro\\\/es\\\/actualidad\\\/en-portada\\\/rumania-prosigue-su-andadura-euroatlantica-id863399.html#primaryimage\"},\"image\":{\"@id\":\"https:\\\/\\\/www.rri.ro\\\/es\\\/actualidad\\\/en-portada\\\/rumania-prosigue-su-andadura-euroatlantica-id863399.html#primaryimage\"},\"thumbnailUrl\":\"https:\\\/\\\/www.rri.ro\\\/wp-content\\\/uploads\\\/2025\\\/02\\\/ilie-bolojan-diplomatie-cotroceni-foto-presidency.jpg\",\"datePublished\":\"2025-02-19T08:33:26+00:00\",\"author\":{\"@id\":\"https:\\\/\\\/www.rri.ro\\\/#\\\/schema\\\/person\\\/2d81d5dc94d44190d13245f64551d334\"},\"breadcrumb\":{\"@id\":\"https:\\\/\\\/www.rri.ro\\\/es\\\/actualidad\\\/en-portada\\\/rumania-prosigue-su-andadura-euroatlantica-id863399.html#breadcrumb\"},\"inLanguage\":\"es\",\"potentialAction\":[{\"@type\":\"ReadAction\",\"target\":[\"https:\\\/\\\/www.rri.ro\\\/es\\\/actualidad\\\/en-portada\\\/rumania-prosigue-su-andadura-euroatlantica-id863399.html\"]}]},{\"@type\":\"ImageObject\",\"inLanguage\":\"es\",\"@id\":\"https:\\\/\\\/www.rri.ro\\\/es\\\/actualidad\\\/en-portada\\\/rumania-prosigue-su-andadura-euroatlantica-id863399.html#primaryimage\",\"url\":\"https:\\\/\\\/www.rri.ro\\\/wp-content\\\/uploads\\\/2025\\\/02\\\/ilie-bolojan-diplomatie-cotroceni-foto-presidency.jpg\",\"contentUrl\":\"https:\\\/\\\/www.rri.ro\\\/wp-content\\\/uploads\\\/2025\\\/02\\\/ilie-bolojan-diplomatie-cotroceni-foto-presidency.jpg\",\"width\":1200,\"height\":675,\"caption\":\"Ilie Bolojan (photo: presidency.ro)\"},{\"@type\":\"BreadcrumbList\",\"@id\":\"https:\\\/\\\/www.rri.ro\\\/es\\\/actualidad\\\/en-portada\\\/rumania-prosigue-su-andadura-euroatlantica-id863399.html#breadcrumb\",\"itemListElement\":[{\"@type\":\"ListItem\",\"position\":1,\"name\":\"P\u00e1gina de inicio\",\"item\":\"https:\\\/\\\/www.rri.ro\\\/es\"},{\"@type\":\"ListItem\",\"position\":2,\"name\":\"Actualidad\",\"item\":\"https:\\\/\\\/www.rri.ro\\\/es\\\/actualidad\"},{\"@type\":\"ListItem\",\"position\":3,\"name\":\"En portada\",\"item\":\"https:\\\/\\\/www.rri.ro\\\/es\\\/actualidad\\\/en-portada\"},{\"@type\":\"ListItem\",\"position\":4,\"name\":\"Ruman\u00eda prosigue su andadura euroatl\u00e1ntica\"}]},{\"@type\":\"WebSite\",\"@id\":\"https:\\\/\\\/www.rri.ro\\\/#website\",\"url\":\"https:\\\/\\\/www.rri.ro\\\/\",\"name\":\"Radio Ruman\u00eda Internacional\",\"description\":\"Totul despre Rom\u00e2nia \u015fi rom\u00e2ni, \u00een 13 limbi\\\/dialecte!\",\"inLanguage\":\"es\"},{\"@type\":\"Person\",\"@id\":\"https:\\\/\\\/www.rri.ro\\\/#\\\/schema\\\/person\\\/2d81d5dc94d44190d13245f64551d334\",\"name\":\"\u015etefan Stoica\",\"url\":\"https:\\\/\\\/www.rri.ro\\\/es\\\/author\\\/stefan-stoica\"}]}<\/script>\n<!-- \/ Yoast SEO plugin. -->","yoast_head_json":{"title":"Ruman\u00eda prosigue su andadura euroatl\u00e1ntica - Radio Ruman\u00eda Internacional","robots":{"index":"index","follow":"follow","max-snippet":"max-snippet:-1","max-image-preview":"max-image-preview:large","max-video-preview":"max-video-preview:-1"},"canonical":"https:\/\/www.rri.ro\/es\/actualidad\/en-portada\/rumania-prosigue-su-andadura-euroatlantica-id863399.html","og_locale":"es_ES","og_type":"article","og_title":"Ruman\u00eda prosigue su andadura euroatl\u00e1ntica - Radio Ruman\u00eda Internacional","og_description":"La pol\u00edtica exterior de Ruman\u00eda mantendr\u00e1 su curso natural, como miembro de la Uni\u00f3n Europea y de la OTAN, teniendo una Asociaci\u00f3n Estrat\u00e9gica con los EE.UU. y estando abierta a la cooperaci\u00f3n con todos los socios que compartan los mismos valores y principios que nosotros apoyamos. Este fue uno de los importantes mensajes pronunciados el [&hellip;]","og_url":"https:\/\/www.rri.ro\/es\/actualidad\/en-portada\/rumania-prosigue-su-andadura-euroatlantica-id863399.html","og_site_name":"Radio Ruman\u00eda Internacional","article_published_time":"2025-02-19T08:33:26+00:00","og_image":[{"width":1200,"height":675,"url":"https:\/\/www.rri.ro\/wp-content\/uploads\/2025\/02\/ilie-bolojan-diplomatie-cotroceni-foto-presidency.jpg","type":"image\/jpeg"}],"author":"\u015etefan Stoica","twitter_card":"summary_large_image","twitter_misc":{"Escrito por":"\u015etefan Stoica","Tiempo de lectura":"3 minutos","Written by":"\u015etefan Stoica"},"schema":{"@context":"https:\/\/schema.org","@graph":[{"@type":"Article","@id":"https:\/\/www.rri.ro\/es\/actualidad\/en-portada\/rumania-prosigue-su-andadura-euroatlantica-id863399.html#article","isPartOf":{"@id":"https:\/\/www.rri.ro\/es\/actualidad\/en-portada\/rumania-prosigue-su-andadura-euroatlantica-id863399.html"},"author":{"name":"\u015etefan Stoica","@id":"https:\/\/www.rri.ro\/#\/schema\/person\/2d81d5dc94d44190d13245f64551d334"},"headline":"Ruman\u00eda prosigue su andadura euroatl\u00e1ntica","datePublished":"2025-02-19T08:33:26+00:00","mainEntityOfPage":{"@id":"https:\/\/www.rri.ro\/es\/actualidad\/en-portada\/rumania-prosigue-su-andadura-euroatlantica-id863399.html"},"wordCount":584,"image":{"@id":"https:\/\/www.rri.ro\/es\/actualidad\/en-portada\/rumania-prosigue-su-andadura-euroatlantica-id863399.html#primaryimage"},"thumbnailUrl":"https:\/\/www.rri.ro\/wp-content\/uploads\/2025\/02\/ilie-bolojan-diplomatie-cotroceni-foto-presidency.jpg","keywords":["agresi\u00f3n rusa","alto el fuego","Asociaci\u00f3n Estrat\u00e9gica","Asociaci\u00f3n Estrat\u00e9gica con Estados Unidos","comercio","disuasi\u00f3n","EE.UU.","energia","Estados Unidos","Ilie Bolojan","inversi\u00f3n","Mar Negro","misiones diplom\u00e1ticas","OTAN","PIB","pol\u00edtica exterior","presidente interino","Producto Interior Bruto","Programa de Exenci\u00f3n de Visado","Seguridad","Ucrania","Uni\u00f3n Europea"],"articleSection":["En portada"],"inLanguage":"es"},{"@type":"WebPage","@id":"https:\/\/www.rri.ro\/es\/actualidad\/en-portada\/rumania-prosigue-su-andadura-euroatlantica-id863399.html","url":"https:\/\/www.rri.ro\/es\/actualidad\/en-portada\/rumania-prosigue-su-andadura-euroatlantica-id863399.html","name":"Ruman\u00eda prosigue su andadura euroatl\u00e1ntica - Radio Ruman\u00eda Internacional","isPartOf":{"@id":"https:\/\/www.rri.ro\/#website"},"primaryImageOfPage":{"@id":"https:\/\/www.rri.ro\/es\/actualidad\/en-portada\/rumania-prosigue-su-andadura-euroatlantica-id863399.html#primaryimage"},"image":{"@id":"https:\/\/www.rri.ro\/es\/actualidad\/en-portada\/rumania-prosigue-su-andadura-euroatlantica-id863399.html#primaryimage"},"thumbnailUrl":"https:\/\/www.rri.ro\/wp-content\/uploads\/2025\/02\/ilie-bolojan-diplomatie-cotroceni-foto-presidency.jpg","datePublished":"2025-02-19T08:33:26+00:00","author":{"@id":"https:\/\/www.rri.ro\/#\/schema\/person\/2d81d5dc94d44190d13245f64551d334"},"breadcrumb":{"@id":"https:\/\/www.rri.ro\/es\/actualidad\/en-portada\/rumania-prosigue-su-andadura-euroatlantica-id863399.html#breadcrumb"},"inLanguage":"es","potentialAction":[{"@type":"ReadAction","target":["https:\/\/www.rri.ro\/es\/actualidad\/en-portada\/rumania-prosigue-su-andadura-euroatlantica-id863399.html"]}]},{"@type":"ImageObject","inLanguage":"es","@id":"https:\/\/www.rri.ro\/es\/actualidad\/en-portada\/rumania-prosigue-su-andadura-euroatlantica-id863399.html#primaryimage","url":"https:\/\/www.rri.ro\/wp-content\/uploads\/2025\/02\/ilie-bolojan-diplomatie-cotroceni-foto-presidency.jpg","contentUrl":"https:\/\/www.rri.ro\/wp-content\/uploads\/2025\/02\/ilie-bolojan-diplomatie-cotroceni-foto-presidency.jpg","width":1200,"height":675,"caption":"Ilie Bolojan (photo: presidency.ro)"},{"@type":"BreadcrumbList","@id":"https:\/\/www.rri.ro\/es\/actualidad\/en-portada\/rumania-prosigue-su-andadura-euroatlantica-id863399.html#breadcrumb","itemListElement":[{"@type":"ListItem","position":1,"name":"P\u00e1gina de inicio","item":"https:\/\/www.rri.ro\/es"},{"@type":"ListItem","position":2,"name":"Actualidad","item":"https:\/\/www.rri.ro\/es\/actualidad"},{"@type":"ListItem","position":3,"name":"En portada","item":"https:\/\/www.rri.ro\/es\/actualidad\/en-portada"},{"@type":"ListItem","position":4,"name":"Ruman\u00eda prosigue su andadura euroatl\u00e1ntica"}]},{"@type":"WebSite","@id":"https:\/\/www.rri.ro\/#website","url":"https:\/\/www.rri.ro\/","name":"Radio Ruman\u00eda Internacional","description":"Totul despre Rom\u00e2nia \u015fi rom\u00e2ni, \u00een 13 limbi\/dialecte!","inLanguage":"es"},{"@type":"Person","@id":"https:\/\/www.rri.ro\/#\/schema\/person\/2d81d5dc94d44190d13245f64551d334","name":"\u015etefan Stoica","url":"https:\/\/www.rri.ro\/es\/author\/stefan-stoica"}]}},"_links":{"self":[{"href":"https:\/\/www.rri.ro\/es\/wp-json\/wp\/v2\/posts\/863399","targetHints":{"allow":["GET"]}}],"collection":[{"href":"https:\/\/www.rri.ro\/es\/wp-json\/wp\/v2\/posts"}],"about":[{"href":"https:\/\/www.rri.ro\/es\/wp-json\/wp\/v2\/types\/post"}],"author":[{"embeddable":true,"href":"https:\/\/www.rri.ro\/es\/wp-json\/wp\/v2\/users\/110"}],"replies":[{"embeddable":true,"href":"https:\/\/www.rri.ro\/es\/wp-json\/wp\/v2\/comments?post=863399"}],"version-history":[{"count":0,"href":"https:\/\/www.rri.ro\/es\/wp-json\/wp\/v2\/posts\/863399\/revisions"}],"wp:featuredmedia":[{"embeddable":true,"href":"https:\/\/www.rri.ro\/es\/wp-json\/wp\/v2\/media\/863347"}],"wp:attachment":[{"href":"https:\/\/www.rri.ro\/es\/wp-json\/wp\/v2\/media?parent=863399"}],"wp:term":[{"taxonomy":"category","embeddable":true,"href":"https:\/\/www.rri.ro\/es\/wp-json\/wp\/v2\/categories?post=863399"},{"taxonomy":"post_tag","embeddable":true,"href":"https:\/\/www.rri.ro\/es\/wp-json\/wp\/v2\/tags?post=863399"},{"taxonomy":"author","embeddable":true,"href":"https:\/\/www.rri.ro\/es\/wp-json\/wp\/v2\/coauthors?post=863399"}],"curies":[{"name":"wp","href":"https:\/\/api.w.org\/{rel}","templated":true}]}}