{"id":889041,"date":"2025-05-19T16:15:09","date_gmt":"2025-05-19T13:15:09","guid":{"rendered":"https:\/\/www.rri.ro\/?p=889041"},"modified":"2025-05-19T16:22:46","modified_gmt":"2025-05-19T13:22:46","slug":"35-anos-de-las-elecciones-de-diciembre-de-1989","status":"publish","type":"post","link":"https:\/\/www.rri.ro\/es\/cronica-semanal\/pro-memoria-es\/35-anos-de-las-elecciones-de-diciembre-de-1989-id889041.html","title":{"rendered":"35 a\u00f1os de las elecciones de diciembre de 1989"},"content":{"rendered":"<p><span style=\"font-family: arial, helvetica, sans-serif;\">Las elecciones parlamentarias y presidenciales del 20 de mayo de 1990 fueron las primeras elecciones libres despu\u00e9s de la ca\u00edda del r\u00e9gimen comunista en Ruman\u00eda el 22 de diciembre de 1989. Las elecciones las domin\u00f3 el Frente de Salvaci\u00f3n Nacional (FSN), constituido primero como organizaci\u00f3n y luego como el partido pol\u00edtico que sucedi\u00f3 al Partido Comunista Rumano, encabezado por su candidato, Ion Iliescu.<\/span><\/p>\n<p><span style=\"font-family: arial, helvetica, sans-serif;\">Fueron los resultados m\u00e1s claros en la historia electoral de despu\u00e9s de 1989, con grandes posibilidades de seguir siendo los m\u00e1s altos en toda la historia pol\u00edtica de Ruman\u00eda. La participaci\u00f3n en las mesas electorales fue enorme, aproximadamente el 86% de los votantes expresaron su voluntad.<\/span><\/p>\n<p><span style=\"font-family: arial, helvetica, sans-serif;\">En las elecciones para el primer Parlamento, el Frente de Salvaci\u00f3n Nacional gan\u00f3 el 67% de los esca\u00f1os, la Uni\u00f3n Democr\u00e1tica H\u00fangara de Ruman\u00eda obtuvo el 7,2%, el Partido Nacional Liberal el 7%, el Movimiento Ecol\u00f3gico de Ruman\u00eda y el Partido Nacional Campesino Cristiano-Dem\u00f3crata obtuvieron un 2,5% cada uno. Ion Iliescu, el candidato del Frente, se convirti\u00f3 en presidente de Ruman\u00eda durante dos a\u00f1os con el 85%, seguido por Radu C\u00e2mpeanu, el candidato liberal, que obtuvo el 10,5% e Ion Ra\u021biu, el candidato del partido campesino, con el 4%.<\/span><\/p>\n<p><span style=\"font-family: arial, helvetica, sans-serif;\">Las elecciones de hace 35 a\u00f1os, celebradas en la festividad del Domingo de los Ciegos (el sexto domingo despu\u00e9s de la Pascua), legitimaron al nuevo gobierno, que iniciaba su programa de reformas. Sin embargo, estas sucedieron a un ritmo lento, lejos de tener el ritmo esperado por los rumanos, y estuvieron lejos de finalizarse.<\/span><\/p>\n<p><span style=\"font-family: arial, helvetica, sans-serif;\">El gran desequilibrio entre el FSN y los partidos de oposici\u00f3n, los llamados partidos <em>hist\u00f3ricos<\/em>, disueltos por el r\u00e9gimen comunista a finales de los a\u00f1os 1940, se explicaba por la falta de ejercicio pol\u00edtico de la sociedad rumana en su conjunto durante 45 a\u00f1os. Los rumanos volv\u00edan a aprender la democracia, un proceso de reaprendizaje que no estaba exento de intolerancia, odio, manipulaci\u00f3n y violencia f\u00edsica. Las elecciones del 20 de mayo de 1990 fueron las m\u00e1s dif\u00edciles, y muchos analistas pol\u00edticos e historiadores las consideran, a pesar de su car\u00e1cter de renovaci\u00f3n social, como la ra\u00edz de los defectos actuales de la democracia rumana.<\/span><\/p>\n<p><span style=\"font-family: arial, helvetica, sans-serif;\">El Centro de Historia Oral de la Radiodifusi\u00f3n Rumana ha registrado los recuerdos de quienes participaron en aquellas elecciones. El profesor de ingl\u00e9s Sorin Bottez, joven activista liberal en 1945 y preso pol\u00edtico durante los a\u00f1os del comunismo, recordaba en el a\u00f1o 2003 c\u00f3mo \u00e9l y los que hab\u00edan refundado el PNL en 1989 esperaban con impaciencia las elecciones del 20 de mayo.<\/span><\/p>\n<p style=\"padding-left: 40px;\"><span style=\"font-family: arial, helvetica, sans-serif;\"><em>\u00abNosotros hab\u00edamos esperado, en primer lugar, que C\u00e2mpeanu saliera presidente. Lo cual, evidentemente, era una gran ingenuidad imaginar que el Comit\u00e9 para la Seguridad del Estado (KGB) permitir\u00eda que C\u00e2mpeanu fuera presidente. Si no hubiera sido por el sistema de agentes de influencia, que oper\u00f3 de manera formidable en Ruman\u00eda y lanz\u00f3 rumores sobre C\u00e2mpeanu de que hab\u00eda matado a su hermana en Timi\u015foara, que ten\u00eda un burdel en Par\u00eds, los resultados habr\u00edan sido diferentes. Este tipo de actos arbitrarios, como el comportamiento de la televisi\u00f3n, y en menor medida de la radio, no se hab\u00edan visto antes. Los jefes de la televisi\u00f3n fueron el camarada R\u0103zvan Theodorescu, despu\u00e9s fue Emanuel Valeriu, que fue la eminencia gris y una herramienta total de KGB\u00bb.<\/em><\/span><\/p>\n<p><span style=\"font-family: arial, helvetica, sans-serif;\">En el mismo a\u00f1o 2003, Ion Diaconescu, el presidente del partido campesino, recordaba las violencias de la campa\u00f1a electoral.<\/span><\/p>\n<p style=\"padding-left: 40px;\"><span style=\"font-family: arial, helvetica, sans-serif;\"><em>\u00abUnos periodistas extranjeros, franceses, vinieron aqu\u00ed, a mi sede, y quer\u00edan que los llevara conmigo para ver la campa\u00f1a en el medio rural. \u00bfA d\u00f3nde los llevo yo? Sab\u00eda que nos quer\u00edan dar una paliza adonde fu\u00e9ramos. Y veo en el pasillo a un profesor, era de Dobre\u015fti, un pueblo cercano al m\u00edo, el pueblo de Ion Mihalache, y hab\u00eda sido nombrado delegado para formar un partido en Dobre\u015fti. Le pregunto si no podr\u00edamos hacer eso, llevar a los periodistas extranjeros all\u00ed. Y \u00e9l nos dice que vayamos a Dobre\u015fti. Hacemos un acto en memoria de Mihalache el domingo y con esta ocasi\u00f3n organizamos tambi\u00e9n una reuni\u00f3n pol\u00edtica. Yo me voy de aqu\u00ed de Bucarest, con los franceses y con un par de coches, hago una llamada a Pite\u015fti y desde all\u00ed vienen otros miembros y algunos coches y nos dirigimos al cementerio, a Dobre\u015fti. All\u00ed, en el pueblo, hab\u00edan venido unas 10 personas, nosotros \u00e9ramos unos 20 en total. Tuvimos una misa, dimos algunos discursos entre nosotros, en una peque\u00f1a iglesia. Al salir de la iglesia, hab\u00edamos dejado los coches m\u00e1s abajo, a unos 100 metros, porque no se pod\u00eda subir en coche, la iglesia estaba en lo alto de la colina. A la derecha estaba el jard\u00edn de Mihalache y m\u00e1s all\u00e1 su casa. De la propiedad de Mihalache salieron unas cuatro mujeres y un hombre, con piedras, y empezaron a lanzarlas hacia nosotros y a abuchearnos. Nos protegimos de las piedras, los franceses quedaron boquiabiertos. Nos fuimos r\u00e1pidamente, cogimos los coches para irnos. El profesor nos dijo que nos detuvi\u00e9ramos en su casa porque nos hab\u00eda preparado un almuerzo. Nos detuvimos y mientras est\u00e1bamos all\u00ed, quienes nos hab\u00edan lanzado piedras vinieron y empezaron a apedrear las ventanas mientras est\u00e1bamos dentro. Frente a nosotros estaba la comisar\u00eda, desde all\u00ed dijeron que aquello era un asunto pol\u00edtico y que no se involucraban. Y logramos escapar corriendo. Cuento esto en Bucarest, Coposu me dice que tambi\u00e9n en su pueblo, en Bobota, en Transilvania, le ocurri\u00f3 algo similar. Ion Puiu me dijo que en su pueblo, en Bucovina, ocurri\u00f3 lo mismo. A Ion Ra\u021biu casi lo golpearon en Buz\u0103u\u00bb.<\/em><\/span><\/p>\n<p><span style=\"font-family: arial, helvetica, sans-serif;\">Las elecciones del 20 de mayo de 1990 fueron fruto de su tiempo. No pod\u00edan tener otro resultado que las propias expectativas de la sociedad rumana de entonces.<\/span><\/p>\n<p><span style=\"font-family: arial, helvetica, sans-serif;\">Versi\u00f3n en espa\u00f1ol: Mihaela Stoian<\/span><\/p>\n","protected":false},"excerpt":{"rendered":"<p>Las elecciones parlamentarias y presidenciales del 20 de mayo de 1990 fueron las primeras elecciones libres despu\u00e9s de la ca\u00edda del r\u00e9gimen comunista en Ruman\u00eda el 22 de diciembre de 1989. Las elecciones las domin\u00f3 el Frente de Salvaci\u00f3n Nacional (FSN), constituido primero como organizaci\u00f3n y luego como el partido pol\u00edtico que sucedi\u00f3 al Partido [&hellip;]<\/p>\n","protected":false},"author":127,"featured_media":780279,"comment_status":"closed","ping_status":"closed","sticky":false,"template":"","format":"standard","meta":{"_acf_changed":false,"footnotes":""},"categories":[112285],"tags":[170252,133797,133798,170268,170258,170256,170269,132222,170255,170260,112561,170257,165931,170274,170264,170259,153653,170271,170254,170270,156977,170266,112405,170267,49244,170262,170272,170265,170261,170275,170273,146065,170253,144336,143968,156417,170263],"coauthors":[113318],"class_list":["post-889041","post","type-post","status-publish","format-standard","has-post-thumbnail","hentry","category-pro-memoria-es","tag-20-de-mayo-de-1990","tag-bucovina-es","tag-buzau-es","tag-caida-del-regimen-comunista","tag-centro-de-historia-oral-de-la-radiodifusion-rumana","tag-comite-para-la-seguridad-del-estado","tag-coposu-es","tag-democracia","tag-dobresti","tag-domingo-de-los-ciegos","tag-elecciones","tag-emanuel-valeriu","tag-frente-de-salvacion-nacional","tag-fsn-es","tag-intolerancia","tag-ion-diaconescu","tag-ion-iliescu-es","tag-ion-mihalache-es","tag-ion-puiu","tag-ion-ratiu-es","tag-kgb-es","tag-movimiento-ecologico-de-rumania","tag-partido-comunista-rumano","tag-partido-nacional-campesino-cristiano-democrata","tag-partido-nacional-liberal","tag-partidos-historicos","tag-pitesti-es","tag-primer-parlamento","tag-programa-de-reformas","tag-radu-campeanu-es","tag-razvan-theodorescu-es","tag-regimen-comunista","tag-sociedad-rumana","tag-timisoara-es","tag-transilvania-es","tag-union-democratica-hungara-de-rumania","tag-violencia-fisica"],"acf":[],"yoast_head":"<!-- This site is optimized with the Yoast SEO plugin v27.3 - https:\/\/yoast.com\/product\/yoast-seo-wordpress\/ -->\n<title>35 a\u00f1os de las elecciones de diciembre de 1989 - Radio Ruman\u00eda Internacional<\/title>\n<meta name=\"robots\" content=\"index, follow, max-snippet:-1, max-image-preview:large, max-video-preview:-1\" \/>\n<link rel=\"canonical\" href=\"https:\/\/www.rri.ro\/es\/cronica-semanal\/pro-memoria-es\/35-anos-de-las-elecciones-de-diciembre-de-1989-id889041.html\" \/>\n<meta property=\"og:locale\" content=\"es_ES\" \/>\n<meta property=\"og:type\" content=\"article\" \/>\n<meta property=\"og:title\" content=\"35 a\u00f1os de las elecciones de diciembre de 1989 - Radio Ruman\u00eda Internacional\" \/>\n<meta property=\"og:description\" content=\"Las elecciones parlamentarias y presidenciales del 20 de mayo de 1990 fueron las primeras elecciones libres despu\u00e9s de la ca\u00edda del r\u00e9gimen comunista en Ruman\u00eda el 22 de diciembre de 1989. Las elecciones las domin\u00f3 el Frente de Salvaci\u00f3n Nacional (FSN), constituido primero como organizaci\u00f3n y luego como el partido pol\u00edtico que sucedi\u00f3 al Partido [&hellip;]\" \/>\n<meta property=\"og:url\" content=\"https:\/\/www.rri.ro\/es\/cronica-semanal\/pro-memoria-es\/35-anos-de-las-elecciones-de-diciembre-de-1989-id889041.html\" \/>\n<meta property=\"og:site_name\" content=\"Radio Ruman\u00eda Internacional\" \/>\n<meta property=\"article:published_time\" content=\"2025-05-19T13:15:09+00:00\" \/>\n<meta property=\"article:modified_time\" content=\"2025-05-19T13:22:46+00:00\" \/>\n<meta property=\"og:image\" content=\"https:\/\/www.rri.ro\/wp-content\/uploads\/2024\/06\/banner-Pro-Memoria.-960x540-3.jpg\" \/>\n\t<meta property=\"og:image:width\" content=\"960\" \/>\n\t<meta property=\"og:image:height\" content=\"540\" \/>\n\t<meta property=\"og:image:type\" content=\"image\/jpeg\" \/>\n<meta name=\"author\" content=\"Steliu Lambru\" \/>\n<meta name=\"twitter:card\" content=\"summary_large_image\" \/>\n<meta name=\"twitter:label1\" content=\"Escrito por\" \/>\n\t<meta name=\"twitter:data1\" content=\"Steliu Lambru\" \/>\n\t<meta name=\"twitter:label2\" content=\"Tiempo de lectura\" \/>\n\t<meta name=\"twitter:data2\" content=\"5 minutos\" \/>\n\t<meta name=\"twitter:label3\" content=\"Written by\" \/>\n\t<meta name=\"twitter:data3\" content=\"Steliu Lambru\" \/>\n<script type=\"application\/ld+json\" class=\"yoast-schema-graph\">{\"@context\":\"https:\\\/\\\/schema.org\",\"@graph\":[{\"@type\":\"Article\",\"@id\":\"https:\\\/\\\/www.rri.ro\\\/es\\\/cronica-semanal\\\/pro-memoria-es\\\/35-anos-de-las-elecciones-de-diciembre-de-1989-id889041.html#article\",\"isPartOf\":{\"@id\":\"https:\\\/\\\/www.rri.ro\\\/es\\\/cronica-semanal\\\/pro-memoria-es\\\/35-anos-de-las-elecciones-de-diciembre-de-1989-id889041.html\"},\"author\":{\"name\":\"Steliu Lambru\",\"@id\":\"https:\\\/\\\/www.rri.ro\\\/#\\\/schema\\\/person\\\/32dfff47877fea659b3b498015876c1d\"},\"headline\":\"35 a\u00f1os de las elecciones de diciembre de 1989\",\"datePublished\":\"2025-05-19T13:15:09+00:00\",\"dateModified\":\"2025-05-19T13:22:46+00:00\",\"mainEntityOfPage\":{\"@id\":\"https:\\\/\\\/www.rri.ro\\\/es\\\/cronica-semanal\\\/pro-memoria-es\\\/35-anos-de-las-elecciones-de-diciembre-de-1989-id889041.html\"},\"wordCount\":1040,\"image\":{\"@id\":\"https:\\\/\\\/www.rri.ro\\\/es\\\/cronica-semanal\\\/pro-memoria-es\\\/35-anos-de-las-elecciones-de-diciembre-de-1989-id889041.html#primaryimage\"},\"thumbnailUrl\":\"https:\\\/\\\/www.rri.ro\\\/wp-content\\\/uploads\\\/2024\\\/06\\\/banner-Pro-Memoria.-960x540-3.jpg\",\"keywords\":[\"20 de mayo de 1990\",\"Bucovina\",\"buzau\",\"ca\u00edda del r\u00e9gimen comunista\",\"Centro de Historia Oral de la Radiodifusi\u00f3n Rumana\",\"Comit\u00e9 para la Seguridad del Estado\",\"Coposu\",\"democracia\",\"Dobre\u015fti\",\"Domingo de los Ciegos\",\"elecciones\",\"Emanuel Valeriu\",\"Frente de Salvaci\u00f3n Nacional\",\"FSN\",\"intolerancia\",\"Ion Diaconescu\",\"Ion Iliescu\",\"Ion Mihalache\",\"Ion Puiu\",\"Ion Ratiu\",\"KGB\",\"Movimiento Ecol\u00f3gico de Ruman\u00eda\",\"Partido Comunista Rumano\",\"Partido Nacional Campesino Cristiano-Dem\u00f3crata\",\"Partido Nacional Liberal\",\"partidos hist\u00f3ricos\",\"Pitesti\",\"primer Parlamento\",\"programa de reformas\",\"Radu Campeanu\",\"Razvan Theodorescu\",\"r\u00e9gimen comunista\",\"sociedad rumana\",\"Timisoara\",\"Transilvania\",\"Uni\u00f3n Democr\u00e1tica H\u00fangara de Ruman\u00eda\",\"violencia f\u00edsica\"],\"articleSection\":[\"Pro Memoria\"],\"inLanguage\":\"es\"},{\"@type\":\"WebPage\",\"@id\":\"https:\\\/\\\/www.rri.ro\\\/es\\\/cronica-semanal\\\/pro-memoria-es\\\/35-anos-de-las-elecciones-de-diciembre-de-1989-id889041.html\",\"url\":\"https:\\\/\\\/www.rri.ro\\\/es\\\/cronica-semanal\\\/pro-memoria-es\\\/35-anos-de-las-elecciones-de-diciembre-de-1989-id889041.html\",\"name\":\"35 a\u00f1os de las elecciones de diciembre de 1989 - Radio Ruman\u00eda Internacional\",\"isPartOf\":{\"@id\":\"https:\\\/\\\/www.rri.ro\\\/#website\"},\"primaryImageOfPage\":{\"@id\":\"https:\\\/\\\/www.rri.ro\\\/es\\\/cronica-semanal\\\/pro-memoria-es\\\/35-anos-de-las-elecciones-de-diciembre-de-1989-id889041.html#primaryimage\"},\"image\":{\"@id\":\"https:\\\/\\\/www.rri.ro\\\/es\\\/cronica-semanal\\\/pro-memoria-es\\\/35-anos-de-las-elecciones-de-diciembre-de-1989-id889041.html#primaryimage\"},\"thumbnailUrl\":\"https:\\\/\\\/www.rri.ro\\\/wp-content\\\/uploads\\\/2024\\\/06\\\/banner-Pro-Memoria.-960x540-3.jpg\",\"datePublished\":\"2025-05-19T13:15:09+00:00\",\"dateModified\":\"2025-05-19T13:22:46+00:00\",\"author\":{\"@id\":\"https:\\\/\\\/www.rri.ro\\\/#\\\/schema\\\/person\\\/32dfff47877fea659b3b498015876c1d\"},\"breadcrumb\":{\"@id\":\"https:\\\/\\\/www.rri.ro\\\/es\\\/cronica-semanal\\\/pro-memoria-es\\\/35-anos-de-las-elecciones-de-diciembre-de-1989-id889041.html#breadcrumb\"},\"inLanguage\":\"es\",\"potentialAction\":[{\"@type\":\"ReadAction\",\"target\":[\"https:\\\/\\\/www.rri.ro\\\/es\\\/cronica-semanal\\\/pro-memoria-es\\\/35-anos-de-las-elecciones-de-diciembre-de-1989-id889041.html\"]}]},{\"@type\":\"ImageObject\",\"inLanguage\":\"es\",\"@id\":\"https:\\\/\\\/www.rri.ro\\\/es\\\/cronica-semanal\\\/pro-memoria-es\\\/35-anos-de-las-elecciones-de-diciembre-de-1989-id889041.html#primaryimage\",\"url\":\"https:\\\/\\\/www.rri.ro\\\/wp-content\\\/uploads\\\/2024\\\/06\\\/banner-Pro-Memoria.-960x540-3.jpg\",\"contentUrl\":\"https:\\\/\\\/www.rri.ro\\\/wp-content\\\/uploads\\\/2024\\\/06\\\/banner-Pro-Memoria.-960x540-3.jpg\",\"width\":960,\"height\":540,\"caption\":\"The History Show\"},{\"@type\":\"BreadcrumbList\",\"@id\":\"https:\\\/\\\/www.rri.ro\\\/es\\\/cronica-semanal\\\/pro-memoria-es\\\/35-anos-de-las-elecciones-de-diciembre-de-1989-id889041.html#breadcrumb\",\"itemListElement\":[{\"@type\":\"ListItem\",\"position\":1,\"name\":\"P\u00e1gina de inicio\",\"item\":\"https:\\\/\\\/www.rri.ro\\\/es\"},{\"@type\":\"ListItem\",\"position\":2,\"name\":\"Cr\u00f3nica semanal\",\"item\":\"https:\\\/\\\/www.rri.ro\\\/es\\\/cronica-semanal\"},{\"@type\":\"ListItem\",\"position\":3,\"name\":\"Pro Memoria\",\"item\":\"https:\\\/\\\/www.rri.ro\\\/es\\\/cronica-semanal\\\/pro-memoria-es\"},{\"@type\":\"ListItem\",\"position\":4,\"name\":\"35 a\u00f1os de las elecciones de diciembre de 1989\"}]},{\"@type\":\"WebSite\",\"@id\":\"https:\\\/\\\/www.rri.ro\\\/#website\",\"url\":\"https:\\\/\\\/www.rri.ro\\\/\",\"name\":\"Radio Ruman\u00eda Internacional\",\"description\":\"Totul despre Rom\u00e2nia \u015fi rom\u00e2ni, \u00een 13 limbi\\\/dialecte!\",\"inLanguage\":\"es\"},{\"@type\":\"Person\",\"@id\":\"https:\\\/\\\/www.rri.ro\\\/#\\\/schema\\\/person\\\/32dfff47877fea659b3b498015876c1d\",\"name\":\"Steliu Lambru\",\"url\":\"https:\\\/\\\/www.rri.ro\\\/es\\\/author\\\/steliu-lambru\"}]}<\/script>\n<!-- \/ Yoast SEO plugin. -->","yoast_head_json":{"title":"35 a\u00f1os de las elecciones de diciembre de 1989 - Radio Ruman\u00eda Internacional","robots":{"index":"index","follow":"follow","max-snippet":"max-snippet:-1","max-image-preview":"max-image-preview:large","max-video-preview":"max-video-preview:-1"},"canonical":"https:\/\/www.rri.ro\/es\/cronica-semanal\/pro-memoria-es\/35-anos-de-las-elecciones-de-diciembre-de-1989-id889041.html","og_locale":"es_ES","og_type":"article","og_title":"35 a\u00f1os de las elecciones de diciembre de 1989 - Radio Ruman\u00eda Internacional","og_description":"Las elecciones parlamentarias y presidenciales del 20 de mayo de 1990 fueron las primeras elecciones libres despu\u00e9s de la ca\u00edda del r\u00e9gimen comunista en Ruman\u00eda el 22 de diciembre de 1989. Las elecciones las domin\u00f3 el Frente de Salvaci\u00f3n Nacional (FSN), constituido primero como organizaci\u00f3n y luego como el partido pol\u00edtico que sucedi\u00f3 al Partido [&hellip;]","og_url":"https:\/\/www.rri.ro\/es\/cronica-semanal\/pro-memoria-es\/35-anos-de-las-elecciones-de-diciembre-de-1989-id889041.html","og_site_name":"Radio Ruman\u00eda Internacional","article_published_time":"2025-05-19T13:15:09+00:00","article_modified_time":"2025-05-19T13:22:46+00:00","og_image":[{"width":960,"height":540,"url":"https:\/\/www.rri.ro\/wp-content\/uploads\/2024\/06\/banner-Pro-Memoria.-960x540-3.jpg","type":"image\/jpeg"}],"author":"Steliu Lambru","twitter_card":"summary_large_image","twitter_misc":{"Escrito por":"Steliu Lambru","Tiempo de lectura":"5 minutos","Written by":"Steliu Lambru"},"schema":{"@context":"https:\/\/schema.org","@graph":[{"@type":"Article","@id":"https:\/\/www.rri.ro\/es\/cronica-semanal\/pro-memoria-es\/35-anos-de-las-elecciones-de-diciembre-de-1989-id889041.html#article","isPartOf":{"@id":"https:\/\/www.rri.ro\/es\/cronica-semanal\/pro-memoria-es\/35-anos-de-las-elecciones-de-diciembre-de-1989-id889041.html"},"author":{"name":"Steliu Lambru","@id":"https:\/\/www.rri.ro\/#\/schema\/person\/32dfff47877fea659b3b498015876c1d"},"headline":"35 a\u00f1os de las elecciones de diciembre de 1989","datePublished":"2025-05-19T13:15:09+00:00","dateModified":"2025-05-19T13:22:46+00:00","mainEntityOfPage":{"@id":"https:\/\/www.rri.ro\/es\/cronica-semanal\/pro-memoria-es\/35-anos-de-las-elecciones-de-diciembre-de-1989-id889041.html"},"wordCount":1040,"image":{"@id":"https:\/\/www.rri.ro\/es\/cronica-semanal\/pro-memoria-es\/35-anos-de-las-elecciones-de-diciembre-de-1989-id889041.html#primaryimage"},"thumbnailUrl":"https:\/\/www.rri.ro\/wp-content\/uploads\/2024\/06\/banner-Pro-Memoria.-960x540-3.jpg","keywords":["20 de mayo de 1990","Bucovina","buzau","ca\u00edda del r\u00e9gimen comunista","Centro de Historia Oral de la Radiodifusi\u00f3n Rumana","Comit\u00e9 para la Seguridad del Estado","Coposu","democracia","Dobre\u015fti","Domingo de los Ciegos","elecciones","Emanuel Valeriu","Frente de Salvaci\u00f3n Nacional","FSN","intolerancia","Ion Diaconescu","Ion Iliescu","Ion Mihalache","Ion Puiu","Ion Ratiu","KGB","Movimiento Ecol\u00f3gico de Ruman\u00eda","Partido Comunista Rumano","Partido Nacional Campesino Cristiano-Dem\u00f3crata","Partido Nacional Liberal","partidos hist\u00f3ricos","Pitesti","primer Parlamento","programa de reformas","Radu Campeanu","Razvan Theodorescu","r\u00e9gimen comunista","sociedad rumana","Timisoara","Transilvania","Uni\u00f3n Democr\u00e1tica H\u00fangara de Ruman\u00eda","violencia f\u00edsica"],"articleSection":["Pro Memoria"],"inLanguage":"es"},{"@type":"WebPage","@id":"https:\/\/www.rri.ro\/es\/cronica-semanal\/pro-memoria-es\/35-anos-de-las-elecciones-de-diciembre-de-1989-id889041.html","url":"https:\/\/www.rri.ro\/es\/cronica-semanal\/pro-memoria-es\/35-anos-de-las-elecciones-de-diciembre-de-1989-id889041.html","name":"35 a\u00f1os de las elecciones de diciembre de 1989 - Radio Ruman\u00eda Internacional","isPartOf":{"@id":"https:\/\/www.rri.ro\/#website"},"primaryImageOfPage":{"@id":"https:\/\/www.rri.ro\/es\/cronica-semanal\/pro-memoria-es\/35-anos-de-las-elecciones-de-diciembre-de-1989-id889041.html#primaryimage"},"image":{"@id":"https:\/\/www.rri.ro\/es\/cronica-semanal\/pro-memoria-es\/35-anos-de-las-elecciones-de-diciembre-de-1989-id889041.html#primaryimage"},"thumbnailUrl":"https:\/\/www.rri.ro\/wp-content\/uploads\/2024\/06\/banner-Pro-Memoria.-960x540-3.jpg","datePublished":"2025-05-19T13:15:09+00:00","dateModified":"2025-05-19T13:22:46+00:00","author":{"@id":"https:\/\/www.rri.ro\/#\/schema\/person\/32dfff47877fea659b3b498015876c1d"},"breadcrumb":{"@id":"https:\/\/www.rri.ro\/es\/cronica-semanal\/pro-memoria-es\/35-anos-de-las-elecciones-de-diciembre-de-1989-id889041.html#breadcrumb"},"inLanguage":"es","potentialAction":[{"@type":"ReadAction","target":["https:\/\/www.rri.ro\/es\/cronica-semanal\/pro-memoria-es\/35-anos-de-las-elecciones-de-diciembre-de-1989-id889041.html"]}]},{"@type":"ImageObject","inLanguage":"es","@id":"https:\/\/www.rri.ro\/es\/cronica-semanal\/pro-memoria-es\/35-anos-de-las-elecciones-de-diciembre-de-1989-id889041.html#primaryimage","url":"https:\/\/www.rri.ro\/wp-content\/uploads\/2024\/06\/banner-Pro-Memoria.-960x540-3.jpg","contentUrl":"https:\/\/www.rri.ro\/wp-content\/uploads\/2024\/06\/banner-Pro-Memoria.-960x540-3.jpg","width":960,"height":540,"caption":"The History Show"},{"@type":"BreadcrumbList","@id":"https:\/\/www.rri.ro\/es\/cronica-semanal\/pro-memoria-es\/35-anos-de-las-elecciones-de-diciembre-de-1989-id889041.html#breadcrumb","itemListElement":[{"@type":"ListItem","position":1,"name":"P\u00e1gina de inicio","item":"https:\/\/www.rri.ro\/es"},{"@type":"ListItem","position":2,"name":"Cr\u00f3nica semanal","item":"https:\/\/www.rri.ro\/es\/cronica-semanal"},{"@type":"ListItem","position":3,"name":"Pro Memoria","item":"https:\/\/www.rri.ro\/es\/cronica-semanal\/pro-memoria-es"},{"@type":"ListItem","position":4,"name":"35 a\u00f1os de las elecciones de diciembre de 1989"}]},{"@type":"WebSite","@id":"https:\/\/www.rri.ro\/#website","url":"https:\/\/www.rri.ro\/","name":"Radio Ruman\u00eda Internacional","description":"Totul despre Rom\u00e2nia \u015fi rom\u00e2ni, \u00een 13 limbi\/dialecte!","inLanguage":"es"},{"@type":"Person","@id":"https:\/\/www.rri.ro\/#\/schema\/person\/32dfff47877fea659b3b498015876c1d","name":"Steliu Lambru","url":"https:\/\/www.rri.ro\/es\/author\/steliu-lambru"}]}},"_links":{"self":[{"href":"https:\/\/www.rri.ro\/es\/wp-json\/wp\/v2\/posts\/889041","targetHints":{"allow":["GET"]}}],"collection":[{"href":"https:\/\/www.rri.ro\/es\/wp-json\/wp\/v2\/posts"}],"about":[{"href":"https:\/\/www.rri.ro\/es\/wp-json\/wp\/v2\/types\/post"}],"author":[{"embeddable":true,"href":"https:\/\/www.rri.ro\/es\/wp-json\/wp\/v2\/users\/127"}],"replies":[{"embeddable":true,"href":"https:\/\/www.rri.ro\/es\/wp-json\/wp\/v2\/comments?post=889041"}],"version-history":[{"count":0,"href":"https:\/\/www.rri.ro\/es\/wp-json\/wp\/v2\/posts\/889041\/revisions"}],"wp:featuredmedia":[{"embeddable":true,"href":"https:\/\/www.rri.ro\/es\/wp-json\/wp\/v2\/media\/780279"}],"wp:attachment":[{"href":"https:\/\/www.rri.ro\/es\/wp-json\/wp\/v2\/media?parent=889041"}],"wp:term":[{"taxonomy":"category","embeddable":true,"href":"https:\/\/www.rri.ro\/es\/wp-json\/wp\/v2\/categories?post=889041"},{"taxonomy":"post_tag","embeddable":true,"href":"https:\/\/www.rri.ro\/es\/wp-json\/wp\/v2\/tags?post=889041"},{"taxonomy":"author","embeddable":true,"href":"https:\/\/www.rri.ro\/es\/wp-json\/wp\/v2\/coauthors?post=889041"}],"curies":[{"name":"wp","href":"https:\/\/api.w.org\/{rel}","templated":true}]}}