{"id":890101,"date":"2025-05-22T11:00:41","date_gmt":"2025-05-22T08:00:41","guid":{"rendered":"https:\/\/www.rri.ro\/?p=890101"},"modified":"2025-05-22T11:18:53","modified_gmt":"2025-05-22T08:18:53","slug":"bucarest-pilar-de-la-economia","status":"publish","type":"post","link":"https:\/\/www.rri.ro\/es\/actualidad\/tema-del-dia\/bucarest-pilar-de-la-economia-id890101.html","title":{"rendered":"Bucarest, pilar de la econom\u00eda"},"content":{"rendered":"<p>Bucarest sigue siendo el pilar de la econom\u00eda rumana. M\u00e1s de la mitad de las inversiones extranjeras directas atra\u00eddas por Ruman\u00eda desde 1990 han llegado a la capital, seg\u00fan la C\u00e1mara de Comercio e Industria de la ciudad. Sin embargo, el potencial de crecimiento se ve seriamente afectado por la burocracia. Esta fue la idea clave de la conferencia \u00abFocus Bucharest 2025\u00bb, un foro que reuni\u00f3 a representantes de la administraci\u00f3n local, empresarios e inversionistas internacionales.<\/p>\n<p>Los datos del BNR muestran que solo en 2023, la regi\u00f3n de Bucarest-Ilfov atrajo 4.100 millones de euros en inversi\u00f3n extranjera, el doble que cualquier otro distrito. Sin embargo, la capital pierde decenas de horas de productividad en el tr\u00e1fico cada a\u00f1o, 97 horas por conductor, un r\u00e9cord negativo a nivel europeo, y sigue siendo vulnerable a la contaminaci\u00f3n y a las desigualdades socioecon\u00f3micas. El desarrollo sostenible de la capital no significa s\u00f3lo edificios modernos, sino tambi\u00e9n infraestructura coherente, digitalizaci\u00f3n real y econom\u00eda circular, enfatiz\u00f3 el presidente de la C\u00e1mara de Comercio e Industria de Bucarest, Iuliu Stoclosa:<\/p>\n<p>&nbsp;<\/p>\n<p style=\"padding-left: 40px;\"><strong><em>\u201cNos interesa el desarrollo sostenible de la capital, tanto en infraestructura como en digitalizaci\u00f3n y econom\u00eda circular. En las tres \u00e1reas, vamos por buen camino; en todos los lugares donde tenemos proyectos en marcha, y el objetivo es conectar a la administraci\u00f3n local con el entorno empresarial, hay inversores extranjeros. Puedo darles una cifra: el 56 % de las inversiones directas en Ruman\u00eda se realizan en Bucarest, lo cual es un atractivo para los inversores extranjeros, considerando que se encuentra en la intersecci\u00f3n de dos corredores paneuropeos\u201d.<\/em><\/strong><\/p>\n<p>&nbsp;<\/p>\n<p>Iuliu Stoclosa record\u00f3 que Bucarest ya concentra la mayor parte de las inversiones extranjeras y debe a cambio ofrecer condiciones comerciales comparables a las de las grandes capitales europeas. Por su parte, el gerente (Centro de Datos) Costin B\u0103cil\u0103 present\u00f3 dos proyectos piloto que demuestran c\u00f3mo la digitalizaci\u00f3n puede eliminar las colas.Costin B\u0103cil\u0103:<\/p>\n<p>&nbsp;<\/p>\n<p style=\"padding-left: 40px;\"><em><strong>\u201cSi en otras capitales, cuando quieres fundar una empresa o invertir y construir algo en un mes, tienes todos los documentos listos y puedes ponerte a trabajar, aqu\u00ed estamos hablando de meses o incluso a\u00f1os en los que simplemente te enfrentas a toda la burocracia que implica. Habl\u00e9 de dos grandes proyectos que implementamos el a\u00f1o pasado: el proceso de digitalizaci\u00f3n en RAR, donde reemplazamos todos los componentes en papel y las firmas f\u00edsicas. Todo sucede, desde la cita hasta que me voy con el documento para el que solicit\u00e9 interactuar con ellos; todo sucede en un entorno digital. Tambi\u00e9n habl\u00e9 de e-Sigiliu, un proyecto que implementamos con las aduanas rumanas y la Direcci\u00f3n General Antifraude para supervisar el transporte en territorio rumano\u201d.<\/strong><\/em><\/p>\n<p>&nbsp;<\/p>\n<p>Como conclusi\u00f3n, los participantes coincidieron en que la lucha contra la burocracia debe ser una prioridad para la futura administraci\u00f3n local. Pero hasta entonces, la capital, parad\u00f3jicamente, sigue siendo al mismo tiempo campeona en atraer dinero y en perder tiempo en el tr\u00e1fico.<\/p>\n<p>&nbsp;<\/p>\n<p>(versi\u00f3n en espa\u00f1ol: Simona Sarbescu)<\/p>\n","protected":false},"excerpt":{"rendered":"<p>Bucarest sigue siendo el pilar de la econom\u00eda rumana. M\u00e1s de la mitad de las inversiones extranjeras directas atra\u00eddas por Ruman\u00eda desde 1990 han llegado a la capital, seg\u00fan la C\u00e1mara de Comercio e Industria de la ciudad. Sin embargo, el potencial de crecimiento se ve seriamente afectado por la burocracia. Esta fue la idea [&hellip;]<\/p>\n","protected":false},"author":106,"featured_media":890075,"comment_status":"closed","ping_status":"closed","sticky":false,"template":"","format":"standard","meta":{"_acf_changed":false,"footnotes":""},"categories":[49231],"tags":[170486,160798,164045,48978,159061,167444,170482,155135,170479,170485,150083,170484,170483,160204,148681,170477,170478,170480,170481,144530,166664,163728,144212,170487],"coauthors":[113311],"class_list":["post-890101","post","type-post","status-publish","format-standard","has-post-thumbnail","hentry","category-tema-del-dia","tag-aduanas-rumanas","tag-ano-pasado","tag-anos","tag-bucarest","tag-burocracia","tag-capitales","tag-componentes-en-papel","tag-documento","tag-documentos-listos","tag-e-sigiliu","tag-empresa","tag-entorno-digital","tag-firmas-fisicas","tag-grandes-proyectos","tag-ilfov-es","tag-invertir-y-construir","tag-mes","tag-meses","tag-proceso-de-digitalizacion-en-rar","tag-proyecto","tag-supervisar","tag-territorio-rumano","tag-transporte","tag-y-la-direccion-general-antifraude"],"acf":[],"yoast_head":"<!-- This site is optimized with the Yoast SEO plugin v27.3 - https:\/\/yoast.com\/product\/yoast-seo-wordpress\/ -->\n<title>Bucarest, pilar de la econom\u00eda - Radio Ruman\u00eda Internacional<\/title>\n<meta name=\"robots\" content=\"index, follow, max-snippet:-1, max-image-preview:large, max-video-preview:-1\" \/>\n<link rel=\"canonical\" href=\"https:\/\/www.rri.ro\/es\/actualidad\/tema-del-dia\/bucarest-pilar-de-la-economia-id890101.html\" \/>\n<meta property=\"og:locale\" content=\"es_ES\" \/>\n<meta property=\"og:type\" content=\"article\" \/>\n<meta property=\"og:title\" content=\"Bucarest, pilar de la econom\u00eda - Radio Ruman\u00eda Internacional\" \/>\n<meta property=\"og:description\" content=\"Bucarest sigue siendo el pilar de la econom\u00eda rumana. M\u00e1s de la mitad de las inversiones extranjeras directas atra\u00eddas por Ruman\u00eda desde 1990 han llegado a la capital, seg\u00fan la C\u00e1mara de Comercio e Industria de la ciudad. Sin embargo, el potencial de crecimiento se ve seriamente afectado por la burocracia. Esta fue la idea [&hellip;]\" \/>\n<meta property=\"og:url\" content=\"https:\/\/www.rri.ro\/es\/actualidad\/tema-del-dia\/bucarest-pilar-de-la-economia-id890101.html\" \/>\n<meta property=\"og:site_name\" content=\"Radio Ruman\u00eda Internacional\" \/>\n<meta property=\"article:published_time\" content=\"2025-05-22T08:00:41+00:00\" \/>\n<meta property=\"article:modified_time\" content=\"2025-05-22T08:18:53+00:00\" \/>\n<meta property=\"og:image\" content=\"https:\/\/www.rri.ro\/wp-content\/uploads\/2025\/05\/Conferinta-Focus-Bucuresti-sursa-foto-facebookCCIBucuresti.jpg\" \/>\n\t<meta property=\"og:image:width\" content=\"1200\" \/>\n\t<meta property=\"og:image:height\" content=\"800\" \/>\n\t<meta property=\"og:image:type\" content=\"image\/jpeg\" \/>\n<meta name=\"author\" content=\"Mihai Pelin\" \/>\n<meta name=\"twitter:card\" content=\"summary_large_image\" \/>\n<meta name=\"twitter:label1\" content=\"Escrito por\" \/>\n\t<meta name=\"twitter:data1\" content=\"Mihai Pelin\" \/>\n\t<meta name=\"twitter:label2\" content=\"Tiempo de lectura\" \/>\n\t<meta name=\"twitter:data2\" content=\"3 minutos\" \/>\n\t<meta name=\"twitter:label3\" content=\"Written by\" \/>\n\t<meta name=\"twitter:data3\" content=\"Mihai Pelin\" \/>\n<script type=\"application\/ld+json\" class=\"yoast-schema-graph\">{\"@context\":\"https:\\\/\\\/schema.org\",\"@graph\":[{\"@type\":\"Article\",\"@id\":\"https:\\\/\\\/www.rri.ro\\\/es\\\/actualidad\\\/tema-del-dia\\\/bucarest-pilar-de-la-economia-id890101.html#article\",\"isPartOf\":{\"@id\":\"https:\\\/\\\/www.rri.ro\\\/es\\\/actualidad\\\/tema-del-dia\\\/bucarest-pilar-de-la-economia-id890101.html\"},\"author\":{\"name\":\"Mihai Pelin\",\"@id\":\"https:\\\/\\\/www.rri.ro\\\/#\\\/schema\\\/person\\\/c6036c822534c855dc3aad41a484f05d\"},\"headline\":\"Bucarest, pilar de la econom\u00eda\",\"datePublished\":\"2025-05-22T08:00:41+00:00\",\"dateModified\":\"2025-05-22T08:18:53+00:00\",\"mainEntityOfPage\":{\"@id\":\"https:\\\/\\\/www.rri.ro\\\/es\\\/actualidad\\\/tema-del-dia\\\/bucarest-pilar-de-la-economia-id890101.html\"},\"wordCount\":530,\"image\":{\"@id\":\"https:\\\/\\\/www.rri.ro\\\/es\\\/actualidad\\\/tema-del-dia\\\/bucarest-pilar-de-la-economia-id890101.html#primaryimage\"},\"thumbnailUrl\":\"https:\\\/\\\/www.rri.ro\\\/wp-content\\\/uploads\\\/2025\\\/05\\\/Conferinta-Focus-Bucuresti-sursa-foto-facebookCCIBucuresti.jpg\",\"keywords\":[\"aduanas rumanas\",\"a\u00f1o pasado\",\"a\u00f1os\",\"Bucarest\",\"burocracia\",\"capitales\",\"componentes en papel\",\"documento\",\"documentos listos\",\"e-Sigiliu\",\"empresa\",\"entorno digital\",\"firmas f\u00edsicas\",\"grandes proyectos\",\"Ilfov\",\"invertir y construir\",\"mes\",\"meses\",\"proceso de digitalizaci\u00f3n en RAR\",\"proyecto\",\"supervisar\",\"territorio rumano\",\"transporte\",\"y la Direcci\u00f3n General Antifraude\"],\"articleSection\":[\"Tema del d\u00eda\"],\"inLanguage\":\"es\"},{\"@type\":\"WebPage\",\"@id\":\"https:\\\/\\\/www.rri.ro\\\/es\\\/actualidad\\\/tema-del-dia\\\/bucarest-pilar-de-la-economia-id890101.html\",\"url\":\"https:\\\/\\\/www.rri.ro\\\/es\\\/actualidad\\\/tema-del-dia\\\/bucarest-pilar-de-la-economia-id890101.html\",\"name\":\"Bucarest, pilar de la econom\u00eda - Radio Ruman\u00eda Internacional\",\"isPartOf\":{\"@id\":\"https:\\\/\\\/www.rri.ro\\\/#website\"},\"primaryImageOfPage\":{\"@id\":\"https:\\\/\\\/www.rri.ro\\\/es\\\/actualidad\\\/tema-del-dia\\\/bucarest-pilar-de-la-economia-id890101.html#primaryimage\"},\"image\":{\"@id\":\"https:\\\/\\\/www.rri.ro\\\/es\\\/actualidad\\\/tema-del-dia\\\/bucarest-pilar-de-la-economia-id890101.html#primaryimage\"},\"thumbnailUrl\":\"https:\\\/\\\/www.rri.ro\\\/wp-content\\\/uploads\\\/2025\\\/05\\\/Conferinta-Focus-Bucuresti-sursa-foto-facebookCCIBucuresti.jpg\",\"datePublished\":\"2025-05-22T08:00:41+00:00\",\"dateModified\":\"2025-05-22T08:18:53+00:00\",\"author\":{\"@id\":\"https:\\\/\\\/www.rri.ro\\\/#\\\/schema\\\/person\\\/c6036c822534c855dc3aad41a484f05d\"},\"breadcrumb\":{\"@id\":\"https:\\\/\\\/www.rri.ro\\\/es\\\/actualidad\\\/tema-del-dia\\\/bucarest-pilar-de-la-economia-id890101.html#breadcrumb\"},\"inLanguage\":\"es\",\"potentialAction\":[{\"@type\":\"ReadAction\",\"target\":[\"https:\\\/\\\/www.rri.ro\\\/es\\\/actualidad\\\/tema-del-dia\\\/bucarest-pilar-de-la-economia-id890101.html\"]}]},{\"@type\":\"ImageObject\",\"inLanguage\":\"es\",\"@id\":\"https:\\\/\\\/www.rri.ro\\\/es\\\/actualidad\\\/tema-del-dia\\\/bucarest-pilar-de-la-economia-id890101.html#primaryimage\",\"url\":\"https:\\\/\\\/www.rri.ro\\\/wp-content\\\/uploads\\\/2025\\\/05\\\/Conferinta-Focus-Bucuresti-sursa-foto-facebookCCIBucuresti.jpg\",\"contentUrl\":\"https:\\\/\\\/www.rri.ro\\\/wp-content\\\/uploads\\\/2025\\\/05\\\/Conferinta-Focus-Bucuresti-sursa-foto-facebookCCIBucuresti.jpg\",\"width\":1200,\"height\":800,\"caption\":\"Conferinta Focus Bucuresti (sursa foto: facebook.com\\\/CCIBucuresti)\"},{\"@type\":\"BreadcrumbList\",\"@id\":\"https:\\\/\\\/www.rri.ro\\\/es\\\/actualidad\\\/tema-del-dia\\\/bucarest-pilar-de-la-economia-id890101.html#breadcrumb\",\"itemListElement\":[{\"@type\":\"ListItem\",\"position\":1,\"name\":\"P\u00e1gina de inicio\",\"item\":\"https:\\\/\\\/www.rri.ro\\\/es\"},{\"@type\":\"ListItem\",\"position\":2,\"name\":\"Actualidad\",\"item\":\"https:\\\/\\\/www.rri.ro\\\/es\\\/actualidad\"},{\"@type\":\"ListItem\",\"position\":3,\"name\":\"Tema del d\u00eda\",\"item\":\"https:\\\/\\\/www.rri.ro\\\/es\\\/actualidad\\\/tema-del-dia\"},{\"@type\":\"ListItem\",\"position\":4,\"name\":\"Bucarest, pilar de la econom\u00eda\"}]},{\"@type\":\"WebSite\",\"@id\":\"https:\\\/\\\/www.rri.ro\\\/#website\",\"url\":\"https:\\\/\\\/www.rri.ro\\\/\",\"name\":\"Radio Ruman\u00eda Internacional\",\"description\":\"Totul despre Rom\u00e2nia \u015fi rom\u00e2ni, \u00een 13 limbi\\\/dialecte!\",\"inLanguage\":\"es\"},{\"@type\":\"Person\",\"@id\":\"https:\\\/\\\/www.rri.ro\\\/#\\\/schema\\\/person\\\/c6036c822534c855dc3aad41a484f05d\",\"name\":\"Mihai Pelin\",\"url\":\"https:\\\/\\\/www.rri.ro\\\/es\\\/author\\\/mihai-pelin\"}]}<\/script>\n<!-- \/ Yoast SEO plugin. -->","yoast_head_json":{"title":"Bucarest, pilar de la econom\u00eda - Radio Ruman\u00eda Internacional","robots":{"index":"index","follow":"follow","max-snippet":"max-snippet:-1","max-image-preview":"max-image-preview:large","max-video-preview":"max-video-preview:-1"},"canonical":"https:\/\/www.rri.ro\/es\/actualidad\/tema-del-dia\/bucarest-pilar-de-la-economia-id890101.html","og_locale":"es_ES","og_type":"article","og_title":"Bucarest, pilar de la econom\u00eda - Radio Ruman\u00eda Internacional","og_description":"Bucarest sigue siendo el pilar de la econom\u00eda rumana. M\u00e1s de la mitad de las inversiones extranjeras directas atra\u00eddas por Ruman\u00eda desde 1990 han llegado a la capital, seg\u00fan la C\u00e1mara de Comercio e Industria de la ciudad. Sin embargo, el potencial de crecimiento se ve seriamente afectado por la burocracia. Esta fue la idea [&hellip;]","og_url":"https:\/\/www.rri.ro\/es\/actualidad\/tema-del-dia\/bucarest-pilar-de-la-economia-id890101.html","og_site_name":"Radio Ruman\u00eda Internacional","article_published_time":"2025-05-22T08:00:41+00:00","article_modified_time":"2025-05-22T08:18:53+00:00","og_image":[{"width":1200,"height":800,"url":"https:\/\/www.rri.ro\/wp-content\/uploads\/2025\/05\/Conferinta-Focus-Bucuresti-sursa-foto-facebookCCIBucuresti.jpg","type":"image\/jpeg"}],"author":"Mihai Pelin","twitter_card":"summary_large_image","twitter_misc":{"Escrito por":"Mihai Pelin","Tiempo de lectura":"3 minutos","Written by":"Mihai Pelin"},"schema":{"@context":"https:\/\/schema.org","@graph":[{"@type":"Article","@id":"https:\/\/www.rri.ro\/es\/actualidad\/tema-del-dia\/bucarest-pilar-de-la-economia-id890101.html#article","isPartOf":{"@id":"https:\/\/www.rri.ro\/es\/actualidad\/tema-del-dia\/bucarest-pilar-de-la-economia-id890101.html"},"author":{"name":"Mihai Pelin","@id":"https:\/\/www.rri.ro\/#\/schema\/person\/c6036c822534c855dc3aad41a484f05d"},"headline":"Bucarest, pilar de la econom\u00eda","datePublished":"2025-05-22T08:00:41+00:00","dateModified":"2025-05-22T08:18:53+00:00","mainEntityOfPage":{"@id":"https:\/\/www.rri.ro\/es\/actualidad\/tema-del-dia\/bucarest-pilar-de-la-economia-id890101.html"},"wordCount":530,"image":{"@id":"https:\/\/www.rri.ro\/es\/actualidad\/tema-del-dia\/bucarest-pilar-de-la-economia-id890101.html#primaryimage"},"thumbnailUrl":"https:\/\/www.rri.ro\/wp-content\/uploads\/2025\/05\/Conferinta-Focus-Bucuresti-sursa-foto-facebookCCIBucuresti.jpg","keywords":["aduanas rumanas","a\u00f1o pasado","a\u00f1os","Bucarest","burocracia","capitales","componentes en papel","documento","documentos listos","e-Sigiliu","empresa","entorno digital","firmas f\u00edsicas","grandes proyectos","Ilfov","invertir y construir","mes","meses","proceso de digitalizaci\u00f3n en RAR","proyecto","supervisar","territorio rumano","transporte","y la Direcci\u00f3n General Antifraude"],"articleSection":["Tema del d\u00eda"],"inLanguage":"es"},{"@type":"WebPage","@id":"https:\/\/www.rri.ro\/es\/actualidad\/tema-del-dia\/bucarest-pilar-de-la-economia-id890101.html","url":"https:\/\/www.rri.ro\/es\/actualidad\/tema-del-dia\/bucarest-pilar-de-la-economia-id890101.html","name":"Bucarest, pilar de la econom\u00eda - Radio Ruman\u00eda Internacional","isPartOf":{"@id":"https:\/\/www.rri.ro\/#website"},"primaryImageOfPage":{"@id":"https:\/\/www.rri.ro\/es\/actualidad\/tema-del-dia\/bucarest-pilar-de-la-economia-id890101.html#primaryimage"},"image":{"@id":"https:\/\/www.rri.ro\/es\/actualidad\/tema-del-dia\/bucarest-pilar-de-la-economia-id890101.html#primaryimage"},"thumbnailUrl":"https:\/\/www.rri.ro\/wp-content\/uploads\/2025\/05\/Conferinta-Focus-Bucuresti-sursa-foto-facebookCCIBucuresti.jpg","datePublished":"2025-05-22T08:00:41+00:00","dateModified":"2025-05-22T08:18:53+00:00","author":{"@id":"https:\/\/www.rri.ro\/#\/schema\/person\/c6036c822534c855dc3aad41a484f05d"},"breadcrumb":{"@id":"https:\/\/www.rri.ro\/es\/actualidad\/tema-del-dia\/bucarest-pilar-de-la-economia-id890101.html#breadcrumb"},"inLanguage":"es","potentialAction":[{"@type":"ReadAction","target":["https:\/\/www.rri.ro\/es\/actualidad\/tema-del-dia\/bucarest-pilar-de-la-economia-id890101.html"]}]},{"@type":"ImageObject","inLanguage":"es","@id":"https:\/\/www.rri.ro\/es\/actualidad\/tema-del-dia\/bucarest-pilar-de-la-economia-id890101.html#primaryimage","url":"https:\/\/www.rri.ro\/wp-content\/uploads\/2025\/05\/Conferinta-Focus-Bucuresti-sursa-foto-facebookCCIBucuresti.jpg","contentUrl":"https:\/\/www.rri.ro\/wp-content\/uploads\/2025\/05\/Conferinta-Focus-Bucuresti-sursa-foto-facebookCCIBucuresti.jpg","width":1200,"height":800,"caption":"Conferinta Focus Bucuresti (sursa foto: facebook.com\/CCIBucuresti)"},{"@type":"BreadcrumbList","@id":"https:\/\/www.rri.ro\/es\/actualidad\/tema-del-dia\/bucarest-pilar-de-la-economia-id890101.html#breadcrumb","itemListElement":[{"@type":"ListItem","position":1,"name":"P\u00e1gina de inicio","item":"https:\/\/www.rri.ro\/es"},{"@type":"ListItem","position":2,"name":"Actualidad","item":"https:\/\/www.rri.ro\/es\/actualidad"},{"@type":"ListItem","position":3,"name":"Tema del d\u00eda","item":"https:\/\/www.rri.ro\/es\/actualidad\/tema-del-dia"},{"@type":"ListItem","position":4,"name":"Bucarest, pilar de la econom\u00eda"}]},{"@type":"WebSite","@id":"https:\/\/www.rri.ro\/#website","url":"https:\/\/www.rri.ro\/","name":"Radio Ruman\u00eda Internacional","description":"Totul despre Rom\u00e2nia \u015fi rom\u00e2ni, \u00een 13 limbi\/dialecte!","inLanguage":"es"},{"@type":"Person","@id":"https:\/\/www.rri.ro\/#\/schema\/person\/c6036c822534c855dc3aad41a484f05d","name":"Mihai Pelin","url":"https:\/\/www.rri.ro\/es\/author\/mihai-pelin"}]}},"_links":{"self":[{"href":"https:\/\/www.rri.ro\/es\/wp-json\/wp\/v2\/posts\/890101","targetHints":{"allow":["GET"]}}],"collection":[{"href":"https:\/\/www.rri.ro\/es\/wp-json\/wp\/v2\/posts"}],"about":[{"href":"https:\/\/www.rri.ro\/es\/wp-json\/wp\/v2\/types\/post"}],"author":[{"embeddable":true,"href":"https:\/\/www.rri.ro\/es\/wp-json\/wp\/v2\/users\/106"}],"replies":[{"embeddable":true,"href":"https:\/\/www.rri.ro\/es\/wp-json\/wp\/v2\/comments?post=890101"}],"version-history":[{"count":0,"href":"https:\/\/www.rri.ro\/es\/wp-json\/wp\/v2\/posts\/890101\/revisions"}],"wp:featuredmedia":[{"embeddable":true,"href":"https:\/\/www.rri.ro\/es\/wp-json\/wp\/v2\/media\/890075"}],"wp:attachment":[{"href":"https:\/\/www.rri.ro\/es\/wp-json\/wp\/v2\/media?parent=890101"}],"wp:term":[{"taxonomy":"category","embeddable":true,"href":"https:\/\/www.rri.ro\/es\/wp-json\/wp\/v2\/categories?post=890101"},{"taxonomy":"post_tag","embeddable":true,"href":"https:\/\/www.rri.ro\/es\/wp-json\/wp\/v2\/tags?post=890101"},{"taxonomy":"author","embeddable":true,"href":"https:\/\/www.rri.ro\/es\/wp-json\/wp\/v2\/coauthors?post=890101"}],"curies":[{"name":"wp","href":"https:\/\/api.w.org\/{rel}","templated":true}]}}