{"id":891787,"date":"2025-05-26T15:00:24","date_gmt":"2025-05-26T12:00:24","guid":{"rendered":"https:\/\/www.rri.ro\/?p=891787"},"modified":"2025-05-26T18:57:56","modified_gmt":"2025-05-26T15:57:56","slug":"la-miscelanea-dacia-1100-pionero-del-automovilismo-rumano","status":"publish","type":"post","link":"https:\/\/www.rri.ro\/es\/panorama-rumano\/de-todo-un-poco\/la-miscelanea-dacia-1100-pionero-del-automovilismo-rumano-id891787.html","title":{"rendered":"La miscel\u00e1nea: Dacia 1100, pionero del automovilismo rumano"},"content":{"rendered":"<p data-start=\"156\" data-end=\"612\">La producci\u00f3n del Dacia 1100 comenz\u00f3 en 1968 en la nueva planta de Pite\u0219ti, construida en tiempo r\u00e9cord en Coliba\u0219i-Mioveni, entre enero de 1967 y mayo de 1968. El modelo, una berlina de cinco plazas con motor trasero y tracci\u00f3n trasera, se fabric\u00f3 bajo licencia del Renault R8, tras un acuerdo entre las autoridades rumanas y Renault en 1966. Aunque inicialmente se pensaba producir el Renault R12, se opt\u00f3 por el R8 (versi\u00f3n Major) por razones de coste.<\/p>\n<p data-start=\"614\" data-end=\"1123\">Durante su producci\u00f3n (1968-1971) se fabricaron m\u00e1s de 37.500 unidades. El primer coche fue entregado a Nicolae Ceau\u0219escu el d\u00eda de la inauguraci\u00f3n oficial de la planta, el 20 de agosto de 1968. En aquella \u00e9poca, Ruman\u00eda contaba con unos 50.000 veh\u00edculos, en su mayor\u00eda modelos del bloque comunista como el Trabant o el Moskvich. La licitaci\u00f3n internacional para fabricar un autom\u00f3vil bajo licencia despert\u00f3 el inter\u00e9s de empresas como Renault, Fiat, Alfa Romeo y Peugeot, pero finalmente se eligi\u00f3 a Renault.<\/p>\n<p data-start=\"1125\" data-end=\"1640\">El Dacia 1100 estaba equipado con un motor de 1.108 cm\u00b3 y 46 caballos de fuerza, alcanzando una velocidad m\u00e1xima de 132 km\/h y con un consumo de unos 7 litros\/100 km. Incorporaba caja de cambios de 4 marchas y suspensi\u00f3n independiente en las cuatro ruedas, una tecnolog\u00eda avanzada para su \u00e9poca. Al principio, las piezas grandes se importaban desde Francia y Espa\u00f1a, pero a partir de 1969 se comenzaron a fabricar componentes como neum\u00e1ticos, asientos, sistema el\u00e9ctrico y ventanas en Ruman\u00eda, lo que redujo costos.<\/p>\n<p data-start=\"1642\" data-end=\"2112\">El contrato de licencia con Renault (1966\u20131976) trajo consigo avances tecnol\u00f3gicos importantes, como nuevos tipos de acero, pinturas y pl\u00e1sticos. Adem\u00e1s, todas las piezas pasaban por pruebas rigurosas de calidad. La producci\u00f3n fue progresiva: 2.030 unidades en 1968, m\u00e1s de 12.000 en 1969 y 1970, y 11.019 en 1971. Aunque el Dacia 1100 no se export\u00f3 masivamente, fue un \u00e9xito en el mercado interno y sent\u00f3 las bases para el crecimiento de la industria automotriz rumana.<\/p>\n<p data-start=\"2114\" data-end=\"2401\">Uno de los empleados m\u00e1s emblem\u00e1ticos fue Gheorghe Petrescu, quien trabaj\u00f3 en la planta desde 1967 hasta 2005 y vivi\u00f3 todas las etapas del desarrollo de la marca, incluida la visita de Nicolae Ceausescu en agosto de 1968.<\/p>\n<p data-start=\"2114\" data-end=\"2401\">Tras el Dacia 1100, se lanz\u00f3 el Dacia 1300 basado en el Renault 12, que se convirti\u00f3 en el modelo m\u00e1s producido y exportado.<\/p>\n<p data-start=\"2403\" data-end=\"2669\">Hoy en d\u00eda, Dacia produce m\u00e1s de 350.000 veh\u00edculos anualmente, exporta m\u00e1s de 500.000 motores y cajas de cambios, y est\u00e1 presente en m\u00e1s de 44 pa\u00edses. Es la empresa m\u00e1s grande y el mayor exportador de Ruman\u00eda, con una facturaci\u00f3n en 2024 de m\u00e1s de 27,81 mil millones de leus.<\/p>\n<p data-start=\"2671\" data-end=\"3024\">Entre los entusiastas de la marca destaca Dan Becheanu, coleccionista de Bucarest, quien posee varios modelos antiguos, incluido un Dacia 1100 de 1968 con solo 55.000 km, adquirido hace una d\u00e9cada. Tambi\u00e9n posee un Dacia 1302, modelo raro que originalmente solo se vend\u00eda a instituciones estatales, y del cual hoy quedan menos de 10 unidades en el pa\u00eds.<\/p>\n<p data-start=\"2671\" data-end=\"3024\">El Dacia 1100 no solo fue el primer autom\u00f3vil fabricado en Ruman\u00eda, sino tambi\u00e9n un s\u00edmbolo de la capacidad de innovaci\u00f3n y adaptaci\u00f3n del pa\u00eds. Hoy, al mirar hacia atr\u00e1s, celebramos no solo un veh\u00edculo, sino una historia de progreso, esfuerzo y dedicaci\u00f3n.<\/p>\n<p><iframe loading=\"lazy\" src=\"https:\/\/w.soundcloud.com\/player\/?url=https%3A\/\/api.soundcloud.com\/tracks\/2102567247&amp;color=%23ff5500&amp;auto_play=false&amp;hide_related=false&amp;show_comments=true&amp;show_user=true&amp;show_reposts=false&amp;show_teaser=true&amp;visual=true\" width=\"100%\" height=\"300\" frameborder=\"no\" scrolling=\"no\"><\/iframe><\/p>\n<div style=\"font-size: 10px; color: #cccccc; line-break: anywhere; word-break: normal; overflow: hidden; white-space: nowrap; text-overflow: ellipsis; font-family: Interstate,Lucida Grande,Lucida Sans Unicode,Lucida Sans,Garuda,Verdana,Tahoma,sans-serif; font-weight: 100;\"><a style=\"color: #cccccc; text-decoration: none;\" title=\"RadioRomaniaInternational\" href=\"https:\/\/soundcloud.com\/radioromaniainternational\" target=\"_blank\" rel=\"noopener\">RadioRomaniaInternational<\/a> \u00b7 <a style=\"color: #cccccc; text-decoration: none;\" title=\"MISCELANEA 26.05.2025\" href=\"https:\/\/soundcloud.com\/radioromaniainternational\/miscelanea-26-05-2025-1\" target=\"_blank\" rel=\"noopener\">MISCELANEA 26.05.2025<\/a><\/div>\n<p>&nbsp;<\/p>\n","protected":false},"excerpt":{"rendered":"<p>La producci\u00f3n del Dacia 1100 comenz\u00f3 en 1968 en la nueva planta de Pite\u0219ti, construida en tiempo r\u00e9cord en Coliba\u0219i-Mioveni, entre enero de 1967 y mayo de 1968. El modelo, una berlina de cinco plazas con motor trasero y tracci\u00f3n trasera, se fabric\u00f3 bajo licencia del Renault R8, tras un acuerdo entre las autoridades rumanas [&hellip;]<\/p>\n","protected":false},"author":59,"featured_media":887100,"comment_status":"closed","ping_status":"closed","sticky":false,"template":"","format":"audio","meta":{"_acf_changed":false,"footnotes":""},"categories":[112227],"tags":[49207,170635,170634,170640,142368,150083,151982,165623,151011,158755,170636,170638,146584,160655,170641,170639,145334,152186,158804,48949,153132,151242,170637],"coauthors":[114943],"class_list":["post-891787","post","type-post","status-publish","format-audio","has-post-thumbnail","hentry","category-de-todo-un-poco","tag-aniversario","tag-automovilismo","tag-dacia-1100","tag-dedicacion","tag-desarrollo","tag-empresa","tag-esfuerzo","tag-exportador","tag-industria","tag-innovacion","tag-lanzamiento","tag-licencia-renault","tag-mioveni-es","tag-modelos","tag-motor-es","tag-perseverancia","tag-planta","tag-produccion","tag-progreso","tag-rumania","tag-simbolo","tag-vehiculos","tag-velocidad","post_format-post-format-audio"],"acf":[],"yoast_head":"<!-- This site is optimized with the Yoast SEO plugin v27.3 - https:\/\/yoast.com\/product\/yoast-seo-wordpress\/ -->\n<title>La miscel\u00e1nea: Dacia 1100, pionero del automovilismo rumano - Radio Ruman\u00eda Internacional<\/title>\n<meta name=\"robots\" content=\"index, follow, max-snippet:-1, max-image-preview:large, max-video-preview:-1\" \/>\n<link rel=\"canonical\" href=\"https:\/\/www.rri.ro\/es\/panorama-rumano\/de-todo-un-poco\/la-miscelanea-dacia-1100-pionero-del-automovilismo-rumano-id891787.html\" \/>\n<meta property=\"og:locale\" content=\"es_ES\" \/>\n<meta property=\"og:type\" content=\"article\" \/>\n<meta property=\"og:title\" content=\"La miscel\u00e1nea: Dacia 1100, pionero del automovilismo rumano - Radio Ruman\u00eda Internacional\" \/>\n<meta property=\"og:description\" content=\"La producci\u00f3n del Dacia 1100 comenz\u00f3 en 1968 en la nueva planta de Pite\u0219ti, construida en tiempo r\u00e9cord en Coliba\u0219i-Mioveni, entre enero de 1967 y mayo de 1968. El modelo, una berlina de cinco plazas con motor trasero y tracci\u00f3n trasera, se fabric\u00f3 bajo licencia del Renault R8, tras un acuerdo entre las autoridades rumanas [&hellip;]\" \/>\n<meta property=\"og:url\" content=\"https:\/\/www.rri.ro\/es\/panorama-rumano\/de-todo-un-poco\/la-miscelanea-dacia-1100-pionero-del-automovilismo-rumano-id891787.html\" \/>\n<meta property=\"og:site_name\" content=\"Radio Ruman\u00eda Internacional\" \/>\n<meta property=\"article:published_time\" content=\"2025-05-26T12:00:24+00:00\" \/>\n<meta property=\"article:modified_time\" content=\"2025-05-26T15:57:56+00:00\" \/>\n<meta property=\"og:image\" content=\"https:\/\/www.rri.ro\/wp-content\/uploads\/2025\/05\/Dacia-1100-foto-Radio-Romania.jpg\" \/>\n\t<meta property=\"og:image:width\" content=\"960\" \/>\n\t<meta property=\"og:image:height\" content=\"960\" \/>\n\t<meta property=\"og:image:type\" content=\"image\/jpeg\" \/>\n<meta name=\"author\" content=\"Brigitta Pana\" \/>\n<meta name=\"twitter:card\" content=\"summary_large_image\" \/>\n<meta name=\"twitter:label1\" content=\"Escrito por\" \/>\n\t<meta name=\"twitter:data1\" content=\"Brigitta Pana\" \/>\n\t<meta name=\"twitter:label2\" content=\"Tiempo de lectura\" \/>\n\t<meta name=\"twitter:data2\" content=\"3 minutos\" \/>\n\t<meta name=\"twitter:label3\" content=\"Written by\" \/>\n\t<meta name=\"twitter:data3\" content=\"Brigitta Pana\" \/>\n<script type=\"application\/ld+json\" class=\"yoast-schema-graph\">{\"@context\":\"https:\\\/\\\/schema.org\",\"@graph\":[{\"@type\":\"Article\",\"@id\":\"https:\\\/\\\/www.rri.ro\\\/es\\\/panorama-rumano\\\/de-todo-un-poco\\\/la-miscelanea-dacia-1100-pionero-del-automovilismo-rumano-id891787.html#article\",\"isPartOf\":{\"@id\":\"https:\\\/\\\/www.rri.ro\\\/es\\\/panorama-rumano\\\/de-todo-un-poco\\\/la-miscelanea-dacia-1100-pionero-del-automovilismo-rumano-id891787.html\"},\"author\":{\"name\":\"Brigitta Pana\",\"@id\":\"https:\\\/\\\/www.rri.ro\\\/#\\\/schema\\\/person\\\/d931d1dd71df33f3f9574bd60b16a323\"},\"headline\":\"La miscel\u00e1nea: Dacia 1100, pionero del automovilismo rumano\",\"datePublished\":\"2025-05-26T12:00:24+00:00\",\"dateModified\":\"2025-05-26T15:57:56+00:00\",\"mainEntityOfPage\":{\"@id\":\"https:\\\/\\\/www.rri.ro\\\/es\\\/panorama-rumano\\\/de-todo-un-poco\\\/la-miscelanea-dacia-1100-pionero-del-automovilismo-rumano-id891787.html\"},\"wordCount\":562,\"image\":{\"@id\":\"https:\\\/\\\/www.rri.ro\\\/es\\\/panorama-rumano\\\/de-todo-un-poco\\\/la-miscelanea-dacia-1100-pionero-del-automovilismo-rumano-id891787.html#primaryimage\"},\"thumbnailUrl\":\"https:\\\/\\\/www.rri.ro\\\/wp-content\\\/uploads\\\/2025\\\/05\\\/Dacia-1100-foto-Radio-Romania.jpg\",\"keywords\":[\"aniversario\",\"automovilismo\",\"Dacia 1100\",\"dedicaci\u00f3n\",\"desarrollo\",\"empresa\",\"esfuerzo\",\"exportador\",\"industria\",\"innovaci\u00f3n\",\"lanzamiento\",\"licencia Renault\",\"Mioveni\",\"modelos\",\"motor\",\"perseverancia\",\"planta\",\"producci\u00f3n\",\"progreso\",\"Rumania\",\"s\u00edmbolo\",\"veh\u00edculos\",\"velocidad\"],\"articleSection\":[\"De todo un poco\"],\"inLanguage\":\"es\"},{\"@type\":\"WebPage\",\"@id\":\"https:\\\/\\\/www.rri.ro\\\/es\\\/panorama-rumano\\\/de-todo-un-poco\\\/la-miscelanea-dacia-1100-pionero-del-automovilismo-rumano-id891787.html\",\"url\":\"https:\\\/\\\/www.rri.ro\\\/es\\\/panorama-rumano\\\/de-todo-un-poco\\\/la-miscelanea-dacia-1100-pionero-del-automovilismo-rumano-id891787.html\",\"name\":\"La miscel\u00e1nea: Dacia 1100, pionero del automovilismo rumano - Radio Ruman\u00eda Internacional\",\"isPartOf\":{\"@id\":\"https:\\\/\\\/www.rri.ro\\\/#website\"},\"primaryImageOfPage\":{\"@id\":\"https:\\\/\\\/www.rri.ro\\\/es\\\/panorama-rumano\\\/de-todo-un-poco\\\/la-miscelanea-dacia-1100-pionero-del-automovilismo-rumano-id891787.html#primaryimage\"},\"image\":{\"@id\":\"https:\\\/\\\/www.rri.ro\\\/es\\\/panorama-rumano\\\/de-todo-un-poco\\\/la-miscelanea-dacia-1100-pionero-del-automovilismo-rumano-id891787.html#primaryimage\"},\"thumbnailUrl\":\"https:\\\/\\\/www.rri.ro\\\/wp-content\\\/uploads\\\/2025\\\/05\\\/Dacia-1100-foto-Radio-Romania.jpg\",\"datePublished\":\"2025-05-26T12:00:24+00:00\",\"dateModified\":\"2025-05-26T15:57:56+00:00\",\"author\":{\"@id\":\"https:\\\/\\\/www.rri.ro\\\/#\\\/schema\\\/person\\\/d931d1dd71df33f3f9574bd60b16a323\"},\"breadcrumb\":{\"@id\":\"https:\\\/\\\/www.rri.ro\\\/es\\\/panorama-rumano\\\/de-todo-un-poco\\\/la-miscelanea-dacia-1100-pionero-del-automovilismo-rumano-id891787.html#breadcrumb\"},\"inLanguage\":\"es\",\"potentialAction\":[{\"@type\":\"ReadAction\",\"target\":[\"https:\\\/\\\/www.rri.ro\\\/es\\\/panorama-rumano\\\/de-todo-un-poco\\\/la-miscelanea-dacia-1100-pionero-del-automovilismo-rumano-id891787.html\"]}]},{\"@type\":\"ImageObject\",\"inLanguage\":\"es\",\"@id\":\"https:\\\/\\\/www.rri.ro\\\/es\\\/panorama-rumano\\\/de-todo-un-poco\\\/la-miscelanea-dacia-1100-pionero-del-automovilismo-rumano-id891787.html#primaryimage\",\"url\":\"https:\\\/\\\/www.rri.ro\\\/wp-content\\\/uploads\\\/2025\\\/05\\\/Dacia-1100-foto-Radio-Romania.jpg\",\"contentUrl\":\"https:\\\/\\\/www.rri.ro\\\/wp-content\\\/uploads\\\/2025\\\/05\\\/Dacia-1100-foto-Radio-Romania.jpg\",\"width\":960,\"height\":960,\"caption\":\"Foto: Radio Rom\u00e2nia\"},{\"@type\":\"BreadcrumbList\",\"@id\":\"https:\\\/\\\/www.rri.ro\\\/es\\\/panorama-rumano\\\/de-todo-un-poco\\\/la-miscelanea-dacia-1100-pionero-del-automovilismo-rumano-id891787.html#breadcrumb\",\"itemListElement\":[{\"@type\":\"ListItem\",\"position\":1,\"name\":\"P\u00e1gina de inicio\",\"item\":\"https:\\\/\\\/www.rri.ro\\\/es\"},{\"@type\":\"ListItem\",\"position\":2,\"name\":\"Panorama rumano\",\"item\":\"https:\\\/\\\/www.rri.ro\\\/es\\\/panorama-rumano\"},{\"@type\":\"ListItem\",\"position\":3,\"name\":\"De todo un poco\",\"item\":\"https:\\\/\\\/www.rri.ro\\\/es\\\/panorama-rumano\\\/de-todo-un-poco\"},{\"@type\":\"ListItem\",\"position\":4,\"name\":\"La miscel\u00e1nea: Dacia 1100, pionero del automovilismo rumano\"}]},{\"@type\":\"WebSite\",\"@id\":\"https:\\\/\\\/www.rri.ro\\\/#website\",\"url\":\"https:\\\/\\\/www.rri.ro\\\/\",\"name\":\"Radio Ruman\u00eda Internacional\",\"description\":\"Totul despre Rom\u00e2nia \u015fi rom\u00e2ni, \u00een 13 limbi\\\/dialecte!\",\"inLanguage\":\"es\"},{\"@type\":\"Person\",\"@id\":\"https:\\\/\\\/www.rri.ro\\\/#\\\/schema\\\/person\\\/d931d1dd71df33f3f9574bd60b16a323\",\"name\":\"Brigitta Pana\",\"url\":\"https:\\\/\\\/www.rri.ro\\\/es\\\/author\\\/brigitta-pana\"}]}<\/script>\n<!-- \/ Yoast SEO plugin. -->","yoast_head_json":{"title":"La miscel\u00e1nea: Dacia 1100, pionero del automovilismo rumano - Radio Ruman\u00eda Internacional","robots":{"index":"index","follow":"follow","max-snippet":"max-snippet:-1","max-image-preview":"max-image-preview:large","max-video-preview":"max-video-preview:-1"},"canonical":"https:\/\/www.rri.ro\/es\/panorama-rumano\/de-todo-un-poco\/la-miscelanea-dacia-1100-pionero-del-automovilismo-rumano-id891787.html","og_locale":"es_ES","og_type":"article","og_title":"La miscel\u00e1nea: Dacia 1100, pionero del automovilismo rumano - Radio Ruman\u00eda Internacional","og_description":"La producci\u00f3n del Dacia 1100 comenz\u00f3 en 1968 en la nueva planta de Pite\u0219ti, construida en tiempo r\u00e9cord en Coliba\u0219i-Mioveni, entre enero de 1967 y mayo de 1968. El modelo, una berlina de cinco plazas con motor trasero y tracci\u00f3n trasera, se fabric\u00f3 bajo licencia del Renault R8, tras un acuerdo entre las autoridades rumanas [&hellip;]","og_url":"https:\/\/www.rri.ro\/es\/panorama-rumano\/de-todo-un-poco\/la-miscelanea-dacia-1100-pionero-del-automovilismo-rumano-id891787.html","og_site_name":"Radio Ruman\u00eda Internacional","article_published_time":"2025-05-26T12:00:24+00:00","article_modified_time":"2025-05-26T15:57:56+00:00","og_image":[{"width":960,"height":960,"url":"https:\/\/www.rri.ro\/wp-content\/uploads\/2025\/05\/Dacia-1100-foto-Radio-Romania.jpg","type":"image\/jpeg"}],"author":"Brigitta Pana","twitter_card":"summary_large_image","twitter_misc":{"Escrito por":"Brigitta Pana","Tiempo de lectura":"3 minutos","Written by":"Brigitta Pana"},"schema":{"@context":"https:\/\/schema.org","@graph":[{"@type":"Article","@id":"https:\/\/www.rri.ro\/es\/panorama-rumano\/de-todo-un-poco\/la-miscelanea-dacia-1100-pionero-del-automovilismo-rumano-id891787.html#article","isPartOf":{"@id":"https:\/\/www.rri.ro\/es\/panorama-rumano\/de-todo-un-poco\/la-miscelanea-dacia-1100-pionero-del-automovilismo-rumano-id891787.html"},"author":{"name":"Brigitta Pana","@id":"https:\/\/www.rri.ro\/#\/schema\/person\/d931d1dd71df33f3f9574bd60b16a323"},"headline":"La miscel\u00e1nea: Dacia 1100, pionero del automovilismo rumano","datePublished":"2025-05-26T12:00:24+00:00","dateModified":"2025-05-26T15:57:56+00:00","mainEntityOfPage":{"@id":"https:\/\/www.rri.ro\/es\/panorama-rumano\/de-todo-un-poco\/la-miscelanea-dacia-1100-pionero-del-automovilismo-rumano-id891787.html"},"wordCount":562,"image":{"@id":"https:\/\/www.rri.ro\/es\/panorama-rumano\/de-todo-un-poco\/la-miscelanea-dacia-1100-pionero-del-automovilismo-rumano-id891787.html#primaryimage"},"thumbnailUrl":"https:\/\/www.rri.ro\/wp-content\/uploads\/2025\/05\/Dacia-1100-foto-Radio-Romania.jpg","keywords":["aniversario","automovilismo","Dacia 1100","dedicaci\u00f3n","desarrollo","empresa","esfuerzo","exportador","industria","innovaci\u00f3n","lanzamiento","licencia Renault","Mioveni","modelos","motor","perseverancia","planta","producci\u00f3n","progreso","Rumania","s\u00edmbolo","veh\u00edculos","velocidad"],"articleSection":["De todo un poco"],"inLanguage":"es"},{"@type":"WebPage","@id":"https:\/\/www.rri.ro\/es\/panorama-rumano\/de-todo-un-poco\/la-miscelanea-dacia-1100-pionero-del-automovilismo-rumano-id891787.html","url":"https:\/\/www.rri.ro\/es\/panorama-rumano\/de-todo-un-poco\/la-miscelanea-dacia-1100-pionero-del-automovilismo-rumano-id891787.html","name":"La miscel\u00e1nea: Dacia 1100, pionero del automovilismo rumano - Radio Ruman\u00eda Internacional","isPartOf":{"@id":"https:\/\/www.rri.ro\/#website"},"primaryImageOfPage":{"@id":"https:\/\/www.rri.ro\/es\/panorama-rumano\/de-todo-un-poco\/la-miscelanea-dacia-1100-pionero-del-automovilismo-rumano-id891787.html#primaryimage"},"image":{"@id":"https:\/\/www.rri.ro\/es\/panorama-rumano\/de-todo-un-poco\/la-miscelanea-dacia-1100-pionero-del-automovilismo-rumano-id891787.html#primaryimage"},"thumbnailUrl":"https:\/\/www.rri.ro\/wp-content\/uploads\/2025\/05\/Dacia-1100-foto-Radio-Romania.jpg","datePublished":"2025-05-26T12:00:24+00:00","dateModified":"2025-05-26T15:57:56+00:00","author":{"@id":"https:\/\/www.rri.ro\/#\/schema\/person\/d931d1dd71df33f3f9574bd60b16a323"},"breadcrumb":{"@id":"https:\/\/www.rri.ro\/es\/panorama-rumano\/de-todo-un-poco\/la-miscelanea-dacia-1100-pionero-del-automovilismo-rumano-id891787.html#breadcrumb"},"inLanguage":"es","potentialAction":[{"@type":"ReadAction","target":["https:\/\/www.rri.ro\/es\/panorama-rumano\/de-todo-un-poco\/la-miscelanea-dacia-1100-pionero-del-automovilismo-rumano-id891787.html"]}]},{"@type":"ImageObject","inLanguage":"es","@id":"https:\/\/www.rri.ro\/es\/panorama-rumano\/de-todo-un-poco\/la-miscelanea-dacia-1100-pionero-del-automovilismo-rumano-id891787.html#primaryimage","url":"https:\/\/www.rri.ro\/wp-content\/uploads\/2025\/05\/Dacia-1100-foto-Radio-Romania.jpg","contentUrl":"https:\/\/www.rri.ro\/wp-content\/uploads\/2025\/05\/Dacia-1100-foto-Radio-Romania.jpg","width":960,"height":960,"caption":"Foto: Radio Rom\u00e2nia"},{"@type":"BreadcrumbList","@id":"https:\/\/www.rri.ro\/es\/panorama-rumano\/de-todo-un-poco\/la-miscelanea-dacia-1100-pionero-del-automovilismo-rumano-id891787.html#breadcrumb","itemListElement":[{"@type":"ListItem","position":1,"name":"P\u00e1gina de inicio","item":"https:\/\/www.rri.ro\/es"},{"@type":"ListItem","position":2,"name":"Panorama rumano","item":"https:\/\/www.rri.ro\/es\/panorama-rumano"},{"@type":"ListItem","position":3,"name":"De todo un poco","item":"https:\/\/www.rri.ro\/es\/panorama-rumano\/de-todo-un-poco"},{"@type":"ListItem","position":4,"name":"La miscel\u00e1nea: Dacia 1100, pionero del automovilismo rumano"}]},{"@type":"WebSite","@id":"https:\/\/www.rri.ro\/#website","url":"https:\/\/www.rri.ro\/","name":"Radio Ruman\u00eda Internacional","description":"Totul despre Rom\u00e2nia \u015fi rom\u00e2ni, \u00een 13 limbi\/dialecte!","inLanguage":"es"},{"@type":"Person","@id":"https:\/\/www.rri.ro\/#\/schema\/person\/d931d1dd71df33f3f9574bd60b16a323","name":"Brigitta Pana","url":"https:\/\/www.rri.ro\/es\/author\/brigitta-pana"}]}},"_links":{"self":[{"href":"https:\/\/www.rri.ro\/es\/wp-json\/wp\/v2\/posts\/891787","targetHints":{"allow":["GET"]}}],"collection":[{"href":"https:\/\/www.rri.ro\/es\/wp-json\/wp\/v2\/posts"}],"about":[{"href":"https:\/\/www.rri.ro\/es\/wp-json\/wp\/v2\/types\/post"}],"author":[{"embeddable":true,"href":"https:\/\/www.rri.ro\/es\/wp-json\/wp\/v2\/users\/59"}],"replies":[{"embeddable":true,"href":"https:\/\/www.rri.ro\/es\/wp-json\/wp\/v2\/comments?post=891787"}],"version-history":[{"count":0,"href":"https:\/\/www.rri.ro\/es\/wp-json\/wp\/v2\/posts\/891787\/revisions"}],"wp:featuredmedia":[{"embeddable":true,"href":"https:\/\/www.rri.ro\/es\/wp-json\/wp\/v2\/media\/887100"}],"wp:attachment":[{"href":"https:\/\/www.rri.ro\/es\/wp-json\/wp\/v2\/media?parent=891787"}],"wp:term":[{"taxonomy":"category","embeddable":true,"href":"https:\/\/www.rri.ro\/es\/wp-json\/wp\/v2\/categories?post=891787"},{"taxonomy":"post_tag","embeddable":true,"href":"https:\/\/www.rri.ro\/es\/wp-json\/wp\/v2\/tags?post=891787"},{"taxonomy":"author","embeddable":true,"href":"https:\/\/www.rri.ro\/es\/wp-json\/wp\/v2\/coauthors?post=891787"}],"curies":[{"name":"wp","href":"https:\/\/api.w.org\/{rel}","templated":true}]}}