{"id":892289,"date":"2025-05-27T11:44:22","date_gmt":"2025-05-27T08:44:22","guid":{"rendered":"https:\/\/www.rri.ro\/?p=892289"},"modified":"2025-05-27T11:44:22","modified_gmt":"2025-05-27T08:44:22","slug":"lluvias-torrenciales-en-rumania","status":"publish","type":"post","link":"https:\/\/www.rri.ro\/es\/actualidad\/tema-del-dia\/lluvias-torrenciales-en-rumania-id892289.html","title":{"rendered":"Lluvias torrenciales en Ruman\u00eda"},"content":{"rendered":"<p><span style=\"font-family: arial, helvetica, sans-serif;\">El fr\u00edo y la lluvia azotan Ruman\u00eda al final de la primavera. Los meteor\u00f3logos han emitido avisos de c\u00f3digo naranja y amarillo por fuertes lluvias para la mitad oriental del pa\u00eds. En algunas zonas ha llovido intensamente durante casi 24 horas. El tiempo es fr\u00edo y muy fr\u00edo, y el viento se ha intensificado temporalmente con rachas que en general alcanzan los 40-50 km\/h y superan los 80-90 km\/h en las zonas de alta monta\u00f1a.<\/span><\/p>\n<p><span style=\"font-family: arial, helvetica, sans-serif;\">La Inspecci\u00f3n General de Situaciones de Emergencia ha movilizado recursos adicionales en las comarcas afectadas por las fuertes lluvias y los avisos de inundaciones. En la mitad oriental del pa\u00eds ha ca\u00eddo granizo y en algunas zonas se han inundado calles y viviendas.<\/span><\/p>\n<p><span style=\"font-family: arial, helvetica, sans-serif;\">En Bucarest, las autoridades han advertido de que, durante los periodos de fuertes lluvias, las cunetas de las carreteras y los desag\u00fces de las alcantarillas pueden representar un gran problema, ya que pueden obstruirse con polvo, suciedad, hojas ca\u00eddas de los \u00e1rboles y posiblemente basura, lo que puede impedir el drenaje del agua de la lluvia y provocar acumulaciones de agua si caen grandes cantidades de agua en poco tiempo.<\/span><\/p>\n<p><span style=\"font-family: arial, helvetica, sans-serif;\">Las autoridades del pa\u00eds est\u00e1n en alerta m\u00e1xima, porque incluso para el pr\u00f3ximo periodo los especialistas no tienen buenas noticias. Los meteor\u00f3logos advierten de que las lluvias continuar\u00e1n durante toda la semana, sobre todo en la mitad oriental del pa\u00eds, donde llover\u00e1 casi todos los d\u00edas. En el lado positivo, las cantidades de lluvia ca\u00eddas en gran parte del pa\u00eds han repuesto las reservas de agua del suelo, dados los grandes d\u00e9ficits acumulados desde el inicio del a\u00f1o agr\u00edcola.<\/span><\/p>\n<p><span style=\"font-family: arial, helvetica, sans-serif;\">A su vez, el Instituto Nacional de Hidrolog\u00eda y Gesti\u00f3n del Agua ha emitido una alerta de c\u00f3digo rojo v\u00e1lida hasta el mediod\u00eda del martes, debido a las importantes cantidades de lluvia ca\u00eddas en las \u00faltimas horas, a las previsiones meteorol\u00f3gicas actuales y a los efectos de la propagaci\u00f3n del agua. Los peligrosos fen\u00f3menos hidrol\u00f3gicos han afectado a las cuencas fluviales de los distritos del centro de Ruman\u00eda, donde, sin embargo, todav\u00eda pueden producirse importantes escorrent\u00edas en las laderas, lluvias y aguaceros torrenciales, r\u00e1pidas crecidas en r\u00edos peque\u00f1os, con posibles efectos graves como inundaciones locales y peligrosos aumentos del nivel de las aguas.<\/span><\/p>\n<p><span style=\"font-family: arial, helvetica, sans-serif;\">El lunes entr\u00f3 en vigor un c\u00f3digo naranja por inundaciones repentinas para las zonas a lo largo de los cursos de agua del este y un c\u00f3digo amarillo por inundaciones para los cursos de agua del este y el sur. En algunas zonas, grandes granizadas destrozaron parabrisas de coches, destruyeron cultivos y en muchas localidades de D\u00e2mbovi\u021ba y Prahova (sur) cay\u00f3 tanto granizo que se formaron capas de hielo.<\/span><\/p>\n<p><span style=\"font-family: arial, helvetica, sans-serif;\">Adem\u00e1s, se inundaron calles y viviendas en casi todas las zonas alertadas. En el condado de Prahova, los bomberos retiraron \u00e1rboles ca\u00eddos de carreteras y varias casas. Las tormentas hasta ahora tambi\u00e9n se han cobrado vidas. Dos hombres fueron alcanzados por un rayo en un pueblo del distrito occidental de Caras-Severin y uno de ellos muri\u00f3.<\/span><\/p>\n<p><span style=\"font-family: arial, helvetica, sans-serif;\">Versi\u00f3n en espa\u00f1ol: Antonio Madrid<\/span><\/p>\n","protected":false},"excerpt":{"rendered":"<p>El fr\u00edo y la lluvia azotan Ruman\u00eda al final de la primavera. Los meteor\u00f3logos han emitido avisos de c\u00f3digo naranja y amarillo por fuertes lluvias para la mitad oriental del pa\u00eds. En algunas zonas ha llovido intensamente durante casi 24 horas. El tiempo es fr\u00edo y muy fr\u00edo, y el viento se ha intensificado temporalmente [&hellip;]<\/p>\n","protected":false},"author":46,"featured_media":892277,"comment_status":"closed","ping_status":"closed","sticky":false,"template":"","format":"standard","meta":{"_acf_changed":false,"footnotes":""},"categories":[49231],"tags":[170727,170723,170730,147811,170728,170722,170733,149893,151294,151845,170725,166412,170724,170726,170732,155475,153792,148938,154617,170731,148851,149508,145437,170734,170729,150737],"coauthors":[115852],"class_list":["post-892289","post","type-post","status-publish","format-standard","has-post-thumbnail","hentry","category-tema-del-dia","tag-agua-de-la-lluvia","tag-alcantarillas","tag-alta-montana","tag-autoridades","tag-avisos-de-codigo-naranja","tag-avisos-de-inundaciones","tag-capa-de-hielo","tag-caras-severin-es","tag-codigo-rojo","tag-cultivos","tag-cunetas-de-las-carreteras","tag-dambovita-es","tag-desagues","tag-drenaje","tag-fenomenos-hidrologicos","tag-frio","tag-fuertes-lluvias","tag-granizo","tag-inspeccion-general-de-situaciones-de-emergencia","tag-instituto-nacional-de-hidrologia-y-gestion-del-agua","tag-inundaciones","tag-mal-tiempo","tag-meteorologos","tag-prahova-es","tag-rachas-de-viento","tag-tormentas"],"acf":[],"yoast_head":"<!-- This site is optimized with the Yoast SEO plugin v27.5 - https:\/\/yoast.com\/product\/yoast-seo-wordpress\/ -->\n<title>Lluvias torrenciales en Ruman\u00eda - Radio Ruman\u00eda Internacional<\/title>\n<meta name=\"robots\" content=\"index, follow, max-snippet:-1, max-image-preview:large, max-video-preview:-1\" \/>\n<link rel=\"canonical\" href=\"https:\/\/www.rri.ro\/es\/actualidad\/tema-del-dia\/lluvias-torrenciales-en-rumania-id892289.html\" \/>\n<meta property=\"og:locale\" content=\"es_ES\" \/>\n<meta property=\"og:type\" content=\"article\" \/>\n<meta property=\"og:title\" content=\"Lluvias torrenciales en Ruman\u00eda - Radio Ruman\u00eda Internacional\" \/>\n<meta property=\"og:description\" content=\"El fr\u00edo y la lluvia azotan Ruman\u00eda al final de la primavera. Los meteor\u00f3logos han emitido avisos de c\u00f3digo naranja y amarillo por fuertes lluvias para la mitad oriental del pa\u00eds. En algunas zonas ha llovido intensamente durante casi 24 horas. El tiempo es fr\u00edo y muy fr\u00edo, y el viento se ha intensificado temporalmente [&hellip;]\" \/>\n<meta property=\"og:url\" content=\"https:\/\/www.rri.ro\/es\/actualidad\/tema-del-dia\/lluvias-torrenciales-en-rumania-id892289.html\" \/>\n<meta property=\"og:site_name\" content=\"Radio Ruman\u00eda Internacional\" \/>\n<meta property=\"article:published_time\" content=\"2025-05-27T08:44:22+00:00\" \/>\n<meta property=\"og:image\" content=\"https:\/\/www.rri.ro\/wp-content\/uploads\/2025\/05\/precipitatii-ploaie-umbrela-foto-pixabay.jpg\" \/>\n\t<meta property=\"og:image:width\" content=\"1280\" \/>\n\t<meta property=\"og:image:height\" content=\"853\" \/>\n\t<meta property=\"og:image:type\" content=\"image\/jpeg\" \/>\n<meta name=\"author\" content=\"Leyla Cheamil\" \/>\n<meta name=\"twitter:card\" content=\"summary_large_image\" \/>\n<meta name=\"twitter:label1\" content=\"Escrito por\" \/>\n\t<meta name=\"twitter:data1\" content=\"Leyla Cheamil\" \/>\n\t<meta name=\"twitter:label2\" content=\"Tiempo de lectura\" \/>\n\t<meta name=\"twitter:data2\" content=\"3 minutos\" \/>\n\t<meta name=\"twitter:label3\" content=\"Written by\" \/>\n\t<meta name=\"twitter:data3\" content=\"Leyla Cheamil\" \/>\n<script type=\"application\/ld+json\" class=\"yoast-schema-graph\">{\"@context\":\"https:\\\/\\\/schema.org\",\"@graph\":[{\"@type\":\"Article\",\"@id\":\"https:\\\/\\\/www.rri.ro\\\/es\\\/actualidad\\\/tema-del-dia\\\/lluvias-torrenciales-en-rumania-id892289.html#article\",\"isPartOf\":{\"@id\":\"https:\\\/\\\/www.rri.ro\\\/es\\\/actualidad\\\/tema-del-dia\\\/lluvias-torrenciales-en-rumania-id892289.html\"},\"author\":{\"name\":\"Leyla Cheamil\",\"@id\":\"https:\\\/\\\/www.rri.ro\\\/#\\\/schema\\\/person\\\/e6364ed2d4b6af207a82ca66000d07e0\"},\"headline\":\"Lluvias torrenciales en Ruman\u00eda\",\"datePublished\":\"2025-05-27T08:44:22+00:00\",\"mainEntityOfPage\":{\"@id\":\"https:\\\/\\\/www.rri.ro\\\/es\\\/actualidad\\\/tema-del-dia\\\/lluvias-torrenciales-en-rumania-id892289.html\"},\"wordCount\":557,\"image\":{\"@id\":\"https:\\\/\\\/www.rri.ro\\\/es\\\/actualidad\\\/tema-del-dia\\\/lluvias-torrenciales-en-rumania-id892289.html#primaryimage\"},\"thumbnailUrl\":\"https:\\\/\\\/www.rri.ro\\\/wp-content\\\/uploads\\\/2025\\\/05\\\/precipitatii-ploaie-umbrela-foto-pixabay.jpg\",\"keywords\":[\"agua de la lluvia\",\"alcantarillas\",\"alta monta\u00f1a\",\"autoridades\",\"avisos de c\u00f3digo naranja\",\"avisos de inundaciones\",\"capa de hielo\",\"Caras-Severin\",\"c\u00f3digo rojo\",\"cultivos\",\"cunetas de las carreteras\",\"D\u00e2mbovi\u0163a\",\"desag\u00fces\",\"drenaje\",\"fen\u00f3menos hidrol\u00f3gicos\",\"fr\u00edo\",\"fuertes lluvias\",\"granizo\",\"Inspecci\u00f3n General de Situaciones de Emergencia\",\"Instituto Nacional de Hidrolog\u00eda y Gesti\u00f3n del Agua\",\"inundaciones.\",\"mal tiempo\",\"meteor\u00f3logos\",\"Prahova\",\"rachas de viento\",\"tormentas\"],\"articleSection\":[\"Tema del d\u00eda\"],\"inLanguage\":\"es\"},{\"@type\":\"WebPage\",\"@id\":\"https:\\\/\\\/www.rri.ro\\\/es\\\/actualidad\\\/tema-del-dia\\\/lluvias-torrenciales-en-rumania-id892289.html\",\"url\":\"https:\\\/\\\/www.rri.ro\\\/es\\\/actualidad\\\/tema-del-dia\\\/lluvias-torrenciales-en-rumania-id892289.html\",\"name\":\"Lluvias torrenciales en Ruman\u00eda - Radio Ruman\u00eda Internacional\",\"isPartOf\":{\"@id\":\"https:\\\/\\\/www.rri.ro\\\/#website\"},\"primaryImageOfPage\":{\"@id\":\"https:\\\/\\\/www.rri.ro\\\/es\\\/actualidad\\\/tema-del-dia\\\/lluvias-torrenciales-en-rumania-id892289.html#primaryimage\"},\"image\":{\"@id\":\"https:\\\/\\\/www.rri.ro\\\/es\\\/actualidad\\\/tema-del-dia\\\/lluvias-torrenciales-en-rumania-id892289.html#primaryimage\"},\"thumbnailUrl\":\"https:\\\/\\\/www.rri.ro\\\/wp-content\\\/uploads\\\/2025\\\/05\\\/precipitatii-ploaie-umbrela-foto-pixabay.jpg\",\"datePublished\":\"2025-05-27T08:44:22+00:00\",\"author\":{\"@id\":\"https:\\\/\\\/www.rri.ro\\\/#\\\/schema\\\/person\\\/e6364ed2d4b6af207a82ca66000d07e0\"},\"breadcrumb\":{\"@id\":\"https:\\\/\\\/www.rri.ro\\\/es\\\/actualidad\\\/tema-del-dia\\\/lluvias-torrenciales-en-rumania-id892289.html#breadcrumb\"},\"inLanguage\":\"es\",\"potentialAction\":[{\"@type\":\"ReadAction\",\"target\":[\"https:\\\/\\\/www.rri.ro\\\/es\\\/actualidad\\\/tema-del-dia\\\/lluvias-torrenciales-en-rumania-id892289.html\"]}]},{\"@type\":\"ImageObject\",\"inLanguage\":\"es\",\"@id\":\"https:\\\/\\\/www.rri.ro\\\/es\\\/actualidad\\\/tema-del-dia\\\/lluvias-torrenciales-en-rumania-id892289.html#primaryimage\",\"url\":\"https:\\\/\\\/www.rri.ro\\\/wp-content\\\/uploads\\\/2025\\\/05\\\/precipitatii-ploaie-umbrela-foto-pixabay.jpg\",\"contentUrl\":\"https:\\\/\\\/www.rri.ro\\\/wp-content\\\/uploads\\\/2025\\\/05\\\/precipitatii-ploaie-umbrela-foto-pixabay.jpg\",\"width\":1280,\"height\":853,\"caption\":\"Foto: pixabay.com\"},{\"@type\":\"BreadcrumbList\",\"@id\":\"https:\\\/\\\/www.rri.ro\\\/es\\\/actualidad\\\/tema-del-dia\\\/lluvias-torrenciales-en-rumania-id892289.html#breadcrumb\",\"itemListElement\":[{\"@type\":\"ListItem\",\"position\":1,\"name\":\"P\u00e1gina de inicio\",\"item\":\"https:\\\/\\\/www.rri.ro\\\/es\"},{\"@type\":\"ListItem\",\"position\":2,\"name\":\"Actualidad\",\"item\":\"https:\\\/\\\/www.rri.ro\\\/es\\\/actualidad\"},{\"@type\":\"ListItem\",\"position\":3,\"name\":\"Tema del d\u00eda\",\"item\":\"https:\\\/\\\/www.rri.ro\\\/es\\\/actualidad\\\/tema-del-dia\"},{\"@type\":\"ListItem\",\"position\":4,\"name\":\"Lluvias torrenciales en Ruman\u00eda\"}]},{\"@type\":\"WebSite\",\"@id\":\"https:\\\/\\\/www.rri.ro\\\/#website\",\"url\":\"https:\\\/\\\/www.rri.ro\\\/\",\"name\":\"Radio Ruman\u00eda Internacional\",\"description\":\"Totul despre Rom\u00e2nia \u015fi rom\u00e2ni, \u00een 13 limbi\\\/dialecte!\",\"inLanguage\":\"es\"},{\"@type\":\"Person\",\"@id\":\"https:\\\/\\\/www.rri.ro\\\/#\\\/schema\\\/person\\\/e6364ed2d4b6af207a82ca66000d07e0\",\"name\":\"Leyla Cheamil\",\"url\":\"https:\\\/\\\/www.rri.ro\\\/es\\\/author\\\/leyla-cheamil\"}]}<\/script>\n<!-- \/ Yoast SEO plugin. -->","yoast_head_json":{"title":"Lluvias torrenciales en Ruman\u00eda - Radio Ruman\u00eda Internacional","robots":{"index":"index","follow":"follow","max-snippet":"max-snippet:-1","max-image-preview":"max-image-preview:large","max-video-preview":"max-video-preview:-1"},"canonical":"https:\/\/www.rri.ro\/es\/actualidad\/tema-del-dia\/lluvias-torrenciales-en-rumania-id892289.html","og_locale":"es_ES","og_type":"article","og_title":"Lluvias torrenciales en Ruman\u00eda - Radio Ruman\u00eda Internacional","og_description":"El fr\u00edo y la lluvia azotan Ruman\u00eda al final de la primavera. Los meteor\u00f3logos han emitido avisos de c\u00f3digo naranja y amarillo por fuertes lluvias para la mitad oriental del pa\u00eds. En algunas zonas ha llovido intensamente durante casi 24 horas. El tiempo es fr\u00edo y muy fr\u00edo, y el viento se ha intensificado temporalmente [&hellip;]","og_url":"https:\/\/www.rri.ro\/es\/actualidad\/tema-del-dia\/lluvias-torrenciales-en-rumania-id892289.html","og_site_name":"Radio Ruman\u00eda Internacional","article_published_time":"2025-05-27T08:44:22+00:00","og_image":[{"width":1280,"height":853,"url":"https:\/\/www.rri.ro\/wp-content\/uploads\/2025\/05\/precipitatii-ploaie-umbrela-foto-pixabay.jpg","type":"image\/jpeg"}],"author":"Leyla Cheamil","twitter_card":"summary_large_image","twitter_misc":{"Escrito por":"Leyla Cheamil","Tiempo de lectura":"3 minutos","Written by":"Leyla Cheamil"},"schema":{"@context":"https:\/\/schema.org","@graph":[{"@type":"Article","@id":"https:\/\/www.rri.ro\/es\/actualidad\/tema-del-dia\/lluvias-torrenciales-en-rumania-id892289.html#article","isPartOf":{"@id":"https:\/\/www.rri.ro\/es\/actualidad\/tema-del-dia\/lluvias-torrenciales-en-rumania-id892289.html"},"author":{"name":"Leyla Cheamil","@id":"https:\/\/www.rri.ro\/#\/schema\/person\/e6364ed2d4b6af207a82ca66000d07e0"},"headline":"Lluvias torrenciales en Ruman\u00eda","datePublished":"2025-05-27T08:44:22+00:00","mainEntityOfPage":{"@id":"https:\/\/www.rri.ro\/es\/actualidad\/tema-del-dia\/lluvias-torrenciales-en-rumania-id892289.html"},"wordCount":557,"image":{"@id":"https:\/\/www.rri.ro\/es\/actualidad\/tema-del-dia\/lluvias-torrenciales-en-rumania-id892289.html#primaryimage"},"thumbnailUrl":"https:\/\/www.rri.ro\/wp-content\/uploads\/2025\/05\/precipitatii-ploaie-umbrela-foto-pixabay.jpg","keywords":["agua de la lluvia","alcantarillas","alta monta\u00f1a","autoridades","avisos de c\u00f3digo naranja","avisos de inundaciones","capa de hielo","Caras-Severin","c\u00f3digo rojo","cultivos","cunetas de las carreteras","D\u00e2mbovi\u0163a","desag\u00fces","drenaje","fen\u00f3menos hidrol\u00f3gicos","fr\u00edo","fuertes lluvias","granizo","Inspecci\u00f3n General de Situaciones de Emergencia","Instituto Nacional de Hidrolog\u00eda y Gesti\u00f3n del Agua","inundaciones.","mal tiempo","meteor\u00f3logos","Prahova","rachas de viento","tormentas"],"articleSection":["Tema del d\u00eda"],"inLanguage":"es"},{"@type":"WebPage","@id":"https:\/\/www.rri.ro\/es\/actualidad\/tema-del-dia\/lluvias-torrenciales-en-rumania-id892289.html","url":"https:\/\/www.rri.ro\/es\/actualidad\/tema-del-dia\/lluvias-torrenciales-en-rumania-id892289.html","name":"Lluvias torrenciales en Ruman\u00eda - Radio Ruman\u00eda Internacional","isPartOf":{"@id":"https:\/\/www.rri.ro\/#website"},"primaryImageOfPage":{"@id":"https:\/\/www.rri.ro\/es\/actualidad\/tema-del-dia\/lluvias-torrenciales-en-rumania-id892289.html#primaryimage"},"image":{"@id":"https:\/\/www.rri.ro\/es\/actualidad\/tema-del-dia\/lluvias-torrenciales-en-rumania-id892289.html#primaryimage"},"thumbnailUrl":"https:\/\/www.rri.ro\/wp-content\/uploads\/2025\/05\/precipitatii-ploaie-umbrela-foto-pixabay.jpg","datePublished":"2025-05-27T08:44:22+00:00","author":{"@id":"https:\/\/www.rri.ro\/#\/schema\/person\/e6364ed2d4b6af207a82ca66000d07e0"},"breadcrumb":{"@id":"https:\/\/www.rri.ro\/es\/actualidad\/tema-del-dia\/lluvias-torrenciales-en-rumania-id892289.html#breadcrumb"},"inLanguage":"es","potentialAction":[{"@type":"ReadAction","target":["https:\/\/www.rri.ro\/es\/actualidad\/tema-del-dia\/lluvias-torrenciales-en-rumania-id892289.html"]}]},{"@type":"ImageObject","inLanguage":"es","@id":"https:\/\/www.rri.ro\/es\/actualidad\/tema-del-dia\/lluvias-torrenciales-en-rumania-id892289.html#primaryimage","url":"https:\/\/www.rri.ro\/wp-content\/uploads\/2025\/05\/precipitatii-ploaie-umbrela-foto-pixabay.jpg","contentUrl":"https:\/\/www.rri.ro\/wp-content\/uploads\/2025\/05\/precipitatii-ploaie-umbrela-foto-pixabay.jpg","width":1280,"height":853,"caption":"Foto: pixabay.com"},{"@type":"BreadcrumbList","@id":"https:\/\/www.rri.ro\/es\/actualidad\/tema-del-dia\/lluvias-torrenciales-en-rumania-id892289.html#breadcrumb","itemListElement":[{"@type":"ListItem","position":1,"name":"P\u00e1gina de inicio","item":"https:\/\/www.rri.ro\/es"},{"@type":"ListItem","position":2,"name":"Actualidad","item":"https:\/\/www.rri.ro\/es\/actualidad"},{"@type":"ListItem","position":3,"name":"Tema del d\u00eda","item":"https:\/\/www.rri.ro\/es\/actualidad\/tema-del-dia"},{"@type":"ListItem","position":4,"name":"Lluvias torrenciales en Ruman\u00eda"}]},{"@type":"WebSite","@id":"https:\/\/www.rri.ro\/#website","url":"https:\/\/www.rri.ro\/","name":"Radio Ruman\u00eda Internacional","description":"Totul despre Rom\u00e2nia \u015fi rom\u00e2ni, \u00een 13 limbi\/dialecte!","inLanguage":"es"},{"@type":"Person","@id":"https:\/\/www.rri.ro\/#\/schema\/person\/e6364ed2d4b6af207a82ca66000d07e0","name":"Leyla Cheamil","url":"https:\/\/www.rri.ro\/es\/author\/leyla-cheamil"}]}},"_links":{"self":[{"href":"https:\/\/www.rri.ro\/es\/wp-json\/wp\/v2\/posts\/892289","targetHints":{"allow":["GET"]}}],"collection":[{"href":"https:\/\/www.rri.ro\/es\/wp-json\/wp\/v2\/posts"}],"about":[{"href":"https:\/\/www.rri.ro\/es\/wp-json\/wp\/v2\/types\/post"}],"author":[{"embeddable":true,"href":"https:\/\/www.rri.ro\/es\/wp-json\/wp\/v2\/users\/46"}],"replies":[{"embeddable":true,"href":"https:\/\/www.rri.ro\/es\/wp-json\/wp\/v2\/comments?post=892289"}],"version-history":[{"count":0,"href":"https:\/\/www.rri.ro\/es\/wp-json\/wp\/v2\/posts\/892289\/revisions"}],"wp:featuredmedia":[{"embeddable":true,"href":"https:\/\/www.rri.ro\/es\/wp-json\/wp\/v2\/media\/892277"}],"wp:attachment":[{"href":"https:\/\/www.rri.ro\/es\/wp-json\/wp\/v2\/media?parent=892289"}],"wp:term":[{"taxonomy":"category","embeddable":true,"href":"https:\/\/www.rri.ro\/es\/wp-json\/wp\/v2\/categories?post=892289"},{"taxonomy":"post_tag","embeddable":true,"href":"https:\/\/www.rri.ro\/es\/wp-json\/wp\/v2\/tags?post=892289"},{"taxonomy":"author","embeddable":true,"href":"https:\/\/www.rri.ro\/es\/wp-json\/wp\/v2\/coauthors?post=892289"}],"curies":[{"name":"wp","href":"https:\/\/api.w.org\/{rel}","templated":true}]}}