{"id":892445,"date":"2025-05-27T13:21:05","date_gmt":"2025-05-27T10:21:05","guid":{"rendered":"https:\/\/www.rri.ro\/?p=892445"},"modified":"2025-05-27T13:21:05","modified_gmt":"2025-05-27T10:21:05","slug":"rumania-mi-casa-historias-leidas-de-nuevo","status":"publish","type":"post","link":"https:\/\/www.rri.ro\/es\/cronica-semanal\/rumania-mi-casa\/rumania-mi-casa-historias-leidas-de-nuevo-id892445.html","title":{"rendered":"Ruman\u00eda mi casa: Historias le\u00eddas de nuevo"},"content":{"rendered":"<p>La plataforma Formaci\u00f3n Cultural de Ruman\u00eda anuncia el lanzamiento del proyecto <em>Perspectivas n\u00f3rdicas: abordando la cultura de la cancelaci\u00f3n en los espacios p\u00fablicos mediante el di\u00e1logo art\u00edstico y la innovaci\u00f3n cultural<\/em>, un proyecto transnacional para abordar las narrativas hist\u00f3ricas controvertidas en el espacio p\u00fablico de Ruman\u00eda y la Rep\u00fablica de Moldavia. El proyecto se llevar\u00e1 a cabo hasta el 31 de enero de 2026 y re\u00fane a expertos de Dinamarca, Suecia y Letonia junto a especialistas de Ruman\u00eda y la Rep\u00fablica de Moldavia.<\/p>\n<p>Oana N\u0103sui, investigadora cultural y gerente del proyecto <em>Perspectivas n\u00f3rdicas<\/em> nos cuenta por qu\u00e9 sinti\u00f3 la necesidad de iniciar un proyecto de este tipo:<\/p>\n<p>&nbsp;<\/p>\n<p style=\"padding-left: 40px;\"><strong><em>\u00abDesde hace unos a\u00f1os, me ha preocupado personalmente este concepto de <\/em>la cultura de la cancelaci\u00f3n<em>, los m\u00e9todos a trav\u00e9s de los cuales, especialmente en el \u00e1mbito de las redes sociales, la gente elige <\/em>cancelar<em> o anular a ciertas personas debido a principios que expresan p\u00fablicamente. Reacciones bastante agresivas como hemos observado en los \u00faltimos a\u00f1os en el espacio p\u00fablico virtual. Luego, tambi\u00e9n se realiz\u00f3 un estudio sobre este tema y particip\u00e9 en un Festival de historia en Ruman\u00eda, y a partir de las conversaciones con historiadores y colaboradores con los que trabajamos en nuestra plataforma Museo del Postmodernismo, hemos delineado estas ideas sobre el arte en el espacio p\u00fablico y la reacci\u00f3n de los ciudadanos ante ciertas obras o trabajos de arte p\u00fablico, reacciones que parecen inesperadas\u00bb.<\/em><\/strong><\/p>\n<p>&nbsp;<\/p>\n<p>Oana N\u0103sui, investigadora cultural, explica:<\/p>\n<p>&nbsp;<\/p>\n<p style=\"padding-left: 40px;\"><strong><em>\u00abPondr\u00eda un ejemplo que realmente nos marc\u00f3: en 2021 se descubri\u00f3 una escultura de Samuel Von Brukenthal en la Plaza Grande de Sibiu, es figurativa, es decir, lo representa, no ten\u00eda nada simb\u00f3lico. Posteriormente a su descubrimiento, hubo reacciones sobre la oportunidad de esa escultura en el espacio p\u00fablico y sigui\u00f3 una supuesta destrucci\u00f3n: una persona rociando con tinta esta obra. Digo <\/em>supuesta<em> porque intentamos ver un poco m\u00e1s ampliamente las reacciones de la gente, m\u00e1s all\u00e1 del hecho de que da\u00f1\u00f3 un bien p\u00fablico, por lo cual esa persona tambi\u00e9n recibi\u00f3 una multa, m\u00e1s bien lo vemos como una se\u00f1al de la sociedad civil en general. Y parece que el problema de la presencia de esta escultura en el espacio p\u00fablico era la conexi\u00f3n directa que habr\u00eda tenido Samuel Von Brukenthal con Horea, Clo\u015fca y Cri\u015fan. Habr\u00eda tenido una implicaci\u00f3n directa en la captura y en el asesinato de estos. \u00bfPor qu\u00e9 ahora, despu\u00e9s de tanto tiempo, la gente reacciona y por qu\u00e9 reacciona en un contexto tan estrecho, sobre todo porque no podemos ignorar el hecho de que Brukenthal dej\u00f3 el palacio y una impresionante colecci\u00f3n y es el museo m\u00e1s antiguo de Ruman\u00eda? De hecho, iniciar\u00edamos discusiones sobre por qu\u00e9 la gente act\u00faa as\u00ed, \u00bfpor qu\u00e9 despu\u00e9s de tanto tiempo? Se trata, pues, de ciertas narrativas hist\u00f3ricas que se pueden activar en determinados contextos\u00bb.<\/em><\/strong><\/p>\n<p>&nbsp;<\/p>\n<p>Las actividades principales del proyecto incluyen una fase extensa de investigaci\u00f3n sobre las controversias relacionadas con los monumentos p\u00fablicos, entrevistas de transferencia de conocimientos con expertos n\u00f3rdicos, y tres mesas redondas virtuales para el intercambio de experiencias. A continuaci\u00f3n, Oana N\u0103sui:<\/p>\n<p>&nbsp;<\/p>\n<p style=\"padding-left: 40px;\"><strong><em>\u00abTenemos mesas redondas en l\u00ednea, tenemos entrevistas, tenemos estudios que recibiremos de ciertos expertos sobre este tema, estudios que tambi\u00e9n pondremos en un libro digital que distribuiremos m\u00e1s tarde. Lo que nos pareci\u00f3 interesante agregar a este proyecto es un plan de acciones. La idea de estas mesas redondas, estudios y entrevistas es recopilar informaci\u00f3n cualitativa. Reflexionar sobre opiniones del \u00e1rea profesional y no solo eso, porque cualquier persona puede participar en estas mesas redondas y expresar su opini\u00f3n, recopilar esta informaci\u00f3n, ponerla en un marco de investigaci\u00f3n y trazar este plan de acciones. Nos alegr\u00f3 poder recurrir a la experiencia no solo para Ruman\u00eda, sino tambi\u00e9n para la Rep\u00fablica de Moldavia, porque compartimos una historia com\u00fan y nos pareci\u00f3 a\u00fan m\u00e1s interesante para que nuestros colegas de la Rep\u00fablica de Moldavia se beneficiaran de los resultados que obtendremos en el proyecto\u00bb.<\/em><\/strong><\/p>\n<p>&nbsp;<\/p>\n<p>\u00bfCu\u00e1les son los resultados esperados tras la implementaci\u00f3n del proyecto? Oana N\u0103sui, investigadora cultural y gerente del proyecto, nos ofrece m\u00e1s detalles:<\/p>\n<p>&nbsp;<\/p>\n<p style=\"padding-left: 40px;\"><strong><em>\u00abEn la primera mesa redonda que tendr\u00e1 lugar el 28 de mayo y en las dem\u00e1s que se llevar\u00e1n a cabo en oto\u00f1o e invierno de este a\u00f1o, hemos invitado por un lado a un experto n\u00f3rdico y por otro lado a un experto rumano o moldavo. El experto de Ruman\u00eda o de la Rep\u00fablica de Moldavia es, en estas primeras mesas redondas, un historiador, un investigador, especializado en arte en el espacio p\u00fablico, y queremos que la tercera mesa redonda est\u00e9 orientada hacia la parte de la sociedad civil y pol\u00edticas p\u00fablicas, es decir, que tengamos invitados de esta \u00e1rea. Las hemos dise\u00f1ado como algo m\u00e1s que simples mesas redondas, porque queremos empezar con algunas presentaciones y despu\u00e9s tener discusiones aplicadas, pero la parte de presentaciones espec\u00edficas sobre, por ejemplo, momentos controvertidos en el espacio p\u00fablico, queremos tambi\u00e9n grabarlas y distribuirlas p\u00fablicamente. Otro resultado tambi\u00e9n ser\u00eda este libro, ya he encargado algunos estudios sobre esta tem\u00e1tica generosa, <\/em>la cultura de la cancelaci\u00f3n en los espacios p\u00fablicos<em>, y al final del proyecto podremos distribuirlo tanto en Ruman\u00eda en formato digital, como en cualquier parte del mundo\u00bb.<\/em><\/strong><\/p>\n<p>&nbsp;<\/p>\n<p>Al final del proyecto se seguir\u00e1 la elaboraci\u00f3n de un plan de acciones para todos aquellos interesados en el \u00e1mbito p\u00fablico, el desarrollo comunitario o el urbanismo, un recurso para quienes deseen realizar proyectos en este \u00e1mbito.<\/p>\n<p>&nbsp;<\/p>\n<p>Versi\u00f3n en espa\u00f1ol: Mihaela Stoian<\/p>\n","protected":false},"excerpt":{"rendered":"<p>La plataforma Formaci\u00f3n Cultural de Ruman\u00eda anuncia el lanzamiento del proyecto Perspectivas n\u00f3rdicas: abordando la cultura de la cancelaci\u00f3n en los espacios p\u00fablicos mediante el di\u00e1logo art\u00edstico y la innovaci\u00f3n cultural, un proyecto transnacional para abordar las narrativas hist\u00f3ricas controvertidas en el espacio p\u00fablico de Ruman\u00eda y la Rep\u00fablica de Moldavia. El proyecto se llevar\u00e1 [&hellip;]<\/p>\n","protected":false},"author":126,"featured_media":891348,"comment_status":"closed","ping_status":"closed","sticky":false,"template":"","format":"standard","meta":{"_acf_changed":false,"footnotes":""},"categories":[112448],"tags":[170763,170651,170758,170764,170757,170636,170762,170765,170759,170760,170761,48965,48949,158181,143967],"coauthors":[113240],"class_list":["post-892445","post","type-post","status-publish","format-standard","has-post-thumbnail","hentry","category-rumania-mi-casa","tag-controvertidas","tag-espacio-publico","tag-gerente","tag-historias-leidas-de-nuevo","tag-investigadora-cultural","tag-lanzamiento","tag-narrativas-historicas","tag-oana-nasui-es","tag-plataforma-de-formacion-cultural-de-rumania","tag-proyecto-nordic-insights-abordar-la-cultura-de-la-cancelacion-en-los-espacios-publicos-a-traves-del-dialogo-artistico-y-la-innovacion-cultural","tag-proyecto-transnacional","tag-republica-de-moldavia","tag-rumania","tag-rumania-mi-casa","tag-sibiu-es"],"acf":[],"yoast_head":"<!-- This site is optimized with the Yoast SEO plugin v27.3 - https:\/\/yoast.com\/product\/yoast-seo-wordpress\/ -->\n<title>Ruman\u00eda mi casa: Historias le\u00eddas de nuevo - Radio Ruman\u00eda Internacional<\/title>\n<meta name=\"robots\" content=\"index, follow, max-snippet:-1, max-image-preview:large, max-video-preview:-1\" \/>\n<link rel=\"canonical\" href=\"https:\/\/www.rri.ro\/es\/cronica-semanal\/rumania-mi-casa\/rumania-mi-casa-historias-leidas-de-nuevo-id892445.html\" \/>\n<meta property=\"og:locale\" content=\"es_ES\" \/>\n<meta property=\"og:type\" content=\"article\" \/>\n<meta property=\"og:title\" content=\"Ruman\u00eda mi casa: Historias le\u00eddas de nuevo - Radio Ruman\u00eda Internacional\" \/>\n<meta property=\"og:description\" content=\"La plataforma Formaci\u00f3n Cultural de Ruman\u00eda anuncia el lanzamiento del proyecto Perspectivas n\u00f3rdicas: abordando la cultura de la cancelaci\u00f3n en los espacios p\u00fablicos mediante el di\u00e1logo art\u00edstico y la innovaci\u00f3n cultural, un proyecto transnacional para abordar las narrativas hist\u00f3ricas controvertidas en el espacio p\u00fablico de Ruman\u00eda y la Rep\u00fablica de Moldavia. El proyecto se llevar\u00e1 [&hellip;]\" \/>\n<meta property=\"og:url\" content=\"https:\/\/www.rri.ro\/es\/cronica-semanal\/rumania-mi-casa\/rumania-mi-casa-historias-leidas-de-nuevo-id892445.html\" \/>\n<meta property=\"og:site_name\" content=\"Radio Ruman\u00eda Internacional\" \/>\n<meta property=\"article:published_time\" content=\"2025-05-27T10:21:05+00:00\" \/>\n<meta property=\"og:image\" content=\"https:\/\/www.rri.ro\/wp-content\/uploads\/2025\/05\/Formare-Culturala-foto-facebook-FormareCulturala.jpg\" \/>\n\t<meta property=\"og:image:width\" content=\"800\" \/>\n\t<meta property=\"og:image:height\" content=\"800\" \/>\n\t<meta property=\"og:image:type\" content=\"image\/jpeg\" \/>\n<meta name=\"author\" content=\"Ana-Maria Cononovici\" \/>\n<meta name=\"twitter:card\" content=\"summary_large_image\" \/>\n<meta name=\"twitter:label1\" content=\"Escrito por\" \/>\n\t<meta name=\"twitter:data1\" content=\"Ana-Maria Cononovici\" \/>\n\t<meta name=\"twitter:label2\" content=\"Tiempo de lectura\" \/>\n\t<meta name=\"twitter:data2\" content=\"5 minutos\" \/>\n\t<meta name=\"twitter:label3\" content=\"Written by\" \/>\n\t<meta name=\"twitter:data3\" content=\"Ana-Maria Cononovici\" \/>\n<script type=\"application\/ld+json\" class=\"yoast-schema-graph\">{\"@context\":\"https:\\\/\\\/schema.org\",\"@graph\":[{\"@type\":\"Article\",\"@id\":\"https:\\\/\\\/www.rri.ro\\\/es\\\/cronica-semanal\\\/rumania-mi-casa\\\/rumania-mi-casa-historias-leidas-de-nuevo-id892445.html#article\",\"isPartOf\":{\"@id\":\"https:\\\/\\\/www.rri.ro\\\/es\\\/cronica-semanal\\\/rumania-mi-casa\\\/rumania-mi-casa-historias-leidas-de-nuevo-id892445.html\"},\"author\":{\"name\":\"Ana-Maria Cononovici\",\"@id\":\"https:\\\/\\\/www.rri.ro\\\/#\\\/schema\\\/person\\\/70ee98042ca8b95ae29876ed4848670e\"},\"headline\":\"Ruman\u00eda mi casa: Historias le\u00eddas de nuevo\",\"datePublished\":\"2025-05-27T10:21:05+00:00\",\"mainEntityOfPage\":{\"@id\":\"https:\\\/\\\/www.rri.ro\\\/es\\\/cronica-semanal\\\/rumania-mi-casa\\\/rumania-mi-casa-historias-leidas-de-nuevo-id892445.html\"},\"wordCount\":1020,\"image\":{\"@id\":\"https:\\\/\\\/www.rri.ro\\\/es\\\/cronica-semanal\\\/rumania-mi-casa\\\/rumania-mi-casa-historias-leidas-de-nuevo-id892445.html#primaryimage\"},\"thumbnailUrl\":\"https:\\\/\\\/www.rri.ro\\\/wp-content\\\/uploads\\\/2025\\\/05\\\/Formare-Culturala-foto-facebook-FormareCulturala.jpg\",\"keywords\":[\"controvertidas\",\"espacio p\u00fablico\",\"gerente\",\"Historias le\u00eddas de nuevo.\",\"investigadora cultural\",\"lanzamiento\",\"narrativas hist\u00f3ricas\",\"Oana Nasui\",\"Plataforma de Formaci\u00f3n Cultural de Ruman\u00eda\",\"proyecto \\\"Nordic Insights: abordar la cultura de la cancelaci\u00f3n en los espacios p\u00fablicos a trav\u00e9s del di\u00e1logo art\u00edstico y la innovaci\u00f3n cultural\\\"\",\"proyecto transnacional\",\"Rep\u00fablica de Moldavia\",\"Rumania\",\"Ruman\u00eda mi casa\",\"Sibiu\"],\"articleSection\":[\"Ruman\u00eda, mi casa\"],\"inLanguage\":\"es\"},{\"@type\":\"WebPage\",\"@id\":\"https:\\\/\\\/www.rri.ro\\\/es\\\/cronica-semanal\\\/rumania-mi-casa\\\/rumania-mi-casa-historias-leidas-de-nuevo-id892445.html\",\"url\":\"https:\\\/\\\/www.rri.ro\\\/es\\\/cronica-semanal\\\/rumania-mi-casa\\\/rumania-mi-casa-historias-leidas-de-nuevo-id892445.html\",\"name\":\"Ruman\u00eda mi casa: Historias le\u00eddas de nuevo - Radio Ruman\u00eda Internacional\",\"isPartOf\":{\"@id\":\"https:\\\/\\\/www.rri.ro\\\/#website\"},\"primaryImageOfPage\":{\"@id\":\"https:\\\/\\\/www.rri.ro\\\/es\\\/cronica-semanal\\\/rumania-mi-casa\\\/rumania-mi-casa-historias-leidas-de-nuevo-id892445.html#primaryimage\"},\"image\":{\"@id\":\"https:\\\/\\\/www.rri.ro\\\/es\\\/cronica-semanal\\\/rumania-mi-casa\\\/rumania-mi-casa-historias-leidas-de-nuevo-id892445.html#primaryimage\"},\"thumbnailUrl\":\"https:\\\/\\\/www.rri.ro\\\/wp-content\\\/uploads\\\/2025\\\/05\\\/Formare-Culturala-foto-facebook-FormareCulturala.jpg\",\"datePublished\":\"2025-05-27T10:21:05+00:00\",\"author\":{\"@id\":\"https:\\\/\\\/www.rri.ro\\\/#\\\/schema\\\/person\\\/70ee98042ca8b95ae29876ed4848670e\"},\"breadcrumb\":{\"@id\":\"https:\\\/\\\/www.rri.ro\\\/es\\\/cronica-semanal\\\/rumania-mi-casa\\\/rumania-mi-casa-historias-leidas-de-nuevo-id892445.html#breadcrumb\"},\"inLanguage\":\"es\",\"potentialAction\":[{\"@type\":\"ReadAction\",\"target\":[\"https:\\\/\\\/www.rri.ro\\\/es\\\/cronica-semanal\\\/rumania-mi-casa\\\/rumania-mi-casa-historias-leidas-de-nuevo-id892445.html\"]}]},{\"@type\":\"ImageObject\",\"inLanguage\":\"es\",\"@id\":\"https:\\\/\\\/www.rri.ro\\\/es\\\/cronica-semanal\\\/rumania-mi-casa\\\/rumania-mi-casa-historias-leidas-de-nuevo-id892445.html#primaryimage\",\"url\":\"https:\\\/\\\/www.rri.ro\\\/wp-content\\\/uploads\\\/2025\\\/05\\\/Formare-Culturala-foto-facebook-FormareCulturala.jpg\",\"contentUrl\":\"https:\\\/\\\/www.rri.ro\\\/wp-content\\\/uploads\\\/2025\\\/05\\\/Formare-Culturala-foto-facebook-FormareCulturala.jpg\",\"width\":800,\"height\":800,\"caption\":\"Foto: facebook.com\\\/FormareCulturala\"},{\"@type\":\"BreadcrumbList\",\"@id\":\"https:\\\/\\\/www.rri.ro\\\/es\\\/cronica-semanal\\\/rumania-mi-casa\\\/rumania-mi-casa-historias-leidas-de-nuevo-id892445.html#breadcrumb\",\"itemListElement\":[{\"@type\":\"ListItem\",\"position\":1,\"name\":\"P\u00e1gina de inicio\",\"item\":\"https:\\\/\\\/www.rri.ro\\\/es\"},{\"@type\":\"ListItem\",\"position\":2,\"name\":\"Cr\u00f3nica semanal\",\"item\":\"https:\\\/\\\/www.rri.ro\\\/es\\\/cronica-semanal\"},{\"@type\":\"ListItem\",\"position\":3,\"name\":\"Ruman\u00eda, mi casa\",\"item\":\"https:\\\/\\\/www.rri.ro\\\/es\\\/cronica-semanal\\\/rumania-mi-casa\"},{\"@type\":\"ListItem\",\"position\":4,\"name\":\"Ruman\u00eda mi casa: Historias le\u00eddas de nuevo\"}]},{\"@type\":\"WebSite\",\"@id\":\"https:\\\/\\\/www.rri.ro\\\/#website\",\"url\":\"https:\\\/\\\/www.rri.ro\\\/\",\"name\":\"Radio Ruman\u00eda Internacional\",\"description\":\"Totul despre Rom\u00e2nia \u015fi rom\u00e2ni, \u00een 13 limbi\\\/dialecte!\",\"inLanguage\":\"es\"},{\"@type\":\"Person\",\"@id\":\"https:\\\/\\\/www.rri.ro\\\/#\\\/schema\\\/person\\\/70ee98042ca8b95ae29876ed4848670e\",\"name\":\"Ana-Maria Cononovici\",\"url\":\"https:\\\/\\\/www.rri.ro\\\/es\\\/author\\\/ana-maria-cononovici\"}]}<\/script>\n<!-- \/ Yoast SEO plugin. -->","yoast_head_json":{"title":"Ruman\u00eda mi casa: Historias le\u00eddas de nuevo - Radio Ruman\u00eda Internacional","robots":{"index":"index","follow":"follow","max-snippet":"max-snippet:-1","max-image-preview":"max-image-preview:large","max-video-preview":"max-video-preview:-1"},"canonical":"https:\/\/www.rri.ro\/es\/cronica-semanal\/rumania-mi-casa\/rumania-mi-casa-historias-leidas-de-nuevo-id892445.html","og_locale":"es_ES","og_type":"article","og_title":"Ruman\u00eda mi casa: Historias le\u00eddas de nuevo - Radio Ruman\u00eda Internacional","og_description":"La plataforma Formaci\u00f3n Cultural de Ruman\u00eda anuncia el lanzamiento del proyecto Perspectivas n\u00f3rdicas: abordando la cultura de la cancelaci\u00f3n en los espacios p\u00fablicos mediante el di\u00e1logo art\u00edstico y la innovaci\u00f3n cultural, un proyecto transnacional para abordar las narrativas hist\u00f3ricas controvertidas en el espacio p\u00fablico de Ruman\u00eda y la Rep\u00fablica de Moldavia. El proyecto se llevar\u00e1 [&hellip;]","og_url":"https:\/\/www.rri.ro\/es\/cronica-semanal\/rumania-mi-casa\/rumania-mi-casa-historias-leidas-de-nuevo-id892445.html","og_site_name":"Radio Ruman\u00eda Internacional","article_published_time":"2025-05-27T10:21:05+00:00","og_image":[{"width":800,"height":800,"url":"https:\/\/www.rri.ro\/wp-content\/uploads\/2025\/05\/Formare-Culturala-foto-facebook-FormareCulturala.jpg","type":"image\/jpeg"}],"author":"Ana-Maria Cononovici","twitter_card":"summary_large_image","twitter_misc":{"Escrito por":"Ana-Maria Cononovici","Tiempo de lectura":"5 minutos","Written by":"Ana-Maria Cononovici"},"schema":{"@context":"https:\/\/schema.org","@graph":[{"@type":"Article","@id":"https:\/\/www.rri.ro\/es\/cronica-semanal\/rumania-mi-casa\/rumania-mi-casa-historias-leidas-de-nuevo-id892445.html#article","isPartOf":{"@id":"https:\/\/www.rri.ro\/es\/cronica-semanal\/rumania-mi-casa\/rumania-mi-casa-historias-leidas-de-nuevo-id892445.html"},"author":{"name":"Ana-Maria Cononovici","@id":"https:\/\/www.rri.ro\/#\/schema\/person\/70ee98042ca8b95ae29876ed4848670e"},"headline":"Ruman\u00eda mi casa: Historias le\u00eddas de nuevo","datePublished":"2025-05-27T10:21:05+00:00","mainEntityOfPage":{"@id":"https:\/\/www.rri.ro\/es\/cronica-semanal\/rumania-mi-casa\/rumania-mi-casa-historias-leidas-de-nuevo-id892445.html"},"wordCount":1020,"image":{"@id":"https:\/\/www.rri.ro\/es\/cronica-semanal\/rumania-mi-casa\/rumania-mi-casa-historias-leidas-de-nuevo-id892445.html#primaryimage"},"thumbnailUrl":"https:\/\/www.rri.ro\/wp-content\/uploads\/2025\/05\/Formare-Culturala-foto-facebook-FormareCulturala.jpg","keywords":["controvertidas","espacio p\u00fablico","gerente","Historias le\u00eddas de nuevo.","investigadora cultural","lanzamiento","narrativas hist\u00f3ricas","Oana Nasui","Plataforma de Formaci\u00f3n Cultural de Ruman\u00eda","proyecto \"Nordic Insights: abordar la cultura de la cancelaci\u00f3n en los espacios p\u00fablicos a trav\u00e9s del di\u00e1logo art\u00edstico y la innovaci\u00f3n cultural\"","proyecto transnacional","Rep\u00fablica de Moldavia","Rumania","Ruman\u00eda mi casa","Sibiu"],"articleSection":["Ruman\u00eda, mi casa"],"inLanguage":"es"},{"@type":"WebPage","@id":"https:\/\/www.rri.ro\/es\/cronica-semanal\/rumania-mi-casa\/rumania-mi-casa-historias-leidas-de-nuevo-id892445.html","url":"https:\/\/www.rri.ro\/es\/cronica-semanal\/rumania-mi-casa\/rumania-mi-casa-historias-leidas-de-nuevo-id892445.html","name":"Ruman\u00eda mi casa: Historias le\u00eddas de nuevo - Radio Ruman\u00eda Internacional","isPartOf":{"@id":"https:\/\/www.rri.ro\/#website"},"primaryImageOfPage":{"@id":"https:\/\/www.rri.ro\/es\/cronica-semanal\/rumania-mi-casa\/rumania-mi-casa-historias-leidas-de-nuevo-id892445.html#primaryimage"},"image":{"@id":"https:\/\/www.rri.ro\/es\/cronica-semanal\/rumania-mi-casa\/rumania-mi-casa-historias-leidas-de-nuevo-id892445.html#primaryimage"},"thumbnailUrl":"https:\/\/www.rri.ro\/wp-content\/uploads\/2025\/05\/Formare-Culturala-foto-facebook-FormareCulturala.jpg","datePublished":"2025-05-27T10:21:05+00:00","author":{"@id":"https:\/\/www.rri.ro\/#\/schema\/person\/70ee98042ca8b95ae29876ed4848670e"},"breadcrumb":{"@id":"https:\/\/www.rri.ro\/es\/cronica-semanal\/rumania-mi-casa\/rumania-mi-casa-historias-leidas-de-nuevo-id892445.html#breadcrumb"},"inLanguage":"es","potentialAction":[{"@type":"ReadAction","target":["https:\/\/www.rri.ro\/es\/cronica-semanal\/rumania-mi-casa\/rumania-mi-casa-historias-leidas-de-nuevo-id892445.html"]}]},{"@type":"ImageObject","inLanguage":"es","@id":"https:\/\/www.rri.ro\/es\/cronica-semanal\/rumania-mi-casa\/rumania-mi-casa-historias-leidas-de-nuevo-id892445.html#primaryimage","url":"https:\/\/www.rri.ro\/wp-content\/uploads\/2025\/05\/Formare-Culturala-foto-facebook-FormareCulturala.jpg","contentUrl":"https:\/\/www.rri.ro\/wp-content\/uploads\/2025\/05\/Formare-Culturala-foto-facebook-FormareCulturala.jpg","width":800,"height":800,"caption":"Foto: facebook.com\/FormareCulturala"},{"@type":"BreadcrumbList","@id":"https:\/\/www.rri.ro\/es\/cronica-semanal\/rumania-mi-casa\/rumania-mi-casa-historias-leidas-de-nuevo-id892445.html#breadcrumb","itemListElement":[{"@type":"ListItem","position":1,"name":"P\u00e1gina de inicio","item":"https:\/\/www.rri.ro\/es"},{"@type":"ListItem","position":2,"name":"Cr\u00f3nica semanal","item":"https:\/\/www.rri.ro\/es\/cronica-semanal"},{"@type":"ListItem","position":3,"name":"Ruman\u00eda, mi casa","item":"https:\/\/www.rri.ro\/es\/cronica-semanal\/rumania-mi-casa"},{"@type":"ListItem","position":4,"name":"Ruman\u00eda mi casa: Historias le\u00eddas de nuevo"}]},{"@type":"WebSite","@id":"https:\/\/www.rri.ro\/#website","url":"https:\/\/www.rri.ro\/","name":"Radio Ruman\u00eda Internacional","description":"Totul despre Rom\u00e2nia \u015fi rom\u00e2ni, \u00een 13 limbi\/dialecte!","inLanguage":"es"},{"@type":"Person","@id":"https:\/\/www.rri.ro\/#\/schema\/person\/70ee98042ca8b95ae29876ed4848670e","name":"Ana-Maria Cononovici","url":"https:\/\/www.rri.ro\/es\/author\/ana-maria-cononovici"}]}},"_links":{"self":[{"href":"https:\/\/www.rri.ro\/es\/wp-json\/wp\/v2\/posts\/892445","targetHints":{"allow":["GET"]}}],"collection":[{"href":"https:\/\/www.rri.ro\/es\/wp-json\/wp\/v2\/posts"}],"about":[{"href":"https:\/\/www.rri.ro\/es\/wp-json\/wp\/v2\/types\/post"}],"author":[{"embeddable":true,"href":"https:\/\/www.rri.ro\/es\/wp-json\/wp\/v2\/users\/126"}],"replies":[{"embeddable":true,"href":"https:\/\/www.rri.ro\/es\/wp-json\/wp\/v2\/comments?post=892445"}],"version-history":[{"count":0,"href":"https:\/\/www.rri.ro\/es\/wp-json\/wp\/v2\/posts\/892445\/revisions"}],"wp:featuredmedia":[{"embeddable":true,"href":"https:\/\/www.rri.ro\/es\/wp-json\/wp\/v2\/media\/891348"}],"wp:attachment":[{"href":"https:\/\/www.rri.ro\/es\/wp-json\/wp\/v2\/media?parent=892445"}],"wp:term":[{"taxonomy":"category","embeddable":true,"href":"https:\/\/www.rri.ro\/es\/wp-json\/wp\/v2\/categories?post=892445"},{"taxonomy":"post_tag","embeddable":true,"href":"https:\/\/www.rri.ro\/es\/wp-json\/wp\/v2\/tags?post=892445"},{"taxonomy":"author","embeddable":true,"href":"https:\/\/www.rri.ro\/es\/wp-json\/wp\/v2\/coauthors?post=892445"}],"curies":[{"name":"wp","href":"https:\/\/api.w.org\/{rel}","templated":true}]}}