{"id":892898,"date":"2025-05-28T14:52:38","date_gmt":"2025-05-28T11:52:38","guid":{"rendered":"https:\/\/www.rri.ro\/?p=892898"},"modified":"2025-05-28T14:52:38","modified_gmt":"2025-05-28T11:52:38","slug":"avance-informativo-28-05-2025","status":"publish","type":"post","link":"https:\/\/www.rri.ro\/es\/actualidad\/noticias\/avance-informativo-28-05-2025-id892898.html","title":{"rendered":"Avance informativo, 28.05.2025"},"content":{"rendered":"<p>Titulares:<\/p>\n<p><strong><span style=\"font-family: arial, helvetica, sans-serif;\">-El presidente pro occidental de Ruman\u00eda, Nicu\u015for Dan, ha convocado a los partidos parlamentarios a consultas informales para formar el futuro gobierno.<\/span><\/strong><\/p>\n<p><strong><span style=\"font-family: arial, helvetica, sans-serif;\">&#8211; Comienza en Bucarest la 18\u00aa edici\u00f3n de la Feria Internacional del Libro \u00abBookfest\u00bb, organizada por la Asociaci\u00f3n de Editores Rumanos.<\/span><\/strong><\/p>\n<p><strong><span style=\"font-family: arial, helvetica, sans-serif;\">&#8211; Las lluvias torrenciales que han azotado Ruman\u00eda recientemente han causado grandes da\u00f1os.<\/span><\/strong><br \/>\n<strong><span style=\"font-family: arial, helvetica, sans-serif;\">&#8211; 18 grados al mediod\u00eda en Bucarest.<\/span><\/strong><\/p>\n<p>&nbsp;<\/p>\n<p><strong>Consultas \u2013<\/strong> El nuevo presidente de Ruman\u00eda, Nicu\u015for Dan, ha celebrado hoy mi\u00e9rcoles, una primera ronda de consultas informales con representantes de los partidos parlamentarios para la formaci\u00f3n de un futuro gobierno, declarado pro europeo. Los representantes del Partido Socialdem\u00f3crata (PSD), el mayor grupo parlamentario, a\u00fan no han decidido si formar\u00e1n parte del Gobierno y afirman que es importante proteger los ingresos y el poder adquisitivo de la poblaci\u00f3n, ya que si los ciudadanos tienen graves problemas econ\u00f3micos, no se puede hablar de un pa\u00eds pr\u00f3spero. El Partido Nacional Liberal (PNL) apoya a su l\u00edder, Ilie Bolojan, para el cargo de primer ministro. Lo mismo hace la Uni\u00f3n para Salvar Ruman\u00eda (USR), cuyo presidente interino, Dominic Fritz, dice que las reformas anunciadas por el presidente Dan deben implementarse. La Uni\u00f3n Democr\u00e1tica de H\u00fangaros \u00c9tnicos en Ruman\u00eda (UDMR) tiene un mandato abierto sobre las medidas que deben adoptarse, as\u00ed como sobre la f\u00f3rmula de gobierno, declar\u00f3 el presidente del partido, Kelemen Hunor. En la oposici\u00f3n, los representantes de la Alianza para la Uni\u00f3n de Rumanos (AUR) y S.O.S. Ruman\u00eda anunciaron que no participar\u00eda en los debates, pero el Partido de los J\u00f3venes (POT) confirm\u00f3 su presencia en las consultas.<\/p>\n<p>&nbsp;<\/p>\n<p><strong>Inundaciones<\/strong> \u2013 Las tormentas y lluvias torrenciales de los \u00faltimos d\u00edas han causado problemas en varias zonas de Ruman\u00eda: patios se inundaron, \u00e1rboles cayeron, una v\u00eda f\u00e9rrea se vio afectada, un campo y un puente se derrumbaron, y algunas aldeas quedaron aisladas. En algunas localidades del distrito de Boto\u015fani (noreste), la poblaci\u00f3n pudo ser evacuada. La Salina de Praid (centro), una de las atracciones tur\u00edsticas m\u00e1s importantes de Ruman\u00eda, se encuentra temporalmente cerrada debido a una infiltraci\u00f3n masiva de agua. Esta situaci\u00f3n provoc\u00f3 el cese inmediato de todas las actividades, tanto productivas como tur\u00edsticas. La Mina de Sal de Praid recibe la visita anual de cientos de miles de turistas. En las salas ubicadas a 120 metros bajo tierra se han habilitado parques infantiles, \u00e1reas recreativas, una capilla ecum\u00e9nica y una sala de cine. Gracias a su microclima beneficioso, es recomendable tanto para personas sanas como enfermas para la regeneraci\u00f3n del cuerpo. El ministro de Medio Ambiente, Mircea Fechet, ha declarado que la situaci\u00f3n es preocupante y que es posible que mayo sea uno de los meses m\u00e1s lluviosos de la historia.<\/p>\n<p>&nbsp;<\/p>\n<p><strong>Bookfest<\/strong> \u2013 La 18.\u00aa edici\u00f3n de la Feria Internacional del Libro Bookfest, organizada por la Asociaci\u00f3n Rumana de Editores, se celebra hoy mi\u00e9rcoles en Bucarest. 155 expositores y 150 editoriales de Ruman\u00eda y Portugal (el pa\u00eds invitado de honor de este a\u00f1o) esperan a los amantes de la lectura en aproximadamente 450 eventos hasta el domingo. Los cinco d\u00edas de la feria no solo ofrecen eventos, sino tambi\u00e9n promociones, descuentos, atractivas ofertas personalizadas para una serie de t\u00edtulos y muchas sorpresas. La Editorial Casa Radio, de la Sociedad Rumana de Radiodifusi\u00f3n, tambi\u00e9n est\u00e1 presente en Bookfest, participando con m\u00e1s de 150 t\u00edtulos, especialmente audio libros y \u00e1lbumes de m\u00fasica.<\/p>\n<p>&nbsp;<\/p>\n<p><strong>Ucranianos<\/strong> \u2013 Dos ciudadanos ucranianos que cruzaron ilegalmente la frontera con Ruman\u00eda en condiciones clim\u00e1ticas adversas fueron rescatados de las monta\u00f1as de Maramure\u015f (norte) la noche del martes al mi\u00e9rcoles, inform\u00f3 el director del Servicio P\u00fablico de Rescate de Monta\u00f1a de Maramure\u015f, Dan Benga. Ambos fueron puestos a disposici\u00f3n de las autoridades competentes para llevar a cabo los procedimientos necesarios en tales situaciones. M\u00e1s de 49.000 personas fueron detenidas en la Ucrania invadida por Rusia por intentar huir del pa\u00eds cruzando ilegalmente la frontera tras la imposici\u00f3n de la ley marcial en 2022, anunci\u00f3 la semana pasada el servicio de guardia fronteriza ucraniano, citado por agencias de prensa internacionales. Los hombres ucranianos de entre 18 y 60 a\u00f1os tienen prohibido salir del pa\u00eds, salvo algunas excepciones, y quienes intentan escapar de la movilizaci\u00f3n militar cruzan la frontera ilegalmente, a veces poniendo en riesgo su vida. La mayor\u00eda atraviesan la regi\u00f3n de Transcarpatia (oeste), cubierta de monta\u00f1as y bosques, situada en la frontera con Ruman\u00eda y Hungr\u00eda. En territorio rumano, decenas de personas han fallecido a causa de heridas, agotamiento o condiciones clim\u00e1ticas adversas. A cambio, cientos de personas han sobrevivido gracias a los rescatistas de monta\u00f1a.<\/p>\n","protected":false},"excerpt":{"rendered":"<p>Titulares: -El presidente pro occidental de Ruman\u00eda, Nicu\u015for Dan, ha convocado a los partidos parlamentarios a consultas informales para formar el futuro gobierno. &#8211; Comienza en Bucarest la 18\u00aa edici\u00f3n de la Feria Internacional del Libro \u00abBookfest\u00bb, organizada por la Asociaci\u00f3n de Editores Rumanos. &#8211; Las lluvias torrenciales que han azotado Ruman\u00eda recientemente han causado [&hellip;]<\/p>\n","protected":false},"author":113,"featured_media":723423,"comment_status":"closed","ping_status":"closed","sticky":false,"template":"","format":"standard","meta":{"_acf_changed":false,"footnotes":""},"categories":[49382],"tags":[170856,170852,154807,170853,170854,48978,170857,170847,170850,160119,159416,146680,170851,170855,49395,148851,157475,166535,112610,146555,159421,164627,170849,170848,48949,134235,170858,151557,48962],"coauthors":[116091],"class_list":["post-892898","post","type-post","status-publish","format-standard","has-post-thumbnail","hentry","category-noticias","tag-18-grados","tag-18a-edicion-de-la-feria-internacional-del-libro-bookfest","tag-alertas","tag-asociacion-de-editores-rumanos","tag-azotado","tag-bucarest","tag-cerrada","tag-ciudadanos-ucranianos","tag-consultas-informales","tag-convocado","tag-formar","tag-frontera","tag-futuro-gobierno","tag-grandes-danos","tag-guerra","tag-inundaciones","tag-lluvias-torrenciales","tag-mediodia","tag-montanas","tag-nicusor-dan-es","tag-organizada","tag-partidos-parlamentarios","tag-presidente-pro-occidental-de-rumania","tag-rescate","tag-rumania","tag-rusia-es","tag-salina-praid-es","tag-transcarpatia-es","tag-ucrania"],"acf":[],"yoast_head":"<!-- This site is optimized with the Yoast SEO plugin v27.3 - https:\/\/yoast.com\/product\/yoast-seo-wordpress\/ -->\n<title>Avance informativo, 28.05.2025 - Radio Ruman\u00eda Internacional<\/title>\n<meta name=\"robots\" content=\"index, follow, max-snippet:-1, max-image-preview:large, max-video-preview:-1\" \/>\n<link rel=\"canonical\" href=\"https:\/\/www.rri.ro\/es\/actualidad\/noticias\/avance-informativo-28-05-2025-id892898.html\" \/>\n<meta property=\"og:locale\" content=\"es_ES\" \/>\n<meta property=\"og:type\" content=\"article\" \/>\n<meta property=\"og:title\" content=\"Avance informativo, 28.05.2025 - Radio Ruman\u00eda Internacional\" \/>\n<meta property=\"og:description\" content=\"Titulares: -El presidente pro occidental de Ruman\u00eda, Nicu\u015for Dan, ha convocado a los partidos parlamentarios a consultas informales para formar el futuro gobierno. &#8211; Comienza en Bucarest la 18\u00aa edici\u00f3n de la Feria Internacional del Libro \u00abBookfest\u00bb, organizada por la Asociaci\u00f3n de Editores Rumanos. &#8211; Las lluvias torrenciales que han azotado Ruman\u00eda recientemente han causado [&hellip;]\" \/>\n<meta property=\"og:url\" content=\"https:\/\/www.rri.ro\/es\/actualidad\/noticias\/avance-informativo-28-05-2025-id892898.html\" \/>\n<meta property=\"og:site_name\" content=\"Radio Ruman\u00eda Internacional\" \/>\n<meta property=\"article:published_time\" content=\"2025-05-28T11:52:38+00:00\" \/>\n<meta property=\"og:image\" content=\"https:\/\/www.rri.ro\/wp-content\/uploads\/2024\/03\/RRI-960x540-Noticias-2-NOU.jpg\" \/>\n\t<meta property=\"og:image:width\" content=\"960\" \/>\n\t<meta property=\"og:image:height\" content=\"540\" \/>\n\t<meta property=\"og:image:type\" content=\"image\/jpeg\" \/>\n<meta name=\"author\" content=\"Newsroom\" \/>\n<meta name=\"twitter:card\" content=\"summary_large_image\" \/>\n<meta name=\"twitter:label1\" content=\"Escrito por\" \/>\n\t<meta name=\"twitter:data1\" content=\"Newsroom\" \/>\n\t<meta name=\"twitter:label2\" content=\"Tiempo de lectura\" \/>\n\t<meta name=\"twitter:data2\" content=\"4 minutos\" \/>\n\t<meta name=\"twitter:label3\" content=\"Written by\" \/>\n\t<meta name=\"twitter:data3\" content=\"Newsroom\" \/>\n<script type=\"application\/ld+json\" class=\"yoast-schema-graph\">{\"@context\":\"https:\\\/\\\/schema.org\",\"@graph\":[{\"@type\":\"Article\",\"@id\":\"https:\\\/\\\/www.rri.ro\\\/es\\\/actualidad\\\/noticias\\\/avance-informativo-28-05-2025-id892898.html#article\",\"isPartOf\":{\"@id\":\"https:\\\/\\\/www.rri.ro\\\/es\\\/actualidad\\\/noticias\\\/avance-informativo-28-05-2025-id892898.html\"},\"author\":{\"name\":\"Newsroom\",\"@id\":\"https:\\\/\\\/www.rri.ro\\\/#\\\/schema\\\/person\\\/4a479940371b9fdefd194f561e8a7f88\"},\"headline\":\"Avance informativo, 28.05.2025\",\"datePublished\":\"2025-05-28T11:52:38+00:00\",\"mainEntityOfPage\":{\"@id\":\"https:\\\/\\\/www.rri.ro\\\/es\\\/actualidad\\\/noticias\\\/avance-informativo-28-05-2025-id892898.html\"},\"wordCount\":822,\"image\":{\"@id\":\"https:\\\/\\\/www.rri.ro\\\/es\\\/actualidad\\\/noticias\\\/avance-informativo-28-05-2025-id892898.html#primaryimage\"},\"thumbnailUrl\":\"https:\\\/\\\/www.rri.ro\\\/wp-content\\\/uploads\\\/2024\\\/03\\\/RRI-960x540-Noticias-2-NOU.jpg\",\"keywords\":[\"18 grados\",\"18\u00aa edici\u00f3n de la Feria Internacional del Libro \\\"Bookfest\\\"\",\"alertas\",\"Asociaci\u00f3n de Editores Rumanos\",\"azotado\",\"Bucarest\",\"cerrada\",\"ciudadanos ucranianos\",\"consultas informales\",\"convocado\",\"formar\",\"frontera\",\"futuro gobierno\",\"grandes da\u00f1os\",\"guerra\",\"inundaciones.\",\"lluvias torrenciales\",\"mediod\u00eda\",\"monta\u00f1as\",\"Nicusor Dan\",\"organizada\",\"partidos parlamentarios\",\"presidente pro occidental de Ruman\u00eda\",\"rescate\",\"Rumania\",\"Rusia\",\"salina Praid\",\"Transcarpatia\",\"Ucrania\"],\"articleSection\":[\"Noticias\"],\"inLanguage\":\"es\"},{\"@type\":\"WebPage\",\"@id\":\"https:\\\/\\\/www.rri.ro\\\/es\\\/actualidad\\\/noticias\\\/avance-informativo-28-05-2025-id892898.html\",\"url\":\"https:\\\/\\\/www.rri.ro\\\/es\\\/actualidad\\\/noticias\\\/avance-informativo-28-05-2025-id892898.html\",\"name\":\"Avance informativo, 28.05.2025 - Radio Ruman\u00eda Internacional\",\"isPartOf\":{\"@id\":\"https:\\\/\\\/www.rri.ro\\\/#website\"},\"primaryImageOfPage\":{\"@id\":\"https:\\\/\\\/www.rri.ro\\\/es\\\/actualidad\\\/noticias\\\/avance-informativo-28-05-2025-id892898.html#primaryimage\"},\"image\":{\"@id\":\"https:\\\/\\\/www.rri.ro\\\/es\\\/actualidad\\\/noticias\\\/avance-informativo-28-05-2025-id892898.html#primaryimage\"},\"thumbnailUrl\":\"https:\\\/\\\/www.rri.ro\\\/wp-content\\\/uploads\\\/2024\\\/03\\\/RRI-960x540-Noticias-2-NOU.jpg\",\"datePublished\":\"2025-05-28T11:52:38+00:00\",\"author\":{\"@id\":\"https:\\\/\\\/www.rri.ro\\\/#\\\/schema\\\/person\\\/4a479940371b9fdefd194f561e8a7f88\"},\"breadcrumb\":{\"@id\":\"https:\\\/\\\/www.rri.ro\\\/es\\\/actualidad\\\/noticias\\\/avance-informativo-28-05-2025-id892898.html#breadcrumb\"},\"inLanguage\":\"es\",\"potentialAction\":[{\"@type\":\"ReadAction\",\"target\":[\"https:\\\/\\\/www.rri.ro\\\/es\\\/actualidad\\\/noticias\\\/avance-informativo-28-05-2025-id892898.html\"]}]},{\"@type\":\"ImageObject\",\"inLanguage\":\"es\",\"@id\":\"https:\\\/\\\/www.rri.ro\\\/es\\\/actualidad\\\/noticias\\\/avance-informativo-28-05-2025-id892898.html#primaryimage\",\"url\":\"https:\\\/\\\/www.rri.ro\\\/wp-content\\\/uploads\\\/2024\\\/03\\\/RRI-960x540-Noticias-2-NOU.jpg\",\"contentUrl\":\"https:\\\/\\\/www.rri.ro\\\/wp-content\\\/uploads\\\/2024\\\/03\\\/RRI-960x540-Noticias-2-NOU.jpg\",\"width\":960,\"height\":540,\"caption\":\"RRI 960x540 Noticias 2-NOU\"},{\"@type\":\"BreadcrumbList\",\"@id\":\"https:\\\/\\\/www.rri.ro\\\/es\\\/actualidad\\\/noticias\\\/avance-informativo-28-05-2025-id892898.html#breadcrumb\",\"itemListElement\":[{\"@type\":\"ListItem\",\"position\":1,\"name\":\"P\u00e1gina de inicio\",\"item\":\"https:\\\/\\\/www.rri.ro\\\/es\"},{\"@type\":\"ListItem\",\"position\":2,\"name\":\"Actualidad\",\"item\":\"https:\\\/\\\/www.rri.ro\\\/es\\\/actualidad\"},{\"@type\":\"ListItem\",\"position\":3,\"name\":\"Noticias\",\"item\":\"https:\\\/\\\/www.rri.ro\\\/es\\\/actualidad\\\/noticias\"},{\"@type\":\"ListItem\",\"position\":4,\"name\":\"Avance informativo, 28.05.2025\"}]},{\"@type\":\"WebSite\",\"@id\":\"https:\\\/\\\/www.rri.ro\\\/#website\",\"url\":\"https:\\\/\\\/www.rri.ro\\\/\",\"name\":\"Radio Ruman\u00eda Internacional\",\"description\":\"Totul despre Rom\u00e2nia \u015fi rom\u00e2ni, \u00een 13 limbi\\\/dialecte!\",\"inLanguage\":\"es\"},{\"@type\":\"Person\",\"@id\":\"https:\\\/\\\/www.rri.ro\\\/#\\\/schema\\\/person\\\/4a479940371b9fdefd194f561e8a7f88\",\"name\":\"Newsroom\",\"url\":\"https:\\\/\\\/www.rri.ro\\\/es\\\/author\\\/newsroom\"}]}<\/script>\n<!-- \/ Yoast SEO plugin. -->","yoast_head_json":{"title":"Avance informativo, 28.05.2025 - Radio Ruman\u00eda Internacional","robots":{"index":"index","follow":"follow","max-snippet":"max-snippet:-1","max-image-preview":"max-image-preview:large","max-video-preview":"max-video-preview:-1"},"canonical":"https:\/\/www.rri.ro\/es\/actualidad\/noticias\/avance-informativo-28-05-2025-id892898.html","og_locale":"es_ES","og_type":"article","og_title":"Avance informativo, 28.05.2025 - Radio Ruman\u00eda Internacional","og_description":"Titulares: -El presidente pro occidental de Ruman\u00eda, Nicu\u015for Dan, ha convocado a los partidos parlamentarios a consultas informales para formar el futuro gobierno. &#8211; Comienza en Bucarest la 18\u00aa edici\u00f3n de la Feria Internacional del Libro \u00abBookfest\u00bb, organizada por la Asociaci\u00f3n de Editores Rumanos. &#8211; Las lluvias torrenciales que han azotado Ruman\u00eda recientemente han causado [&hellip;]","og_url":"https:\/\/www.rri.ro\/es\/actualidad\/noticias\/avance-informativo-28-05-2025-id892898.html","og_site_name":"Radio Ruman\u00eda Internacional","article_published_time":"2025-05-28T11:52:38+00:00","og_image":[{"width":960,"height":540,"url":"https:\/\/www.rri.ro\/wp-content\/uploads\/2024\/03\/RRI-960x540-Noticias-2-NOU.jpg","type":"image\/jpeg"}],"author":"Newsroom","twitter_card":"summary_large_image","twitter_misc":{"Escrito por":"Newsroom","Tiempo de lectura":"4 minutos","Written by":"Newsroom"},"schema":{"@context":"https:\/\/schema.org","@graph":[{"@type":"Article","@id":"https:\/\/www.rri.ro\/es\/actualidad\/noticias\/avance-informativo-28-05-2025-id892898.html#article","isPartOf":{"@id":"https:\/\/www.rri.ro\/es\/actualidad\/noticias\/avance-informativo-28-05-2025-id892898.html"},"author":{"name":"Newsroom","@id":"https:\/\/www.rri.ro\/#\/schema\/person\/4a479940371b9fdefd194f561e8a7f88"},"headline":"Avance informativo, 28.05.2025","datePublished":"2025-05-28T11:52:38+00:00","mainEntityOfPage":{"@id":"https:\/\/www.rri.ro\/es\/actualidad\/noticias\/avance-informativo-28-05-2025-id892898.html"},"wordCount":822,"image":{"@id":"https:\/\/www.rri.ro\/es\/actualidad\/noticias\/avance-informativo-28-05-2025-id892898.html#primaryimage"},"thumbnailUrl":"https:\/\/www.rri.ro\/wp-content\/uploads\/2024\/03\/RRI-960x540-Noticias-2-NOU.jpg","keywords":["18 grados","18\u00aa edici\u00f3n de la Feria Internacional del Libro \"Bookfest\"","alertas","Asociaci\u00f3n de Editores Rumanos","azotado","Bucarest","cerrada","ciudadanos ucranianos","consultas informales","convocado","formar","frontera","futuro gobierno","grandes da\u00f1os","guerra","inundaciones.","lluvias torrenciales","mediod\u00eda","monta\u00f1as","Nicusor Dan","organizada","partidos parlamentarios","presidente pro occidental de Ruman\u00eda","rescate","Rumania","Rusia","salina Praid","Transcarpatia","Ucrania"],"articleSection":["Noticias"],"inLanguage":"es"},{"@type":"WebPage","@id":"https:\/\/www.rri.ro\/es\/actualidad\/noticias\/avance-informativo-28-05-2025-id892898.html","url":"https:\/\/www.rri.ro\/es\/actualidad\/noticias\/avance-informativo-28-05-2025-id892898.html","name":"Avance informativo, 28.05.2025 - Radio Ruman\u00eda Internacional","isPartOf":{"@id":"https:\/\/www.rri.ro\/#website"},"primaryImageOfPage":{"@id":"https:\/\/www.rri.ro\/es\/actualidad\/noticias\/avance-informativo-28-05-2025-id892898.html#primaryimage"},"image":{"@id":"https:\/\/www.rri.ro\/es\/actualidad\/noticias\/avance-informativo-28-05-2025-id892898.html#primaryimage"},"thumbnailUrl":"https:\/\/www.rri.ro\/wp-content\/uploads\/2024\/03\/RRI-960x540-Noticias-2-NOU.jpg","datePublished":"2025-05-28T11:52:38+00:00","author":{"@id":"https:\/\/www.rri.ro\/#\/schema\/person\/4a479940371b9fdefd194f561e8a7f88"},"breadcrumb":{"@id":"https:\/\/www.rri.ro\/es\/actualidad\/noticias\/avance-informativo-28-05-2025-id892898.html#breadcrumb"},"inLanguage":"es","potentialAction":[{"@type":"ReadAction","target":["https:\/\/www.rri.ro\/es\/actualidad\/noticias\/avance-informativo-28-05-2025-id892898.html"]}]},{"@type":"ImageObject","inLanguage":"es","@id":"https:\/\/www.rri.ro\/es\/actualidad\/noticias\/avance-informativo-28-05-2025-id892898.html#primaryimage","url":"https:\/\/www.rri.ro\/wp-content\/uploads\/2024\/03\/RRI-960x540-Noticias-2-NOU.jpg","contentUrl":"https:\/\/www.rri.ro\/wp-content\/uploads\/2024\/03\/RRI-960x540-Noticias-2-NOU.jpg","width":960,"height":540,"caption":"RRI 960x540 Noticias 2-NOU"},{"@type":"BreadcrumbList","@id":"https:\/\/www.rri.ro\/es\/actualidad\/noticias\/avance-informativo-28-05-2025-id892898.html#breadcrumb","itemListElement":[{"@type":"ListItem","position":1,"name":"P\u00e1gina de inicio","item":"https:\/\/www.rri.ro\/es"},{"@type":"ListItem","position":2,"name":"Actualidad","item":"https:\/\/www.rri.ro\/es\/actualidad"},{"@type":"ListItem","position":3,"name":"Noticias","item":"https:\/\/www.rri.ro\/es\/actualidad\/noticias"},{"@type":"ListItem","position":4,"name":"Avance informativo, 28.05.2025"}]},{"@type":"WebSite","@id":"https:\/\/www.rri.ro\/#website","url":"https:\/\/www.rri.ro\/","name":"Radio Ruman\u00eda Internacional","description":"Totul despre Rom\u00e2nia \u015fi rom\u00e2ni, \u00een 13 limbi\/dialecte!","inLanguage":"es"},{"@type":"Person","@id":"https:\/\/www.rri.ro\/#\/schema\/person\/4a479940371b9fdefd194f561e8a7f88","name":"Newsroom","url":"https:\/\/www.rri.ro\/es\/author\/newsroom"}]}},"_links":{"self":[{"href":"https:\/\/www.rri.ro\/es\/wp-json\/wp\/v2\/posts\/892898","targetHints":{"allow":["GET"]}}],"collection":[{"href":"https:\/\/www.rri.ro\/es\/wp-json\/wp\/v2\/posts"}],"about":[{"href":"https:\/\/www.rri.ro\/es\/wp-json\/wp\/v2\/types\/post"}],"author":[{"embeddable":true,"href":"https:\/\/www.rri.ro\/es\/wp-json\/wp\/v2\/users\/113"}],"replies":[{"embeddable":true,"href":"https:\/\/www.rri.ro\/es\/wp-json\/wp\/v2\/comments?post=892898"}],"version-history":[{"count":0,"href":"https:\/\/www.rri.ro\/es\/wp-json\/wp\/v2\/posts\/892898\/revisions"}],"wp:featuredmedia":[{"embeddable":true,"href":"https:\/\/www.rri.ro\/es\/wp-json\/wp\/v2\/media\/723423"}],"wp:attachment":[{"href":"https:\/\/www.rri.ro\/es\/wp-json\/wp\/v2\/media?parent=892898"}],"wp:term":[{"taxonomy":"category","embeddable":true,"href":"https:\/\/www.rri.ro\/es\/wp-json\/wp\/v2\/categories?post=892898"},{"taxonomy":"post_tag","embeddable":true,"href":"https:\/\/www.rri.ro\/es\/wp-json\/wp\/v2\/tags?post=892898"},{"taxonomy":"author","embeddable":true,"href":"https:\/\/www.rri.ro\/es\/wp-json\/wp\/v2\/coauthors?post=892898"}],"curies":[{"name":"wp","href":"https:\/\/api.w.org\/{rel}","templated":true}]}}