{"id":893294,"date":"2025-05-29T13:50:55","date_gmt":"2025-05-29T10:50:55","guid":{"rendered":"https:\/\/www.rri.ro\/?p=893294"},"modified":"2025-05-29T13:50:55","modified_gmt":"2025-05-29T10:50:55","slug":"deportes-rumania-vuelve-a-la-cima-del-tenis-de-mesa-mundial","status":"publish","type":"post","link":"https:\/\/www.rri.ro\/es\/cronica-semanal\/deporte\/deportes-rumania-vuelve-a-la-cima-del-tenis-de-mesa-mundial-id893294.html","title":{"rendered":"Deportes: Ruman\u00eda vuelve a la cima del tenis de mesa mundial."},"content":{"rendered":"<p>En el Campeonato Mundial de Tenis de Mesa de Doha, Bernadette Szocs gan\u00f3 la medalla de plata en dobles femeninos, junto a su amiga Sofia Polcanova, jugadora procedente de la Rep\u00fablica de Moldavia, pero quien representa a Austria.<\/p>\n<p>Ya medallistas de plata en el Europeo, las dos favoritas n\u00famero 10 en Doha se enfrentaron a fuertes oponentes en la final: la pareja que no cedi\u00f3 ni un solo set en este Campeonato Mundial, Wang Manyu\/Kuai Man (China, cabeza de serie n\u00famero 2). Las europeas intentaron encontrar soluciones para el juego asi\u00e1tico, pero fue dif\u00edcil y perdieron el partido, con un marcador de 0-3 (6-11, 6-11, 5-11).<\/p>\n<p>Para Bernadette Szocs, la plata en Doha representa la primera medalla mundial s\u00e9nior de su carrera.<br \/>\nBernadette Szocs regres\u00f3 a Ruman\u00eda el lunes 26 de mayo y fue recibida en el Aeropuerto de Otopeni por funcionarios de su club Steaua, as\u00ed como por representantes de la Federaci\u00f3n Rumana de Tenis de Mesa.<br \/>\nRuman\u00eda gan\u00f3 una valiosa medalla de plata en la edici\u00f3n de este a\u00f1o del Campeonato Mundial de Tenis de Mesa, celebrado en Doha.<\/p>\n<p>El equipo subcampe\u00f3n europeo, formado por la rumana Bernadette Szocs y la austriaca Sofia Polcanova, se alz\u00f3 con la medalla de plata, tras perder en la final contra las segundas favoritas chinas, Wang Manyu\/Kuai Man, por 6-11, 6-11 y 5-11.<\/p>\n<p>Al llegar al pa\u00eds, Bernie tambi\u00e9n hizo sus primeras declaraciones. Esta medalla representa la primera distinci\u00f3n mundial s\u00e9nior en la carrera de nuestra atleta: \u00abLa medalla por la que trabaj\u00e9 duro y anhelaba ha llegado.<\/p>\n<p>Bernadette Szocs es la primera jugadora rumana con una medalla mundial en dobles femeninos despu\u00e9s de 50 a\u00f1os. Maria Alexandru, junto con Shoko Takahashi, gan\u00f3 el t\u00edtulo mundial en 1975.<\/p>\n<p>El resultado es a\u00fan m\u00e1s valioso, ya que Bernadette y Sofia son las primeras jugadoras europeas en disputar la final mundial de dobles femeninos, despu\u00e9s de 1977.<br \/>\nOtilia B\u0103descu fue la \u00faltima jugadora rumana en ganar una medalla en el Campeonato Mundial Individual, tras ganar el bronce en 1993.<\/p>\n<p><iframe loading=\"lazy\" src=\"https:\/\/w.soundcloud.com\/player\/?url=https%3A\/\/api.soundcloud.com\/tracks\/2104213839&amp;color=%23ff5500&amp;auto_play=false&amp;hide_related=false&amp;show_comments=true&amp;show_user=true&amp;show_reposts=false&amp;show_teaser=true&amp;visual=true\" width=\"100%\" height=\"300\" frameborder=\"no\" scrolling=\"no\"><\/iframe><\/p>\n<div style=\"font-size: 10px; color: #cccccc; line-break: anywhere; word-break: normal; overflow: hidden; white-space: nowrap; text-overflow: ellipsis; font-family: Interstate,Lucida Grande,Lucida Sans Unicode,Lucida Sans,Garuda,Verdana,Tahoma,sans-serif; font-weight: 100;\"><a style=\"color: #cccccc; text-decoration: none;\" title=\"RadioRomaniaInternational\" href=\"https:\/\/soundcloud.com\/radioromaniainternational\" target=\"_blank\" rel=\"noopener\">RadioRomaniaInternational<\/a> \u00b7 <a style=\"color: #cccccc; text-decoration: none;\" title=\"SPORT SPANIOALA 28.05.2025\" href=\"https:\/\/soundcloud.com\/radioromaniainternational\/sport-spanioala-28-05-2025\" target=\"_blank\" rel=\"noopener\">SPORT SPANIOALA 28.05.2025<\/a><\/div>\n<p>\u00abLa tan ansiada medalla ha llegado. No estoy del todo satisfecha; quiero jugar en igualdad de condiciones con las atletas chinas, as\u00ed que a\u00fan tengo mucho trabajo por delante. En aquel momento, no me di cuenta de que estaba en una final de un Campeonato Mundial, pero cada d\u00eda me doy cuenta de lo importante que es esta medalla, la m\u00e1s importante de mi carrera\u00bb.<\/p>\n<p>\u00abHice historia y estoy orgullosa. Subir al podio fue una sensaci\u00f3n especial y espero volver a sentirla\u00bb, declar\u00f3 Bernadette Szocs, miembro de la selecci\u00f3n nacional femenina y atleta del CSA Steaua Bucarest, seg\u00fan informa la p\u00e1gina de Facebook de la Federaci\u00f3n Rumana de Tenis de Mesa.<\/p>\n<p>Ruman\u00eda no ha ganado una medalla en el Campeonato Mundial desde 2019, cuando Ovidiu Ionescu y el espa\u00f1ol \u00c1lvaro Robles se alzaron con la plata en dobles masculinos. En la prueba femenina, es la primera medalla que Ruman\u00eda gana en el Campeonato Mundial individual tras 32 a\u00f1os de ausencia.<\/p>\n<p>Bernadette Sz\u0151cs, conocida como Bernie, naci\u00f3 el 5 de marzo de 1995 en T\u00e2rgu Mure\u0219, ciudad en el centro de Ruman\u00eda. Empez\u00f3 a practicar deporte a los 8 a\u00f1os. Sus resultados en las competiciones juveniles llegaron pronto. Bernadette gan\u00f3 varias medallas en competiciones europeas y mundiales, subiendo r\u00e1pidamente en el ranking internacional. En 2016, en el Campeonato Europeo de Budapest, obtuvo el tercer puesto en dobles mixtos, junto a Ovidiu Ionescu.<\/p>\n<p>Un a\u00f1o despu\u00e9s, en el Campeonato Continental de Luxemburgo, gan\u00f3 su primer t\u00edtulo europeo con la selecci\u00f3n rumana. En 2018, en Montreux, Suiza, gan\u00f3 el torneo Top 16 de Europa, una competici\u00f3n reservada a las mejores jugadoras del continente. Un a\u00f1o despu\u00e9s, en Nantes, Francia, volvi\u00f3 a proclamarse campeona de Europa con la selecci\u00f3n rumana.<\/p>\n<p>En M\u00fanich 2022, gan\u00f3 el t\u00edtulo europeo de dobles femeninos junto a Sofia Polcanova y fue medallista de plata en dobles mixtos junto a Ovidiu Ionescu. En los Juegos Ol\u00edmpicos de Par\u00eds del a\u00f1o pasado, en individuales, Polcanova la derrot\u00f3 en octavos de final. En dobles mixtos, qued\u00f3 en quinto lugar junto a Ovidiu Ionescu.<\/p>\n","protected":false},"excerpt":{"rendered":"<p>En el Campeonato Mundial de Tenis de Mesa de Doha, Bernadette Szocs gan\u00f3 la medalla de plata en dobles femeninos, junto a su amiga Sofia Polcanova, jugadora procedente de la Rep\u00fablica de Moldavia, pero quien representa a Austria. Ya medallistas de plata en el Europeo, las dos favoritas n\u00famero 10 en Doha se enfrentaron a [&hellip;]<\/p>\n","protected":false},"author":38,"featured_media":892318,"comment_status":"closed","ping_status":"closed","sticky":false,"template":"","format":"standard","meta":{"_acf_changed":false,"footnotes":""},"categories":[112393],"tags":[170916,149013,170924,170927,170925,137082,157220,170926,49277,170923,147186,146270,157213,167207,170919,170917,169328,112350,152262,170929,170918,139544,170922,170928,152709,170921,170920,48949,170914,170930,133795,112721,170915],"coauthors":[132172],"class_list":["post-893294","post","type-post","status-publish","format-standard","has-post-thumbnail","hentry","category-deporte","tag-170916","tag-2024-es","tag-32-anos","tag-5-de-marzo-de-1995","tag-ausencia","tag-austria-es","tag-bernadette-szocs-es","tag-bernie","tag-campeonato-mundial","tag-campeonato-mundial-individual","tag-carrera","tag-catar","tag-copa-mundial","tag-dobles-femeninos","tag-dobles-masculinos","tag-espanol-alvaro-robles","tag-gana","tag-historia","tag-juegos-olimpicos-paris","tag-maria-alexandru-es","tag-medallas-plata","tag-moldavia-es","tag-otilia-badescu","tag-ovidiu-ionescu-es","tag-plata-es","tag-primera-medalla","tag-prueba-femenina","tag-rumania","tag-shoko-takahashi","tag-sofia-polcanova-es","tag-targu-mures-es","tag-tenis-de-mesa","tag-titulo-mundialdoha"],"acf":[],"yoast_head":"<!-- This site is optimized with the Yoast SEO plugin v27.5 - https:\/\/yoast.com\/product\/yoast-seo-wordpress\/ -->\n<title>Deportes: Ruman\u00eda vuelve a la cima del tenis de mesa mundial. - Radio Ruman\u00eda Internacional<\/title>\n<meta name=\"robots\" content=\"index, follow, max-snippet:-1, max-image-preview:large, max-video-preview:-1\" \/>\n<link rel=\"canonical\" href=\"https:\/\/www.rri.ro\/es\/cronica-semanal\/deporte\/deportes-rumania-vuelve-a-la-cima-del-tenis-de-mesa-mundial-id893294.html\" \/>\n<meta property=\"og:locale\" content=\"es_ES\" \/>\n<meta property=\"og:type\" content=\"article\" \/>\n<meta property=\"og:title\" content=\"Deportes: Ruman\u00eda vuelve a la cima del tenis de mesa mundial. - Radio Ruman\u00eda Internacional\" \/>\n<meta property=\"og:description\" content=\"En el Campeonato Mundial de Tenis de Mesa de Doha, Bernadette Szocs gan\u00f3 la medalla de plata en dobles femeninos, junto a su amiga Sofia Polcanova, jugadora procedente de la Rep\u00fablica de Moldavia, pero quien representa a Austria. Ya medallistas de plata en el Europeo, las dos favoritas n\u00famero 10 en Doha se enfrentaron a [&hellip;]\" \/>\n<meta property=\"og:url\" content=\"https:\/\/www.rri.ro\/es\/cronica-semanal\/deporte\/deportes-rumania-vuelve-a-la-cima-del-tenis-de-mesa-mundial-id893294.html\" \/>\n<meta property=\"og:site_name\" content=\"Radio Ruman\u00eda Internacional\" \/>\n<meta property=\"article:published_time\" content=\"2025-05-29T10:50:55+00:00\" \/>\n<meta property=\"og:image\" content=\"https:\/\/www.rri.ro\/wp-content\/uploads\/2025\/05\/Bernadette-Szocs-foto-facebook-frtmromania.jpg\" \/>\n\t<meta property=\"og:image:width\" content=\"1200\" \/>\n\t<meta property=\"og:image:height\" content=\"773\" \/>\n\t<meta property=\"og:image:type\" content=\"image\/jpeg\" \/>\n<meta name=\"author\" content=\"Simona Sarbescu\" \/>\n<meta name=\"twitter:card\" content=\"summary_large_image\" \/>\n<meta name=\"twitter:label1\" content=\"Escrito por\" \/>\n\t<meta name=\"twitter:data1\" content=\"Simona Sarbescu\" \/>\n\t<meta name=\"twitter:label2\" content=\"Tiempo de lectura\" \/>\n\t<meta name=\"twitter:data2\" content=\"4 minutos\" \/>\n\t<meta name=\"twitter:label3\" content=\"Written by\" \/>\n\t<meta name=\"twitter:data3\" content=\"Simona Sarbescu\" \/>\n<script type=\"application\/ld+json\" class=\"yoast-schema-graph\">{\"@context\":\"https:\\\/\\\/schema.org\",\"@graph\":[{\"@type\":\"Article\",\"@id\":\"https:\\\/\\\/www.rri.ro\\\/es\\\/cronica-semanal\\\/deporte\\\/deportes-rumania-vuelve-a-la-cima-del-tenis-de-mesa-mundial-id893294.html#article\",\"isPartOf\":{\"@id\":\"https:\\\/\\\/www.rri.ro\\\/es\\\/cronica-semanal\\\/deporte\\\/deportes-rumania-vuelve-a-la-cima-del-tenis-de-mesa-mundial-id893294.html\"},\"author\":{\"name\":\"Simona Sarbescu\",\"@id\":\"https:\\\/\\\/www.rri.ro\\\/#\\\/schema\\\/person\\\/1e5b68c542aa18216bc645b5072f1273\"},\"headline\":\"Deportes: Ruman\u00eda vuelve a la cima del tenis de mesa mundial.\",\"datePublished\":\"2025-05-29T10:50:55+00:00\",\"mainEntityOfPage\":{\"@id\":\"https:\\\/\\\/www.rri.ro\\\/es\\\/cronica-semanal\\\/deporte\\\/deportes-rumania-vuelve-a-la-cima-del-tenis-de-mesa-mundial-id893294.html\"},\"wordCount\":730,\"image\":{\"@id\":\"https:\\\/\\\/www.rri.ro\\\/es\\\/cronica-semanal\\\/deporte\\\/deportes-rumania-vuelve-a-la-cima-del-tenis-de-mesa-mundial-id893294.html#primaryimage\"},\"thumbnailUrl\":\"https:\\\/\\\/www.rri.ro\\\/wp-content\\\/uploads\\\/2025\\\/05\\\/Bernadette-Szocs-foto-facebook-frtmromania.jpg\",\"keywords\":[\"2019\",\"2024\",\"32 a\u00f1os\",\"5 de marzo de 1995\",\"ausencia\",\"Austria\",\"Bernadette Szocs\",\"Bernie\",\"Campeonato Mundial\",\"Campeonato Mundial individual\",\"carrera\",\"Catar\",\"Copa Mundial\",\"dobles femeninos\",\"dobles masculinos\",\"espa\u00f1ol \u00c1lvaro Robles\",\"gana\",\"Historia\",\"Juegos Ol\u00edmpicos Par\u00eds\",\"Maria Alexandru\",\"medallas plata\",\"Moldavia\",\"Otilia Badescu\",\"Ovidiu Ionescu\",\"plata\",\"primera medalla\",\"prueba femenina\",\"Rumania\",\"Shoko Takahashi\",\"Sofia Polcanova\",\"Targu Mures\",\"tenis de mesa\",\"t\u00edtulo mundialDoha\"],\"articleSection\":[\"Deporte\"],\"inLanguage\":\"es\"},{\"@type\":\"WebPage\",\"@id\":\"https:\\\/\\\/www.rri.ro\\\/es\\\/cronica-semanal\\\/deporte\\\/deportes-rumania-vuelve-a-la-cima-del-tenis-de-mesa-mundial-id893294.html\",\"url\":\"https:\\\/\\\/www.rri.ro\\\/es\\\/cronica-semanal\\\/deporte\\\/deportes-rumania-vuelve-a-la-cima-del-tenis-de-mesa-mundial-id893294.html\",\"name\":\"Deportes: Ruman\u00eda vuelve a la cima del tenis de mesa mundial. - Radio Ruman\u00eda Internacional\",\"isPartOf\":{\"@id\":\"https:\\\/\\\/www.rri.ro\\\/#website\"},\"primaryImageOfPage\":{\"@id\":\"https:\\\/\\\/www.rri.ro\\\/es\\\/cronica-semanal\\\/deporte\\\/deportes-rumania-vuelve-a-la-cima-del-tenis-de-mesa-mundial-id893294.html#primaryimage\"},\"image\":{\"@id\":\"https:\\\/\\\/www.rri.ro\\\/es\\\/cronica-semanal\\\/deporte\\\/deportes-rumania-vuelve-a-la-cima-del-tenis-de-mesa-mundial-id893294.html#primaryimage\"},\"thumbnailUrl\":\"https:\\\/\\\/www.rri.ro\\\/wp-content\\\/uploads\\\/2025\\\/05\\\/Bernadette-Szocs-foto-facebook-frtmromania.jpg\",\"datePublished\":\"2025-05-29T10:50:55+00:00\",\"author\":{\"@id\":\"https:\\\/\\\/www.rri.ro\\\/#\\\/schema\\\/person\\\/1e5b68c542aa18216bc645b5072f1273\"},\"breadcrumb\":{\"@id\":\"https:\\\/\\\/www.rri.ro\\\/es\\\/cronica-semanal\\\/deporte\\\/deportes-rumania-vuelve-a-la-cima-del-tenis-de-mesa-mundial-id893294.html#breadcrumb\"},\"inLanguage\":\"es\",\"potentialAction\":[{\"@type\":\"ReadAction\",\"target\":[\"https:\\\/\\\/www.rri.ro\\\/es\\\/cronica-semanal\\\/deporte\\\/deportes-rumania-vuelve-a-la-cima-del-tenis-de-mesa-mundial-id893294.html\"]}]},{\"@type\":\"ImageObject\",\"inLanguage\":\"es\",\"@id\":\"https:\\\/\\\/www.rri.ro\\\/es\\\/cronica-semanal\\\/deporte\\\/deportes-rumania-vuelve-a-la-cima-del-tenis-de-mesa-mundial-id893294.html#primaryimage\",\"url\":\"https:\\\/\\\/www.rri.ro\\\/wp-content\\\/uploads\\\/2025\\\/05\\\/Bernadette-Szocs-foto-facebook-frtmromania.jpg\",\"contentUrl\":\"https:\\\/\\\/www.rri.ro\\\/wp-content\\\/uploads\\\/2025\\\/05\\\/Bernadette-Szocs-foto-facebook-frtmromania.jpg\",\"width\":1200,\"height\":773,\"caption\":\"Foto: facebook.com\\\/frtmromania\"},{\"@type\":\"BreadcrumbList\",\"@id\":\"https:\\\/\\\/www.rri.ro\\\/es\\\/cronica-semanal\\\/deporte\\\/deportes-rumania-vuelve-a-la-cima-del-tenis-de-mesa-mundial-id893294.html#breadcrumb\",\"itemListElement\":[{\"@type\":\"ListItem\",\"position\":1,\"name\":\"P\u00e1gina de inicio\",\"item\":\"https:\\\/\\\/www.rri.ro\\\/es\"},{\"@type\":\"ListItem\",\"position\":2,\"name\":\"Cr\u00f3nica semanal\",\"item\":\"https:\\\/\\\/www.rri.ro\\\/es\\\/cronica-semanal\"},{\"@type\":\"ListItem\",\"position\":3,\"name\":\"Deporte\",\"item\":\"https:\\\/\\\/www.rri.ro\\\/es\\\/cronica-semanal\\\/deporte\"},{\"@type\":\"ListItem\",\"position\":4,\"name\":\"Deportes: Ruman\u00eda vuelve a la cima del tenis de mesa mundial.\"}]},{\"@type\":\"WebSite\",\"@id\":\"https:\\\/\\\/www.rri.ro\\\/#website\",\"url\":\"https:\\\/\\\/www.rri.ro\\\/\",\"name\":\"Radio Ruman\u00eda Internacional\",\"description\":\"Totul despre Rom\u00e2nia \u015fi rom\u00e2ni, \u00een 13 limbi\\\/dialecte!\",\"inLanguage\":\"es\"},{\"@type\":\"Person\",\"@id\":\"https:\\\/\\\/www.rri.ro\\\/#\\\/schema\\\/person\\\/1e5b68c542aa18216bc645b5072f1273\",\"name\":\"Simona Sarbescu\",\"url\":\"https:\\\/\\\/www.rri.ro\\\/es\\\/author\\\/simona-sarbescu\"}]}<\/script>\n<!-- \/ Yoast SEO plugin. -->","yoast_head_json":{"title":"Deportes: Ruman\u00eda vuelve a la cima del tenis de mesa mundial. - Radio Ruman\u00eda Internacional","robots":{"index":"index","follow":"follow","max-snippet":"max-snippet:-1","max-image-preview":"max-image-preview:large","max-video-preview":"max-video-preview:-1"},"canonical":"https:\/\/www.rri.ro\/es\/cronica-semanal\/deporte\/deportes-rumania-vuelve-a-la-cima-del-tenis-de-mesa-mundial-id893294.html","og_locale":"es_ES","og_type":"article","og_title":"Deportes: Ruman\u00eda vuelve a la cima del tenis de mesa mundial. - Radio Ruman\u00eda Internacional","og_description":"En el Campeonato Mundial de Tenis de Mesa de Doha, Bernadette Szocs gan\u00f3 la medalla de plata en dobles femeninos, junto a su amiga Sofia Polcanova, jugadora procedente de la Rep\u00fablica de Moldavia, pero quien representa a Austria. Ya medallistas de plata en el Europeo, las dos favoritas n\u00famero 10 en Doha se enfrentaron a [&hellip;]","og_url":"https:\/\/www.rri.ro\/es\/cronica-semanal\/deporte\/deportes-rumania-vuelve-a-la-cima-del-tenis-de-mesa-mundial-id893294.html","og_site_name":"Radio Ruman\u00eda Internacional","article_published_time":"2025-05-29T10:50:55+00:00","og_image":[{"width":1200,"height":773,"url":"https:\/\/www.rri.ro\/wp-content\/uploads\/2025\/05\/Bernadette-Szocs-foto-facebook-frtmromania.jpg","type":"image\/jpeg"}],"author":"Simona Sarbescu","twitter_card":"summary_large_image","twitter_misc":{"Escrito por":"Simona Sarbescu","Tiempo de lectura":"4 minutos","Written by":"Simona Sarbescu"},"schema":{"@context":"https:\/\/schema.org","@graph":[{"@type":"Article","@id":"https:\/\/www.rri.ro\/es\/cronica-semanal\/deporte\/deportes-rumania-vuelve-a-la-cima-del-tenis-de-mesa-mundial-id893294.html#article","isPartOf":{"@id":"https:\/\/www.rri.ro\/es\/cronica-semanal\/deporte\/deportes-rumania-vuelve-a-la-cima-del-tenis-de-mesa-mundial-id893294.html"},"author":{"name":"Simona Sarbescu","@id":"https:\/\/www.rri.ro\/#\/schema\/person\/1e5b68c542aa18216bc645b5072f1273"},"headline":"Deportes: Ruman\u00eda vuelve a la cima del tenis de mesa mundial.","datePublished":"2025-05-29T10:50:55+00:00","mainEntityOfPage":{"@id":"https:\/\/www.rri.ro\/es\/cronica-semanal\/deporte\/deportes-rumania-vuelve-a-la-cima-del-tenis-de-mesa-mundial-id893294.html"},"wordCount":730,"image":{"@id":"https:\/\/www.rri.ro\/es\/cronica-semanal\/deporte\/deportes-rumania-vuelve-a-la-cima-del-tenis-de-mesa-mundial-id893294.html#primaryimage"},"thumbnailUrl":"https:\/\/www.rri.ro\/wp-content\/uploads\/2025\/05\/Bernadette-Szocs-foto-facebook-frtmromania.jpg","keywords":["2019","2024","32 a\u00f1os","5 de marzo de 1995","ausencia","Austria","Bernadette Szocs","Bernie","Campeonato Mundial","Campeonato Mundial individual","carrera","Catar","Copa Mundial","dobles femeninos","dobles masculinos","espa\u00f1ol \u00c1lvaro Robles","gana","Historia","Juegos Ol\u00edmpicos Par\u00eds","Maria Alexandru","medallas plata","Moldavia","Otilia Badescu","Ovidiu Ionescu","plata","primera medalla","prueba femenina","Rumania","Shoko Takahashi","Sofia Polcanova","Targu Mures","tenis de mesa","t\u00edtulo mundialDoha"],"articleSection":["Deporte"],"inLanguage":"es"},{"@type":"WebPage","@id":"https:\/\/www.rri.ro\/es\/cronica-semanal\/deporte\/deportes-rumania-vuelve-a-la-cima-del-tenis-de-mesa-mundial-id893294.html","url":"https:\/\/www.rri.ro\/es\/cronica-semanal\/deporte\/deportes-rumania-vuelve-a-la-cima-del-tenis-de-mesa-mundial-id893294.html","name":"Deportes: Ruman\u00eda vuelve a la cima del tenis de mesa mundial. - Radio Ruman\u00eda Internacional","isPartOf":{"@id":"https:\/\/www.rri.ro\/#website"},"primaryImageOfPage":{"@id":"https:\/\/www.rri.ro\/es\/cronica-semanal\/deporte\/deportes-rumania-vuelve-a-la-cima-del-tenis-de-mesa-mundial-id893294.html#primaryimage"},"image":{"@id":"https:\/\/www.rri.ro\/es\/cronica-semanal\/deporte\/deportes-rumania-vuelve-a-la-cima-del-tenis-de-mesa-mundial-id893294.html#primaryimage"},"thumbnailUrl":"https:\/\/www.rri.ro\/wp-content\/uploads\/2025\/05\/Bernadette-Szocs-foto-facebook-frtmromania.jpg","datePublished":"2025-05-29T10:50:55+00:00","author":{"@id":"https:\/\/www.rri.ro\/#\/schema\/person\/1e5b68c542aa18216bc645b5072f1273"},"breadcrumb":{"@id":"https:\/\/www.rri.ro\/es\/cronica-semanal\/deporte\/deportes-rumania-vuelve-a-la-cima-del-tenis-de-mesa-mundial-id893294.html#breadcrumb"},"inLanguage":"es","potentialAction":[{"@type":"ReadAction","target":["https:\/\/www.rri.ro\/es\/cronica-semanal\/deporte\/deportes-rumania-vuelve-a-la-cima-del-tenis-de-mesa-mundial-id893294.html"]}]},{"@type":"ImageObject","inLanguage":"es","@id":"https:\/\/www.rri.ro\/es\/cronica-semanal\/deporte\/deportes-rumania-vuelve-a-la-cima-del-tenis-de-mesa-mundial-id893294.html#primaryimage","url":"https:\/\/www.rri.ro\/wp-content\/uploads\/2025\/05\/Bernadette-Szocs-foto-facebook-frtmromania.jpg","contentUrl":"https:\/\/www.rri.ro\/wp-content\/uploads\/2025\/05\/Bernadette-Szocs-foto-facebook-frtmromania.jpg","width":1200,"height":773,"caption":"Foto: facebook.com\/frtmromania"},{"@type":"BreadcrumbList","@id":"https:\/\/www.rri.ro\/es\/cronica-semanal\/deporte\/deportes-rumania-vuelve-a-la-cima-del-tenis-de-mesa-mundial-id893294.html#breadcrumb","itemListElement":[{"@type":"ListItem","position":1,"name":"P\u00e1gina de inicio","item":"https:\/\/www.rri.ro\/es"},{"@type":"ListItem","position":2,"name":"Cr\u00f3nica semanal","item":"https:\/\/www.rri.ro\/es\/cronica-semanal"},{"@type":"ListItem","position":3,"name":"Deporte","item":"https:\/\/www.rri.ro\/es\/cronica-semanal\/deporte"},{"@type":"ListItem","position":4,"name":"Deportes: Ruman\u00eda vuelve a la cima del tenis de mesa mundial."}]},{"@type":"WebSite","@id":"https:\/\/www.rri.ro\/#website","url":"https:\/\/www.rri.ro\/","name":"Radio Ruman\u00eda Internacional","description":"Totul despre Rom\u00e2nia \u015fi rom\u00e2ni, \u00een 13 limbi\/dialecte!","inLanguage":"es"},{"@type":"Person","@id":"https:\/\/www.rri.ro\/#\/schema\/person\/1e5b68c542aa18216bc645b5072f1273","name":"Simona Sarbescu","url":"https:\/\/www.rri.ro\/es\/author\/simona-sarbescu"}]}},"_links":{"self":[{"href":"https:\/\/www.rri.ro\/es\/wp-json\/wp\/v2\/posts\/893294","targetHints":{"allow":["GET"]}}],"collection":[{"href":"https:\/\/www.rri.ro\/es\/wp-json\/wp\/v2\/posts"}],"about":[{"href":"https:\/\/www.rri.ro\/es\/wp-json\/wp\/v2\/types\/post"}],"author":[{"embeddable":true,"href":"https:\/\/www.rri.ro\/es\/wp-json\/wp\/v2\/users\/38"}],"replies":[{"embeddable":true,"href":"https:\/\/www.rri.ro\/es\/wp-json\/wp\/v2\/comments?post=893294"}],"version-history":[{"count":0,"href":"https:\/\/www.rri.ro\/es\/wp-json\/wp\/v2\/posts\/893294\/revisions"}],"wp:featuredmedia":[{"embeddable":true,"href":"https:\/\/www.rri.ro\/es\/wp-json\/wp\/v2\/media\/892318"}],"wp:attachment":[{"href":"https:\/\/www.rri.ro\/es\/wp-json\/wp\/v2\/media?parent=893294"}],"wp:term":[{"taxonomy":"category","embeddable":true,"href":"https:\/\/www.rri.ro\/es\/wp-json\/wp\/v2\/categories?post=893294"},{"taxonomy":"post_tag","embeddable":true,"href":"https:\/\/www.rri.ro\/es\/wp-json\/wp\/v2\/tags?post=893294"},{"taxonomy":"author","embeddable":true,"href":"https:\/\/www.rri.ro\/es\/wp-json\/wp\/v2\/coauthors?post=893294"}],"curies":[{"name":"wp","href":"https:\/\/api.w.org\/{rel}","templated":true}]}}