{"id":893431,"date":"2025-08-21T11:18:04","date_gmt":"2025-08-21T08:18:04","guid":{"rendered":"https:\/\/www.rri.ro\/?p=893431"},"modified":"2025-08-21T11:48:44","modified_gmt":"2025-08-21T08:48:44","slug":"cicloturismo-en-rumania-2","status":"publish","type":"post","link":"https:\/\/www.rri.ro\/es\/cronica-semanal\/radio-revista-turistica\/cicloturismo-en-rumania-2-id893431.html","title":{"rendered":"Cicloturismo en Ruman\u00eda"},"content":{"rendered":"<p><span style=\"font-family: arial, helvetica, sans-serif;\">La zona m\u00e1s solicitada en Ruman\u00eda para el cicloturismo es Transilvania, y desde el punto de vista log\u00edstico, tambi\u00e9n es la zona m\u00e1s desarrollada. Sin embargo, Maramure\u0219 y la ribera del Danubio tambi\u00e9n dejan buenas impresiones. La oferta del a\u00f1o 2025 incluye el <em>Gravel Tour<\/em>, un recorrido dedicado a los ciclistas que utilizan bicicletas por caminos sin asfaltar. Ruman\u00eda, que cuenta con muchos caminos sin asfaltar, agr\u00edcolas, forestales y comunales, se ha convertido en un destino para esta categor\u00eda de ciclistas. Adem\u00e1s, el <em>Bike and Photo Tour<\/em> es un recorrido est\u00e1ndar o personalizado para los ciclistas aficionados a la fotograf\u00eda. Es una combinaci\u00f3n poco convencional, pero es la novedad del a\u00f1o 2025.<\/span><\/p>\n<p><span style=\"font-family: arial, helvetica, sans-serif;\">Descubrimos el encanto de unas vacaciones en bicicleta junto a Ionu\u021b Maftei, director de una empresa de turismo y, sobre todo, gu\u00eda tur\u00edstico.<\/span><\/p>\n<p style=\"padding-left: 40px;\"><span style=\"font-family: arial, helvetica, sans-serif;\"><em>\u00abEl primer recorrido del que me gustar\u00eda hablar, porque est\u00e1 cada vez m\u00e1s de moda, incluye las bicicletas para<\/em> <em>grava, es decir, aquellas que van por caminos m\u00e1s bien no asfaltados. Dado que tenemos este tipo de caminos, es decir, aproximadamente la mitad de las carreteras en Ruman\u00eda no est\u00e1n asfaltadas, de repente nos hemos convertido en un objetivo para este tipo de cicloturismo, conocido como ciclismo en grava. Tenemos un recorrido as\u00ed, que se llama <\/em>Ciclismo en Grava en Ruman\u00eda<em> y, sobre todo, por la naturaleza del pa\u00eds. Esta es una de las atracciones que tenemos. De todos modos, sol\u00edamos recorrer caminos secundarios y no asfaltados, pero como este tipo de turismo ha tomado forma y est\u00e1 cada vez m\u00e1s de moda, tuvimos que hacer un recorrido que, pr\u00e1cticamente, tuvi\u00e9ramos que renombrar de esta manera. Por lo general, se lleva a cabo en la zona de Transilvania, que es tambi\u00e9n la zona m\u00e1s deseada, pero todos nuestros recorridos se pueden personalizar, as\u00ed que podemos hacerlos en cualquier lugar donde haya caminos no asfaltados\u00bb. <\/em><\/span><\/p>\n<p><span style=\"font-family: arial, helvetica, sans-serif;\">El \u00faltimo recorrido que hizo Ionu\u021b Maftei fue en la zona de las iglesias fortificadas de Transilvania, donde tambi\u00e9n hay muchas rutas se\u00f1alizadas para bicicletas. La segunda propuesta implica una combinaci\u00f3n interesante entre bicicletas y fotograf\u00eda.<\/span><\/p>\n<p style=\"padding-left: 40px;\"><span style=\"font-family: arial, helvetica, sans-serif;\"><em>\u00abDe todos modos, todos los turistas sacan fotos cuando van a alg\u00fan lugar de vacaciones, pero desde la bicicleta, ven muchas m\u00e1s cosas que desde el coche. As\u00ed que quer\u00edamos combinar la bicicleta con la fotograf\u00eda y queremos promover una propuesta que combine estas dos cosas: visitamos lugares en bicicleta, pero nos centramos especialmente en buscar objetivos para fot\u00f3grafos. No esperamos que haya un gran aumento de turistas fot\u00f3grafos en bicicleta desde el principio, pero pensamos en tener algo as\u00ed en nuestro portafolio, ya sea para el futuro o como un nicho, si esto se desarrolla. Pr\u00e1cticamente, nos detenemos con bastante frecuencia con las bicicletas justo para hacer fotos. Especialmente cuando se trata de fauna, necesita estar bastante atento y alerta, pero tambi\u00e9n tenemos objetivos que son plantas, edificios y decimos que un recorrido as\u00ed es bienvenido. Es un ejemplo que hemos tomado de otras agencias fuera de Ruman\u00eda y veremos c\u00f3mo se comporta aqu\u00ed tambi\u00e9n. La zona de Transf\u0103g\u0103r\u0103\u0219an, por ejemplo, es bastante apreciada para esto\u00bb.<\/em><\/span><\/p>\n<p><span style=\"font-family: arial, helvetica, sans-serif;\">El \u00e1rea junto al Danubio es ideal para el cicloturismo, y Ionu\u021b Maftei, director de una agencia de turismo y gu\u00eda tur\u00edstico, est\u00e1 involucrado en el desarrollo de la infraestructura para ciclistas en Ruman\u00eda.<\/span><\/p>\n<p style=\"padding-left: 40px;\"><span style=\"font-family: arial, helvetica, sans-serif;\"><em>\u00abHemos participado en varios proyectos, tambi\u00e9n hicimos una estrategia para el desarrollo del cicloturismo. En el Plan Nacional de Recuperaci\u00f3n y Resiliencia se incluy\u00f3 una parte dedicada al desarrollo de la infraestructura del cicloturismo, espec\u00edficamente la adecuaci\u00f3n y se\u00f1alizaci\u00f3n de aproximadamente 3000 km de rutas para ciclistas. A nosotros nos correspondi\u00f3 la parte de evaluaci\u00f3n conforme al certificado europeo de un segmento de 365 km. Nos gust\u00f3 ese n\u00famero. Ser\u00eda un km por d\u00eda. La zona est\u00e1 entre Drobeta Turnu-Severin y Corabia. Es tambi\u00e9n la parte m\u00e1s complicada del Danubio, porque all\u00ed no hay muchas opciones de alojamiento, tampoco hay muchos bosques. Un d\u00eda en esta zona puede volverse bastante desagradable si hace calor y si adem\u00e1s tiene problemas con la bicicleta, es posible que se convierta en un d\u00eda algo peligroso. As\u00ed que queremos implementar all\u00ed algo m\u00e1s, establecer algunas zonas de descanso, algunas \u00e1reas sombreadas, algunos manantiales de agua, algunos pozos que se habr\u00edan de perforar. Nos gustar\u00eda promover m\u00e1s esta zona, especialmente porque tambi\u00e9n es parte de EuroVelo 6, la ruta que conecta el oc\u00e9ano Atl\u00e1ntico con el mar Negro\u00bb.<\/em><\/span><\/p>\n<p><span style=\"font-family: arial, helvetica, sans-serif;\">Es bueno conocer la bicicleta con la que hacemos senderismo, saber cu\u00e1nto podemos andar e informarnos sobre el camino que vamos a hacer, afirma Ionu\u021b Maftei.<\/span><\/p>\n<p style=\"padding-left: 40px;\"><span style=\"font-family: arial, helvetica, sans-serif;\"><em>\u00abOfrecemos asistencia especialmente en la parte rumana del Danubio para los turistas que desean recorrer la ruta del Danubio. En comparaci\u00f3n con los a\u00f1os anteriores, en los que casi no hab\u00eda actividad, los turistas vienen a solicitar informaci\u00f3n sobre lugares de alojamiento, en los que todav\u00eda somos bastante deficitarias. As\u00ed que tuvimos que hacer una investigaci\u00f3n para poder identificar algunos lugares de alojamiento amigables con los ciclistas u otras instalaciones para ciclistas y tambi\u00e9n establecer las rutas seg\u00fan las bicicletas. Hay algunos ciclistas que tienen bicicletas de carretera, pero hay otros que tienen bicicletas, ya sean <\/em>gravel<em> o <\/em>tracking<em>, y ellos pueden ir incluso por el dique del Danubio, que es una zona muy hermosa. Parte de esa \u00e1rea, donde sea posible, ser\u00e1 marcada como ruta EuroVelo 6\u00bb.<\/em><\/span><\/p>\n<p><span style=\"font-family: arial, helvetica, sans-serif;\">Volviendo a la parte de infraestructura, Ionu\u021b Maftei, gu\u00eda de turismo y director de una agencia de viajes, dice que trabaja en otro proyecto interesante desde hace dos a\u00f1os.<\/span><\/p>\n<p style=\"padding-left: 40px;\"><span style=\"font-family: arial, helvetica, sans-serif;\"><em>\u00abHemos observado que nos faltan certificaciones para alojamientos, restaurantes u objetivos tur\u00edsticos que sean amigables con los ciclistas. Hemos tra\u00eddo la primera certificaci\u00f3n <\/em>cykling friendly<em>, es decir, amigable con los ciclistas, para aquellos que desean promocionarse como un destino para ciclistas. No es algo nuevo. En Europa existe, pero no exist\u00eda en Ruman\u00eda. Pr\u00e1cticamente, ofrecemos esta certificaci\u00f3n, que es bastante f\u00e1cil de obtener, a todos los alojamientos, restaurantes u objetivos tur\u00edsticos que ofrezcan buenas condiciones para ciclistas. Deben mantener sus bicicletas seguras, visitar el objetivo de forma segura, recibir servicios adicionales o ayuda donde la necesiten. La ayuda significa, si quieren reparar su bicicleta, tener un peque\u00f1o kit de herramientas. Adem\u00e1s, deben poder lavar su bicicleta. Este proyecto se llama Velo Popas. Esperamos llenar el mapa de Ruman\u00eda con puntos que sean amigables con los ciclistas\u00bb.<\/em><\/span><\/p>\n<p><span style=\"font-family: arial, helvetica, sans-serif;\">Otro proyecto combina el ciclismo con visitas y degustaciones en bodegas. Se llama <em>Vel\u00f3dromo del Vino<\/em>, el camino del vino en bicicleta. As\u00ed que, independientemente de la zona que desee visitar, si quiere aventurarse sobre dos ruedas, Ruman\u00eda se est\u00e1 volviendo cada vez m\u00e1s apta para el cicloturismo.<\/span><\/p>\n<p><span style=\"font-family: arial, helvetica, sans-serif;\">Versi\u00f3n en espa\u00f1ol: Mihaela Stoian<\/span><\/p>\n","protected":false},"excerpt":{"rendered":"<p>La zona m\u00e1s solicitada en Ruman\u00eda para el cicloturismo es Transilvania, y desde el punto de vista log\u00edstico, tambi\u00e9n es la zona m\u00e1s desarrollada. Sin embargo, Maramure\u0219 y la ribera del Danubio tambi\u00e9n dejan buenas impresiones. La oferta del a\u00f1o 2025 incluye el Gravel Tour, un recorrido dedicado a los ciclistas que utilizan bicicletas por [&hellip;]<\/p>\n","protected":false},"author":128,"featured_media":893117,"comment_status":"closed","ping_status":"closed","sticky":false,"template":"","format":"standard","meta":{"_acf_changed":false,"footnotes":""},"categories":[112392],"tags":[170995,170983,170984,170994,170987,170989,170990,48968,170986,148975,148185,154185,170999,157155,112581,170985,112397,133793,170992,143996,143251,148656,170993,170996,170991,170988,151421,143968,170998,170997],"coauthors":[113280],"class_list":["post-893431","post","type-post","status-publish","format-standard","has-post-thumbnail","hentry","category-radio-revista-turistica","tag-alojamientos","tag-bicicletas","tag-bike-and-photo-tour","tag-certificaciones","tag-ciclismo-en-grava-en-rumania","tag-cicloturismo","tag-corabia","tag-danubio","tag-director-de-una-empresa-de-turismo","tag-drobeta-turnu-severin-es","tag-ecoturismo-es","tag-fotografia-es","tag-grava-es","tag-guia-turistico","tag-iglesias-fortificadas","tag-ionut-maftei","tag-mar-negro","tag-maramures-es","tag-oceano-atlantico","tag-plan-nacional-de-recuperacion-y-resiliencia","tag-pnrr-es","tag-restaurantes","tag-ruta-del-danubio","tag-ruta-eurovelo-6","tag-rutas-para-ciclistas","tag-rutas-senalizadas","tag-transfagarasan-es","tag-transilvania-es","tag-velo-popas","tag-velodromo-del-vino"],"acf":[],"yoast_head":"<!-- This site is optimized with the Yoast SEO plugin v27.3 - https:\/\/yoast.com\/product\/yoast-seo-wordpress\/ -->\n<title>Cicloturismo en Ruman\u00eda - Radio Ruman\u00eda Internacional<\/title>\n<meta name=\"robots\" content=\"index, follow, max-snippet:-1, max-image-preview:large, max-video-preview:-1\" \/>\n<link rel=\"canonical\" href=\"https:\/\/www.rri.ro\/es\/cronica-semanal\/radio-revista-turistica\/cicloturismo-en-rumania-2-id893431.html\" \/>\n<meta property=\"og:locale\" content=\"es_ES\" \/>\n<meta property=\"og:type\" content=\"article\" \/>\n<meta property=\"og:title\" content=\"Cicloturismo en Ruman\u00eda - Radio Ruman\u00eda Internacional\" \/>\n<meta property=\"og:description\" content=\"La zona m\u00e1s solicitada en Ruman\u00eda para el cicloturismo es Transilvania, y desde el punto de vista log\u00edstico, tambi\u00e9n es la zona m\u00e1s desarrollada. Sin embargo, Maramure\u0219 y la ribera del Danubio tambi\u00e9n dejan buenas impresiones. La oferta del a\u00f1o 2025 incluye el Gravel Tour, un recorrido dedicado a los ciclistas que utilizan bicicletas por [&hellip;]\" \/>\n<meta property=\"og:url\" content=\"https:\/\/www.rri.ro\/es\/cronica-semanal\/radio-revista-turistica\/cicloturismo-en-rumania-2-id893431.html\" \/>\n<meta property=\"og:site_name\" content=\"Radio Ruman\u00eda Internacional\" \/>\n<meta property=\"article:published_time\" content=\"2025-08-21T08:18:04+00:00\" \/>\n<meta property=\"article:modified_time\" content=\"2025-08-21T08:48:44+00:00\" \/>\n<meta property=\"og:image\" content=\"https:\/\/www.rri.ro\/wp-content\/uploads\/2025\/05\/bicicleta-natura-munte-Stefano-Zocca-unsplash-com.jpg\" \/>\n\t<meta property=\"og:image:width\" content=\"1200\" \/>\n\t<meta property=\"og:image:height\" content=\"675\" \/>\n\t<meta property=\"og:image:type\" content=\"image\/jpeg\" \/>\n<meta name=\"author\" content=\"Daniel Onea\" \/>\n<meta name=\"twitter:card\" content=\"summary_large_image\" \/>\n<meta name=\"twitter:label1\" content=\"Escrito por\" \/>\n\t<meta name=\"twitter:data1\" content=\"Daniel Onea\" \/>\n\t<meta name=\"twitter:label2\" content=\"Tiempo de lectura\" \/>\n\t<meta name=\"twitter:data2\" content=\"6 minutos\" \/>\n\t<meta name=\"twitter:label3\" content=\"Written by\" \/>\n\t<meta name=\"twitter:data3\" content=\"Daniel Onea\" \/>\n<script type=\"application\/ld+json\" class=\"yoast-schema-graph\">{\"@context\":\"https:\\\/\\\/schema.org\",\"@graph\":[{\"@type\":\"Article\",\"@id\":\"https:\\\/\\\/www.rri.ro\\\/es\\\/cronica-semanal\\\/radio-revista-turistica\\\/cicloturismo-en-rumania-2-id893431.html#article\",\"isPartOf\":{\"@id\":\"https:\\\/\\\/www.rri.ro\\\/es\\\/cronica-semanal\\\/radio-revista-turistica\\\/cicloturismo-en-rumania-2-id893431.html\"},\"author\":{\"name\":\"Daniel Onea\",\"@id\":\"https:\\\/\\\/www.rri.ro\\\/#\\\/schema\\\/person\\\/fcce42c208d45f30f5b054b64bc1e0df\"},\"headline\":\"Cicloturismo en Ruman\u00eda\",\"datePublished\":\"2025-08-21T08:18:04+00:00\",\"dateModified\":\"2025-08-21T08:48:44+00:00\",\"mainEntityOfPage\":{\"@id\":\"https:\\\/\\\/www.rri.ro\\\/es\\\/cronica-semanal\\\/radio-revista-turistica\\\/cicloturismo-en-rumania-2-id893431.html\"},\"wordCount\":1200,\"image\":{\"@id\":\"https:\\\/\\\/www.rri.ro\\\/es\\\/cronica-semanal\\\/radio-revista-turistica\\\/cicloturismo-en-rumania-2-id893431.html#primaryimage\"},\"thumbnailUrl\":\"https:\\\/\\\/www.rri.ro\\\/wp-content\\\/uploads\\\/2025\\\/05\\\/bicicleta-natura-munte-Stefano-Zocca-unsplash-com.jpg\",\"keywords\":[\"alojamientos\",\"bicicletas\",\"Bike and Photo Tour\",\"certificaciones\",\"Ciclismo en Grava en Ruman\u00eda\",\"cicloturismo\",\"Corabia\",\"Danubio\",\"director de una empresa de turismo\",\"Drobeta Turnu Severin\",\"ecoturismo\",\"fotografia\",\"grav\u0103\",\"guia tur\u00edstico\",\"Iglesias fortificadas\",\"Ionu\u021b Maftei\",\"Mar Negro\",\"Maramures\",\"oc\u00e9ano Atl\u00e1ntico\",\"Plan Nacional de Recuperaci\u00f3n y Resiliencia\",\"PNRR\",\"restaurantes\",\"ruta del Danubio\",\"ruta EuroVelo 6\",\"rutas para ciclistas\",\"rutas se\u00f1alizadas\",\"Transfagarasan\",\"Transilvania\",\"Velo Popas\",\"Vel\u00f3dromo del Vino\"],\"articleSection\":[\"Radio Revista Tur\u00edstica\"],\"inLanguage\":\"es\"},{\"@type\":\"WebPage\",\"@id\":\"https:\\\/\\\/www.rri.ro\\\/es\\\/cronica-semanal\\\/radio-revista-turistica\\\/cicloturismo-en-rumania-2-id893431.html\",\"url\":\"https:\\\/\\\/www.rri.ro\\\/es\\\/cronica-semanal\\\/radio-revista-turistica\\\/cicloturismo-en-rumania-2-id893431.html\",\"name\":\"Cicloturismo en Ruman\u00eda - Radio Ruman\u00eda Internacional\",\"isPartOf\":{\"@id\":\"https:\\\/\\\/www.rri.ro\\\/#website\"},\"primaryImageOfPage\":{\"@id\":\"https:\\\/\\\/www.rri.ro\\\/es\\\/cronica-semanal\\\/radio-revista-turistica\\\/cicloturismo-en-rumania-2-id893431.html#primaryimage\"},\"image\":{\"@id\":\"https:\\\/\\\/www.rri.ro\\\/es\\\/cronica-semanal\\\/radio-revista-turistica\\\/cicloturismo-en-rumania-2-id893431.html#primaryimage\"},\"thumbnailUrl\":\"https:\\\/\\\/www.rri.ro\\\/wp-content\\\/uploads\\\/2025\\\/05\\\/bicicleta-natura-munte-Stefano-Zocca-unsplash-com.jpg\",\"datePublished\":\"2025-08-21T08:18:04+00:00\",\"dateModified\":\"2025-08-21T08:48:44+00:00\",\"author\":{\"@id\":\"https:\\\/\\\/www.rri.ro\\\/#\\\/schema\\\/person\\\/fcce42c208d45f30f5b054b64bc1e0df\"},\"breadcrumb\":{\"@id\":\"https:\\\/\\\/www.rri.ro\\\/es\\\/cronica-semanal\\\/radio-revista-turistica\\\/cicloturismo-en-rumania-2-id893431.html#breadcrumb\"},\"inLanguage\":\"es\",\"potentialAction\":[{\"@type\":\"ReadAction\",\"target\":[\"https:\\\/\\\/www.rri.ro\\\/es\\\/cronica-semanal\\\/radio-revista-turistica\\\/cicloturismo-en-rumania-2-id893431.html\"]}]},{\"@type\":\"ImageObject\",\"inLanguage\":\"es\",\"@id\":\"https:\\\/\\\/www.rri.ro\\\/es\\\/cronica-semanal\\\/radio-revista-turistica\\\/cicloturismo-en-rumania-2-id893431.html#primaryimage\",\"url\":\"https:\\\/\\\/www.rri.ro\\\/wp-content\\\/uploads\\\/2025\\\/05\\\/bicicleta-natura-munte-Stefano-Zocca-unsplash-com.jpg\",\"contentUrl\":\"https:\\\/\\\/www.rri.ro\\\/wp-content\\\/uploads\\\/2025\\\/05\\\/bicicleta-natura-munte-Stefano-Zocca-unsplash-com.jpg\",\"width\":1200,\"height\":675,\"caption\":\"Foto: Stefano Zocca \\\/ unsplash.com\"},{\"@type\":\"BreadcrumbList\",\"@id\":\"https:\\\/\\\/www.rri.ro\\\/es\\\/cronica-semanal\\\/radio-revista-turistica\\\/cicloturismo-en-rumania-2-id893431.html#breadcrumb\",\"itemListElement\":[{\"@type\":\"ListItem\",\"position\":1,\"name\":\"P\u00e1gina de inicio\",\"item\":\"https:\\\/\\\/www.rri.ro\\\/es\"},{\"@type\":\"ListItem\",\"position\":2,\"name\":\"Cr\u00f3nica semanal\",\"item\":\"https:\\\/\\\/www.rri.ro\\\/es\\\/cronica-semanal\"},{\"@type\":\"ListItem\",\"position\":3,\"name\":\"Radio Revista Tur\u00edstica\",\"item\":\"https:\\\/\\\/www.rri.ro\\\/es\\\/cronica-semanal\\\/radio-revista-turistica\"},{\"@type\":\"ListItem\",\"position\":4,\"name\":\"Cicloturismo en Ruman\u00eda\"}]},{\"@type\":\"WebSite\",\"@id\":\"https:\\\/\\\/www.rri.ro\\\/#website\",\"url\":\"https:\\\/\\\/www.rri.ro\\\/\",\"name\":\"Radio Ruman\u00eda Internacional\",\"description\":\"Totul despre Rom\u00e2nia \u015fi rom\u00e2ni, \u00een 13 limbi\\\/dialecte!\",\"inLanguage\":\"es\"},{\"@type\":\"Person\",\"@id\":\"https:\\\/\\\/www.rri.ro\\\/#\\\/schema\\\/person\\\/fcce42c208d45f30f5b054b64bc1e0df\",\"name\":\"Daniel Onea\",\"url\":\"https:\\\/\\\/www.rri.ro\\\/es\\\/author\\\/daniel-onea\"}]}<\/script>\n<!-- \/ Yoast SEO plugin. -->","yoast_head_json":{"title":"Cicloturismo en Ruman\u00eda - Radio Ruman\u00eda Internacional","robots":{"index":"index","follow":"follow","max-snippet":"max-snippet:-1","max-image-preview":"max-image-preview:large","max-video-preview":"max-video-preview:-1"},"canonical":"https:\/\/www.rri.ro\/es\/cronica-semanal\/radio-revista-turistica\/cicloturismo-en-rumania-2-id893431.html","og_locale":"es_ES","og_type":"article","og_title":"Cicloturismo en Ruman\u00eda - Radio Ruman\u00eda Internacional","og_description":"La zona m\u00e1s solicitada en Ruman\u00eda para el cicloturismo es Transilvania, y desde el punto de vista log\u00edstico, tambi\u00e9n es la zona m\u00e1s desarrollada. Sin embargo, Maramure\u0219 y la ribera del Danubio tambi\u00e9n dejan buenas impresiones. La oferta del a\u00f1o 2025 incluye el Gravel Tour, un recorrido dedicado a los ciclistas que utilizan bicicletas por [&hellip;]","og_url":"https:\/\/www.rri.ro\/es\/cronica-semanal\/radio-revista-turistica\/cicloturismo-en-rumania-2-id893431.html","og_site_name":"Radio Ruman\u00eda Internacional","article_published_time":"2025-08-21T08:18:04+00:00","article_modified_time":"2025-08-21T08:48:44+00:00","og_image":[{"width":1200,"height":675,"url":"https:\/\/www.rri.ro\/wp-content\/uploads\/2025\/05\/bicicleta-natura-munte-Stefano-Zocca-unsplash-com.jpg","type":"image\/jpeg"}],"author":"Daniel Onea","twitter_card":"summary_large_image","twitter_misc":{"Escrito por":"Daniel Onea","Tiempo de lectura":"6 minutos","Written by":"Daniel Onea"},"schema":{"@context":"https:\/\/schema.org","@graph":[{"@type":"Article","@id":"https:\/\/www.rri.ro\/es\/cronica-semanal\/radio-revista-turistica\/cicloturismo-en-rumania-2-id893431.html#article","isPartOf":{"@id":"https:\/\/www.rri.ro\/es\/cronica-semanal\/radio-revista-turistica\/cicloturismo-en-rumania-2-id893431.html"},"author":{"name":"Daniel Onea","@id":"https:\/\/www.rri.ro\/#\/schema\/person\/fcce42c208d45f30f5b054b64bc1e0df"},"headline":"Cicloturismo en Ruman\u00eda","datePublished":"2025-08-21T08:18:04+00:00","dateModified":"2025-08-21T08:48:44+00:00","mainEntityOfPage":{"@id":"https:\/\/www.rri.ro\/es\/cronica-semanal\/radio-revista-turistica\/cicloturismo-en-rumania-2-id893431.html"},"wordCount":1200,"image":{"@id":"https:\/\/www.rri.ro\/es\/cronica-semanal\/radio-revista-turistica\/cicloturismo-en-rumania-2-id893431.html#primaryimage"},"thumbnailUrl":"https:\/\/www.rri.ro\/wp-content\/uploads\/2025\/05\/bicicleta-natura-munte-Stefano-Zocca-unsplash-com.jpg","keywords":["alojamientos","bicicletas","Bike and Photo Tour","certificaciones","Ciclismo en Grava en Ruman\u00eda","cicloturismo","Corabia","Danubio","director de una empresa de turismo","Drobeta Turnu Severin","ecoturismo","fotografia","grav\u0103","guia tur\u00edstico","Iglesias fortificadas","Ionu\u021b Maftei","Mar Negro","Maramures","oc\u00e9ano Atl\u00e1ntico","Plan Nacional de Recuperaci\u00f3n y Resiliencia","PNRR","restaurantes","ruta del Danubio","ruta EuroVelo 6","rutas para ciclistas","rutas se\u00f1alizadas","Transfagarasan","Transilvania","Velo Popas","Vel\u00f3dromo del Vino"],"articleSection":["Radio Revista Tur\u00edstica"],"inLanguage":"es"},{"@type":"WebPage","@id":"https:\/\/www.rri.ro\/es\/cronica-semanal\/radio-revista-turistica\/cicloturismo-en-rumania-2-id893431.html","url":"https:\/\/www.rri.ro\/es\/cronica-semanal\/radio-revista-turistica\/cicloturismo-en-rumania-2-id893431.html","name":"Cicloturismo en Ruman\u00eda - Radio Ruman\u00eda Internacional","isPartOf":{"@id":"https:\/\/www.rri.ro\/#website"},"primaryImageOfPage":{"@id":"https:\/\/www.rri.ro\/es\/cronica-semanal\/radio-revista-turistica\/cicloturismo-en-rumania-2-id893431.html#primaryimage"},"image":{"@id":"https:\/\/www.rri.ro\/es\/cronica-semanal\/radio-revista-turistica\/cicloturismo-en-rumania-2-id893431.html#primaryimage"},"thumbnailUrl":"https:\/\/www.rri.ro\/wp-content\/uploads\/2025\/05\/bicicleta-natura-munte-Stefano-Zocca-unsplash-com.jpg","datePublished":"2025-08-21T08:18:04+00:00","dateModified":"2025-08-21T08:48:44+00:00","author":{"@id":"https:\/\/www.rri.ro\/#\/schema\/person\/fcce42c208d45f30f5b054b64bc1e0df"},"breadcrumb":{"@id":"https:\/\/www.rri.ro\/es\/cronica-semanal\/radio-revista-turistica\/cicloturismo-en-rumania-2-id893431.html#breadcrumb"},"inLanguage":"es","potentialAction":[{"@type":"ReadAction","target":["https:\/\/www.rri.ro\/es\/cronica-semanal\/radio-revista-turistica\/cicloturismo-en-rumania-2-id893431.html"]}]},{"@type":"ImageObject","inLanguage":"es","@id":"https:\/\/www.rri.ro\/es\/cronica-semanal\/radio-revista-turistica\/cicloturismo-en-rumania-2-id893431.html#primaryimage","url":"https:\/\/www.rri.ro\/wp-content\/uploads\/2025\/05\/bicicleta-natura-munte-Stefano-Zocca-unsplash-com.jpg","contentUrl":"https:\/\/www.rri.ro\/wp-content\/uploads\/2025\/05\/bicicleta-natura-munte-Stefano-Zocca-unsplash-com.jpg","width":1200,"height":675,"caption":"Foto: Stefano Zocca \/ unsplash.com"},{"@type":"BreadcrumbList","@id":"https:\/\/www.rri.ro\/es\/cronica-semanal\/radio-revista-turistica\/cicloturismo-en-rumania-2-id893431.html#breadcrumb","itemListElement":[{"@type":"ListItem","position":1,"name":"P\u00e1gina de inicio","item":"https:\/\/www.rri.ro\/es"},{"@type":"ListItem","position":2,"name":"Cr\u00f3nica semanal","item":"https:\/\/www.rri.ro\/es\/cronica-semanal"},{"@type":"ListItem","position":3,"name":"Radio Revista Tur\u00edstica","item":"https:\/\/www.rri.ro\/es\/cronica-semanal\/radio-revista-turistica"},{"@type":"ListItem","position":4,"name":"Cicloturismo en Ruman\u00eda"}]},{"@type":"WebSite","@id":"https:\/\/www.rri.ro\/#website","url":"https:\/\/www.rri.ro\/","name":"Radio Ruman\u00eda Internacional","description":"Totul despre Rom\u00e2nia \u015fi rom\u00e2ni, \u00een 13 limbi\/dialecte!","inLanguage":"es"},{"@type":"Person","@id":"https:\/\/www.rri.ro\/#\/schema\/person\/fcce42c208d45f30f5b054b64bc1e0df","name":"Daniel Onea","url":"https:\/\/www.rri.ro\/es\/author\/daniel-onea"}]}},"_links":{"self":[{"href":"https:\/\/www.rri.ro\/es\/wp-json\/wp\/v2\/posts\/893431","targetHints":{"allow":["GET"]}}],"collection":[{"href":"https:\/\/www.rri.ro\/es\/wp-json\/wp\/v2\/posts"}],"about":[{"href":"https:\/\/www.rri.ro\/es\/wp-json\/wp\/v2\/types\/post"}],"author":[{"embeddable":true,"href":"https:\/\/www.rri.ro\/es\/wp-json\/wp\/v2\/users\/128"}],"replies":[{"embeddable":true,"href":"https:\/\/www.rri.ro\/es\/wp-json\/wp\/v2\/comments?post=893431"}],"version-history":[{"count":0,"href":"https:\/\/www.rri.ro\/es\/wp-json\/wp\/v2\/posts\/893431\/revisions"}],"wp:featuredmedia":[{"embeddable":true,"href":"https:\/\/www.rri.ro\/es\/wp-json\/wp\/v2\/media\/893117"}],"wp:attachment":[{"href":"https:\/\/www.rri.ro\/es\/wp-json\/wp\/v2\/media?parent=893431"}],"wp:term":[{"taxonomy":"category","embeddable":true,"href":"https:\/\/www.rri.ro\/es\/wp-json\/wp\/v2\/categories?post=893431"},{"taxonomy":"post_tag","embeddable":true,"href":"https:\/\/www.rri.ro\/es\/wp-json\/wp\/v2\/tags?post=893431"},{"taxonomy":"author","embeddable":true,"href":"https:\/\/www.rri.ro\/es\/wp-json\/wp\/v2\/coauthors?post=893431"}],"curies":[{"name":"wp","href":"https:\/\/api.w.org\/{rel}","templated":true}]}}