{"id":895347,"date":"2025-06-04T11:17:47","date_gmt":"2025-06-04T08:17:47","guid":{"rendered":"https:\/\/www.rri.ro\/?p=895347"},"modified":"2025-06-04T11:17:47","modified_gmt":"2025-06-04T08:17:47","slug":"obras-de-emergencia-en-praid","status":"publish","type":"post","link":"https:\/\/www.rri.ro\/es\/actualidad\/en-portada\/obras-de-emergencia-en-praid-id895347.html","title":{"rendered":"Obras de emergencia en Praid"},"content":{"rendered":"<p>El Gobierno rumano ha aprobado la primera ayuda financiera para intervenciones en la zona de riesgo de la salina de Praid, gravemente afectada por las inundaciones de finales de mayo. El prefecto del distrito de Harghita (centro) ha anunciado que est\u00e1n en marcha los preparativos para desviar el arroyo Corund, cuyo cauce se ha desbordado y ha provocado filtraciones de agua en el sistema de galer\u00edas de las salinas, y el contratista ha asegurado que las obras estar\u00e1n listas a principios del mes que viene. El primer r\u00e9gimen de ayudas estatales adoptado por el Gobierno rumano tiene por objeto reparar los da\u00f1os causados por las inundaciones, seg\u00fan ha declarado el ministro de Econom\u00eda, Bogdan Ivan, y pretende apoyar a la sociedad <em>Salrom<\/em>, que gestiona la salina de Praid, y a las empresas que operaban en su s\u00f3tano. Se trata de actividades tur\u00edsticas, recreativas y de tratamiento, prestadas como servicios en la parte del sanatorio. El mecanismo adoptado tambi\u00e9n incluye la cobertura total de los salarios hasta el 31 de diciembre de las 140 personas que trabajan en el s\u00f3tano de la mina de sal, as\u00ed como el apoyo a los cerca de 200 agentes econ\u00f3micos que desarrollaban actividades espec\u00edficas en el sector de la hosteler\u00eda cerca de la mina.<\/p>\n<p>Bogdan Ivan:<\/p>\n<p>\u00ab<em>En estos momentos se est\u00e1n analizando las bases de datos para poner en marcha este mecanismo de financiaci\u00f3n, que no puede superar los 300.000 euros por empresa, y que est\u00e1 siendo desarrollado por el Ministerio de Econom\u00eda, el Ministerio de Hacienda y el Consejo de Competencia con el fin de preparar lo antes posible la Orden Ministerial de lanzamiento de este plan<\/em>\u00bb.<\/p>\n<p>Se asignar\u00e1n 300 millones de leus (~60 millones de euros) con cargo al presupuesto nacional, y 100 millones de leus (~20 millones de euros) del total se conceder\u00e1n en cuanto se apruebe el r\u00e9gimen de ayudas estatales por orden ministerial, ha declarado el viceprimer ministro T\u00e1nczos Barna, que tambi\u00e9n ha dicho que se inici\u00f3 el mecanismo europeo de apoyo para atraer dinero del fondo de que dispone la Comisi\u00f3n Europea.<\/p>\n<p>T\u00e1nczos Barna:<\/p>\n<p>\u00ab<em>De momento no hay hogares afectados en Praid. Las empresas afectadas son b\u00e1sicamente <\/em>Salrom<em> y las empresas que est\u00e1n en el subterr\u00e1neo con su actividad destruida debido a las inundaciones. Los hogares a\u00fan no se han visto afectados, las personas f\u00edsicas tampoco. Ahora nos estamos centrando en las ayudas estatales y las compensaciones en la parte econ\u00f3mica<\/em>.\u00bb<\/p>\n<p>A partir de hoy, expertos de Espa\u00f1a, Pa\u00edses Bajos, Alemania y Hungr\u00eda llegar\u00e1n a Ruman\u00eda para hacer recomendaciones sobre el riesgo para las personas y el impacto en el medio ambiente, ya que la concentraci\u00f3n de sal en el r\u00edo T\u00e2rnava Mica, en el que desemboca el arroyo Corund y del que depende el suministro de agua potable para casi 40.000 personas, es casi el doble del l\u00edmite permitido. Se ha declarado el estado de emergencia durante 30 d\u00edas en varias ciudades de la regi\u00f3n y se ha aconsejado a la poblaci\u00f3n que no beba agua del suministro p\u00fablico.<\/p>\n<p>&nbsp;<\/p>\n<p>&nbsp;<\/p>\n<p>&nbsp;<\/p>\n<p>&nbsp;<\/p>\n","protected":false},"excerpt":{"rendered":"<p>El Gobierno rumano ha aprobado la primera ayuda financiera para intervenciones en la zona de riesgo de la salina de Praid, gravemente afectada por las inundaciones de finales de mayo. El prefecto del distrito de Harghita (centro) ha anunciado que est\u00e1n en marcha los preparativos para desviar el arroyo Corund, cuyo cauce se ha desbordado [&hellip;]<\/p>\n","protected":false},"author":118,"featured_media":892729,"comment_status":"closed","ping_status":"closed","sticky":false,"template":"","format":"gallery","meta":{"_acf_changed":false,"footnotes":""},"categories":[23],"tags":[137125,148233,138098,171313,161401,171312,152894,171314,145764,149514,148719,49094,147697,148851,149512,145861,147814,138122,143758,151437,158250,159802,145726,146688,112605,146780,166617,171311,151301],"coauthors":[113323],"class_list":["post-895347","post","type-post","status-publish","format-gallery","has-post-thumbnail","hentry","category-en-portada","tag-actividad","tag-agua","tag-apoyo","tag-arroyo","tag-bogdan-ivan-es","tag-cauce","tag-compensaciones","tag-corund-es","tag-empresas","tag-expertos","tag-financiacion","tag-gobierno","tag-impacto","tag-inundaciones","tag-lluvias","tag-localidades","tag-mecanismo","tag-medio-ambiente","tag-mina-es","tag-plan-es","tag-praid-es","tag-regimen","tag-riesgo","tag-rio-es","tag-sal","tag-salina-es","tag-salrom-es","tag-sotano","tag-tanczos-barna-es","post_format-post-format-gallery"],"acf":[],"yoast_head":"<!-- This site is optimized with the Yoast SEO plugin v27.3 - https:\/\/yoast.com\/product\/yoast-seo-wordpress\/ -->\n<title>Obras de emergencia en Praid - Radio Ruman\u00eda Internacional<\/title>\n<meta name=\"robots\" content=\"index, follow, max-snippet:-1, max-image-preview:large, max-video-preview:-1\" \/>\n<link rel=\"canonical\" href=\"https:\/\/www.rri.ro\/es\/actualidad\/en-portada\/obras-de-emergencia-en-praid-id895347.html\" \/>\n<meta property=\"og:locale\" content=\"es_ES\" \/>\n<meta property=\"og:type\" content=\"article\" \/>\n<meta property=\"og:title\" content=\"Obras de emergencia en Praid - Radio Ruman\u00eda Internacional\" \/>\n<meta property=\"og:description\" content=\"El Gobierno rumano ha aprobado la primera ayuda financiera para intervenciones en la zona de riesgo de la salina de Praid, gravemente afectada por las inundaciones de finales de mayo. El prefecto del distrito de Harghita (centro) ha anunciado que est\u00e1n en marcha los preparativos para desviar el arroyo Corund, cuyo cauce se ha desbordado [&hellip;]\" \/>\n<meta property=\"og:url\" content=\"https:\/\/www.rri.ro\/es\/actualidad\/en-portada\/obras-de-emergencia-en-praid-id895347.html\" \/>\n<meta property=\"og:site_name\" content=\"Radio Ruman\u00eda Internacional\" \/>\n<meta property=\"article:published_time\" content=\"2025-06-04T08:17:47+00:00\" \/>\n<meta property=\"og:image\" content=\"https:\/\/www.rri.ro\/wp-content\/uploads\/2025\/05\/inundatii-salina-praid-foto-isu-harghita.jpg\" \/>\n\t<meta property=\"og:image:width\" content=\"980\" \/>\n\t<meta property=\"og:image:height\" content=\"551\" \/>\n\t<meta property=\"og:image:type\" content=\"image\/jpeg\" \/>\n<meta name=\"author\" content=\"Sorin Iordan\" \/>\n<meta name=\"twitter:card\" content=\"summary_large_image\" \/>\n<meta name=\"twitter:label1\" content=\"Escrito por\" \/>\n\t<meta name=\"twitter:data1\" content=\"Sorin Iordan\" \/>\n\t<meta name=\"twitter:label2\" content=\"Tiempo de lectura\" \/>\n\t<meta name=\"twitter:data2\" content=\"3 minutos\" \/>\n\t<meta name=\"twitter:label3\" content=\"Written by\" \/>\n\t<meta name=\"twitter:data3\" content=\"Sorin Iordan\" \/>\n<script type=\"application\/ld+json\" class=\"yoast-schema-graph\">{\"@context\":\"https:\\\/\\\/schema.org\",\"@graph\":[{\"@type\":\"Article\",\"@id\":\"https:\\\/\\\/www.rri.ro\\\/es\\\/actualidad\\\/en-portada\\\/obras-de-emergencia-en-praid-id895347.html#article\",\"isPartOf\":{\"@id\":\"https:\\\/\\\/www.rri.ro\\\/es\\\/actualidad\\\/en-portada\\\/obras-de-emergencia-en-praid-id895347.html\"},\"author\":{\"name\":\"Sorin Iordan\",\"@id\":\"https:\\\/\\\/www.rri.ro\\\/#\\\/schema\\\/person\\\/4f66d7193567114976ed046851bb8dc3\"},\"headline\":\"Obras de emergencia en Praid\",\"datePublished\":\"2025-06-04T08:17:47+00:00\",\"mainEntityOfPage\":{\"@id\":\"https:\\\/\\\/www.rri.ro\\\/es\\\/actualidad\\\/en-portada\\\/obras-de-emergencia-en-praid-id895347.html\"},\"wordCount\":543,\"image\":{\"@id\":\"https:\\\/\\\/www.rri.ro\\\/es\\\/actualidad\\\/en-portada\\\/obras-de-emergencia-en-praid-id895347.html#primaryimage\"},\"thumbnailUrl\":\"https:\\\/\\\/www.rri.ro\\\/wp-content\\\/uploads\\\/2025\\\/05\\\/inundatii-salina-praid-foto-isu-harghita.jpg\",\"keywords\":[\"actividad\",\"agua\",\"apoyo\",\"arroyo\",\"Bogdan Ivan\",\"cauce\",\"compensaciones\",\"Corund\",\"empresas\",\"expertos\",\"financiaci\u00f3n\",\"Gobierno\",\"impacto\",\"inundaciones.\",\"lluvias\",\"localidades\",\"mecanismo\",\"medio ambiente\",\"min\u0103\",\"plan\",\"Praid\",\"r\u00e9gimen\",\"riesgo\",\"Rio\",\"sal\",\"salina\",\"Salrom\",\"s\u00f3tano\",\"Tanczos Barna\"],\"articleSection\":[\"En portada\"],\"inLanguage\":\"es\"},{\"@type\":\"WebPage\",\"@id\":\"https:\\\/\\\/www.rri.ro\\\/es\\\/actualidad\\\/en-portada\\\/obras-de-emergencia-en-praid-id895347.html\",\"url\":\"https:\\\/\\\/www.rri.ro\\\/es\\\/actualidad\\\/en-portada\\\/obras-de-emergencia-en-praid-id895347.html\",\"name\":\"Obras de emergencia en Praid - Radio Ruman\u00eda Internacional\",\"isPartOf\":{\"@id\":\"https:\\\/\\\/www.rri.ro\\\/#website\"},\"primaryImageOfPage\":{\"@id\":\"https:\\\/\\\/www.rri.ro\\\/es\\\/actualidad\\\/en-portada\\\/obras-de-emergencia-en-praid-id895347.html#primaryimage\"},\"image\":{\"@id\":\"https:\\\/\\\/www.rri.ro\\\/es\\\/actualidad\\\/en-portada\\\/obras-de-emergencia-en-praid-id895347.html#primaryimage\"},\"thumbnailUrl\":\"https:\\\/\\\/www.rri.ro\\\/wp-content\\\/uploads\\\/2025\\\/05\\\/inundatii-salina-praid-foto-isu-harghita.jpg\",\"datePublished\":\"2025-06-04T08:17:47+00:00\",\"author\":{\"@id\":\"https:\\\/\\\/www.rri.ro\\\/#\\\/schema\\\/person\\\/4f66d7193567114976ed046851bb8dc3\"},\"breadcrumb\":{\"@id\":\"https:\\\/\\\/www.rri.ro\\\/es\\\/actualidad\\\/en-portada\\\/obras-de-emergencia-en-praid-id895347.html#breadcrumb\"},\"inLanguage\":\"es\",\"potentialAction\":[{\"@type\":\"ReadAction\",\"target\":[\"https:\\\/\\\/www.rri.ro\\\/es\\\/actualidad\\\/en-portada\\\/obras-de-emergencia-en-praid-id895347.html\"]}]},{\"@type\":\"ImageObject\",\"inLanguage\":\"es\",\"@id\":\"https:\\\/\\\/www.rri.ro\\\/es\\\/actualidad\\\/en-portada\\\/obras-de-emergencia-en-praid-id895347.html#primaryimage\",\"url\":\"https:\\\/\\\/www.rri.ro\\\/wp-content\\\/uploads\\\/2025\\\/05\\\/inundatii-salina-praid-foto-isu-harghita.jpg\",\"contentUrl\":\"https:\\\/\\\/www.rri.ro\\\/wp-content\\\/uploads\\\/2025\\\/05\\\/inundatii-salina-praid-foto-isu-harghita.jpg\",\"width\":980,\"height\":551,\"caption\":\"Foto: Ispettorato per le Situazioni di Emergenza Harghita\"},{\"@type\":\"BreadcrumbList\",\"@id\":\"https:\\\/\\\/www.rri.ro\\\/es\\\/actualidad\\\/en-portada\\\/obras-de-emergencia-en-praid-id895347.html#breadcrumb\",\"itemListElement\":[{\"@type\":\"ListItem\",\"position\":1,\"name\":\"P\u00e1gina de inicio\",\"item\":\"https:\\\/\\\/www.rri.ro\\\/es\"},{\"@type\":\"ListItem\",\"position\":2,\"name\":\"Actualidad\",\"item\":\"https:\\\/\\\/www.rri.ro\\\/es\\\/actualidad\"},{\"@type\":\"ListItem\",\"position\":3,\"name\":\"En portada\",\"item\":\"https:\\\/\\\/www.rri.ro\\\/es\\\/actualidad\\\/en-portada\"},{\"@type\":\"ListItem\",\"position\":4,\"name\":\"Obras de emergencia en Praid\"}]},{\"@type\":\"WebSite\",\"@id\":\"https:\\\/\\\/www.rri.ro\\\/#website\",\"url\":\"https:\\\/\\\/www.rri.ro\\\/\",\"name\":\"Radio Ruman\u00eda Internacional\",\"description\":\"Totul despre Rom\u00e2nia \u015fi rom\u00e2ni, \u00een 13 limbi\\\/dialecte!\",\"inLanguage\":\"es\"},{\"@type\":\"Person\",\"@id\":\"https:\\\/\\\/www.rri.ro\\\/#\\\/schema\\\/person\\\/4f66d7193567114976ed046851bb8dc3\",\"name\":\"Sorin Iordan\",\"url\":\"https:\\\/\\\/www.rri.ro\\\/es\\\/author\\\/sorin-iordan\"}]}<\/script>\n<!-- \/ Yoast SEO plugin. -->","yoast_head_json":{"title":"Obras de emergencia en Praid - Radio Ruman\u00eda Internacional","robots":{"index":"index","follow":"follow","max-snippet":"max-snippet:-1","max-image-preview":"max-image-preview:large","max-video-preview":"max-video-preview:-1"},"canonical":"https:\/\/www.rri.ro\/es\/actualidad\/en-portada\/obras-de-emergencia-en-praid-id895347.html","og_locale":"es_ES","og_type":"article","og_title":"Obras de emergencia en Praid - Radio Ruman\u00eda Internacional","og_description":"El Gobierno rumano ha aprobado la primera ayuda financiera para intervenciones en la zona de riesgo de la salina de Praid, gravemente afectada por las inundaciones de finales de mayo. El prefecto del distrito de Harghita (centro) ha anunciado que est\u00e1n en marcha los preparativos para desviar el arroyo Corund, cuyo cauce se ha desbordado [&hellip;]","og_url":"https:\/\/www.rri.ro\/es\/actualidad\/en-portada\/obras-de-emergencia-en-praid-id895347.html","og_site_name":"Radio Ruman\u00eda Internacional","article_published_time":"2025-06-04T08:17:47+00:00","og_image":[{"width":980,"height":551,"url":"https:\/\/www.rri.ro\/wp-content\/uploads\/2025\/05\/inundatii-salina-praid-foto-isu-harghita.jpg","type":"image\/jpeg"}],"author":"Sorin Iordan","twitter_card":"summary_large_image","twitter_misc":{"Escrito por":"Sorin Iordan","Tiempo de lectura":"3 minutos","Written by":"Sorin Iordan"},"schema":{"@context":"https:\/\/schema.org","@graph":[{"@type":"Article","@id":"https:\/\/www.rri.ro\/es\/actualidad\/en-portada\/obras-de-emergencia-en-praid-id895347.html#article","isPartOf":{"@id":"https:\/\/www.rri.ro\/es\/actualidad\/en-portada\/obras-de-emergencia-en-praid-id895347.html"},"author":{"name":"Sorin Iordan","@id":"https:\/\/www.rri.ro\/#\/schema\/person\/4f66d7193567114976ed046851bb8dc3"},"headline":"Obras de emergencia en Praid","datePublished":"2025-06-04T08:17:47+00:00","mainEntityOfPage":{"@id":"https:\/\/www.rri.ro\/es\/actualidad\/en-portada\/obras-de-emergencia-en-praid-id895347.html"},"wordCount":543,"image":{"@id":"https:\/\/www.rri.ro\/es\/actualidad\/en-portada\/obras-de-emergencia-en-praid-id895347.html#primaryimage"},"thumbnailUrl":"https:\/\/www.rri.ro\/wp-content\/uploads\/2025\/05\/inundatii-salina-praid-foto-isu-harghita.jpg","keywords":["actividad","agua","apoyo","arroyo","Bogdan Ivan","cauce","compensaciones","Corund","empresas","expertos","financiaci\u00f3n","Gobierno","impacto","inundaciones.","lluvias","localidades","mecanismo","medio ambiente","min\u0103","plan","Praid","r\u00e9gimen","riesgo","Rio","sal","salina","Salrom","s\u00f3tano","Tanczos Barna"],"articleSection":["En portada"],"inLanguage":"es"},{"@type":"WebPage","@id":"https:\/\/www.rri.ro\/es\/actualidad\/en-portada\/obras-de-emergencia-en-praid-id895347.html","url":"https:\/\/www.rri.ro\/es\/actualidad\/en-portada\/obras-de-emergencia-en-praid-id895347.html","name":"Obras de emergencia en Praid - Radio Ruman\u00eda Internacional","isPartOf":{"@id":"https:\/\/www.rri.ro\/#website"},"primaryImageOfPage":{"@id":"https:\/\/www.rri.ro\/es\/actualidad\/en-portada\/obras-de-emergencia-en-praid-id895347.html#primaryimage"},"image":{"@id":"https:\/\/www.rri.ro\/es\/actualidad\/en-portada\/obras-de-emergencia-en-praid-id895347.html#primaryimage"},"thumbnailUrl":"https:\/\/www.rri.ro\/wp-content\/uploads\/2025\/05\/inundatii-salina-praid-foto-isu-harghita.jpg","datePublished":"2025-06-04T08:17:47+00:00","author":{"@id":"https:\/\/www.rri.ro\/#\/schema\/person\/4f66d7193567114976ed046851bb8dc3"},"breadcrumb":{"@id":"https:\/\/www.rri.ro\/es\/actualidad\/en-portada\/obras-de-emergencia-en-praid-id895347.html#breadcrumb"},"inLanguage":"es","potentialAction":[{"@type":"ReadAction","target":["https:\/\/www.rri.ro\/es\/actualidad\/en-portada\/obras-de-emergencia-en-praid-id895347.html"]}]},{"@type":"ImageObject","inLanguage":"es","@id":"https:\/\/www.rri.ro\/es\/actualidad\/en-portada\/obras-de-emergencia-en-praid-id895347.html#primaryimage","url":"https:\/\/www.rri.ro\/wp-content\/uploads\/2025\/05\/inundatii-salina-praid-foto-isu-harghita.jpg","contentUrl":"https:\/\/www.rri.ro\/wp-content\/uploads\/2025\/05\/inundatii-salina-praid-foto-isu-harghita.jpg","width":980,"height":551,"caption":"Foto: Ispettorato per le Situazioni di Emergenza Harghita"},{"@type":"BreadcrumbList","@id":"https:\/\/www.rri.ro\/es\/actualidad\/en-portada\/obras-de-emergencia-en-praid-id895347.html#breadcrumb","itemListElement":[{"@type":"ListItem","position":1,"name":"P\u00e1gina de inicio","item":"https:\/\/www.rri.ro\/es"},{"@type":"ListItem","position":2,"name":"Actualidad","item":"https:\/\/www.rri.ro\/es\/actualidad"},{"@type":"ListItem","position":3,"name":"En portada","item":"https:\/\/www.rri.ro\/es\/actualidad\/en-portada"},{"@type":"ListItem","position":4,"name":"Obras de emergencia en Praid"}]},{"@type":"WebSite","@id":"https:\/\/www.rri.ro\/#website","url":"https:\/\/www.rri.ro\/","name":"Radio Ruman\u00eda Internacional","description":"Totul despre Rom\u00e2nia \u015fi rom\u00e2ni, \u00een 13 limbi\/dialecte!","inLanguage":"es"},{"@type":"Person","@id":"https:\/\/www.rri.ro\/#\/schema\/person\/4f66d7193567114976ed046851bb8dc3","name":"Sorin Iordan","url":"https:\/\/www.rri.ro\/es\/author\/sorin-iordan"}]}},"_links":{"self":[{"href":"https:\/\/www.rri.ro\/es\/wp-json\/wp\/v2\/posts\/895347","targetHints":{"allow":["GET"]}}],"collection":[{"href":"https:\/\/www.rri.ro\/es\/wp-json\/wp\/v2\/posts"}],"about":[{"href":"https:\/\/www.rri.ro\/es\/wp-json\/wp\/v2\/types\/post"}],"author":[{"embeddable":true,"href":"https:\/\/www.rri.ro\/es\/wp-json\/wp\/v2\/users\/118"}],"replies":[{"embeddable":true,"href":"https:\/\/www.rri.ro\/es\/wp-json\/wp\/v2\/comments?post=895347"}],"version-history":[{"count":0,"href":"https:\/\/www.rri.ro\/es\/wp-json\/wp\/v2\/posts\/895347\/revisions"}],"wp:featuredmedia":[{"embeddable":true,"href":"https:\/\/www.rri.ro\/es\/wp-json\/wp\/v2\/media\/892729"}],"wp:attachment":[{"href":"https:\/\/www.rri.ro\/es\/wp-json\/wp\/v2\/media?parent=895347"}],"wp:term":[{"taxonomy":"category","embeddable":true,"href":"https:\/\/www.rri.ro\/es\/wp-json\/wp\/v2\/categories?post=895347"},{"taxonomy":"post_tag","embeddable":true,"href":"https:\/\/www.rri.ro\/es\/wp-json\/wp\/v2\/tags?post=895347"},{"taxonomy":"author","embeddable":true,"href":"https:\/\/www.rri.ro\/es\/wp-json\/wp\/v2\/coauthors?post=895347"}],"curies":[{"name":"wp","href":"https:\/\/api.w.org\/{rel}","templated":true}]}}