{"id":895603,"date":"2025-06-04T17:55:31","date_gmt":"2025-06-04T14:55:31","guid":{"rendered":"https:\/\/www.rri.ro\/?p=895603"},"modified":"2025-06-04T17:55:31","modified_gmt":"2025-06-04T14:55:31","slug":"actualidad-deportiva-4-de-junio-de-2025","status":"publish","type":"post","link":"https:\/\/www.rri.ro\/es\/cronica-semanal\/deporte\/actualidad-deportiva-4-de-junio-de-2025-id895603.html","title":{"rendered":"Actualidad deportiva, 4 de junio de 2025"},"content":{"rendered":"<p>&nbsp;<\/p>\n<p>&nbsp;<br \/>\n\u00a1Bienvenidos a una nueva edici\u00f3n del programa de informaci\u00f3n deportiva de RRI!<br \/>\nEmpezamos con gimnasia art\u00edstica: Ana B\u0103rbosu, oro y plata en los Europeos. Ruman\u00eda finaliz\u00f3 el Campeonato Europeo de Leipzig, Alemania, con un r\u00e9cord de cuatro medallas, todas ganadas por la gimnasta Ana B\u0103rbosu: oro en suelo, plata en barra de equilibrio, bronce en individual compuesto y en barras asim\u00e9tricas.<br \/>\nEn la modalidad individual, Ruman\u00eda no hab\u00eda ganado una medalla en 12 a\u00f1os, desde la plata obtenida por Larisa Iordache (2013).<br \/>\nAdem\u00e1s, en barras paralelas, Ruman\u00eda no hab\u00eda subido al podio en 17 a\u00f1os (plata en 2008, gracias a Steliana Nistor). Ana B\u0103rbosu naci\u00f3 el 26 de julio de 2006 en Foc\u0219ani. En el Campeonato Europeo de 2020 en Mersin, la gimnasta gan\u00f3 el oro en salto (13.700), en barras asim\u00e9tricas (13.450), en barra de equilibrio (13.100) y en suelo (13.250). Ana debut\u00f3 en la Copa del Mundo de Gimnasia Art\u00edstica de 2022, a los 16 a\u00f1os, en Osijek (Croacia), donde gan\u00f3 una medalla de oro y una de bronce.<br \/>\nEn agosto de 2024, Ana Barbosu recibi\u00f3 en Bucarest su medalla de bronce de la prueba de suelo de los Juegos Ol\u00edmpicos de Par\u00eds, que en un primer momento se hab\u00eda concedido a la estadounidense Jordan Chiles.<br \/>\nEl 5 de agosto, en el noveno d\u00eda de competiciones ol\u00edmpicas, Chiles (23 a\u00f1os) subi\u00f3 al tercer escal\u00f3n del podio, por detr\u00e1s de la brasile\u00f1a Rebeca Andrade (oro) y de la estrella estadounidense Simone Biles (plata).Fue entonces cuando Ruman\u00eda acudi\u00f3 al Tribunal Arbitral del Deporte (TAS), que determin\u00f3 que la reclamaci\u00f3n estadounidense se hab\u00eda realizado fuera de plazo y reatribuy\u00f3 el tercer lugar a Barbosu.<\/p>\n<p>En el actual Campeonato Europeo, el equipo femenino rumano termin\u00f3 en cuarto lugar. Adem\u00e1s de Ana B\u0103rbosu y Denisa Golgot\u0103, nuestro equipo tambi\u00e9n inclu\u00eda a Sabrina Voinea, Lilia Cosman y Ella Oprea.<\/p>\n<p>Ruman\u00eda finaliz\u00f3 en segundo lugar en el Campeonato Europeo de Remo, con 7 medallas ganadas<br \/>\nRuman\u00eda termin\u00f3 el Campeonato Europeo de Remo de 2025 en Plovdiv Bulgaria, en segundo lugar, por detr\u00e1s de Reino Unido.<br \/>\nResultados casi id\u00e9nticos a los de la delegaci\u00f3n rumana de 2024 en el Campeonato Europeo de Remo. Si bien nuestros atletas regresaron de Szeged con ocho medallas (cuatro de oro, dos de plata y dos de bronce), esta vez solo falta una medalla de oro, dado que nuestro pa\u00eds no particip\u00f3 en las pruebas de peso ligero, que fueron eliminadas del programa ol\u00edmpico. ORO &#8211; doble scull femenino (Simona Radi\u0219 y Magdalena Rusu) + r\u00e9cord europeo (06:49.18), primera medalla en esta f\u00f3rmula y octavo t\u00edtulo continental para ambas atletas;<br \/>\nORO &#8211; doble scull masculino (Florin Lehaci y Florin Arteni) + r\u00e9cord europeo (06:11.57), primer t\u00edtulo para este equipo;<br \/>\nORO &#8211; cuatro scull masculino (Sergiu Bejan, Ciprian Tudos\u0103, \u0218tefan Berariu y Andrei M\u00eendril\u0103);<br \/>\nPLATA &#8211; doble scull masculino (Florin Enache y Andrei Cornea);<br \/>\nPLATA &#8211; cuatro scull femenino (Ancu\u021ba Bodnar, Maria Lehaci, Adriana Adam y Amalia Bere\u0219);<br \/>\nBRONCE &#8211; doble scull femenino (Andrada Moro\u0219anu y Mariana Dumitru);<br \/>\nBRONCE &#8211; scull individual masculino (Mihai Chiru\u021b\u0103), la primera medalla en la historia de Rumania, en esta prueba, para s\u00e9niors;<br \/>\nRuman\u00eda estuvo representada en Plovdiv con 41 atletas, inscritos en 12 pruebas. De las 12 tripulaciones, diez se clasificaron para la final A.<\/p>\n<p>El futbolista rumano Nicolae Stanciu firma con el Genoa! Contrato hasta 2027<br \/>\nEl capit\u00e1n de la selecci\u00f3n rumana de f\u00fatbol, Nicolae Stanciu, ha firmado con el Genoa de la Serie A. El club italiano, propiedad de Dan \u015eucu, anunci\u00f3 el domingo en su p\u00e1gina web oficial la adquisici\u00f3n del centrocampista rumano. Nicolae Stanciu ha firmado un contrato v\u00e1lido hasta 2027 y lucir\u00e1 el dorsal 8 en el Genoa.<\/p>\n<p>Ruman\u00eda necesita 4 puntos para mantener sus opciones de clasificarse a la fase final del Mundial 2026.<br \/>\nLa convocatoria rumana, de la primera selecci\u00f3n representativa, incluye 27 futbolistas, 14 del campeonato nacional y otros 13 de clubes extranjeros.<br \/>\nEntradas agotadas para el partido en Viena y solo quedan unas pocas disponibles para el encuentro contra Chipre. La afici\u00f3n tricolor compr\u00f3 r\u00e1pidamente todas las entradas ofrecidas por la Federaci\u00f3n Austriaca de F\u00fatbol, que se neg\u00f3 a ampliar su n\u00famero. Mientras tanto, la FRF puso a la venta las \u00faltimas entradas para el partido contra Chipre.<br \/>\nS\u00e1bado, 7 de junio, 21:45: Austria vs. RUMANIA (Estadio Ernst-Happel, Viena)<br \/>\nMartes, 10 de junio, 21:45: RUMANIA vs. Chipre (National Arena, Bucarest)<\/p>\n<p>El PSG gana la Champions por primera vez y el \u00e1rbitro rumano Istvan Kovacs hace historia.<br \/>\nEl Paris Saint-Germain gan\u00f3 la Champions League por primera vez en la historia del f\u00fatbol, mientras que El rumano Istvan Kovacs (40 a\u00f1os) se convirti\u00f3 en el primer \u00e1rbitro en arbitrar las finales de las tres competiciones europeas de clubes: Liga de Campeones, Liga Europa y Liga Conferencia.<br \/>\nNuestra cita termina aqu\u00ed. <\/p>\n","protected":false},"excerpt":{"rendered":"<p>&nbsp; &nbsp; \u00a1Bienvenidos a una nueva edici\u00f3n del programa de informaci\u00f3n deportiva de RRI! Empezamos con gimnasia art\u00edstica: Ana B\u0103rbosu, oro y plata en los Europeos. Ruman\u00eda finaliz\u00f3 el Campeonato Europeo de Leipzig, Alemania, con un r\u00e9cord de cuatro medallas, todas ganadas por la gimnasta Ana B\u0103rbosu: oro en suelo, plata en barra de equilibrio, [&hellip;]<\/p>\n","protected":false},"author":38,"featured_media":797451,"comment_status":"closed","ping_status":"closed","sticky":false,"template":"","format":"standard","meta":{"_acf_changed":false,"footnotes":""},"categories":[112393],"tags":[171406,48960,171124,169848,171400,171403,171397,171182,171398,171394,152361,171405,160521,171399,112350,171402,150048,157050,147185,171401,171404,149708,143759,171395,152709,150000,48949,49196,171396,152264,149517],"coauthors":[132172],"class_list":["post-895603","post","type-post","status-publish","format-standard","has-post-thumbnail","hentry","category-deporte","tag-12-anos","tag-alemania","tag-ana-barbosu-es","tag-arbitro","tag-barra-de-equilibrio","tag-barras-asimetricas","tag-campeonato-europeo-de-leipzig","tag-ciprian-tudosa-es","tag-cuatro-medallas","tag-doble-scull-masculino-florin-lehaci-y-florin-arteni-record-europeo-0611-57","tag-europeos","tag-ganado","tag-genoa-es","tag-gimnasta-ana-barbosu","tag-historia","tag-individual-compuesto","tag-istvan-kovacs-es","tag-larisa-iordache-es","tag-medalla","tag-modalidad","tag-modalidad-individual","tag-nicolae-stanciu-es","tag-oro-es","tag-oro-cuatro-scull-masculino-sergiu-bejan","tag-plata-es","tag-record-es","tag-rumania","tag-rumano","tag-stefan-berariu-y-andrei-mindrila-plata-doble-scull-masculino-florin-enache-y-andrei-cornea","tag-suelo","tag-titulo"],"acf":[],"yoast_head":"<!-- This site is optimized with the Yoast SEO plugin v27.5 - https:\/\/yoast.com\/product\/yoast-seo-wordpress\/ -->\n<title>Actualidad deportiva, 4 de junio de 2025 - Radio Ruman\u00eda Internacional<\/title>\n<meta name=\"robots\" content=\"index, follow, max-snippet:-1, max-image-preview:large, max-video-preview:-1\" \/>\n<link rel=\"canonical\" href=\"https:\/\/www.rri.ro\/es\/cronica-semanal\/deporte\/actualidad-deportiva-4-de-junio-de-2025-id895603.html\" \/>\n<meta property=\"og:locale\" content=\"es_ES\" \/>\n<meta property=\"og:type\" content=\"article\" \/>\n<meta property=\"og:title\" content=\"Actualidad deportiva, 4 de junio de 2025 - Radio Ruman\u00eda Internacional\" \/>\n<meta property=\"og:description\" content=\"&nbsp; &nbsp; \u00a1Bienvenidos a una nueva edici\u00f3n del programa de informaci\u00f3n deportiva de RRI! Empezamos con gimnasia art\u00edstica: Ana B\u0103rbosu, oro y plata en los Europeos. Ruman\u00eda finaliz\u00f3 el Campeonato Europeo de Leipzig, Alemania, con un r\u00e9cord de cuatro medallas, todas ganadas por la gimnasta Ana B\u0103rbosu: oro en suelo, plata en barra de equilibrio, [&hellip;]\" \/>\n<meta property=\"og:url\" content=\"https:\/\/www.rri.ro\/es\/cronica-semanal\/deporte\/actualidad-deportiva-4-de-junio-de-2025-id895603.html\" \/>\n<meta property=\"og:site_name\" content=\"Radio Ruman\u00eda Internacional\" \/>\n<meta property=\"article:published_time\" content=\"2025-06-04T14:55:31+00:00\" \/>\n<meta property=\"og:image\" content=\"https:\/\/www.rri.ro\/wp-content\/uploads\/2024\/08\/Ana-Barbosu-sursa-foto-Facebook-Comitetul-Olimpic-si-Sportiv-Romancredit-Cristian-Nistor.jpg\" \/>\n\t<meta property=\"og:image:width\" content=\"960\" \/>\n\t<meta property=\"og:image:height\" content=\"620\" \/>\n\t<meta property=\"og:image:type\" content=\"image\/jpeg\" \/>\n<meta name=\"author\" content=\"Simona Sarbescu\" \/>\n<meta name=\"twitter:card\" content=\"summary_large_image\" \/>\n<meta name=\"twitter:label1\" content=\"Escrito por\" \/>\n\t<meta name=\"twitter:data1\" content=\"Simona Sarbescu\" \/>\n\t<meta name=\"twitter:label2\" content=\"Tiempo de lectura\" \/>\n\t<meta name=\"twitter:data2\" content=\"4 minutos\" \/>\n\t<meta name=\"twitter:label3\" content=\"Written by\" \/>\n\t<meta name=\"twitter:data3\" content=\"Simona Sarbescu\" \/>\n<script type=\"application\/ld+json\" class=\"yoast-schema-graph\">{\"@context\":\"https:\\\/\\\/schema.org\",\"@graph\":[{\"@type\":\"Article\",\"@id\":\"https:\\\/\\\/www.rri.ro\\\/es\\\/cronica-semanal\\\/deporte\\\/actualidad-deportiva-4-de-junio-de-2025-id895603.html#article\",\"isPartOf\":{\"@id\":\"https:\\\/\\\/www.rri.ro\\\/es\\\/cronica-semanal\\\/deporte\\\/actualidad-deportiva-4-de-junio-de-2025-id895603.html\"},\"author\":{\"name\":\"Simona Sarbescu\",\"@id\":\"https:\\\/\\\/www.rri.ro\\\/#\\\/schema\\\/person\\\/1e5b68c542aa18216bc645b5072f1273\"},\"headline\":\"Actualidad deportiva, 4 de junio de 2025\",\"datePublished\":\"2025-06-04T14:55:31+00:00\",\"mainEntityOfPage\":{\"@id\":\"https:\\\/\\\/www.rri.ro\\\/es\\\/cronica-semanal\\\/deporte\\\/actualidad-deportiva-4-de-junio-de-2025-id895603.html\"},\"wordCount\":829,\"image\":{\"@id\":\"https:\\\/\\\/www.rri.ro\\\/es\\\/cronica-semanal\\\/deporte\\\/actualidad-deportiva-4-de-junio-de-2025-id895603.html#primaryimage\"},\"thumbnailUrl\":\"https:\\\/\\\/www.rri.ro\\\/wp-content\\\/uploads\\\/2024\\\/08\\\/Ana-Barbosu-sursa-foto-Facebook-Comitetul-Olimpic-si-Sportiv-Romancredit-Cristian-Nistor.jpg\",\"keywords\":[\"12 a\u00f1os\",\"Alemania\",\"Ana Barbosu\",\"\u00e1rbitro\",\"barra de equilibrio\",\"barras asim\u00e9tricas\",\"Campeonato Europeo de Leipzig\",\"Ciprian Tudosa\",\"cuatro medallas\",\"doble scull masculino (Florin Lehaci y Florin Arteni) + r\u00e9cord europeo (06:11.57)\",\"europeos\",\"ganado\",\"Genoa\",\"gimnasta Ana B\u0103rbosu\",\"Historia\",\"individual compuesto\",\"Istvan Kovacs\",\"Larisa Iordache\",\"medalla\",\"modalidad\",\"modalidad individual\",\"Nicolae Stanciu\",\"oro\",\"ORO - cuatro scull masculino (Sergiu Bejan\",\"plata\",\"record\",\"Rumania\",\"rumano!\",\"\u0218tefan Berariu y Andrei M\u00eendril\u0103); PLATA - doble scull masculino (Florin Enache y Andrei Cornea)\",\"suelo\",\"t\u00edtulo\"],\"articleSection\":[\"Deporte\"],\"inLanguage\":\"es\"},{\"@type\":\"WebPage\",\"@id\":\"https:\\\/\\\/www.rri.ro\\\/es\\\/cronica-semanal\\\/deporte\\\/actualidad-deportiva-4-de-junio-de-2025-id895603.html\",\"url\":\"https:\\\/\\\/www.rri.ro\\\/es\\\/cronica-semanal\\\/deporte\\\/actualidad-deportiva-4-de-junio-de-2025-id895603.html\",\"name\":\"Actualidad deportiva, 4 de junio de 2025 - Radio Ruman\u00eda Internacional\",\"isPartOf\":{\"@id\":\"https:\\\/\\\/www.rri.ro\\\/#website\"},\"primaryImageOfPage\":{\"@id\":\"https:\\\/\\\/www.rri.ro\\\/es\\\/cronica-semanal\\\/deporte\\\/actualidad-deportiva-4-de-junio-de-2025-id895603.html#primaryimage\"},\"image\":{\"@id\":\"https:\\\/\\\/www.rri.ro\\\/es\\\/cronica-semanal\\\/deporte\\\/actualidad-deportiva-4-de-junio-de-2025-id895603.html#primaryimage\"},\"thumbnailUrl\":\"https:\\\/\\\/www.rri.ro\\\/wp-content\\\/uploads\\\/2024\\\/08\\\/Ana-Barbosu-sursa-foto-Facebook-Comitetul-Olimpic-si-Sportiv-Romancredit-Cristian-Nistor.jpg\",\"datePublished\":\"2025-06-04T14:55:31+00:00\",\"author\":{\"@id\":\"https:\\\/\\\/www.rri.ro\\\/#\\\/schema\\\/person\\\/1e5b68c542aa18216bc645b5072f1273\"},\"breadcrumb\":{\"@id\":\"https:\\\/\\\/www.rri.ro\\\/es\\\/cronica-semanal\\\/deporte\\\/actualidad-deportiva-4-de-junio-de-2025-id895603.html#breadcrumb\"},\"inLanguage\":\"es\",\"potentialAction\":[{\"@type\":\"ReadAction\",\"target\":[\"https:\\\/\\\/www.rri.ro\\\/es\\\/cronica-semanal\\\/deporte\\\/actualidad-deportiva-4-de-junio-de-2025-id895603.html\"]}]},{\"@type\":\"ImageObject\",\"inLanguage\":\"es\",\"@id\":\"https:\\\/\\\/www.rri.ro\\\/es\\\/cronica-semanal\\\/deporte\\\/actualidad-deportiva-4-de-junio-de-2025-id895603.html#primaryimage\",\"url\":\"https:\\\/\\\/www.rri.ro\\\/wp-content\\\/uploads\\\/2024\\\/08\\\/Ana-Barbosu-sursa-foto-Facebook-Comitetul-Olimpic-si-Sportiv-Romancredit-Cristian-Nistor.jpg\",\"contentUrl\":\"https:\\\/\\\/www.rri.ro\\\/wp-content\\\/uploads\\\/2024\\\/08\\\/Ana-Barbosu-sursa-foto-Facebook-Comitetul-Olimpic-si-Sportiv-Romancredit-Cristian-Nistor.jpg\",\"width\":960,\"height\":620,\"caption\":\"CRISTIAN NISTOR AGERPRES\"},{\"@type\":\"BreadcrumbList\",\"@id\":\"https:\\\/\\\/www.rri.ro\\\/es\\\/cronica-semanal\\\/deporte\\\/actualidad-deportiva-4-de-junio-de-2025-id895603.html#breadcrumb\",\"itemListElement\":[{\"@type\":\"ListItem\",\"position\":1,\"name\":\"P\u00e1gina de inicio\",\"item\":\"https:\\\/\\\/www.rri.ro\\\/es\"},{\"@type\":\"ListItem\",\"position\":2,\"name\":\"Cr\u00f3nica semanal\",\"item\":\"https:\\\/\\\/www.rri.ro\\\/es\\\/cronica-semanal\"},{\"@type\":\"ListItem\",\"position\":3,\"name\":\"Deporte\",\"item\":\"https:\\\/\\\/www.rri.ro\\\/es\\\/cronica-semanal\\\/deporte\"},{\"@type\":\"ListItem\",\"position\":4,\"name\":\"Actualidad deportiva, 4 de junio de 2025\"}]},{\"@type\":\"WebSite\",\"@id\":\"https:\\\/\\\/www.rri.ro\\\/#website\",\"url\":\"https:\\\/\\\/www.rri.ro\\\/\",\"name\":\"Radio Ruman\u00eda Internacional\",\"description\":\"Totul despre Rom\u00e2nia \u015fi rom\u00e2ni, \u00een 13 limbi\\\/dialecte!\",\"inLanguage\":\"es\"},{\"@type\":\"Person\",\"@id\":\"https:\\\/\\\/www.rri.ro\\\/#\\\/schema\\\/person\\\/1e5b68c542aa18216bc645b5072f1273\",\"name\":\"Simona Sarbescu\",\"url\":\"https:\\\/\\\/www.rri.ro\\\/es\\\/author\\\/simona-sarbescu\"}]}<\/script>\n<!-- \/ Yoast SEO plugin. -->","yoast_head_json":{"title":"Actualidad deportiva, 4 de junio de 2025 - Radio Ruman\u00eda Internacional","robots":{"index":"index","follow":"follow","max-snippet":"max-snippet:-1","max-image-preview":"max-image-preview:large","max-video-preview":"max-video-preview:-1"},"canonical":"https:\/\/www.rri.ro\/es\/cronica-semanal\/deporte\/actualidad-deportiva-4-de-junio-de-2025-id895603.html","og_locale":"es_ES","og_type":"article","og_title":"Actualidad deportiva, 4 de junio de 2025 - Radio Ruman\u00eda Internacional","og_description":"&nbsp; &nbsp; \u00a1Bienvenidos a una nueva edici\u00f3n del programa de informaci\u00f3n deportiva de RRI! Empezamos con gimnasia art\u00edstica: Ana B\u0103rbosu, oro y plata en los Europeos. Ruman\u00eda finaliz\u00f3 el Campeonato Europeo de Leipzig, Alemania, con un r\u00e9cord de cuatro medallas, todas ganadas por la gimnasta Ana B\u0103rbosu: oro en suelo, plata en barra de equilibrio, [&hellip;]","og_url":"https:\/\/www.rri.ro\/es\/cronica-semanal\/deporte\/actualidad-deportiva-4-de-junio-de-2025-id895603.html","og_site_name":"Radio Ruman\u00eda Internacional","article_published_time":"2025-06-04T14:55:31+00:00","og_image":[{"width":960,"height":620,"url":"https:\/\/www.rri.ro\/wp-content\/uploads\/2024\/08\/Ana-Barbosu-sursa-foto-Facebook-Comitetul-Olimpic-si-Sportiv-Romancredit-Cristian-Nistor.jpg","type":"image\/jpeg"}],"author":"Simona Sarbescu","twitter_card":"summary_large_image","twitter_misc":{"Escrito por":"Simona Sarbescu","Tiempo de lectura":"4 minutos","Written by":"Simona Sarbescu"},"schema":{"@context":"https:\/\/schema.org","@graph":[{"@type":"Article","@id":"https:\/\/www.rri.ro\/es\/cronica-semanal\/deporte\/actualidad-deportiva-4-de-junio-de-2025-id895603.html#article","isPartOf":{"@id":"https:\/\/www.rri.ro\/es\/cronica-semanal\/deporte\/actualidad-deportiva-4-de-junio-de-2025-id895603.html"},"author":{"name":"Simona Sarbescu","@id":"https:\/\/www.rri.ro\/#\/schema\/person\/1e5b68c542aa18216bc645b5072f1273"},"headline":"Actualidad deportiva, 4 de junio de 2025","datePublished":"2025-06-04T14:55:31+00:00","mainEntityOfPage":{"@id":"https:\/\/www.rri.ro\/es\/cronica-semanal\/deporte\/actualidad-deportiva-4-de-junio-de-2025-id895603.html"},"wordCount":829,"image":{"@id":"https:\/\/www.rri.ro\/es\/cronica-semanal\/deporte\/actualidad-deportiva-4-de-junio-de-2025-id895603.html#primaryimage"},"thumbnailUrl":"https:\/\/www.rri.ro\/wp-content\/uploads\/2024\/08\/Ana-Barbosu-sursa-foto-Facebook-Comitetul-Olimpic-si-Sportiv-Romancredit-Cristian-Nistor.jpg","keywords":["12 a\u00f1os","Alemania","Ana Barbosu","\u00e1rbitro","barra de equilibrio","barras asim\u00e9tricas","Campeonato Europeo de Leipzig","Ciprian Tudosa","cuatro medallas","doble scull masculino (Florin Lehaci y Florin Arteni) + r\u00e9cord europeo (06:11.57)","europeos","ganado","Genoa","gimnasta Ana B\u0103rbosu","Historia","individual compuesto","Istvan Kovacs","Larisa Iordache","medalla","modalidad","modalidad individual","Nicolae Stanciu","oro","ORO - cuatro scull masculino (Sergiu Bejan","plata","record","Rumania","rumano!","\u0218tefan Berariu y Andrei M\u00eendril\u0103); PLATA - doble scull masculino (Florin Enache y Andrei Cornea)","suelo","t\u00edtulo"],"articleSection":["Deporte"],"inLanguage":"es"},{"@type":"WebPage","@id":"https:\/\/www.rri.ro\/es\/cronica-semanal\/deporte\/actualidad-deportiva-4-de-junio-de-2025-id895603.html","url":"https:\/\/www.rri.ro\/es\/cronica-semanal\/deporte\/actualidad-deportiva-4-de-junio-de-2025-id895603.html","name":"Actualidad deportiva, 4 de junio de 2025 - Radio Ruman\u00eda Internacional","isPartOf":{"@id":"https:\/\/www.rri.ro\/#website"},"primaryImageOfPage":{"@id":"https:\/\/www.rri.ro\/es\/cronica-semanal\/deporte\/actualidad-deportiva-4-de-junio-de-2025-id895603.html#primaryimage"},"image":{"@id":"https:\/\/www.rri.ro\/es\/cronica-semanal\/deporte\/actualidad-deportiva-4-de-junio-de-2025-id895603.html#primaryimage"},"thumbnailUrl":"https:\/\/www.rri.ro\/wp-content\/uploads\/2024\/08\/Ana-Barbosu-sursa-foto-Facebook-Comitetul-Olimpic-si-Sportiv-Romancredit-Cristian-Nistor.jpg","datePublished":"2025-06-04T14:55:31+00:00","author":{"@id":"https:\/\/www.rri.ro\/#\/schema\/person\/1e5b68c542aa18216bc645b5072f1273"},"breadcrumb":{"@id":"https:\/\/www.rri.ro\/es\/cronica-semanal\/deporte\/actualidad-deportiva-4-de-junio-de-2025-id895603.html#breadcrumb"},"inLanguage":"es","potentialAction":[{"@type":"ReadAction","target":["https:\/\/www.rri.ro\/es\/cronica-semanal\/deporte\/actualidad-deportiva-4-de-junio-de-2025-id895603.html"]}]},{"@type":"ImageObject","inLanguage":"es","@id":"https:\/\/www.rri.ro\/es\/cronica-semanal\/deporte\/actualidad-deportiva-4-de-junio-de-2025-id895603.html#primaryimage","url":"https:\/\/www.rri.ro\/wp-content\/uploads\/2024\/08\/Ana-Barbosu-sursa-foto-Facebook-Comitetul-Olimpic-si-Sportiv-Romancredit-Cristian-Nistor.jpg","contentUrl":"https:\/\/www.rri.ro\/wp-content\/uploads\/2024\/08\/Ana-Barbosu-sursa-foto-Facebook-Comitetul-Olimpic-si-Sportiv-Romancredit-Cristian-Nistor.jpg","width":960,"height":620,"caption":"CRISTIAN NISTOR AGERPRES"},{"@type":"BreadcrumbList","@id":"https:\/\/www.rri.ro\/es\/cronica-semanal\/deporte\/actualidad-deportiva-4-de-junio-de-2025-id895603.html#breadcrumb","itemListElement":[{"@type":"ListItem","position":1,"name":"P\u00e1gina de inicio","item":"https:\/\/www.rri.ro\/es"},{"@type":"ListItem","position":2,"name":"Cr\u00f3nica semanal","item":"https:\/\/www.rri.ro\/es\/cronica-semanal"},{"@type":"ListItem","position":3,"name":"Deporte","item":"https:\/\/www.rri.ro\/es\/cronica-semanal\/deporte"},{"@type":"ListItem","position":4,"name":"Actualidad deportiva, 4 de junio de 2025"}]},{"@type":"WebSite","@id":"https:\/\/www.rri.ro\/#website","url":"https:\/\/www.rri.ro\/","name":"Radio Ruman\u00eda Internacional","description":"Totul despre Rom\u00e2nia \u015fi rom\u00e2ni, \u00een 13 limbi\/dialecte!","inLanguage":"es"},{"@type":"Person","@id":"https:\/\/www.rri.ro\/#\/schema\/person\/1e5b68c542aa18216bc645b5072f1273","name":"Simona Sarbescu","url":"https:\/\/www.rri.ro\/es\/author\/simona-sarbescu"}]}},"_links":{"self":[{"href":"https:\/\/www.rri.ro\/es\/wp-json\/wp\/v2\/posts\/895603","targetHints":{"allow":["GET"]}}],"collection":[{"href":"https:\/\/www.rri.ro\/es\/wp-json\/wp\/v2\/posts"}],"about":[{"href":"https:\/\/www.rri.ro\/es\/wp-json\/wp\/v2\/types\/post"}],"author":[{"embeddable":true,"href":"https:\/\/www.rri.ro\/es\/wp-json\/wp\/v2\/users\/38"}],"replies":[{"embeddable":true,"href":"https:\/\/www.rri.ro\/es\/wp-json\/wp\/v2\/comments?post=895603"}],"version-history":[{"count":0,"href":"https:\/\/www.rri.ro\/es\/wp-json\/wp\/v2\/posts\/895603\/revisions"}],"wp:featuredmedia":[{"embeddable":true,"href":"https:\/\/www.rri.ro\/es\/wp-json\/wp\/v2\/media\/797451"}],"wp:attachment":[{"href":"https:\/\/www.rri.ro\/es\/wp-json\/wp\/v2\/media?parent=895603"}],"wp:term":[{"taxonomy":"category","embeddable":true,"href":"https:\/\/www.rri.ro\/es\/wp-json\/wp\/v2\/categories?post=895603"},{"taxonomy":"post_tag","embeddable":true,"href":"https:\/\/www.rri.ro\/es\/wp-json\/wp\/v2\/tags?post=895603"},{"taxonomy":"author","embeddable":true,"href":"https:\/\/www.rri.ro\/es\/wp-json\/wp\/v2\/coauthors?post=895603"}],"curies":[{"name":"wp","href":"https:\/\/api.w.org\/{rel}","templated":true}]}}