{"id":896280,"date":"2025-06-06T13:56:27","date_gmt":"2025-06-06T10:56:27","guid":{"rendered":"https:\/\/www.rri.ro\/?p=896280"},"modified":"2025-06-06T13:56:27","modified_gmt":"2025-06-06T10:56:27","slug":"avance-informativo-6-06-2025","status":"publish","type":"post","link":"https:\/\/www.rri.ro\/es\/actualidad\/noticias\/avance-informativo-6-06-2025-id896280.html","title":{"rendered":"Avance informativo, 6.06.2025"},"content":{"rendered":"<p>Titulares:<\/p>\n<p>&#8211; <em><strong>Contin\u00faan las negociaciones sobre las medidas para reducir el d\u00e9ficit presupuestario que se incluir\u00e1n en el programa del futuro Gobierno.<\/strong><\/em><\/p>\n<p><em><strong>&#8211; El Producto Interior Bruto de Ruman\u00eda se estanc\u00f3 en el primer trimestre de este a\u00f1o en comparaci\u00f3n con el trimestre anterior.<\/strong><\/em><\/p>\n<p><em><strong>\u00a0&#8211; La selecci\u00f3n rumana de f\u00fatbol se enfrentar\u00e1 el s\u00e1bado a la selecci\u00f3n austriaca en Viena, en la tercera fase de las eliminatorias para el Mundial de 2026<\/strong><\/em><\/p>\n<p>&nbsp;<\/p>\n<p>NEGOCIACIONES \u2013 Este viernes contin\u00faan las negociaciones sobre las medidas para reducir el d\u00e9ficit presupuestario, que se incluir\u00e1n en el futuro programa de gobierno. Las conversaciones se celebran en el Palacio Presidencial de Bucarest. Expertos del Partido Socialdem\u00f3crata, el Partido Nacional Liberal, la Uni\u00f3n para Salvar Ruman\u00eda y la Uni\u00f3n Democr\u00e1tica H\u00fangara de Ruman\u00eda analizan una serie de propuestas, y la decisi\u00f3n final se anunciar\u00e1 el pr\u00f3ximo lunes por la noche, tras la conclusi\u00f3n de las negociaciones entre el presidente Nicusor Dan y los l\u00edderes de los cuatro partidos mencionados, que se declaran proeuropeos. El Estado debe conseguir 30\u00a0000 millones de leus (6 millones de euros) para reducir su d\u00e9ficit al 7,5 %.<\/p>\n<p>&nbsp;<\/p>\n<p>PIB \u2013 El producto interior bruto (PIB) de Ruman\u00eda se estanc\u00f3 en el primer trimestre de este a\u00f1o en comparaci\u00f3n con el trimestre anterior. Seg\u00fan datos provisionales del Instituto Nacional de Estad\u00edstica publicados el viernes, el PIB aument\u00f3 un 0,3% en comparaci\u00f3n con el trimestre similar de 2024. Los sectores de la construcci\u00f3n, las TIC y las comunicaciones, as\u00ed como las transacciones inmobiliarias, contribuyeron especialmente al crecimiento del PIB en el primer trimestre de 2025 en comparaci\u00f3n con el primer trimestre de 2024. Por otro lado, el sector industrial registr\u00f3 una contribuci\u00f3n negativa al crecimiento del PIB.<\/p>\n<p>&nbsp;<\/p>\n<p>SALINA PRAID \u2013 Las autoridades rumanas est\u00e1n tomando medidas urgentes para salvar la mina de sal de Praid, donde la situaci\u00f3n de las inundaciones sigue siendo grave. Contin\u00faan los trabajos para desviar el r\u00edo Corund, que inund\u00f3 la mina y la planta subterr\u00e1nea de producci\u00f3n de sal. Un equipo de expertos internacionales estar\u00e1 presente en el lugar a partir de este jueves, tras la activaci\u00f3n del Mecanismo de Protecci\u00f3n Civil de la UE por parte de las autoridades. Seg\u00fan afirman, el uso de drones est\u00e1 prohibido dentro del per\u00edmetro de la mina, excepto los utilizados por las autoridades. El tr\u00e1fico rodado en las inmediaciones est\u00e1 prohibido hasta el 9 de junio para evitar la afluencia de turistas durante el puente de Pentecost\u00e9s.<\/p>\n<p>&nbsp;<\/p>\n<p>F\u00daTBOL \u2013 La selecci\u00f3n rumana de f\u00fatbol se enfrentar\u00e1 a Austria el s\u00e1bado en Viena en la tercera ronda de clasificaci\u00f3n para el Mundial de 2026, en el Grupo H de la Eurozona. El pr\u00f3ximo martes, en Bucarest, se enfrentar\u00e1n a Chipre. La clasificaci\u00f3n comenz\u00f3 en marzo con una derrota en casa por 0-1 ante Bosnia y Herzegovina. A continuaci\u00f3n, el partido contra San Marino, con una victoria por 5-1. Bosnia y Herzegovina lidera la clasificaci\u00f3n. Austria, considerada la favorita del grupo, a\u00fan no ha disputado ning\u00fan partido. Debutar\u00e1 contra Ruman\u00eda.<\/p>\n<p>&nbsp;<\/p>\n<p>TIEMPO \u2013 En Ruman\u00eda sigue haciendo calor y la incomodidad t\u00e9rmica se mantiene alta en todo el pa\u00eds. Las temperaturas m\u00e1ximas oscilar\u00e1n entre los 27 y los 34 grados C. En Bucarest, hace mucho calor, con m\u00e1ximas que alcanzan los 33 grados. Al mediod\u00eda, se registraban 31 grados cent\u00edgrados.<\/p>\n","protected":false},"excerpt":{"rendered":"<p>Titulares: &#8211; Contin\u00faan las negociaciones sobre las medidas para reducir el d\u00e9ficit presupuestario que se incluir\u00e1n en el programa del futuro Gobierno. &#8211; El Producto Interior Bruto de Ruman\u00eda se estanc\u00f3 en el primer trimestre de este a\u00f1o en comparaci\u00f3n con el trimestre anterior. \u00a0&#8211; La selecci\u00f3n rumana de f\u00fatbol se enfrentar\u00e1 el s\u00e1bado a [&hellip;]<\/p>\n","protected":false},"author":113,"featured_media":723423,"comment_status":"closed","ping_status":"closed","sticky":false,"template":"","format":"standard","meta":{"_acf_changed":false,"footnotes":""},"categories":[49382],"tags":[148233,49006,49361,154710,171598,160898,170851,148851,49065,170413,49271,148903,171599,171597,150076,161287,170858,171601,166279,171602,171600,143623],"coauthors":[116091],"class_list":["post-896280","post","type-post","status-publish","format-standard","has-post-thumbnail","hentry","category-noticias","tag-agua","tag-calor","tag-deficit-presupuestario","tag-emergencia","tag-estanco","tag-este-ano","tag-futuro-gobierno","tag-inundaciones","tag-medidas","tag-mundial-de-2026","tag-negociaciones","tag-obras","tag-primer-trimestre","tag-producto-interior-bruto-de-rumania","tag-programa-es","tag-reducir","tag-salina-praid-es","tag-seleccion-austriaca","tag-seleccion-rumana-de-futbol","tag-tercera-fase-de-las-eliminatorias","tag-trimestre-anterior","tag-viena-es"],"acf":[],"yoast_head":"<!-- This site is optimized with the Yoast SEO plugin v27.3 - https:\/\/yoast.com\/product\/yoast-seo-wordpress\/ -->\n<title>Avance informativo, 6.06.2025 - Radio Ruman\u00eda Internacional<\/title>\n<meta name=\"robots\" content=\"index, follow, max-snippet:-1, max-image-preview:large, max-video-preview:-1\" \/>\n<link rel=\"canonical\" href=\"https:\/\/www.rri.ro\/es\/actualidad\/noticias\/avance-informativo-6-06-2025-id896280.html\" \/>\n<meta property=\"og:locale\" content=\"es_ES\" \/>\n<meta property=\"og:type\" content=\"article\" \/>\n<meta property=\"og:title\" content=\"Avance informativo, 6.06.2025 - Radio Ruman\u00eda Internacional\" \/>\n<meta property=\"og:description\" content=\"Titulares: &#8211; Contin\u00faan las negociaciones sobre las medidas para reducir el d\u00e9ficit presupuestario que se incluir\u00e1n en el programa del futuro Gobierno. &#8211; El Producto Interior Bruto de Ruman\u00eda se estanc\u00f3 en el primer trimestre de este a\u00f1o en comparaci\u00f3n con el trimestre anterior. \u00a0&#8211; La selecci\u00f3n rumana de f\u00fatbol se enfrentar\u00e1 el s\u00e1bado a [&hellip;]\" \/>\n<meta property=\"og:url\" content=\"https:\/\/www.rri.ro\/es\/actualidad\/noticias\/avance-informativo-6-06-2025-id896280.html\" \/>\n<meta property=\"og:site_name\" content=\"Radio Ruman\u00eda Internacional\" \/>\n<meta property=\"article:published_time\" content=\"2025-06-06T10:56:27+00:00\" \/>\n<meta property=\"og:image\" content=\"https:\/\/www.rri.ro\/wp-content\/uploads\/2024\/03\/RRI-960x540-Noticias-2-NOU.jpg\" \/>\n\t<meta property=\"og:image:width\" content=\"960\" \/>\n\t<meta property=\"og:image:height\" content=\"540\" \/>\n\t<meta property=\"og:image:type\" content=\"image\/jpeg\" \/>\n<meta name=\"author\" content=\"Newsroom\" \/>\n<meta name=\"twitter:card\" content=\"summary_large_image\" \/>\n<meta name=\"twitter:label1\" content=\"Escrito por\" \/>\n\t<meta name=\"twitter:data1\" content=\"Newsroom\" \/>\n\t<meta name=\"twitter:label2\" content=\"Tiempo de lectura\" \/>\n\t<meta name=\"twitter:data2\" content=\"3 minutos\" \/>\n\t<meta name=\"twitter:label3\" content=\"Written by\" \/>\n\t<meta name=\"twitter:data3\" content=\"Newsroom\" \/>\n<script type=\"application\/ld+json\" class=\"yoast-schema-graph\">{\"@context\":\"https:\\\/\\\/schema.org\",\"@graph\":[{\"@type\":\"Article\",\"@id\":\"https:\\\/\\\/www.rri.ro\\\/es\\\/actualidad\\\/noticias\\\/avance-informativo-6-06-2025-id896280.html#article\",\"isPartOf\":{\"@id\":\"https:\\\/\\\/www.rri.ro\\\/es\\\/actualidad\\\/noticias\\\/avance-informativo-6-06-2025-id896280.html\"},\"author\":{\"name\":\"Newsroom\",\"@id\":\"https:\\\/\\\/www.rri.ro\\\/#\\\/schema\\\/person\\\/4a479940371b9fdefd194f561e8a7f88\"},\"headline\":\"Avance informativo, 6.06.2025\",\"datePublished\":\"2025-06-06T10:56:27+00:00\",\"mainEntityOfPage\":{\"@id\":\"https:\\\/\\\/www.rri.ro\\\/es\\\/actualidad\\\/noticias\\\/avance-informativo-6-06-2025-id896280.html\"},\"wordCount\":598,\"image\":{\"@id\":\"https:\\\/\\\/www.rri.ro\\\/es\\\/actualidad\\\/noticias\\\/avance-informativo-6-06-2025-id896280.html#primaryimage\"},\"thumbnailUrl\":\"https:\\\/\\\/www.rri.ro\\\/wp-content\\\/uploads\\\/2024\\\/03\\\/RRI-960x540-Noticias-2-NOU.jpg\",\"keywords\":[\"agua\",\"calor\",\"d\u00e9ficit presupuestario\",\"emergencia\",\"estanc\u00f3\",\"este a\u00f1o\",\"futuro gobierno\",\"inundaciones.\",\"medidas\",\"Mundial de 2026\",\"negociaciones\",\"obras\",\"primer trimestre\",\"Producto Interior Bruto de Ruman\u00eda\",\"programa\",\"reducir\",\"salina Praid\",\"selecci\u00f3n austriaca\",\"selecci\u00f3n rumana de f\u00fatbol\",\"tercera fase de las eliminatorias\",\"trimestre anterior\",\"Viena\"],\"articleSection\":[\"Noticias\"],\"inLanguage\":\"es\"},{\"@type\":\"WebPage\",\"@id\":\"https:\\\/\\\/www.rri.ro\\\/es\\\/actualidad\\\/noticias\\\/avance-informativo-6-06-2025-id896280.html\",\"url\":\"https:\\\/\\\/www.rri.ro\\\/es\\\/actualidad\\\/noticias\\\/avance-informativo-6-06-2025-id896280.html\",\"name\":\"Avance informativo, 6.06.2025 - Radio Ruman\u00eda Internacional\",\"isPartOf\":{\"@id\":\"https:\\\/\\\/www.rri.ro\\\/#website\"},\"primaryImageOfPage\":{\"@id\":\"https:\\\/\\\/www.rri.ro\\\/es\\\/actualidad\\\/noticias\\\/avance-informativo-6-06-2025-id896280.html#primaryimage\"},\"image\":{\"@id\":\"https:\\\/\\\/www.rri.ro\\\/es\\\/actualidad\\\/noticias\\\/avance-informativo-6-06-2025-id896280.html#primaryimage\"},\"thumbnailUrl\":\"https:\\\/\\\/www.rri.ro\\\/wp-content\\\/uploads\\\/2024\\\/03\\\/RRI-960x540-Noticias-2-NOU.jpg\",\"datePublished\":\"2025-06-06T10:56:27+00:00\",\"author\":{\"@id\":\"https:\\\/\\\/www.rri.ro\\\/#\\\/schema\\\/person\\\/4a479940371b9fdefd194f561e8a7f88\"},\"breadcrumb\":{\"@id\":\"https:\\\/\\\/www.rri.ro\\\/es\\\/actualidad\\\/noticias\\\/avance-informativo-6-06-2025-id896280.html#breadcrumb\"},\"inLanguage\":\"es\",\"potentialAction\":[{\"@type\":\"ReadAction\",\"target\":[\"https:\\\/\\\/www.rri.ro\\\/es\\\/actualidad\\\/noticias\\\/avance-informativo-6-06-2025-id896280.html\"]}]},{\"@type\":\"ImageObject\",\"inLanguage\":\"es\",\"@id\":\"https:\\\/\\\/www.rri.ro\\\/es\\\/actualidad\\\/noticias\\\/avance-informativo-6-06-2025-id896280.html#primaryimage\",\"url\":\"https:\\\/\\\/www.rri.ro\\\/wp-content\\\/uploads\\\/2024\\\/03\\\/RRI-960x540-Noticias-2-NOU.jpg\",\"contentUrl\":\"https:\\\/\\\/www.rri.ro\\\/wp-content\\\/uploads\\\/2024\\\/03\\\/RRI-960x540-Noticias-2-NOU.jpg\",\"width\":960,\"height\":540,\"caption\":\"RRI 960x540 Noticias 2-NOU\"},{\"@type\":\"BreadcrumbList\",\"@id\":\"https:\\\/\\\/www.rri.ro\\\/es\\\/actualidad\\\/noticias\\\/avance-informativo-6-06-2025-id896280.html#breadcrumb\",\"itemListElement\":[{\"@type\":\"ListItem\",\"position\":1,\"name\":\"P\u00e1gina de inicio\",\"item\":\"https:\\\/\\\/www.rri.ro\\\/es\"},{\"@type\":\"ListItem\",\"position\":2,\"name\":\"Actualidad\",\"item\":\"https:\\\/\\\/www.rri.ro\\\/es\\\/actualidad\"},{\"@type\":\"ListItem\",\"position\":3,\"name\":\"Noticias\",\"item\":\"https:\\\/\\\/www.rri.ro\\\/es\\\/actualidad\\\/noticias\"},{\"@type\":\"ListItem\",\"position\":4,\"name\":\"Avance informativo, 6.06.2025\"}]},{\"@type\":\"WebSite\",\"@id\":\"https:\\\/\\\/www.rri.ro\\\/#website\",\"url\":\"https:\\\/\\\/www.rri.ro\\\/\",\"name\":\"Radio Ruman\u00eda Internacional\",\"description\":\"Totul despre Rom\u00e2nia \u015fi rom\u00e2ni, \u00een 13 limbi\\\/dialecte!\",\"inLanguage\":\"es\"},{\"@type\":\"Person\",\"@id\":\"https:\\\/\\\/www.rri.ro\\\/#\\\/schema\\\/person\\\/4a479940371b9fdefd194f561e8a7f88\",\"name\":\"Newsroom\",\"url\":\"https:\\\/\\\/www.rri.ro\\\/es\\\/author\\\/newsroom\"}]}<\/script>\n<!-- \/ Yoast SEO plugin. -->","yoast_head_json":{"title":"Avance informativo, 6.06.2025 - Radio Ruman\u00eda Internacional","robots":{"index":"index","follow":"follow","max-snippet":"max-snippet:-1","max-image-preview":"max-image-preview:large","max-video-preview":"max-video-preview:-1"},"canonical":"https:\/\/www.rri.ro\/es\/actualidad\/noticias\/avance-informativo-6-06-2025-id896280.html","og_locale":"es_ES","og_type":"article","og_title":"Avance informativo, 6.06.2025 - Radio Ruman\u00eda Internacional","og_description":"Titulares: &#8211; Contin\u00faan las negociaciones sobre las medidas para reducir el d\u00e9ficit presupuestario que se incluir\u00e1n en el programa del futuro Gobierno. &#8211; El Producto Interior Bruto de Ruman\u00eda se estanc\u00f3 en el primer trimestre de este a\u00f1o en comparaci\u00f3n con el trimestre anterior. \u00a0&#8211; La selecci\u00f3n rumana de f\u00fatbol se enfrentar\u00e1 el s\u00e1bado a [&hellip;]","og_url":"https:\/\/www.rri.ro\/es\/actualidad\/noticias\/avance-informativo-6-06-2025-id896280.html","og_site_name":"Radio Ruman\u00eda Internacional","article_published_time":"2025-06-06T10:56:27+00:00","og_image":[{"width":960,"height":540,"url":"https:\/\/www.rri.ro\/wp-content\/uploads\/2024\/03\/RRI-960x540-Noticias-2-NOU.jpg","type":"image\/jpeg"}],"author":"Newsroom","twitter_card":"summary_large_image","twitter_misc":{"Escrito por":"Newsroom","Tiempo de lectura":"3 minutos","Written by":"Newsroom"},"schema":{"@context":"https:\/\/schema.org","@graph":[{"@type":"Article","@id":"https:\/\/www.rri.ro\/es\/actualidad\/noticias\/avance-informativo-6-06-2025-id896280.html#article","isPartOf":{"@id":"https:\/\/www.rri.ro\/es\/actualidad\/noticias\/avance-informativo-6-06-2025-id896280.html"},"author":{"name":"Newsroom","@id":"https:\/\/www.rri.ro\/#\/schema\/person\/4a479940371b9fdefd194f561e8a7f88"},"headline":"Avance informativo, 6.06.2025","datePublished":"2025-06-06T10:56:27+00:00","mainEntityOfPage":{"@id":"https:\/\/www.rri.ro\/es\/actualidad\/noticias\/avance-informativo-6-06-2025-id896280.html"},"wordCount":598,"image":{"@id":"https:\/\/www.rri.ro\/es\/actualidad\/noticias\/avance-informativo-6-06-2025-id896280.html#primaryimage"},"thumbnailUrl":"https:\/\/www.rri.ro\/wp-content\/uploads\/2024\/03\/RRI-960x540-Noticias-2-NOU.jpg","keywords":["agua","calor","d\u00e9ficit presupuestario","emergencia","estanc\u00f3","este a\u00f1o","futuro gobierno","inundaciones.","medidas","Mundial de 2026","negociaciones","obras","primer trimestre","Producto Interior Bruto de Ruman\u00eda","programa","reducir","salina Praid","selecci\u00f3n austriaca","selecci\u00f3n rumana de f\u00fatbol","tercera fase de las eliminatorias","trimestre anterior","Viena"],"articleSection":["Noticias"],"inLanguage":"es"},{"@type":"WebPage","@id":"https:\/\/www.rri.ro\/es\/actualidad\/noticias\/avance-informativo-6-06-2025-id896280.html","url":"https:\/\/www.rri.ro\/es\/actualidad\/noticias\/avance-informativo-6-06-2025-id896280.html","name":"Avance informativo, 6.06.2025 - Radio Ruman\u00eda Internacional","isPartOf":{"@id":"https:\/\/www.rri.ro\/#website"},"primaryImageOfPage":{"@id":"https:\/\/www.rri.ro\/es\/actualidad\/noticias\/avance-informativo-6-06-2025-id896280.html#primaryimage"},"image":{"@id":"https:\/\/www.rri.ro\/es\/actualidad\/noticias\/avance-informativo-6-06-2025-id896280.html#primaryimage"},"thumbnailUrl":"https:\/\/www.rri.ro\/wp-content\/uploads\/2024\/03\/RRI-960x540-Noticias-2-NOU.jpg","datePublished":"2025-06-06T10:56:27+00:00","author":{"@id":"https:\/\/www.rri.ro\/#\/schema\/person\/4a479940371b9fdefd194f561e8a7f88"},"breadcrumb":{"@id":"https:\/\/www.rri.ro\/es\/actualidad\/noticias\/avance-informativo-6-06-2025-id896280.html#breadcrumb"},"inLanguage":"es","potentialAction":[{"@type":"ReadAction","target":["https:\/\/www.rri.ro\/es\/actualidad\/noticias\/avance-informativo-6-06-2025-id896280.html"]}]},{"@type":"ImageObject","inLanguage":"es","@id":"https:\/\/www.rri.ro\/es\/actualidad\/noticias\/avance-informativo-6-06-2025-id896280.html#primaryimage","url":"https:\/\/www.rri.ro\/wp-content\/uploads\/2024\/03\/RRI-960x540-Noticias-2-NOU.jpg","contentUrl":"https:\/\/www.rri.ro\/wp-content\/uploads\/2024\/03\/RRI-960x540-Noticias-2-NOU.jpg","width":960,"height":540,"caption":"RRI 960x540 Noticias 2-NOU"},{"@type":"BreadcrumbList","@id":"https:\/\/www.rri.ro\/es\/actualidad\/noticias\/avance-informativo-6-06-2025-id896280.html#breadcrumb","itemListElement":[{"@type":"ListItem","position":1,"name":"P\u00e1gina de inicio","item":"https:\/\/www.rri.ro\/es"},{"@type":"ListItem","position":2,"name":"Actualidad","item":"https:\/\/www.rri.ro\/es\/actualidad"},{"@type":"ListItem","position":3,"name":"Noticias","item":"https:\/\/www.rri.ro\/es\/actualidad\/noticias"},{"@type":"ListItem","position":4,"name":"Avance informativo, 6.06.2025"}]},{"@type":"WebSite","@id":"https:\/\/www.rri.ro\/#website","url":"https:\/\/www.rri.ro\/","name":"Radio Ruman\u00eda Internacional","description":"Totul despre Rom\u00e2nia \u015fi rom\u00e2ni, \u00een 13 limbi\/dialecte!","inLanguage":"es"},{"@type":"Person","@id":"https:\/\/www.rri.ro\/#\/schema\/person\/4a479940371b9fdefd194f561e8a7f88","name":"Newsroom","url":"https:\/\/www.rri.ro\/es\/author\/newsroom"}]}},"_links":{"self":[{"href":"https:\/\/www.rri.ro\/es\/wp-json\/wp\/v2\/posts\/896280","targetHints":{"allow":["GET"]}}],"collection":[{"href":"https:\/\/www.rri.ro\/es\/wp-json\/wp\/v2\/posts"}],"about":[{"href":"https:\/\/www.rri.ro\/es\/wp-json\/wp\/v2\/types\/post"}],"author":[{"embeddable":true,"href":"https:\/\/www.rri.ro\/es\/wp-json\/wp\/v2\/users\/113"}],"replies":[{"embeddable":true,"href":"https:\/\/www.rri.ro\/es\/wp-json\/wp\/v2\/comments?post=896280"}],"version-history":[{"count":0,"href":"https:\/\/www.rri.ro\/es\/wp-json\/wp\/v2\/posts\/896280\/revisions"}],"wp:featuredmedia":[{"embeddable":true,"href":"https:\/\/www.rri.ro\/es\/wp-json\/wp\/v2\/media\/723423"}],"wp:attachment":[{"href":"https:\/\/www.rri.ro\/es\/wp-json\/wp\/v2\/media?parent=896280"}],"wp:term":[{"taxonomy":"category","embeddable":true,"href":"https:\/\/www.rri.ro\/es\/wp-json\/wp\/v2\/categories?post=896280"},{"taxonomy":"post_tag","embeddable":true,"href":"https:\/\/www.rri.ro\/es\/wp-json\/wp\/v2\/tags?post=896280"},{"taxonomy":"author","embeddable":true,"href":"https:\/\/www.rri.ro\/es\/wp-json\/wp\/v2\/coauthors?post=896280"}],"curies":[{"name":"wp","href":"https:\/\/api.w.org\/{rel}","templated":true}]}}