{"id":905975,"date":"2025-07-04T15:35:51","date_gmt":"2025-07-04T12:35:51","guid":{"rendered":"https:\/\/www.rri.ro\/?p=905975"},"modified":"2025-07-04T15:39:40","modified_gmt":"2025-07-04T12:39:40","slug":"la-literatura-rumana-contemporanea-protagoniza-el-numero-155-de-la-revista-turia","status":"publish","type":"post","link":"https:\/\/www.rri.ro\/es\/panorama-rumano\/paseo-cultural\/la-literatura-rumana-contemporanea-protagoniza-el-numero-155-de-la-revista-turia-id905975.html","title":{"rendered":"La literatura rumana contempor\u00e1nea protagoniza el n\u00famero 155 de la revista Turia"},"content":{"rendered":"<p>La Biblioteca Nacional de Espa\u00f1a ha albergado recientemente el lanzamiento de este n\u00famero monogr\u00e1fico realizado con el apoyo del Instituto Cultural Rumano. En el acto han participado tambi\u00e9n figuras destacadas del \u00e1mbito cultural espa\u00f1ol, escritores, cr\u00edticos literarios y traductores.<\/p>\n<p>Son 150 p\u00e1ginas en las que se analiza la obra de los autores rumanos contempor\u00e1neos m\u00e1s relevantes. Adem\u00e1s, se pueden leer textos in\u00e9ditos en espa\u00f1ol de varios escritores rumanos representativos. Esta publicaci\u00f3n incluye un estudio introductorio firmado por Mercedes Monmany, coordinadora de este n\u00famero monogr\u00e1fico, cr\u00edtica literaria y destacada conocedora de la literatura europea, y tres ensayos complementarios que enfocan los principales aspectos de la literatura rumana actual, seg\u00fan afirma la directora del Instituto Cultural Rumano de Madrid. Hay tambi\u00e9n dos amplias entrevistas exclusivas con las importantes escritoras Gabriela Adame\u0219teanu y Tatiana \u021aibuleac, realizadas por la traductora Marian Ochoa de Eribe y por el periodista y poeta Fernando del Val.<\/p>\n<p>Seguidamente conocemos la importancia de la decisi\u00f3n de esta revista espa\u00f1ola de dedicar un n\u00famero a la literatura rumana contempor\u00e1nea. Nos acompa\u00f1a <strong>Maria Pop, directora del Instituto Cultural Rumano de Madrid,<\/strong> quien entra en detalles sobre este tema en una entrevista difundida por el programa Paseo cultural. La charla se puede escuchar aqu\u00ed:<br \/>\n<iframe loading=\"lazy\" width=\"100%\" height=\"166\" scrolling=\"no\" frameborder=\"no\" allow=\"autoplay\" src=\"https:\/\/w.soundcloud.com\/player\/?url=https%3A\/\/api.soundcloud.com\/tracks\/2124509136&#038;color=%23ff5500&#038;auto_play=false&#038;hide_related=false&#038;show_comments=true&#038;show_user=true&#038;show_reposts=false&#038;show_teaser=true\"><\/iframe><\/p>\n<div style=\"font-size: 10px; color: #cccccc;line-break: anywhere;word-break: normal;overflow: hidden;white-space: nowrap;text-overflow: ellipsis; font-family: Interstate,Lucida Grande,Lucida Sans Unicode,Lucida Sans,Garuda,Verdana,Tahoma,sans-serif;font-weight: 100;\"><a href=\"https:\/\/soundcloud.com\/radioromaniainternational\" title=\"RadioRomaniaInternational\" target=\"_blank\" style=\"color: #cccccc; text-decoration: none;\">RadioRomaniaInternational<\/a> \u00b7 <a href=\"https:\/\/soundcloud.com\/radioromaniainternational\/la-literatura-rumana-contemporanea-protagoniza-el-numero-155-de-la-revista-turia\" title=\"La literatura rumana protagoniza el n\u00famero 155 de la revista Turia\" target=\"_blank\" style=\"color: #cccccc; text-decoration: none;\">La literatura rumana protagoniza el n\u00famero 155 de la revista Turia<\/a><\/div>\n","protected":false},"excerpt":{"rendered":"<p>La Biblioteca Nacional de Espa\u00f1a ha albergado recientemente el lanzamiento de este n\u00famero monogr\u00e1fico realizado con el apoyo del Instituto Cultural Rumano. En el acto han participado tambi\u00e9n figuras destacadas del \u00e1mbito cultural espa\u00f1ol, escritores, cr\u00edticos literarios y traductores. Son 150 p\u00e1ginas en las que se analiza la obra de los autores rumanos contempor\u00e1neos m\u00e1s [&hellip;]<\/p>\n","protected":false},"author":61,"featured_media":905964,"comment_status":"closed","ping_status":"closed","sticky":false,"template":"","format":"audio","meta":{"_acf_changed":false,"footnotes":""},"categories":[111717],"tags":[173312,173313,146886,173311,162705,49415,111855,173310,136832],"coauthors":[116698],"class_list":["post-905975","post","type-post","status-publish","format-audio","has-post-thumbnail","hentry","category-paseo-cultural","tag-escritores-rumanos","tag-escritotres-rumanos-destacados","tag-icr-madrid-es","tag-literatura-rumana-contemporanea","tag-maria-pop","tag-onda-corta","tag-paseo-cultural","tag-revista-turia","tag-rri-es","post_format-post-format-audio"],"acf":[],"yoast_head":"<!-- This site is optimized with the Yoast SEO plugin v27.3 - https:\/\/yoast.com\/product\/yoast-seo-wordpress\/ -->\n<title>La literatura rumana contempor\u00e1nea protagoniza el n\u00famero 155 de la revista Turia - Radio Ruman\u00eda Internacional<\/title>\n<meta name=\"robots\" content=\"index, follow, max-snippet:-1, max-image-preview:large, max-video-preview:-1\" \/>\n<link rel=\"canonical\" href=\"https:\/\/www.rri.ro\/es\/panorama-rumano\/paseo-cultural\/la-literatura-rumana-contemporanea-protagoniza-el-numero-155-de-la-revista-turia-id905975.html\" \/>\n<meta property=\"og:locale\" content=\"es_ES\" \/>\n<meta property=\"og:type\" content=\"article\" \/>\n<meta property=\"og:title\" content=\"La literatura rumana contempor\u00e1nea protagoniza el n\u00famero 155 de la revista Turia - Radio Ruman\u00eda Internacional\" \/>\n<meta property=\"og:description\" content=\"La Biblioteca Nacional de Espa\u00f1a ha albergado recientemente el lanzamiento de este n\u00famero monogr\u00e1fico realizado con el apoyo del Instituto Cultural Rumano. En el acto han participado tambi\u00e9n figuras destacadas del \u00e1mbito cultural espa\u00f1ol, escritores, cr\u00edticos literarios y traductores. Son 150 p\u00e1ginas en las que se analiza la obra de los autores rumanos contempor\u00e1neos m\u00e1s [&hellip;]\" \/>\n<meta property=\"og:url\" content=\"https:\/\/www.rri.ro\/es\/panorama-rumano\/paseo-cultural\/la-literatura-rumana-contemporanea-protagoniza-el-numero-155-de-la-revista-turia-id905975.html\" \/>\n<meta property=\"og:site_name\" content=\"Radio Ruman\u00eda Internacional\" \/>\n<meta property=\"article:published_time\" content=\"2025-07-04T12:35:51+00:00\" \/>\n<meta property=\"article:modified_time\" content=\"2025-07-04T12:39:40+00:00\" \/>\n<meta property=\"og:image\" content=\"https:\/\/www.rri.ro\/wp-content\/uploads\/2025\/07\/Lansare-Turia-foto-Facebook-Instituto-Cul_16x9.jpg\" \/>\n\t<meta property=\"og:image:width\" content=\"1200\" \/>\n\t<meta property=\"og:image:height\" content=\"675\" \/>\n\t<meta property=\"og:image:type\" content=\"image\/jpeg\" \/>\n<meta name=\"author\" content=\"Monica Tar\u0103u\" \/>\n<meta name=\"twitter:card\" content=\"summary_large_image\" \/>\n<meta name=\"twitter:label1\" content=\"Escrito por\" \/>\n\t<meta name=\"twitter:data1\" content=\"Monica Tar\u0103u\" \/>\n\t<meta name=\"twitter:label2\" content=\"Tiempo de lectura\" \/>\n\t<meta name=\"twitter:data2\" content=\"1 minuto\" \/>\n\t<meta name=\"twitter:label3\" content=\"Written by\" \/>\n\t<meta name=\"twitter:data3\" content=\"Monica Tar\u0103u\" \/>\n<script type=\"application\/ld+json\" class=\"yoast-schema-graph\">{\"@context\":\"https:\\\/\\\/schema.org\",\"@graph\":[{\"@type\":\"Article\",\"@id\":\"https:\\\/\\\/www.rri.ro\\\/es\\\/panorama-rumano\\\/paseo-cultural\\\/la-literatura-rumana-contemporanea-protagoniza-el-numero-155-de-la-revista-turia-id905975.html#article\",\"isPartOf\":{\"@id\":\"https:\\\/\\\/www.rri.ro\\\/es\\\/panorama-rumano\\\/paseo-cultural\\\/la-literatura-rumana-contemporanea-protagoniza-el-numero-155-de-la-revista-turia-id905975.html\"},\"author\":{\"name\":\"Monica Tar\u0103u\",\"@id\":\"https:\\\/\\\/www.rri.ro\\\/#\\\/schema\\\/person\\\/bcfb9bd03936efd8c393a7e62bae417a\"},\"headline\":\"La literatura rumana contempor\u00e1nea protagoniza el n\u00famero 155 de la revista Turia\",\"datePublished\":\"2025-07-04T12:35:51+00:00\",\"dateModified\":\"2025-07-04T12:39:40+00:00\",\"mainEntityOfPage\":{\"@id\":\"https:\\\/\\\/www.rri.ro\\\/es\\\/panorama-rumano\\\/paseo-cultural\\\/la-literatura-rumana-contemporanea-protagoniza-el-numero-155-de-la-revista-turia-id905975.html\"},\"wordCount\":250,\"image\":{\"@id\":\"https:\\\/\\\/www.rri.ro\\\/es\\\/panorama-rumano\\\/paseo-cultural\\\/la-literatura-rumana-contemporanea-protagoniza-el-numero-155-de-la-revista-turia-id905975.html#primaryimage\"},\"thumbnailUrl\":\"https:\\\/\\\/www.rri.ro\\\/wp-content\\\/uploads\\\/2025\\\/07\\\/Lansare-Turia-foto-Facebook-Instituto-Cul_16x9.jpg\",\"keywords\":[\"escritores rumanos\",\"escritotres rumanos destacados\",\"ICR Madrid\",\"literatura rumana contempor\u00e1nea\",\"Maria Pop\",\"onda corta\",\"Paseo cultural\",\"revista Turia\",\"RRI\"],\"articleSection\":[\"Paseo\u00a0cultural\"],\"inLanguage\":\"es\"},{\"@type\":\"WebPage\",\"@id\":\"https:\\\/\\\/www.rri.ro\\\/es\\\/panorama-rumano\\\/paseo-cultural\\\/la-literatura-rumana-contemporanea-protagoniza-el-numero-155-de-la-revista-turia-id905975.html\",\"url\":\"https:\\\/\\\/www.rri.ro\\\/es\\\/panorama-rumano\\\/paseo-cultural\\\/la-literatura-rumana-contemporanea-protagoniza-el-numero-155-de-la-revista-turia-id905975.html\",\"name\":\"La literatura rumana contempor\u00e1nea protagoniza el n\u00famero 155 de la revista Turia - Radio Ruman\u00eda Internacional\",\"isPartOf\":{\"@id\":\"https:\\\/\\\/www.rri.ro\\\/#website\"},\"primaryImageOfPage\":{\"@id\":\"https:\\\/\\\/www.rri.ro\\\/es\\\/panorama-rumano\\\/paseo-cultural\\\/la-literatura-rumana-contemporanea-protagoniza-el-numero-155-de-la-revista-turia-id905975.html#primaryimage\"},\"image\":{\"@id\":\"https:\\\/\\\/www.rri.ro\\\/es\\\/panorama-rumano\\\/paseo-cultural\\\/la-literatura-rumana-contemporanea-protagoniza-el-numero-155-de-la-revista-turia-id905975.html#primaryimage\"},\"thumbnailUrl\":\"https:\\\/\\\/www.rri.ro\\\/wp-content\\\/uploads\\\/2025\\\/07\\\/Lansare-Turia-foto-Facebook-Instituto-Cul_16x9.jpg\",\"datePublished\":\"2025-07-04T12:35:51+00:00\",\"dateModified\":\"2025-07-04T12:39:40+00:00\",\"author\":{\"@id\":\"https:\\\/\\\/www.rri.ro\\\/#\\\/schema\\\/person\\\/bcfb9bd03936efd8c393a7e62bae417a\"},\"breadcrumb\":{\"@id\":\"https:\\\/\\\/www.rri.ro\\\/es\\\/panorama-rumano\\\/paseo-cultural\\\/la-literatura-rumana-contemporanea-protagoniza-el-numero-155-de-la-revista-turia-id905975.html#breadcrumb\"},\"inLanguage\":\"es\",\"potentialAction\":[{\"@type\":\"ReadAction\",\"target\":[\"https:\\\/\\\/www.rri.ro\\\/es\\\/panorama-rumano\\\/paseo-cultural\\\/la-literatura-rumana-contemporanea-protagoniza-el-numero-155-de-la-revista-turia-id905975.html\"]}]},{\"@type\":\"ImageObject\",\"inLanguage\":\"es\",\"@id\":\"https:\\\/\\\/www.rri.ro\\\/es\\\/panorama-rumano\\\/paseo-cultural\\\/la-literatura-rumana-contemporanea-protagoniza-el-numero-155-de-la-revista-turia-id905975.html#primaryimage\",\"url\":\"https:\\\/\\\/www.rri.ro\\\/wp-content\\\/uploads\\\/2025\\\/07\\\/Lansare-Turia-foto-Facebook-Instituto-Cul_16x9.jpg\",\"contentUrl\":\"https:\\\/\\\/www.rri.ro\\\/wp-content\\\/uploads\\\/2025\\\/07\\\/Lansare-Turia-foto-Facebook-Instituto-Cul_16x9.jpg\",\"width\":1200,\"height\":675},{\"@type\":\"BreadcrumbList\",\"@id\":\"https:\\\/\\\/www.rri.ro\\\/es\\\/panorama-rumano\\\/paseo-cultural\\\/la-literatura-rumana-contemporanea-protagoniza-el-numero-155-de-la-revista-turia-id905975.html#breadcrumb\",\"itemListElement\":[{\"@type\":\"ListItem\",\"position\":1,\"name\":\"P\u00e1gina de inicio\",\"item\":\"https:\\\/\\\/www.rri.ro\\\/es\"},{\"@type\":\"ListItem\",\"position\":2,\"name\":\"Panorama rumano\",\"item\":\"https:\\\/\\\/www.rri.ro\\\/es\\\/panorama-rumano\"},{\"@type\":\"ListItem\",\"position\":3,\"name\":\"Paseo\u00a0cultural\",\"item\":\"https:\\\/\\\/www.rri.ro\\\/es\\\/panorama-rumano\\\/paseo-cultural\"},{\"@type\":\"ListItem\",\"position\":4,\"name\":\"La literatura rumana contempor\u00e1nea protagoniza el n\u00famero 155 de la revista Turia\"}]},{\"@type\":\"WebSite\",\"@id\":\"https:\\\/\\\/www.rri.ro\\\/#website\",\"url\":\"https:\\\/\\\/www.rri.ro\\\/\",\"name\":\"Radio Ruman\u00eda Internacional\",\"description\":\"Totul despre Rom\u00e2nia \u015fi rom\u00e2ni, \u00een 13 limbi\\\/dialecte!\",\"inLanguage\":\"es\"},{\"@type\":\"Person\",\"@id\":\"https:\\\/\\\/www.rri.ro\\\/#\\\/schema\\\/person\\\/bcfb9bd03936efd8c393a7e62bae417a\",\"name\":\"Monica Tar\u0103u\",\"url\":\"https:\\\/\\\/www.rri.ro\\\/es\\\/author\\\/monica-tarau\"}]}<\/script>\n<!-- \/ Yoast SEO plugin. -->","yoast_head_json":{"title":"La literatura rumana contempor\u00e1nea protagoniza el n\u00famero 155 de la revista Turia - Radio Ruman\u00eda Internacional","robots":{"index":"index","follow":"follow","max-snippet":"max-snippet:-1","max-image-preview":"max-image-preview:large","max-video-preview":"max-video-preview:-1"},"canonical":"https:\/\/www.rri.ro\/es\/panorama-rumano\/paseo-cultural\/la-literatura-rumana-contemporanea-protagoniza-el-numero-155-de-la-revista-turia-id905975.html","og_locale":"es_ES","og_type":"article","og_title":"La literatura rumana contempor\u00e1nea protagoniza el n\u00famero 155 de la revista Turia - Radio Ruman\u00eda Internacional","og_description":"La Biblioteca Nacional de Espa\u00f1a ha albergado recientemente el lanzamiento de este n\u00famero monogr\u00e1fico realizado con el apoyo del Instituto Cultural Rumano. En el acto han participado tambi\u00e9n figuras destacadas del \u00e1mbito cultural espa\u00f1ol, escritores, cr\u00edticos literarios y traductores. Son 150 p\u00e1ginas en las que se analiza la obra de los autores rumanos contempor\u00e1neos m\u00e1s [&hellip;]","og_url":"https:\/\/www.rri.ro\/es\/panorama-rumano\/paseo-cultural\/la-literatura-rumana-contemporanea-protagoniza-el-numero-155-de-la-revista-turia-id905975.html","og_site_name":"Radio Ruman\u00eda Internacional","article_published_time":"2025-07-04T12:35:51+00:00","article_modified_time":"2025-07-04T12:39:40+00:00","og_image":[{"width":1200,"height":675,"url":"https:\/\/www.rri.ro\/wp-content\/uploads\/2025\/07\/Lansare-Turia-foto-Facebook-Instituto-Cul_16x9.jpg","type":"image\/jpeg"}],"author":"Monica Tar\u0103u","twitter_card":"summary_large_image","twitter_misc":{"Escrito por":"Monica Tar\u0103u","Tiempo de lectura":"1 minuto","Written by":"Monica Tar\u0103u"},"schema":{"@context":"https:\/\/schema.org","@graph":[{"@type":"Article","@id":"https:\/\/www.rri.ro\/es\/panorama-rumano\/paseo-cultural\/la-literatura-rumana-contemporanea-protagoniza-el-numero-155-de-la-revista-turia-id905975.html#article","isPartOf":{"@id":"https:\/\/www.rri.ro\/es\/panorama-rumano\/paseo-cultural\/la-literatura-rumana-contemporanea-protagoniza-el-numero-155-de-la-revista-turia-id905975.html"},"author":{"name":"Monica Tar\u0103u","@id":"https:\/\/www.rri.ro\/#\/schema\/person\/bcfb9bd03936efd8c393a7e62bae417a"},"headline":"La literatura rumana contempor\u00e1nea protagoniza el n\u00famero 155 de la revista Turia","datePublished":"2025-07-04T12:35:51+00:00","dateModified":"2025-07-04T12:39:40+00:00","mainEntityOfPage":{"@id":"https:\/\/www.rri.ro\/es\/panorama-rumano\/paseo-cultural\/la-literatura-rumana-contemporanea-protagoniza-el-numero-155-de-la-revista-turia-id905975.html"},"wordCount":250,"image":{"@id":"https:\/\/www.rri.ro\/es\/panorama-rumano\/paseo-cultural\/la-literatura-rumana-contemporanea-protagoniza-el-numero-155-de-la-revista-turia-id905975.html#primaryimage"},"thumbnailUrl":"https:\/\/www.rri.ro\/wp-content\/uploads\/2025\/07\/Lansare-Turia-foto-Facebook-Instituto-Cul_16x9.jpg","keywords":["escritores rumanos","escritotres rumanos destacados","ICR Madrid","literatura rumana contempor\u00e1nea","Maria Pop","onda corta","Paseo cultural","revista Turia","RRI"],"articleSection":["Paseo\u00a0cultural"],"inLanguage":"es"},{"@type":"WebPage","@id":"https:\/\/www.rri.ro\/es\/panorama-rumano\/paseo-cultural\/la-literatura-rumana-contemporanea-protagoniza-el-numero-155-de-la-revista-turia-id905975.html","url":"https:\/\/www.rri.ro\/es\/panorama-rumano\/paseo-cultural\/la-literatura-rumana-contemporanea-protagoniza-el-numero-155-de-la-revista-turia-id905975.html","name":"La literatura rumana contempor\u00e1nea protagoniza el n\u00famero 155 de la revista Turia - Radio Ruman\u00eda Internacional","isPartOf":{"@id":"https:\/\/www.rri.ro\/#website"},"primaryImageOfPage":{"@id":"https:\/\/www.rri.ro\/es\/panorama-rumano\/paseo-cultural\/la-literatura-rumana-contemporanea-protagoniza-el-numero-155-de-la-revista-turia-id905975.html#primaryimage"},"image":{"@id":"https:\/\/www.rri.ro\/es\/panorama-rumano\/paseo-cultural\/la-literatura-rumana-contemporanea-protagoniza-el-numero-155-de-la-revista-turia-id905975.html#primaryimage"},"thumbnailUrl":"https:\/\/www.rri.ro\/wp-content\/uploads\/2025\/07\/Lansare-Turia-foto-Facebook-Instituto-Cul_16x9.jpg","datePublished":"2025-07-04T12:35:51+00:00","dateModified":"2025-07-04T12:39:40+00:00","author":{"@id":"https:\/\/www.rri.ro\/#\/schema\/person\/bcfb9bd03936efd8c393a7e62bae417a"},"breadcrumb":{"@id":"https:\/\/www.rri.ro\/es\/panorama-rumano\/paseo-cultural\/la-literatura-rumana-contemporanea-protagoniza-el-numero-155-de-la-revista-turia-id905975.html#breadcrumb"},"inLanguage":"es","potentialAction":[{"@type":"ReadAction","target":["https:\/\/www.rri.ro\/es\/panorama-rumano\/paseo-cultural\/la-literatura-rumana-contemporanea-protagoniza-el-numero-155-de-la-revista-turia-id905975.html"]}]},{"@type":"ImageObject","inLanguage":"es","@id":"https:\/\/www.rri.ro\/es\/panorama-rumano\/paseo-cultural\/la-literatura-rumana-contemporanea-protagoniza-el-numero-155-de-la-revista-turia-id905975.html#primaryimage","url":"https:\/\/www.rri.ro\/wp-content\/uploads\/2025\/07\/Lansare-Turia-foto-Facebook-Instituto-Cul_16x9.jpg","contentUrl":"https:\/\/www.rri.ro\/wp-content\/uploads\/2025\/07\/Lansare-Turia-foto-Facebook-Instituto-Cul_16x9.jpg","width":1200,"height":675},{"@type":"BreadcrumbList","@id":"https:\/\/www.rri.ro\/es\/panorama-rumano\/paseo-cultural\/la-literatura-rumana-contemporanea-protagoniza-el-numero-155-de-la-revista-turia-id905975.html#breadcrumb","itemListElement":[{"@type":"ListItem","position":1,"name":"P\u00e1gina de inicio","item":"https:\/\/www.rri.ro\/es"},{"@type":"ListItem","position":2,"name":"Panorama rumano","item":"https:\/\/www.rri.ro\/es\/panorama-rumano"},{"@type":"ListItem","position":3,"name":"Paseo\u00a0cultural","item":"https:\/\/www.rri.ro\/es\/panorama-rumano\/paseo-cultural"},{"@type":"ListItem","position":4,"name":"La literatura rumana contempor\u00e1nea protagoniza el n\u00famero 155 de la revista Turia"}]},{"@type":"WebSite","@id":"https:\/\/www.rri.ro\/#website","url":"https:\/\/www.rri.ro\/","name":"Radio Ruman\u00eda Internacional","description":"Totul despre Rom\u00e2nia \u015fi rom\u00e2ni, \u00een 13 limbi\/dialecte!","inLanguage":"es"},{"@type":"Person","@id":"https:\/\/www.rri.ro\/#\/schema\/person\/bcfb9bd03936efd8c393a7e62bae417a","name":"Monica Tar\u0103u","url":"https:\/\/www.rri.ro\/es\/author\/monica-tarau"}]}},"_links":{"self":[{"href":"https:\/\/www.rri.ro\/es\/wp-json\/wp\/v2\/posts\/905975","targetHints":{"allow":["GET"]}}],"collection":[{"href":"https:\/\/www.rri.ro\/es\/wp-json\/wp\/v2\/posts"}],"about":[{"href":"https:\/\/www.rri.ro\/es\/wp-json\/wp\/v2\/types\/post"}],"author":[{"embeddable":true,"href":"https:\/\/www.rri.ro\/es\/wp-json\/wp\/v2\/users\/61"}],"replies":[{"embeddable":true,"href":"https:\/\/www.rri.ro\/es\/wp-json\/wp\/v2\/comments?post=905975"}],"version-history":[{"count":0,"href":"https:\/\/www.rri.ro\/es\/wp-json\/wp\/v2\/posts\/905975\/revisions"}],"wp:featuredmedia":[{"embeddable":true,"href":"https:\/\/www.rri.ro\/es\/wp-json\/wp\/v2\/media\/905964"}],"wp:attachment":[{"href":"https:\/\/www.rri.ro\/es\/wp-json\/wp\/v2\/media?parent=905975"}],"wp:term":[{"taxonomy":"category","embeddable":true,"href":"https:\/\/www.rri.ro\/es\/wp-json\/wp\/v2\/categories?post=905975"},{"taxonomy":"post_tag","embeddable":true,"href":"https:\/\/www.rri.ro\/es\/wp-json\/wp\/v2\/tags?post=905975"},{"taxonomy":"author","embeddable":true,"href":"https:\/\/www.rri.ro\/es\/wp-json\/wp\/v2\/coauthors?post=905975"}],"curies":[{"name":"wp","href":"https:\/\/api.w.org\/{rel}","templated":true}]}}