{"id":908704,"date":"2025-07-14T15:00:01","date_gmt":"2025-07-14T12:00:01","guid":{"rendered":"https:\/\/www.rri.ro\/?p=908704"},"modified":"2025-07-14T09:54:56","modified_gmt":"2025-07-14T06:54:56","slug":"la-miscelanea-rumania-en-verano-naturaleza-cultura-y-sabores-unicos","status":"publish","type":"post","link":"https:\/\/www.rri.ro\/es\/panorama-rumano\/de-todo-un-poco\/la-miscelanea-rumania-en-verano-naturaleza-cultura-y-sabores-unicos-id908704.html","title":{"rendered":"La miscel\u00e1nea: Ruman\u00eda en verano: naturaleza, cultura y sabores \u00fanicos"},"content":{"rendered":"<p>En verano, Ruman\u00eda se transforma en un verdadero para\u00edso natural, cultural y gastron\u00f3mico. \u00bfSab\u00edan que en Ruman\u00eda pueden ba\u00f1arse en el mar Negro, caminar por monta\u00f1as llenas de leyendas y navegar por el segundo delta m\u00e1s grande de Europa\u2026 todo en el mismo viaje? Comencemos con la naturaleza, porque Ruman\u00eda es un pa\u00eds que sorprende por su diversidad geogr\u00e1fica. En la costa oriental se encuentra el mar Negro, con una franja costera de m\u00e1s de 240 kil\u00f3metros. All\u00ed encontrar\u00e1n desde resorts modernos hasta playas casi v\u00edrgenes. Uno de los lugares m\u00e1s singulares es Vama Veche, un antiguo pueblo pesquero que se ha convertido en un punto de encuentro para j\u00f3venes, artistas y viajeros alternativos. No hay grandes hoteles, pero s\u00ed mucha libertad, buena m\u00fasica y un ambiente bohemio. Si buscan tranquilidad total, pueden ir m\u00e1s al norte, a playas como Corbu o Gura Porti\u021bei, donde no hay carreteras asfaltadas ni discotecas, solo dunas, arena fina, y el sonido del mar. Desde la costa, en pocas horas pueden llegar a los C\u00e1rpatos, una impresionante cadena monta\u00f1osa que atraviesa el pa\u00eds. Aqu\u00ed el verano se vive en verde: senderismo, cascadas, cuevas, bosques de hayas y robles centenarios. Hay rutas para todos los niveles, desde caminatas suaves hasta traves\u00edas alpinas. Y lo mejor es que muchas de estas rutas terminan en aldeas tradicionales, donde pueden dormir en casas de madera y comer platos caseros preparados por los propios habitantes. Pero hay otro paisaje que hace \u00fanica a Ruman\u00eda en Europa: el delta del Danubio. Alberga m\u00e1s de 300 especies de aves y 160 de peces. Es un para\u00edso para los observadores de aves, los amantes de la pesca y quienes buscan paz total. Pueden navegar por canales rodeados de juncos, dormir en caba\u00f1as flotantes, y probar especialidades locales como el estofado de carpa o el caviar de lucio.<\/p>\n<p>Ruman\u00eda no solo es naturaleza. Es tambi\u00e9n cultura viva, muy conectada con sus ra\u00edces, pero tambi\u00e9n abierta al mundo. Uno de los elementos m\u00e1s visibles en verano son los festivales, tanto tradicionales como modernos. Si les gusta la m\u00fasica electr\u00f3nica o alternativa, no se pueden perder el Electric Castle, que tiene lugar en julio en el castillo de B\u00e1nffy, cerca de Cluj-Napoca. Imaginen bailar frente a un castillo iluminado, rodeado de campos verdes, con escenarios al aire libre y una programaci\u00f3n de primer nivel. Otro evento importante es el Festival Internacional de Cine de Transilvania (TIFF), que se celebra a fines de junio. Es el festival de cine m\u00e1s importante del pa\u00eds y uno de los m\u00e1s destacados del este europeo. Pero tambi\u00e9n hay celebraciones profundamente tradicionales. En muchas aldeas se celebran festivales folkl\u00f3ricos durante el verano, con m\u00fasica, bailes t\u00edpicos, artesan\u00eda local y trajes populares. En estas ocasiones, la comunidad entera participa, mostrando lo mejor de su herencia cultural. Una festividad particularmente interesante es la de las S\u00e2nziene, celebrada el 24 de junio. Es una tradici\u00f3n precristiana relacionada con el solsticio de verano. Las j\u00f3venes se visten de blanco, hacen coronas de flores silvestres y se dice que esa noche, las \u201chadas del bosque\u201d aparecen bailando en los campos. Hay canciones tradicionales, rituales de protecci\u00f3n y muchas leyendas asociadas a esta fecha.<\/p>\n<p>Viajar tambi\u00e9n es saborear. Y el verano rumano tiene una cocina sencilla pero deliciosa. La cocina rumana es una mezcla de influencias: balc\u00e1nicas, turcas, griegas, h\u00fangaras y eslavas, pero con identidad propia. En verano, los productos de temporada brillan: tomates, berenjenas, pepinos, cerezas, melones, todo fresco y sabroso. Uno de los platos estrella es la <em>salat\u0103 de vinete<\/em>, una crema de berenjenas asadas a la parrilla, mezcladas con aceite y cebolla, a veces con mayonesa o ajo, servida sobre pan fresco. Tambi\u00e9n est\u00e1 la <em>zacusc\u0103<\/em>, una pasta de verduras cocidas lentamente: berenjena, pimiento rojo, tomate y cebolla. Se sirve fr\u00eda, ideal para los d\u00edas calurosos. En la costa y en el Delta, como mencion\u00e9 antes, el pescado es esencial. Prueban el <em>saramur\u0103 de pe\u0219te<\/em>, pescado salado y asado, servido con salsa de ajo y polenta. O el <em>plachie<\/em>, un guiso de pescado con cebolla, tomate y vino blanco. Y no olvidemos los vinos. Ruman\u00eda tiene una antigua tradici\u00f3n vin\u00edcola, con m\u00e1s de 2500 a\u00f1os de historia. Las regiones de Dealu Mare, Cotnari, Murfatlar o T\u00e2rnave producen blancos frescos, tintos especiados y rosados ideales para el verano. Tambi\u00e9n pueden probar el famoso licor de ciruela, el <em>\u021buic\u0103<\/em>, aunque les advierto que es bastante fuerte\u2026 Si despu\u00e9s de todo esto se est\u00e1n planteando visitar Ruman\u00eda este verano, aqu\u00ed van algunos consejos r\u00e1pidos: El clima en julio es c\u00e1lido: entre 25 y 35 grados en la llanura y la costa, pero m\u00e1s fresco en las monta\u00f1as. Los precios son muy accesibles comparados con Europa occidental. La mayor\u00eda de los j\u00f3venes hablan ingl\u00e9s, pero si aprenden unas pocas palabras en rumano, la gente lo agradecer\u00e1 mucho. El transporte es bastante f\u00e1cil: pueden alquilar coche, o usar trenes para conectar las principales ciudades. Y lo m\u00e1s importante: la hospitalidad rumana. En los pueblos, especialmente, la gente les recibe como en casa.<\/p>\n<p>Ruman\u00eda no es solo un pa\u00eds que visitan. Es un pa\u00eds que les abraza. Les regala paisajes inolvidables, historias que parecen sacadas de cuentos, sabores que recordar\u00e1n por mucho tiempo, y personas que les recibir\u00e1n con una sonrisa sincera. En un solo viaje pueden experimentar lo moderno y lo tradicional, lo salvaje y lo acogedor, la fiesta y la paz absoluta.<\/p>\n<p><iframe loading=\"lazy\" src=\"https:\/\/w.soundcloud.com\/player\/?url=https%3A\/\/api.soundcloud.com\/tracks\/2129596101&amp;color=%23ff5500&amp;auto_play=false&amp;hide_related=false&amp;show_comments=true&amp;show_user=true&amp;show_reposts=false&amp;show_teaser=true&amp;visual=true\" width=\"100%\" height=\"300\" frameborder=\"no\" scrolling=\"no\"><\/iframe><\/p>\n<div style=\"font-size: 10px; color: #cccccc; line-break: anywhere; word-break: normal; overflow: hidden; white-space: nowrap; text-overflow: ellipsis; font-family: Interstate,Lucida Grande,Lucida Sans Unicode,Lucida Sans,Garuda,Verdana,Tahoma,sans-serif; font-weight: 100;\"><a style=\"color: #cccccc; text-decoration: none;\" title=\"RadioRomaniaInternational\" href=\"https:\/\/soundcloud.com\/radioromaniainternational\" target=\"_blank\" rel=\"noopener\">RadioRomaniaInternational<\/a> \u00b7 <a style=\"color: #cccccc; text-decoration: none;\" title=\"MISCELANEA - 14.07.2025\" href=\"https:\/\/soundcloud.com\/radioromaniainternational\/miscelanea-14-07-2025\" target=\"_blank\" rel=\"noopener\">MISCELANEA &#8211; 14.07.2025<\/a><\/div>\n<p>&nbsp;<\/p>\n","protected":false},"excerpt":{"rendered":"<p>En verano, Ruman\u00eda se transforma en un verdadero para\u00edso natural, cultural y gastron\u00f3mico. \u00bfSab\u00edan que en Ruman\u00eda pueden ba\u00f1arse en el mar Negro, caminar por monta\u00f1as llenas de leyendas y navegar por el segundo delta m\u00e1s grande de Europa\u2026 todo en el mismo viaje? Comencemos con la naturaleza, porque Ruman\u00eda es un pa\u00eds que sorprende [&hellip;]<\/p>\n","protected":false},"author":59,"featured_media":907970,"comment_status":"closed","ping_status":"closed","sticky":false,"template":"","format":"audio","meta":{"_acf_changed":false,"footnotes":""},"categories":[112227],"tags":[155692,112584,142499,147098,147056,142562,157219,144128,173655,112368,142537,147104,113184,113150,155832,173656,149992,112596,153803,147301,145752,154937],"coauthors":[114943],"class_list":["post-908704","post","type-post","status-publish","format-audio","has-post-thumbnail","hentry","category-de-todo-un-poco","tag-ambiente-es","tag-carpatos","tag-cine-es","tag-cocina","tag-costa","tag-cultura-es","tag-delta-es","tag-destinos","tag-especialidades","tag-festivales","tag-fiesta-es","tag-gastronomia-es","tag-historias","tag-musica","tag-paisaje","tag-saborear","tag-tranquilidad","tag-vacaciones","tag-vama-veche-es","tag-verano","tag-viajar","tag-vino","post_format-post-format-audio"],"acf":[],"yoast_head":"<!-- This site is optimized with the Yoast SEO plugin v27.3 - https:\/\/yoast.com\/product\/yoast-seo-wordpress\/ -->\n<title>La miscel\u00e1nea: Ruman\u00eda en verano: naturaleza, cultura y sabores \u00fanicos - Radio Ruman\u00eda Internacional<\/title>\n<meta name=\"robots\" content=\"index, follow, max-snippet:-1, max-image-preview:large, max-video-preview:-1\" \/>\n<link rel=\"canonical\" href=\"https:\/\/www.rri.ro\/es\/panorama-rumano\/de-todo-un-poco\/la-miscelanea-rumania-en-verano-naturaleza-cultura-y-sabores-unicos-id908704.html\" \/>\n<meta property=\"og:locale\" content=\"es_ES\" \/>\n<meta property=\"og:type\" content=\"article\" \/>\n<meta property=\"og:title\" content=\"La miscel\u00e1nea: Ruman\u00eda en verano: naturaleza, cultura y sabores \u00fanicos - Radio Ruman\u00eda Internacional\" \/>\n<meta property=\"og:description\" content=\"En verano, Ruman\u00eda se transforma en un verdadero para\u00edso natural, cultural y gastron\u00f3mico. \u00bfSab\u00edan que en Ruman\u00eda pueden ba\u00f1arse en el mar Negro, caminar por monta\u00f1as llenas de leyendas y navegar por el segundo delta m\u00e1s grande de Europa\u2026 todo en el mismo viaje? Comencemos con la naturaleza, porque Ruman\u00eda es un pa\u00eds que sorprende [&hellip;]\" \/>\n<meta property=\"og:url\" content=\"https:\/\/www.rri.ro\/es\/panorama-rumano\/de-todo-un-poco\/la-miscelanea-rumania-en-verano-naturaleza-cultura-y-sabores-unicos-id908704.html\" \/>\n<meta property=\"og:site_name\" content=\"Radio Ruman\u00eda Internacional\" \/>\n<meta property=\"article:published_time\" content=\"2025-07-14T12:00:01+00:00\" \/>\n<meta property=\"og:image\" content=\"https:\/\/www.rri.ro\/wp-content\/uploads\/2025\/07\/vara-soare-foto-pixabay-com-HG-Fotografie.jpg\" \/>\n\t<meta property=\"og:image:width\" content=\"1280\" \/>\n\t<meta property=\"og:image:height\" content=\"721\" \/>\n\t<meta property=\"og:image:type\" content=\"image\/jpeg\" \/>\n<meta name=\"author\" content=\"Brigitta Pana\" \/>\n<meta name=\"twitter:card\" content=\"summary_large_image\" \/>\n<meta name=\"twitter:label1\" content=\"Escrito por\" \/>\n\t<meta name=\"twitter:data1\" content=\"Brigitta Pana\" \/>\n\t<meta name=\"twitter:label2\" content=\"Tiempo de lectura\" \/>\n\t<meta name=\"twitter:data2\" content=\"5 minutos\" \/>\n\t<meta name=\"twitter:label3\" content=\"Written by\" \/>\n\t<meta name=\"twitter:data3\" content=\"Brigitta Pana\" \/>\n<script type=\"application\/ld+json\" class=\"yoast-schema-graph\">{\"@context\":\"https:\\\/\\\/schema.org\",\"@graph\":[{\"@type\":\"Article\",\"@id\":\"https:\\\/\\\/www.rri.ro\\\/es\\\/panorama-rumano\\\/de-todo-un-poco\\\/la-miscelanea-rumania-en-verano-naturaleza-cultura-y-sabores-unicos-id908704.html#article\",\"isPartOf\":{\"@id\":\"https:\\\/\\\/www.rri.ro\\\/es\\\/panorama-rumano\\\/de-todo-un-poco\\\/la-miscelanea-rumania-en-verano-naturaleza-cultura-y-sabores-unicos-id908704.html\"},\"author\":{\"name\":\"Brigitta Pana\",\"@id\":\"https:\\\/\\\/www.rri.ro\\\/#\\\/schema\\\/person\\\/d931d1dd71df33f3f9574bd60b16a323\"},\"headline\":\"La miscel\u00e1nea: Ruman\u00eda en verano: naturaleza, cultura y sabores \u00fanicos\",\"datePublished\":\"2025-07-14T12:00:01+00:00\",\"mainEntityOfPage\":{\"@id\":\"https:\\\/\\\/www.rri.ro\\\/es\\\/panorama-rumano\\\/de-todo-un-poco\\\/la-miscelanea-rumania-en-verano-naturaleza-cultura-y-sabores-unicos-id908704.html\"},\"wordCount\":984,\"image\":{\"@id\":\"https:\\\/\\\/www.rri.ro\\\/es\\\/panorama-rumano\\\/de-todo-un-poco\\\/la-miscelanea-rumania-en-verano-naturaleza-cultura-y-sabores-unicos-id908704.html#primaryimage\"},\"thumbnailUrl\":\"https:\\\/\\\/www.rri.ro\\\/wp-content\\\/uploads\\\/2025\\\/07\\\/vara-soare-foto-pixabay-com-HG-Fotografie.jpg\",\"keywords\":[\"ambiente\",\"C\u00e1rpatos\",\"cine\",\"cocina\",\"costa\",\"cultura\",\"Delta\",\"destinos\",\"especialidades\",\"festivales\",\"Fiesta\",\"gastronomia\",\"historias\",\"m\u00fasica\",\"paisaje\",\"saborear\",\"tranquilidad\",\"vacaciones\",\"Vama Veche&#013; &#013;\",\"verano\",\"viajar\",\"vino\"],\"articleSection\":[\"De todo un poco\"],\"inLanguage\":\"es\"},{\"@type\":\"WebPage\",\"@id\":\"https:\\\/\\\/www.rri.ro\\\/es\\\/panorama-rumano\\\/de-todo-un-poco\\\/la-miscelanea-rumania-en-verano-naturaleza-cultura-y-sabores-unicos-id908704.html\",\"url\":\"https:\\\/\\\/www.rri.ro\\\/es\\\/panorama-rumano\\\/de-todo-un-poco\\\/la-miscelanea-rumania-en-verano-naturaleza-cultura-y-sabores-unicos-id908704.html\",\"name\":\"La miscel\u00e1nea: Ruman\u00eda en verano: naturaleza, cultura y sabores \u00fanicos - Radio Ruman\u00eda Internacional\",\"isPartOf\":{\"@id\":\"https:\\\/\\\/www.rri.ro\\\/#website\"},\"primaryImageOfPage\":{\"@id\":\"https:\\\/\\\/www.rri.ro\\\/es\\\/panorama-rumano\\\/de-todo-un-poco\\\/la-miscelanea-rumania-en-verano-naturaleza-cultura-y-sabores-unicos-id908704.html#primaryimage\"},\"image\":{\"@id\":\"https:\\\/\\\/www.rri.ro\\\/es\\\/panorama-rumano\\\/de-todo-un-poco\\\/la-miscelanea-rumania-en-verano-naturaleza-cultura-y-sabores-unicos-id908704.html#primaryimage\"},\"thumbnailUrl\":\"https:\\\/\\\/www.rri.ro\\\/wp-content\\\/uploads\\\/2025\\\/07\\\/vara-soare-foto-pixabay-com-HG-Fotografie.jpg\",\"datePublished\":\"2025-07-14T12:00:01+00:00\",\"author\":{\"@id\":\"https:\\\/\\\/www.rri.ro\\\/#\\\/schema\\\/person\\\/d931d1dd71df33f3f9574bd60b16a323\"},\"breadcrumb\":{\"@id\":\"https:\\\/\\\/www.rri.ro\\\/es\\\/panorama-rumano\\\/de-todo-un-poco\\\/la-miscelanea-rumania-en-verano-naturaleza-cultura-y-sabores-unicos-id908704.html#breadcrumb\"},\"inLanguage\":\"es\",\"potentialAction\":[{\"@type\":\"ReadAction\",\"target\":[\"https:\\\/\\\/www.rri.ro\\\/es\\\/panorama-rumano\\\/de-todo-un-poco\\\/la-miscelanea-rumania-en-verano-naturaleza-cultura-y-sabores-unicos-id908704.html\"]}]},{\"@type\":\"ImageObject\",\"inLanguage\":\"es\",\"@id\":\"https:\\\/\\\/www.rri.ro\\\/es\\\/panorama-rumano\\\/de-todo-un-poco\\\/la-miscelanea-rumania-en-verano-naturaleza-cultura-y-sabores-unicos-id908704.html#primaryimage\",\"url\":\"https:\\\/\\\/www.rri.ro\\\/wp-content\\\/uploads\\\/2025\\\/07\\\/vara-soare-foto-pixabay-com-HG-Fotografie.jpg\",\"contentUrl\":\"https:\\\/\\\/www.rri.ro\\\/wp-content\\\/uploads\\\/2025\\\/07\\\/vara-soare-foto-pixabay-com-HG-Fotografie.jpg\",\"width\":1280,\"height\":721},{\"@type\":\"BreadcrumbList\",\"@id\":\"https:\\\/\\\/www.rri.ro\\\/es\\\/panorama-rumano\\\/de-todo-un-poco\\\/la-miscelanea-rumania-en-verano-naturaleza-cultura-y-sabores-unicos-id908704.html#breadcrumb\",\"itemListElement\":[{\"@type\":\"ListItem\",\"position\":1,\"name\":\"P\u00e1gina de inicio\",\"item\":\"https:\\\/\\\/www.rri.ro\\\/es\"},{\"@type\":\"ListItem\",\"position\":2,\"name\":\"Panorama rumano\",\"item\":\"https:\\\/\\\/www.rri.ro\\\/es\\\/panorama-rumano\"},{\"@type\":\"ListItem\",\"position\":3,\"name\":\"De todo un poco\",\"item\":\"https:\\\/\\\/www.rri.ro\\\/es\\\/panorama-rumano\\\/de-todo-un-poco\"},{\"@type\":\"ListItem\",\"position\":4,\"name\":\"La miscel\u00e1nea: Ruman\u00eda en verano: naturaleza, cultura y sabores \u00fanicos\"}]},{\"@type\":\"WebSite\",\"@id\":\"https:\\\/\\\/www.rri.ro\\\/#website\",\"url\":\"https:\\\/\\\/www.rri.ro\\\/\",\"name\":\"Radio Ruman\u00eda Internacional\",\"description\":\"Totul despre Rom\u00e2nia \u015fi rom\u00e2ni, \u00een 13 limbi\\\/dialecte!\",\"inLanguage\":\"es\"},{\"@type\":\"Person\",\"@id\":\"https:\\\/\\\/www.rri.ro\\\/#\\\/schema\\\/person\\\/d931d1dd71df33f3f9574bd60b16a323\",\"name\":\"Brigitta Pana\",\"url\":\"https:\\\/\\\/www.rri.ro\\\/es\\\/author\\\/brigitta-pana\"}]}<\/script>\n<!-- \/ Yoast SEO plugin. -->","yoast_head_json":{"title":"La miscel\u00e1nea: Ruman\u00eda en verano: naturaleza, cultura y sabores \u00fanicos - Radio Ruman\u00eda Internacional","robots":{"index":"index","follow":"follow","max-snippet":"max-snippet:-1","max-image-preview":"max-image-preview:large","max-video-preview":"max-video-preview:-1"},"canonical":"https:\/\/www.rri.ro\/es\/panorama-rumano\/de-todo-un-poco\/la-miscelanea-rumania-en-verano-naturaleza-cultura-y-sabores-unicos-id908704.html","og_locale":"es_ES","og_type":"article","og_title":"La miscel\u00e1nea: Ruman\u00eda en verano: naturaleza, cultura y sabores \u00fanicos - Radio Ruman\u00eda Internacional","og_description":"En verano, Ruman\u00eda se transforma en un verdadero para\u00edso natural, cultural y gastron\u00f3mico. \u00bfSab\u00edan que en Ruman\u00eda pueden ba\u00f1arse en el mar Negro, caminar por monta\u00f1as llenas de leyendas y navegar por el segundo delta m\u00e1s grande de Europa\u2026 todo en el mismo viaje? Comencemos con la naturaleza, porque Ruman\u00eda es un pa\u00eds que sorprende [&hellip;]","og_url":"https:\/\/www.rri.ro\/es\/panorama-rumano\/de-todo-un-poco\/la-miscelanea-rumania-en-verano-naturaleza-cultura-y-sabores-unicos-id908704.html","og_site_name":"Radio Ruman\u00eda Internacional","article_published_time":"2025-07-14T12:00:01+00:00","og_image":[{"width":1280,"height":721,"url":"https:\/\/www.rri.ro\/wp-content\/uploads\/2025\/07\/vara-soare-foto-pixabay-com-HG-Fotografie.jpg","type":"image\/jpeg"}],"author":"Brigitta Pana","twitter_card":"summary_large_image","twitter_misc":{"Escrito por":"Brigitta Pana","Tiempo de lectura":"5 minutos","Written by":"Brigitta Pana"},"schema":{"@context":"https:\/\/schema.org","@graph":[{"@type":"Article","@id":"https:\/\/www.rri.ro\/es\/panorama-rumano\/de-todo-un-poco\/la-miscelanea-rumania-en-verano-naturaleza-cultura-y-sabores-unicos-id908704.html#article","isPartOf":{"@id":"https:\/\/www.rri.ro\/es\/panorama-rumano\/de-todo-un-poco\/la-miscelanea-rumania-en-verano-naturaleza-cultura-y-sabores-unicos-id908704.html"},"author":{"name":"Brigitta Pana","@id":"https:\/\/www.rri.ro\/#\/schema\/person\/d931d1dd71df33f3f9574bd60b16a323"},"headline":"La miscel\u00e1nea: Ruman\u00eda en verano: naturaleza, cultura y sabores \u00fanicos","datePublished":"2025-07-14T12:00:01+00:00","mainEntityOfPage":{"@id":"https:\/\/www.rri.ro\/es\/panorama-rumano\/de-todo-un-poco\/la-miscelanea-rumania-en-verano-naturaleza-cultura-y-sabores-unicos-id908704.html"},"wordCount":984,"image":{"@id":"https:\/\/www.rri.ro\/es\/panorama-rumano\/de-todo-un-poco\/la-miscelanea-rumania-en-verano-naturaleza-cultura-y-sabores-unicos-id908704.html#primaryimage"},"thumbnailUrl":"https:\/\/www.rri.ro\/wp-content\/uploads\/2025\/07\/vara-soare-foto-pixabay-com-HG-Fotografie.jpg","keywords":["ambiente","C\u00e1rpatos","cine","cocina","costa","cultura","Delta","destinos","especialidades","festivales","Fiesta","gastronomia","historias","m\u00fasica","paisaje","saborear","tranquilidad","vacaciones","Vama Veche&#013; &#013;","verano","viajar","vino"],"articleSection":["De todo un poco"],"inLanguage":"es"},{"@type":"WebPage","@id":"https:\/\/www.rri.ro\/es\/panorama-rumano\/de-todo-un-poco\/la-miscelanea-rumania-en-verano-naturaleza-cultura-y-sabores-unicos-id908704.html","url":"https:\/\/www.rri.ro\/es\/panorama-rumano\/de-todo-un-poco\/la-miscelanea-rumania-en-verano-naturaleza-cultura-y-sabores-unicos-id908704.html","name":"La miscel\u00e1nea: Ruman\u00eda en verano: naturaleza, cultura y sabores \u00fanicos - Radio Ruman\u00eda Internacional","isPartOf":{"@id":"https:\/\/www.rri.ro\/#website"},"primaryImageOfPage":{"@id":"https:\/\/www.rri.ro\/es\/panorama-rumano\/de-todo-un-poco\/la-miscelanea-rumania-en-verano-naturaleza-cultura-y-sabores-unicos-id908704.html#primaryimage"},"image":{"@id":"https:\/\/www.rri.ro\/es\/panorama-rumano\/de-todo-un-poco\/la-miscelanea-rumania-en-verano-naturaleza-cultura-y-sabores-unicos-id908704.html#primaryimage"},"thumbnailUrl":"https:\/\/www.rri.ro\/wp-content\/uploads\/2025\/07\/vara-soare-foto-pixabay-com-HG-Fotografie.jpg","datePublished":"2025-07-14T12:00:01+00:00","author":{"@id":"https:\/\/www.rri.ro\/#\/schema\/person\/d931d1dd71df33f3f9574bd60b16a323"},"breadcrumb":{"@id":"https:\/\/www.rri.ro\/es\/panorama-rumano\/de-todo-un-poco\/la-miscelanea-rumania-en-verano-naturaleza-cultura-y-sabores-unicos-id908704.html#breadcrumb"},"inLanguage":"es","potentialAction":[{"@type":"ReadAction","target":["https:\/\/www.rri.ro\/es\/panorama-rumano\/de-todo-un-poco\/la-miscelanea-rumania-en-verano-naturaleza-cultura-y-sabores-unicos-id908704.html"]}]},{"@type":"ImageObject","inLanguage":"es","@id":"https:\/\/www.rri.ro\/es\/panorama-rumano\/de-todo-un-poco\/la-miscelanea-rumania-en-verano-naturaleza-cultura-y-sabores-unicos-id908704.html#primaryimage","url":"https:\/\/www.rri.ro\/wp-content\/uploads\/2025\/07\/vara-soare-foto-pixabay-com-HG-Fotografie.jpg","contentUrl":"https:\/\/www.rri.ro\/wp-content\/uploads\/2025\/07\/vara-soare-foto-pixabay-com-HG-Fotografie.jpg","width":1280,"height":721},{"@type":"BreadcrumbList","@id":"https:\/\/www.rri.ro\/es\/panorama-rumano\/de-todo-un-poco\/la-miscelanea-rumania-en-verano-naturaleza-cultura-y-sabores-unicos-id908704.html#breadcrumb","itemListElement":[{"@type":"ListItem","position":1,"name":"P\u00e1gina de inicio","item":"https:\/\/www.rri.ro\/es"},{"@type":"ListItem","position":2,"name":"Panorama rumano","item":"https:\/\/www.rri.ro\/es\/panorama-rumano"},{"@type":"ListItem","position":3,"name":"De todo un poco","item":"https:\/\/www.rri.ro\/es\/panorama-rumano\/de-todo-un-poco"},{"@type":"ListItem","position":4,"name":"La miscel\u00e1nea: Ruman\u00eda en verano: naturaleza, cultura y sabores \u00fanicos"}]},{"@type":"WebSite","@id":"https:\/\/www.rri.ro\/#website","url":"https:\/\/www.rri.ro\/","name":"Radio Ruman\u00eda Internacional","description":"Totul despre Rom\u00e2nia \u015fi rom\u00e2ni, \u00een 13 limbi\/dialecte!","inLanguage":"es"},{"@type":"Person","@id":"https:\/\/www.rri.ro\/#\/schema\/person\/d931d1dd71df33f3f9574bd60b16a323","name":"Brigitta Pana","url":"https:\/\/www.rri.ro\/es\/author\/brigitta-pana"}]}},"_links":{"self":[{"href":"https:\/\/www.rri.ro\/es\/wp-json\/wp\/v2\/posts\/908704","targetHints":{"allow":["GET"]}}],"collection":[{"href":"https:\/\/www.rri.ro\/es\/wp-json\/wp\/v2\/posts"}],"about":[{"href":"https:\/\/www.rri.ro\/es\/wp-json\/wp\/v2\/types\/post"}],"author":[{"embeddable":true,"href":"https:\/\/www.rri.ro\/es\/wp-json\/wp\/v2\/users\/59"}],"replies":[{"embeddable":true,"href":"https:\/\/www.rri.ro\/es\/wp-json\/wp\/v2\/comments?post=908704"}],"version-history":[{"count":0,"href":"https:\/\/www.rri.ro\/es\/wp-json\/wp\/v2\/posts\/908704\/revisions"}],"wp:featuredmedia":[{"embeddable":true,"href":"https:\/\/www.rri.ro\/es\/wp-json\/wp\/v2\/media\/907970"}],"wp:attachment":[{"href":"https:\/\/www.rri.ro\/es\/wp-json\/wp\/v2\/media?parent=908704"}],"wp:term":[{"taxonomy":"category","embeddable":true,"href":"https:\/\/www.rri.ro\/es\/wp-json\/wp\/v2\/categories?post=908704"},{"taxonomy":"post_tag","embeddable":true,"href":"https:\/\/www.rri.ro\/es\/wp-json\/wp\/v2\/tags?post=908704"},{"taxonomy":"author","embeddable":true,"href":"https:\/\/www.rri.ro\/es\/wp-json\/wp\/v2\/coauthors?post=908704"}],"curies":[{"name":"wp","href":"https:\/\/api.w.org\/{rel}","templated":true}]}}