{"id":911450,"date":"2025-07-23T10:55:50","date_gmt":"2025-07-23T07:55:50","guid":{"rendered":"https:\/\/www.rri.ro\/?p=911450"},"modified":"2025-07-24T10:46:33","modified_gmt":"2025-07-24T07:46:33","slug":"desde-rumania-hacia-el-mundo-historia-y-consumo-del-pan-en-rumania","status":"publish","type":"post","link":"https:\/\/www.rri.ro\/es\/panorama-rumano\/de-todo-un-poco\/desde-rumania-hacia-el-mundo-historia-y-consumo-del-pan-en-rumania-id911450.html","title":{"rendered":"Desde Ruman\u00eda hacia el mundo: Historia y consumo del pan en Ruman\u00eda"},"content":{"rendered":"<p>En Ruman\u00eda, el pan es un alimento b\u00e1sico consumido a diario por la mayor\u00eda de la gente. La historia del pan en Ruman\u00eda se remonta a la antig\u00fcedad, cuando dacios y romanos horneaban pan con trigo, centeno y cebada. Con el tiempo, la producci\u00f3n de pan se ha desarrollado y se ha convertido en un s\u00edmbolo de la gastronom\u00eda y las tradiciones culinarias rumanas. Los datos del Instituto Rumano de Estad\u00edstica muestran que el consumo de pan ha disminuido significativamente. Comemos menos, 7 kilos de pan al mes, pero tambi\u00e9n de mejor calidad.<\/p>\n<p>El pan es un alimento fundamental para el ser humano, siendo uno de los alimentos m\u00e1s antiguos preparados por el hombre. Existen evidencias arqueol\u00f3gicas de que el pan se ha producido desde tiempos prehist\u00f3ricos. En aquella \u00e9poca, la gente recolectaba plantas silvestres como el trigo, el centeno y la cebada, las trituraba y las mezclaba con agua, obteniendo una pasta que horneaban sobre ladrillos calientes o en hornos improvisados. <\/p>\n<p>As\u00ed naci\u00f3 el pan, el alimento que se ha convertido en el s\u00edmbolo de la civilizaci\u00f3n humana.<br \/>\nHace unos 10.000 a\u00f1os, en lugares como Mesopotamia y el antiguo Egipto, se comenz\u00f3 a cultivar trigo. Posteriormente, se comenz\u00f3 a hornear el trigo molido para hacer pan. Los primeros indicios de la elaboraci\u00f3n del pan se pueden encontrar en pinturas murales de aquella \u00e9poca. Con el tiempo, el pan evolucion\u00f3 de una simple hogaza plana a un alimento complejo con diversas texturas y sabores. La harina de trigo se mezclaba con otros ingredientes, como miel, leche e incluso cerveza, para darle al pan un sabor y una textura m\u00e1s ricos.<\/p>\n<p>Actualmente, en Ruman\u00eda existe una amplia variedad de tipos de pan, desde el tradicional pan blanco hasta el pan integral, el pan negro, el pan de semillas o el pan de masa madre. El pan rumano es apreciado por su aut\u00e9ntico sabor y por su elaboraci\u00f3n artesanal con ingredientes naturales.<\/p>\n<p>La palabra \u00abpan &#8211; en rumano paine\u00bb proviene del lat\u00edn medieval \u00abpanis\u00bb, que a su vez deriva del lat\u00edn cl\u00e1sico \u00abpanem\u00bb. Este origen etimol\u00f3gico tambi\u00e9n se encuentra en otras lenguas latinas, como el espa\u00f1ol \u00abpan\u00bb, el italiano \u00abpane\u00bb o el franc\u00e9s \u00abpain\u00bb. A lo largo de la historia, la palabra \u00abpan\u00bb se ha utilizado para describir alimentos elaborados con harina y agua, que han sido un alimento b\u00e1sico para las personas en muchas culturas y \u00e9pocas. La palabra \u00abpan\u00bb tiene un importante significado cultural e hist\u00f3rico en muchas culturas. <\/p>\n<p>El pan se consideraba un alimento sagrado en muchas culturas antiguas, utiliz\u00e1ndose como ofrenda a dioses y deidades. El pan tambi\u00e9n se utilizaba como moneda en muchas sociedades, ya que se consideraba un valor fundamental y un s\u00edmbolo de riqueza y poder.<\/p>\n<p>En Ruman\u00eda, las especialidades lideran las preferencias tras la p\u00e9rdida de terreno del pan cl\u00e1sico. El precio del pan ha aumentado casi un 3% en comparaci\u00f3n con el a\u00f1o pasado. Las tendencias indican un aumento de hasta un 40% en la popularidad de los productos de masa madre para 2025, mientras que el pan cl\u00e1sico solo lo compran los rumanos de bajos ingresos, se\u00f1ala tvrinfo.ro.<\/p>\n<p>A nivel mundial, a medida que aumentan los precios, tambi\u00e9n aumentan las expectativas sobre la calidad del pan.<br \/>\n2025 se perfila como un a\u00f1o desafiante para el mercado de la panader\u00eda. Fabricantes y minoristas anticipan un crecimiento del valor impulsado por las preferencias y la inflaci\u00f3n de precios, pero los vol\u00famenes podr\u00edan estancarse debido a los cambios en el comportamiento del consumidor. La intensa competencia y las innovaciones, como recetas saludables y formatos convenientes, ser\u00e1n cruciales para la diferenciaci\u00f3n en el mercado.<\/p>\n<p>Los rumanos son cada vez m\u00e1s selectivos al elegir su pan, guiados por criterios como la frescura, el sabor aut\u00e9ntico y los beneficios para la salud. El pan blanco, especialmente las barras, sigue dominando el mercado, pero el pan de masa madre, integral o de semillas est\u00e1 ganando terreno, lo que refleja un creciente inter\u00e9s por los alimentos de etiqueta limpia, sin aditivos ni az\u00facares a\u00f1adidos. Los consumidores aprecian los productos que ofrecen una experiencia culinaria \u00fanica o un valor nutricional superior, una tendencia que se ha intensificado en los \u00faltimos a\u00f1os.<br \/>\nEn cuanto al pan m\u00e1s saludable, las opiniones est\u00e1n divididas. Sin embargo, los especialistas afirman que el pan integral es una de las mejores opciones, ya que ayuda a mantener la glicemia y la presi\u00f3n arterial dentro de los l\u00edmites normales.Aqu\u00ed tenemos una lista de los tipos de pan m\u00e1s saludables:<br \/>\nPan integral: elaborado con harina integral, que conserva el salvado de los cereales. Es rico en fibra, vitaminas del grupo B, hierro y magnesio.<br \/>\nPan de centeno: tiene un menor contenido de gluten que el pan de trigo y es rico en fibra, lo que proporciona una mayor sensaci\u00f3n de saciedad.<br \/>\nPan de masa madre: fermentado de forma natural, mejora la digesti\u00f3n y aumenta la absorci\u00f3n de nutrientes. Generalmente tiene un \u00edndice glic\u00e9mico m\u00e1s bajo, lo que lo convierte en una opci\u00f3n ideal para quienes tienen problemas con los niveles de az\u00facar en sangre.<br \/>\nPan sin gluten: recomendado para personas con intolerancia al gluten o celiaqu\u00eda. Puede elaborarse con harina de arroz, almendras o garbanzos.<br \/>\nPan de cereales germinados: aumenta el contenido de prote\u00ednas y fibra, siendo m\u00e1s rico en vitaminas y minerales.<\/p>\n","protected":false},"excerpt":{"rendered":"<p>En Ruman\u00eda, el pan es un alimento b\u00e1sico consumido a diario por la mayor\u00eda de la gente. La historia del pan en Ruman\u00eda se remonta a la antig\u00fcedad, cuando dacios y romanos horneaban pan con trigo, centeno y cebada. Con el tiempo, la producci\u00f3n de pan se ha desarrollado y se ha convertido en un [&hellip;]<\/p>\n","protected":false},"author":38,"featured_media":760538,"comment_status":"closed","ping_status":"closed","sticky":false,"template":"","format":"standard","meta":{"_acf_changed":false,"footnotes":""},"categories":[112227],"tags":[174034,174043,166020,174050,174051,174040,174035,142562,174037,170772,174053,147104,173012,174052,174036,174038,174054,146298,172950,174039,174048,174047,174045,174046,174049,174041,166446,48949,145805,153132,136885,174044,159121,174042],"coauthors":[132172],"class_list":["post-911450","post","type-post","status-publish","format-standard","has-post-thumbnail","hentry","category-de-todo-un-poco","tag-alimento-basico","tag-amplia-variedad","tag-antiguedad","tag-apreciado","tag-autentico","tag-centeno-y-cebada","tag-consumido-a-diario","tag-cultura-es","tag-dacios-y-romanos","tag-desarrollado","tag-elaboracion-artesanal","tag-gastronomia-es","tag-gente","tag-glicemia","tag-historia-del-pan","tag-horno","tag-ingredientes-naturales","tag-mayoria","tag-pan-blanco","tag-pan-con-trigo","tag-pan-de-masa-madre","tag-pan-de-semillas","tag-pan-integral","tag-pan-negro","tag-pan-rumano","tag-produccion-de-pan","tag-remonta","tag-rumania","tag-sabor","tag-simbolo","tag-tiempo","tag-tipos-de-pan","tag-tradicional","tag-tradiciones-culinarias-rumanas"],"acf":[],"yoast_head":"<!-- This site is optimized with the Yoast SEO plugin v27.3 - https:\/\/yoast.com\/product\/yoast-seo-wordpress\/ -->\n<title>Desde Ruman\u00eda hacia el mundo: Historia y consumo del pan en Ruman\u00eda - Radio Ruman\u00eda Internacional<\/title>\n<meta name=\"robots\" content=\"index, follow, max-snippet:-1, max-image-preview:large, max-video-preview:-1\" \/>\n<link rel=\"canonical\" href=\"https:\/\/www.rri.ro\/es\/panorama-rumano\/de-todo-un-poco\/desde-rumania-hacia-el-mundo-historia-y-consumo-del-pan-en-rumania-id911450.html\" \/>\n<meta property=\"og:locale\" content=\"es_ES\" \/>\n<meta property=\"og:type\" content=\"article\" \/>\n<meta property=\"og:title\" content=\"Desde Ruman\u00eda hacia el mundo: Historia y consumo del pan en Ruman\u00eda - Radio Ruman\u00eda Internacional\" \/>\n<meta property=\"og:description\" content=\"En Ruman\u00eda, el pan es un alimento b\u00e1sico consumido a diario por la mayor\u00eda de la gente. La historia del pan en Ruman\u00eda se remonta a la antig\u00fcedad, cuando dacios y romanos horneaban pan con trigo, centeno y cebada. Con el tiempo, la producci\u00f3n de pan se ha desarrollado y se ha convertido en un [&hellip;]\" \/>\n<meta property=\"og:url\" content=\"https:\/\/www.rri.ro\/es\/panorama-rumano\/de-todo-un-poco\/desde-rumania-hacia-el-mundo-historia-y-consumo-del-pan-en-rumania-id911450.html\" \/>\n<meta property=\"og:site_name\" content=\"Radio Ruman\u00eda Internacional\" \/>\n<meta property=\"article:published_time\" content=\"2025-07-23T07:55:50+00:00\" \/>\n<meta property=\"article:modified_time\" content=\"2025-07-24T07:46:33+00:00\" \/>\n<meta property=\"og:image\" content=\"https:\/\/www.rri.ro\/wp-content\/uploads\/2024\/05\/paine-sursa-foto-pixabay.jpg\" \/>\n\t<meta property=\"og:image:width\" content=\"1200\" \/>\n\t<meta property=\"og:image:height\" content=\"800\" \/>\n\t<meta property=\"og:image:type\" content=\"image\/jpeg\" \/>\n<meta name=\"author\" content=\"Simona Sarbescu\" \/>\n<meta name=\"twitter:card\" content=\"summary_large_image\" \/>\n<meta name=\"twitter:label1\" content=\"Escrito por\" \/>\n\t<meta name=\"twitter:data1\" content=\"Simona Sarbescu\" \/>\n\t<meta name=\"twitter:label2\" content=\"Tiempo de lectura\" \/>\n\t<meta name=\"twitter:data2\" content=\"5 minutos\" \/>\n\t<meta name=\"twitter:label3\" content=\"Written by\" \/>\n\t<meta name=\"twitter:data3\" content=\"Simona Sarbescu\" \/>\n<script type=\"application\/ld+json\" class=\"yoast-schema-graph\">{\"@context\":\"https:\\\/\\\/schema.org\",\"@graph\":[{\"@type\":\"Article\",\"@id\":\"https:\\\/\\\/www.rri.ro\\\/es\\\/panorama-rumano\\\/de-todo-un-poco\\\/desde-rumania-hacia-el-mundo-historia-y-consumo-del-pan-en-rumania-id911450.html#article\",\"isPartOf\":{\"@id\":\"https:\\\/\\\/www.rri.ro\\\/es\\\/panorama-rumano\\\/de-todo-un-poco\\\/desde-rumania-hacia-el-mundo-historia-y-consumo-del-pan-en-rumania-id911450.html\"},\"author\":{\"name\":\"Simona Sarbescu\",\"@id\":\"https:\\\/\\\/www.rri.ro\\\/#\\\/schema\\\/person\\\/1e5b68c542aa18216bc645b5072f1273\"},\"headline\":\"Desde Ruman\u00eda hacia el mundo: Historia y consumo del pan en Ruman\u00eda\",\"datePublished\":\"2025-07-23T07:55:50+00:00\",\"dateModified\":\"2025-07-24T07:46:33+00:00\",\"mainEntityOfPage\":{\"@id\":\"https:\\\/\\\/www.rri.ro\\\/es\\\/panorama-rumano\\\/de-todo-un-poco\\\/desde-rumania-hacia-el-mundo-historia-y-consumo-del-pan-en-rumania-id911450.html\"},\"wordCount\":953,\"image\":{\"@id\":\"https:\\\/\\\/www.rri.ro\\\/es\\\/panorama-rumano\\\/de-todo-un-poco\\\/desde-rumania-hacia-el-mundo-historia-y-consumo-del-pan-en-rumania-id911450.html#primaryimage\"},\"thumbnailUrl\":\"https:\\\/\\\/www.rri.ro\\\/wp-content\\\/uploads\\\/2024\\\/05\\\/paine-sursa-foto-pixabay.jpg\",\"keywords\":[\"alimento b\u00e1sico\",\"amplia variedad\",\"antiguedad\",\"apreciado\",\"aut\u00e9ntico\",\"centeno y cebada\",\"consumido a diario\",\"cultura\",\"dacios y romanos\",\"desarrollado\",\"elaboraci\u00f3n artesanal\",\"gastronomia\",\"gente\",\"glicemia\",\"historia del pan\",\"horno\",\"ingredientes naturales.\",\"mayor\u00eda\",\"pan blanco\",\"pan con trigo\",\"pan de masa madre\",\"pan de semillas\",\"pan integral\",\"pan negro\",\"pan rumano\",\"producci\u00f3n de pan\",\"remonta\",\"Rumania\",\"sabor\",\"s\u00edmbolo\",\"tiempo\",\"tipos de pan\",\"tradicional\",\"tradiciones culinarias rumanas\"],\"articleSection\":[\"De todo un poco\"],\"inLanguage\":\"es\"},{\"@type\":\"WebPage\",\"@id\":\"https:\\\/\\\/www.rri.ro\\\/es\\\/panorama-rumano\\\/de-todo-un-poco\\\/desde-rumania-hacia-el-mundo-historia-y-consumo-del-pan-en-rumania-id911450.html\",\"url\":\"https:\\\/\\\/www.rri.ro\\\/es\\\/panorama-rumano\\\/de-todo-un-poco\\\/desde-rumania-hacia-el-mundo-historia-y-consumo-del-pan-en-rumania-id911450.html\",\"name\":\"Desde Ruman\u00eda hacia el mundo: Historia y consumo del pan en Ruman\u00eda - Radio Ruman\u00eda Internacional\",\"isPartOf\":{\"@id\":\"https:\\\/\\\/www.rri.ro\\\/#website\"},\"primaryImageOfPage\":{\"@id\":\"https:\\\/\\\/www.rri.ro\\\/es\\\/panorama-rumano\\\/de-todo-un-poco\\\/desde-rumania-hacia-el-mundo-historia-y-consumo-del-pan-en-rumania-id911450.html#primaryimage\"},\"image\":{\"@id\":\"https:\\\/\\\/www.rri.ro\\\/es\\\/panorama-rumano\\\/de-todo-un-poco\\\/desde-rumania-hacia-el-mundo-historia-y-consumo-del-pan-en-rumania-id911450.html#primaryimage\"},\"thumbnailUrl\":\"https:\\\/\\\/www.rri.ro\\\/wp-content\\\/uploads\\\/2024\\\/05\\\/paine-sursa-foto-pixabay.jpg\",\"datePublished\":\"2025-07-23T07:55:50+00:00\",\"dateModified\":\"2025-07-24T07:46:33+00:00\",\"author\":{\"@id\":\"https:\\\/\\\/www.rri.ro\\\/#\\\/schema\\\/person\\\/1e5b68c542aa18216bc645b5072f1273\"},\"breadcrumb\":{\"@id\":\"https:\\\/\\\/www.rri.ro\\\/es\\\/panorama-rumano\\\/de-todo-un-poco\\\/desde-rumania-hacia-el-mundo-historia-y-consumo-del-pan-en-rumania-id911450.html#breadcrumb\"},\"inLanguage\":\"es\",\"potentialAction\":[{\"@type\":\"ReadAction\",\"target\":[\"https:\\\/\\\/www.rri.ro\\\/es\\\/panorama-rumano\\\/de-todo-un-poco\\\/desde-rumania-hacia-el-mundo-historia-y-consumo-del-pan-en-rumania-id911450.html\"]}]},{\"@type\":\"ImageObject\",\"inLanguage\":\"es\",\"@id\":\"https:\\\/\\\/www.rri.ro\\\/es\\\/panorama-rumano\\\/de-todo-un-poco\\\/desde-rumania-hacia-el-mundo-historia-y-consumo-del-pan-en-rumania-id911450.html#primaryimage\",\"url\":\"https:\\\/\\\/www.rri.ro\\\/wp-content\\\/uploads\\\/2024\\\/05\\\/paine-sursa-foto-pixabay.jpg\",\"contentUrl\":\"https:\\\/\\\/www.rri.ro\\\/wp-content\\\/uploads\\\/2024\\\/05\\\/paine-sursa-foto-pixabay.jpg\",\"width\":1200,\"height\":800,\"caption\":\"paine sursa foto pixabay\"},{\"@type\":\"BreadcrumbList\",\"@id\":\"https:\\\/\\\/www.rri.ro\\\/es\\\/panorama-rumano\\\/de-todo-un-poco\\\/desde-rumania-hacia-el-mundo-historia-y-consumo-del-pan-en-rumania-id911450.html#breadcrumb\",\"itemListElement\":[{\"@type\":\"ListItem\",\"position\":1,\"name\":\"P\u00e1gina de inicio\",\"item\":\"https:\\\/\\\/www.rri.ro\\\/es\"},{\"@type\":\"ListItem\",\"position\":2,\"name\":\"Panorama rumano\",\"item\":\"https:\\\/\\\/www.rri.ro\\\/es\\\/panorama-rumano\"},{\"@type\":\"ListItem\",\"position\":3,\"name\":\"De todo un poco\",\"item\":\"https:\\\/\\\/www.rri.ro\\\/es\\\/panorama-rumano\\\/de-todo-un-poco\"},{\"@type\":\"ListItem\",\"position\":4,\"name\":\"Desde Ruman\u00eda hacia el mundo: Historia y consumo del pan en Ruman\u00eda\"}]},{\"@type\":\"WebSite\",\"@id\":\"https:\\\/\\\/www.rri.ro\\\/#website\",\"url\":\"https:\\\/\\\/www.rri.ro\\\/\",\"name\":\"Radio Ruman\u00eda Internacional\",\"description\":\"Totul despre Rom\u00e2nia \u015fi rom\u00e2ni, \u00een 13 limbi\\\/dialecte!\",\"inLanguage\":\"es\"},{\"@type\":\"Person\",\"@id\":\"https:\\\/\\\/www.rri.ro\\\/#\\\/schema\\\/person\\\/1e5b68c542aa18216bc645b5072f1273\",\"name\":\"Simona Sarbescu\",\"url\":\"https:\\\/\\\/www.rri.ro\\\/es\\\/author\\\/simona-sarbescu\"}]}<\/script>\n<!-- \/ Yoast SEO plugin. -->","yoast_head_json":{"title":"Desde Ruman\u00eda hacia el mundo: Historia y consumo del pan en Ruman\u00eda - Radio Ruman\u00eda Internacional","robots":{"index":"index","follow":"follow","max-snippet":"max-snippet:-1","max-image-preview":"max-image-preview:large","max-video-preview":"max-video-preview:-1"},"canonical":"https:\/\/www.rri.ro\/es\/panorama-rumano\/de-todo-un-poco\/desde-rumania-hacia-el-mundo-historia-y-consumo-del-pan-en-rumania-id911450.html","og_locale":"es_ES","og_type":"article","og_title":"Desde Ruman\u00eda hacia el mundo: Historia y consumo del pan en Ruman\u00eda - Radio Ruman\u00eda Internacional","og_description":"En Ruman\u00eda, el pan es un alimento b\u00e1sico consumido a diario por la mayor\u00eda de la gente. La historia del pan en Ruman\u00eda se remonta a la antig\u00fcedad, cuando dacios y romanos horneaban pan con trigo, centeno y cebada. Con el tiempo, la producci\u00f3n de pan se ha desarrollado y se ha convertido en un [&hellip;]","og_url":"https:\/\/www.rri.ro\/es\/panorama-rumano\/de-todo-un-poco\/desde-rumania-hacia-el-mundo-historia-y-consumo-del-pan-en-rumania-id911450.html","og_site_name":"Radio Ruman\u00eda Internacional","article_published_time":"2025-07-23T07:55:50+00:00","article_modified_time":"2025-07-24T07:46:33+00:00","og_image":[{"width":1200,"height":800,"url":"https:\/\/www.rri.ro\/wp-content\/uploads\/2024\/05\/paine-sursa-foto-pixabay.jpg","type":"image\/jpeg"}],"author":"Simona Sarbescu","twitter_card":"summary_large_image","twitter_misc":{"Escrito por":"Simona Sarbescu","Tiempo de lectura":"5 minutos","Written by":"Simona Sarbescu"},"schema":{"@context":"https:\/\/schema.org","@graph":[{"@type":"Article","@id":"https:\/\/www.rri.ro\/es\/panorama-rumano\/de-todo-un-poco\/desde-rumania-hacia-el-mundo-historia-y-consumo-del-pan-en-rumania-id911450.html#article","isPartOf":{"@id":"https:\/\/www.rri.ro\/es\/panorama-rumano\/de-todo-un-poco\/desde-rumania-hacia-el-mundo-historia-y-consumo-del-pan-en-rumania-id911450.html"},"author":{"name":"Simona Sarbescu","@id":"https:\/\/www.rri.ro\/#\/schema\/person\/1e5b68c542aa18216bc645b5072f1273"},"headline":"Desde Ruman\u00eda hacia el mundo: Historia y consumo del pan en Ruman\u00eda","datePublished":"2025-07-23T07:55:50+00:00","dateModified":"2025-07-24T07:46:33+00:00","mainEntityOfPage":{"@id":"https:\/\/www.rri.ro\/es\/panorama-rumano\/de-todo-un-poco\/desde-rumania-hacia-el-mundo-historia-y-consumo-del-pan-en-rumania-id911450.html"},"wordCount":953,"image":{"@id":"https:\/\/www.rri.ro\/es\/panorama-rumano\/de-todo-un-poco\/desde-rumania-hacia-el-mundo-historia-y-consumo-del-pan-en-rumania-id911450.html#primaryimage"},"thumbnailUrl":"https:\/\/www.rri.ro\/wp-content\/uploads\/2024\/05\/paine-sursa-foto-pixabay.jpg","keywords":["alimento b\u00e1sico","amplia variedad","antiguedad","apreciado","aut\u00e9ntico","centeno y cebada","consumido a diario","cultura","dacios y romanos","desarrollado","elaboraci\u00f3n artesanal","gastronomia","gente","glicemia","historia del pan","horno","ingredientes naturales.","mayor\u00eda","pan blanco","pan con trigo","pan de masa madre","pan de semillas","pan integral","pan negro","pan rumano","producci\u00f3n de pan","remonta","Rumania","sabor","s\u00edmbolo","tiempo","tipos de pan","tradicional","tradiciones culinarias rumanas"],"articleSection":["De todo un poco"],"inLanguage":"es"},{"@type":"WebPage","@id":"https:\/\/www.rri.ro\/es\/panorama-rumano\/de-todo-un-poco\/desde-rumania-hacia-el-mundo-historia-y-consumo-del-pan-en-rumania-id911450.html","url":"https:\/\/www.rri.ro\/es\/panorama-rumano\/de-todo-un-poco\/desde-rumania-hacia-el-mundo-historia-y-consumo-del-pan-en-rumania-id911450.html","name":"Desde Ruman\u00eda hacia el mundo: Historia y consumo del pan en Ruman\u00eda - Radio Ruman\u00eda Internacional","isPartOf":{"@id":"https:\/\/www.rri.ro\/#website"},"primaryImageOfPage":{"@id":"https:\/\/www.rri.ro\/es\/panorama-rumano\/de-todo-un-poco\/desde-rumania-hacia-el-mundo-historia-y-consumo-del-pan-en-rumania-id911450.html#primaryimage"},"image":{"@id":"https:\/\/www.rri.ro\/es\/panorama-rumano\/de-todo-un-poco\/desde-rumania-hacia-el-mundo-historia-y-consumo-del-pan-en-rumania-id911450.html#primaryimage"},"thumbnailUrl":"https:\/\/www.rri.ro\/wp-content\/uploads\/2024\/05\/paine-sursa-foto-pixabay.jpg","datePublished":"2025-07-23T07:55:50+00:00","dateModified":"2025-07-24T07:46:33+00:00","author":{"@id":"https:\/\/www.rri.ro\/#\/schema\/person\/1e5b68c542aa18216bc645b5072f1273"},"breadcrumb":{"@id":"https:\/\/www.rri.ro\/es\/panorama-rumano\/de-todo-un-poco\/desde-rumania-hacia-el-mundo-historia-y-consumo-del-pan-en-rumania-id911450.html#breadcrumb"},"inLanguage":"es","potentialAction":[{"@type":"ReadAction","target":["https:\/\/www.rri.ro\/es\/panorama-rumano\/de-todo-un-poco\/desde-rumania-hacia-el-mundo-historia-y-consumo-del-pan-en-rumania-id911450.html"]}]},{"@type":"ImageObject","inLanguage":"es","@id":"https:\/\/www.rri.ro\/es\/panorama-rumano\/de-todo-un-poco\/desde-rumania-hacia-el-mundo-historia-y-consumo-del-pan-en-rumania-id911450.html#primaryimage","url":"https:\/\/www.rri.ro\/wp-content\/uploads\/2024\/05\/paine-sursa-foto-pixabay.jpg","contentUrl":"https:\/\/www.rri.ro\/wp-content\/uploads\/2024\/05\/paine-sursa-foto-pixabay.jpg","width":1200,"height":800,"caption":"paine sursa foto pixabay"},{"@type":"BreadcrumbList","@id":"https:\/\/www.rri.ro\/es\/panorama-rumano\/de-todo-un-poco\/desde-rumania-hacia-el-mundo-historia-y-consumo-del-pan-en-rumania-id911450.html#breadcrumb","itemListElement":[{"@type":"ListItem","position":1,"name":"P\u00e1gina de inicio","item":"https:\/\/www.rri.ro\/es"},{"@type":"ListItem","position":2,"name":"Panorama rumano","item":"https:\/\/www.rri.ro\/es\/panorama-rumano"},{"@type":"ListItem","position":3,"name":"De todo un poco","item":"https:\/\/www.rri.ro\/es\/panorama-rumano\/de-todo-un-poco"},{"@type":"ListItem","position":4,"name":"Desde Ruman\u00eda hacia el mundo: Historia y consumo del pan en Ruman\u00eda"}]},{"@type":"WebSite","@id":"https:\/\/www.rri.ro\/#website","url":"https:\/\/www.rri.ro\/","name":"Radio Ruman\u00eda Internacional","description":"Totul despre Rom\u00e2nia \u015fi rom\u00e2ni, \u00een 13 limbi\/dialecte!","inLanguage":"es"},{"@type":"Person","@id":"https:\/\/www.rri.ro\/#\/schema\/person\/1e5b68c542aa18216bc645b5072f1273","name":"Simona Sarbescu","url":"https:\/\/www.rri.ro\/es\/author\/simona-sarbescu"}]}},"_links":{"self":[{"href":"https:\/\/www.rri.ro\/es\/wp-json\/wp\/v2\/posts\/911450","targetHints":{"allow":["GET"]}}],"collection":[{"href":"https:\/\/www.rri.ro\/es\/wp-json\/wp\/v2\/posts"}],"about":[{"href":"https:\/\/www.rri.ro\/es\/wp-json\/wp\/v2\/types\/post"}],"author":[{"embeddable":true,"href":"https:\/\/www.rri.ro\/es\/wp-json\/wp\/v2\/users\/38"}],"replies":[{"embeddable":true,"href":"https:\/\/www.rri.ro\/es\/wp-json\/wp\/v2\/comments?post=911450"}],"version-history":[{"count":0,"href":"https:\/\/www.rri.ro\/es\/wp-json\/wp\/v2\/posts\/911450\/revisions"}],"wp:featuredmedia":[{"embeddable":true,"href":"https:\/\/www.rri.ro\/es\/wp-json\/wp\/v2\/media\/760538"}],"wp:attachment":[{"href":"https:\/\/www.rri.ro\/es\/wp-json\/wp\/v2\/media?parent=911450"}],"wp:term":[{"taxonomy":"category","embeddable":true,"href":"https:\/\/www.rri.ro\/es\/wp-json\/wp\/v2\/categories?post=911450"},{"taxonomy":"post_tag","embeddable":true,"href":"https:\/\/www.rri.ro\/es\/wp-json\/wp\/v2\/tags?post=911450"},{"taxonomy":"author","embeddable":true,"href":"https:\/\/www.rri.ro\/es\/wp-json\/wp\/v2\/coauthors?post=911450"}],"curies":[{"name":"wp","href":"https:\/\/api.w.org\/{rel}","templated":true}]}}