{"id":923288,"date":"2025-09-01T10:35:30","date_gmt":"2025-09-01T07:35:30","guid":{"rendered":"https:\/\/www.rri.ro\/?p=923288"},"modified":"2025-09-01T10:35:30","modified_gmt":"2025-09-01T07:35:30","slug":"en-el-dia-de-la-lengua-rumana-en-chisinau","status":"publish","type":"post","link":"https:\/\/www.rri.ro\/es\/actualidad\/en-portada\/en-el-dia-de-la-lengua-rumana-en-chisinau-id923288.html","title":{"rendered":"En el D\u00eda de la Lengua Rumana, en Chisin\u00e1u"},"content":{"rendered":"<p>El presidente de Ruman\u00eda, Nicu\u0219or Dan, particip\u00f3 el domingo pasado en la Rep\u00fablica de Moldavia, donde la mayor\u00eda de la poblaci\u00f3n habla el rumano, en los actos con motivo del D\u00eda de la Lengua Rumana. Junto a la presidenta Maia Sandu inaugur\u00f3 el Gran Dictado Nacional, que reuni\u00f3 a m\u00e1s de 2.000 participantes en Chisin\u00e1u. Posteriormente, ambos se trasladaron a Str\u0103\u0219eni, una ciudad del centro del pa\u00eds, donde depositaron flores ante el busto del poeta nacional Mihai Eminescu y asistieron al concierto dedicado a la lengua rumana.<\/p>\n<p>En sus discursos, los dos mandatarios subrayaron los v\u00ednculos hist\u00f3ricos, identitarios y ling\u00fc\u00edsticos entre las dos orillas del r\u00edo Prut. Nicu\u0219or Dan destac\u00f3 la senda europea de Chisin\u00e1u, pese a las presiones y a la injerencia rusa en los procesos democr\u00e1ticos y en los intentos de desestabilizaci\u00f3n del Estado. Consider\u00f3 adem\u00e1s que Moldavia constituye un ejemplo para Europa y para el mundo entero por la manera en que defiende la democracia. \u201cEl D\u00eda de la Lengua Rumana es un d\u00eda especial, que nos hace m\u00e1s responsables\u201d, afirm\u00f3 el jefe de Estado, para quien la lengua rumana es no solo una se\u00f1a de identidad, sino tambi\u00e9n una responsabilidad individual. Asimismo, rindi\u00f3 homenaje a la lucha de los rumanos de Besarabia por el idioma y por la preservaci\u00f3n de la identidad nacional.<\/p>\n<p>Nicu\u0219or Dan a\u00f1adi\u00f3: \u201cLa lucha de los moldavos por la lengua rumana ha sido ejemplar en condiciones adversas y representa un modelo de valent\u00eda y dignidad. Quiero felicitarles por la seriedad con la que asumen la integraci\u00f3n europea. Es un ejemplo que escucho en todas las reuniones internacionales sobre la firmeza con la que Moldavia avanza en su camino hacia Occidente. Todos somos conscientes de las presiones, de una injerencia total que contradice cualquier orden internacional\u201d.<\/p>\n<p>\u201cLa lengua rumana nos une y es el puente m\u00e1s s\u00f3lido entre las dos orillas del r\u00edo Prut\u201d, afirm\u00f3 por su parte la presidenta Maia Sandu, que a\u00f1adi\u00f3 que el idioma debe ser honrado y celebrado cada d\u00eda. Y subray\u00f3: \u201cAqu\u00ed la gente lucha a diario por la democracia, la libertad y la integraci\u00f3n europea de la Rep\u00fablica de Moldavia\u201d.<\/p>\n<p>Con motivo del D\u00eda de la Lengua Rumana, la delegaci\u00f3n de la Uni\u00f3n Europea en Chisin\u00e1u difundi\u00f3 un mensaje en el que resalt\u00f3 la importancia del idioma como s\u00edmbolo de identidad y v\u00ednculo con las ra\u00edces culturales. \u201c\u00a1Feliz d\u00eda a todos los que llevan la lengua rumana consigo all\u00e1 donde est\u00e9n en el mundo!\u201d, se\u00f1al\u00f3 el comunicado.<\/p>\n<p>El D\u00eda de la Lengua Rumana se conmemora cada a\u00f1o el 31 de agosto en Moldavia y en Ruman\u00eda, como celebraci\u00f3n no solo de la lengua materna, sino tambi\u00e9n de la unidad espiritual y cultural de los hablantes de rumano en todo el mundo. Desde 1990 se celebra anualmente en Moldavia y, desde 2013, tambi\u00e9n en Ruman\u00eda.<\/p>\n<p>Versi\u00f3n en espa\u00f1ol: Valeriu Radulian<\/p>\n","protected":false},"excerpt":{"rendered":"<p>El presidente de Ruman\u00eda, Nicu\u0219or Dan, particip\u00f3 el domingo pasado en la Rep\u00fablica de Moldavia, donde la mayor\u00eda de la poblaci\u00f3n habla el rumano, en los actos con motivo del D\u00eda de la Lengua Rumana. Junto a la presidenta Maia Sandu inaugur\u00f3 el Gran Dictado Nacional, que reuni\u00f3 a m\u00e1s de 2.000 participantes en Chisin\u00e1u. [&hellip;]<\/p>\n","protected":false},"author":107,"featured_media":923252,"comment_status":"closed","ping_status":"closed","sticky":false,"template":"","format":"standard","meta":{"_acf_changed":false,"footnotes":""},"categories":[23],"tags":[112384,142562,111860,149295,116828,48965,48949,161912],"coauthors":[113282],"class_list":["post-923288","post","type-post","status-publish","format-standard","has-post-thumbnail","hentry","category-en-portada","tag-celebracion","tag-cultura-es","tag-dia-de-la-lengua-rumana","tag-identidad","tag-lengua","tag-republica-de-moldavia","tag-rumania","tag-union-es"],"acf":[],"yoast_head":"<!-- This site is optimized with the Yoast SEO plugin v27.3 - https:\/\/yoast.com\/product\/yoast-seo-wordpress\/ -->\n<title>En el D\u00eda de la Lengua Rumana, en Chisin\u00e1u - Radio Ruman\u00eda Internacional<\/title>\n<meta name=\"description\" content=\"Los presidentes de Ruman\u00eda, Nicu\u0219or Dan, y de Moldavia, Maia Sandu, celebraron el D\u00eda de la Lengua Rumana en la Rep\u00fablica de Moldavia.\" \/>\n<meta name=\"robots\" content=\"index, follow, max-snippet:-1, max-image-preview:large, max-video-preview:-1\" \/>\n<link rel=\"canonical\" href=\"https:\/\/www.rri.ro\/es\/actualidad\/en-portada\/en-el-dia-de-la-lengua-rumana-en-chisinau-id923288.html\" \/>\n<meta property=\"og:locale\" content=\"es_ES\" \/>\n<meta property=\"og:type\" content=\"article\" \/>\n<meta property=\"og:title\" content=\"En el D\u00eda de la Lengua Rumana, en Chisin\u00e1u - Radio Ruman\u00eda Internacional\" \/>\n<meta property=\"og:description\" content=\"Los presidentes de Ruman\u00eda, Nicu\u0219or Dan, y de Moldavia, Maia Sandu, celebraron el D\u00eda de la Lengua Rumana en la Rep\u00fablica de Moldavia.\" \/>\n<meta property=\"og:url\" content=\"https:\/\/www.rri.ro\/es\/actualidad\/en-portada\/en-el-dia-de-la-lengua-rumana-en-chisinau-id923288.html\" \/>\n<meta property=\"og:site_name\" content=\"Radio Ruman\u00eda Internacional\" \/>\n<meta property=\"article:published_time\" content=\"2025-09-01T07:35:30+00:00\" \/>\n<meta property=\"og:image\" content=\"https:\/\/www.rri.ro\/wp-content\/uploads\/2025\/09\/Nicusor-Dan-si-Maia-Sandu-ziua-limbii-romane-la-chisinau-foto-presidency_16x9.jpg\" \/>\n\t<meta property=\"og:image:width\" content=\"1200\" \/>\n\t<meta property=\"og:image:height\" content=\"675\" \/>\n\t<meta property=\"og:image:type\" content=\"image\/jpeg\" \/>\n<meta name=\"author\" content=\"Daniela Budu\" \/>\n<meta name=\"twitter:card\" content=\"summary_large_image\" \/>\n<meta name=\"twitter:label1\" content=\"Escrito por\" \/>\n\t<meta name=\"twitter:data1\" content=\"Daniela Budu\" \/>\n\t<meta name=\"twitter:label2\" content=\"Tiempo de lectura\" \/>\n\t<meta name=\"twitter:data2\" content=\"3 minutos\" \/>\n\t<meta name=\"twitter:label3\" content=\"Written by\" \/>\n\t<meta name=\"twitter:data3\" content=\"Daniela Budu\" \/>\n<script type=\"application\/ld+json\" class=\"yoast-schema-graph\">{\"@context\":\"https:\\\/\\\/schema.org\",\"@graph\":[{\"@type\":\"Article\",\"@id\":\"https:\\\/\\\/www.rri.ro\\\/es\\\/actualidad\\\/en-portada\\\/en-el-dia-de-la-lengua-rumana-en-chisinau-id923288.html#article\",\"isPartOf\":{\"@id\":\"https:\\\/\\\/www.rri.ro\\\/es\\\/actualidad\\\/en-portada\\\/en-el-dia-de-la-lengua-rumana-en-chisinau-id923288.html\"},\"author\":{\"name\":\"Daniela Budu\",\"@id\":\"https:\\\/\\\/www.rri.ro\\\/#\\\/schema\\\/person\\\/b46b8f80d7d6e4b5ac9f14f0acbad0c4\"},\"headline\":\"En el D\u00eda de la Lengua Rumana, en Chisin\u00e1u\",\"datePublished\":\"2025-09-01T07:35:30+00:00\",\"mainEntityOfPage\":{\"@id\":\"https:\\\/\\\/www.rri.ro\\\/es\\\/actualidad\\\/en-portada\\\/en-el-dia-de-la-lengua-rumana-en-chisinau-id923288.html\"},\"wordCount\":534,\"image\":{\"@id\":\"https:\\\/\\\/www.rri.ro\\\/es\\\/actualidad\\\/en-portada\\\/en-el-dia-de-la-lengua-rumana-en-chisinau-id923288.html#primaryimage\"},\"thumbnailUrl\":\"https:\\\/\\\/www.rri.ro\\\/wp-content\\\/uploads\\\/2025\\\/09\\\/Nicusor-Dan-si-Maia-Sandu-ziua-limbii-romane-la-chisinau-foto-presidency_16x9.jpg\",\"keywords\":[\"celebraci\u00f3n.\",\"cultura\",\"D\u00eda de la Lengua Rumana\",\"identidad\",\"lengua\",\"Rep\u00fablica de Moldavia\",\"Rumania\",\"union\"],\"articleSection\":[\"En portada\"],\"inLanguage\":\"es\"},{\"@type\":\"WebPage\",\"@id\":\"https:\\\/\\\/www.rri.ro\\\/es\\\/actualidad\\\/en-portada\\\/en-el-dia-de-la-lengua-rumana-en-chisinau-id923288.html\",\"url\":\"https:\\\/\\\/www.rri.ro\\\/es\\\/actualidad\\\/en-portada\\\/en-el-dia-de-la-lengua-rumana-en-chisinau-id923288.html\",\"name\":\"En el D\u00eda de la Lengua Rumana, en Chisin\u00e1u - Radio Ruman\u00eda Internacional\",\"isPartOf\":{\"@id\":\"https:\\\/\\\/www.rri.ro\\\/#website\"},\"primaryImageOfPage\":{\"@id\":\"https:\\\/\\\/www.rri.ro\\\/es\\\/actualidad\\\/en-portada\\\/en-el-dia-de-la-lengua-rumana-en-chisinau-id923288.html#primaryimage\"},\"image\":{\"@id\":\"https:\\\/\\\/www.rri.ro\\\/es\\\/actualidad\\\/en-portada\\\/en-el-dia-de-la-lengua-rumana-en-chisinau-id923288.html#primaryimage\"},\"thumbnailUrl\":\"https:\\\/\\\/www.rri.ro\\\/wp-content\\\/uploads\\\/2025\\\/09\\\/Nicusor-Dan-si-Maia-Sandu-ziua-limbii-romane-la-chisinau-foto-presidency_16x9.jpg\",\"datePublished\":\"2025-09-01T07:35:30+00:00\",\"author\":{\"@id\":\"https:\\\/\\\/www.rri.ro\\\/#\\\/schema\\\/person\\\/b46b8f80d7d6e4b5ac9f14f0acbad0c4\"},\"description\":\"Los presidentes de Ruman\u00eda, Nicu\u0219or Dan, y de Moldavia, Maia Sandu, celebraron el D\u00eda de la Lengua Rumana en la Rep\u00fablica de Moldavia.\",\"breadcrumb\":{\"@id\":\"https:\\\/\\\/www.rri.ro\\\/es\\\/actualidad\\\/en-portada\\\/en-el-dia-de-la-lengua-rumana-en-chisinau-id923288.html#breadcrumb\"},\"inLanguage\":\"es\",\"potentialAction\":[{\"@type\":\"ReadAction\",\"target\":[\"https:\\\/\\\/www.rri.ro\\\/es\\\/actualidad\\\/en-portada\\\/en-el-dia-de-la-lengua-rumana-en-chisinau-id923288.html\"]}]},{\"@type\":\"ImageObject\",\"inLanguage\":\"es\",\"@id\":\"https:\\\/\\\/www.rri.ro\\\/es\\\/actualidad\\\/en-portada\\\/en-el-dia-de-la-lengua-rumana-en-chisinau-id923288.html#primaryimage\",\"url\":\"https:\\\/\\\/www.rri.ro\\\/wp-content\\\/uploads\\\/2025\\\/09\\\/Nicusor-Dan-si-Maia-Sandu-ziua-limbii-romane-la-chisinau-foto-presidency_16x9.jpg\",\"contentUrl\":\"https:\\\/\\\/www.rri.ro\\\/wp-content\\\/uploads\\\/2025\\\/09\\\/Nicusor-Dan-si-Maia-Sandu-ziua-limbii-romane-la-chisinau-foto-presidency_16x9.jpg\",\"width\":1200,\"height\":675,\"caption\":\"Nicu\u015for Dan \u015fi Maia Sandu, Depunere de flori la bustul poetului Mihai Eminescu din municipiul Str\u0103\u0219eni\"},{\"@type\":\"BreadcrumbList\",\"@id\":\"https:\\\/\\\/www.rri.ro\\\/es\\\/actualidad\\\/en-portada\\\/en-el-dia-de-la-lengua-rumana-en-chisinau-id923288.html#breadcrumb\",\"itemListElement\":[{\"@type\":\"ListItem\",\"position\":1,\"name\":\"P\u00e1gina de inicio\",\"item\":\"https:\\\/\\\/www.rri.ro\\\/es\"},{\"@type\":\"ListItem\",\"position\":2,\"name\":\"Actualidad\",\"item\":\"https:\\\/\\\/www.rri.ro\\\/es\\\/actualidad\"},{\"@type\":\"ListItem\",\"position\":3,\"name\":\"En portada\",\"item\":\"https:\\\/\\\/www.rri.ro\\\/es\\\/actualidad\\\/en-portada\"},{\"@type\":\"ListItem\",\"position\":4,\"name\":\"En el D\u00eda de la Lengua Rumana, en Chisin\u00e1u\"}]},{\"@type\":\"WebSite\",\"@id\":\"https:\\\/\\\/www.rri.ro\\\/#website\",\"url\":\"https:\\\/\\\/www.rri.ro\\\/\",\"name\":\"Radio Ruman\u00eda Internacional\",\"description\":\"Totul despre Rom\u00e2nia \u015fi rom\u00e2ni, \u00een 13 limbi\\\/dialecte!\",\"inLanguage\":\"es\"},{\"@type\":\"Person\",\"@id\":\"https:\\\/\\\/www.rri.ro\\\/#\\\/schema\\\/person\\\/b46b8f80d7d6e4b5ac9f14f0acbad0c4\",\"name\":\"Daniela Budu\",\"url\":\"https:\\\/\\\/www.rri.ro\\\/es\\\/author\\\/daniela-budu\"}]}<\/script>\n<!-- \/ Yoast SEO plugin. -->","yoast_head_json":{"title":"En el D\u00eda de la Lengua Rumana, en Chisin\u00e1u - Radio Ruman\u00eda Internacional","description":"Los presidentes de Ruman\u00eda, Nicu\u0219or Dan, y de Moldavia, Maia Sandu, celebraron el D\u00eda de la Lengua Rumana en la Rep\u00fablica de Moldavia.","robots":{"index":"index","follow":"follow","max-snippet":"max-snippet:-1","max-image-preview":"max-image-preview:large","max-video-preview":"max-video-preview:-1"},"canonical":"https:\/\/www.rri.ro\/es\/actualidad\/en-portada\/en-el-dia-de-la-lengua-rumana-en-chisinau-id923288.html","og_locale":"es_ES","og_type":"article","og_title":"En el D\u00eda de la Lengua Rumana, en Chisin\u00e1u - Radio Ruman\u00eda Internacional","og_description":"Los presidentes de Ruman\u00eda, Nicu\u0219or Dan, y de Moldavia, Maia Sandu, celebraron el D\u00eda de la Lengua Rumana en la Rep\u00fablica de Moldavia.","og_url":"https:\/\/www.rri.ro\/es\/actualidad\/en-portada\/en-el-dia-de-la-lengua-rumana-en-chisinau-id923288.html","og_site_name":"Radio Ruman\u00eda Internacional","article_published_time":"2025-09-01T07:35:30+00:00","og_image":[{"width":1200,"height":675,"url":"https:\/\/www.rri.ro\/wp-content\/uploads\/2025\/09\/Nicusor-Dan-si-Maia-Sandu-ziua-limbii-romane-la-chisinau-foto-presidency_16x9.jpg","type":"image\/jpeg"}],"author":"Daniela Budu","twitter_card":"summary_large_image","twitter_misc":{"Escrito por":"Daniela Budu","Tiempo de lectura":"3 minutos","Written by":"Daniela Budu"},"schema":{"@context":"https:\/\/schema.org","@graph":[{"@type":"Article","@id":"https:\/\/www.rri.ro\/es\/actualidad\/en-portada\/en-el-dia-de-la-lengua-rumana-en-chisinau-id923288.html#article","isPartOf":{"@id":"https:\/\/www.rri.ro\/es\/actualidad\/en-portada\/en-el-dia-de-la-lengua-rumana-en-chisinau-id923288.html"},"author":{"name":"Daniela Budu","@id":"https:\/\/www.rri.ro\/#\/schema\/person\/b46b8f80d7d6e4b5ac9f14f0acbad0c4"},"headline":"En el D\u00eda de la Lengua Rumana, en Chisin\u00e1u","datePublished":"2025-09-01T07:35:30+00:00","mainEntityOfPage":{"@id":"https:\/\/www.rri.ro\/es\/actualidad\/en-portada\/en-el-dia-de-la-lengua-rumana-en-chisinau-id923288.html"},"wordCount":534,"image":{"@id":"https:\/\/www.rri.ro\/es\/actualidad\/en-portada\/en-el-dia-de-la-lengua-rumana-en-chisinau-id923288.html#primaryimage"},"thumbnailUrl":"https:\/\/www.rri.ro\/wp-content\/uploads\/2025\/09\/Nicusor-Dan-si-Maia-Sandu-ziua-limbii-romane-la-chisinau-foto-presidency_16x9.jpg","keywords":["celebraci\u00f3n.","cultura","D\u00eda de la Lengua Rumana","identidad","lengua","Rep\u00fablica de Moldavia","Rumania","union"],"articleSection":["En portada"],"inLanguage":"es"},{"@type":"WebPage","@id":"https:\/\/www.rri.ro\/es\/actualidad\/en-portada\/en-el-dia-de-la-lengua-rumana-en-chisinau-id923288.html","url":"https:\/\/www.rri.ro\/es\/actualidad\/en-portada\/en-el-dia-de-la-lengua-rumana-en-chisinau-id923288.html","name":"En el D\u00eda de la Lengua Rumana, en Chisin\u00e1u - Radio Ruman\u00eda Internacional","isPartOf":{"@id":"https:\/\/www.rri.ro\/#website"},"primaryImageOfPage":{"@id":"https:\/\/www.rri.ro\/es\/actualidad\/en-portada\/en-el-dia-de-la-lengua-rumana-en-chisinau-id923288.html#primaryimage"},"image":{"@id":"https:\/\/www.rri.ro\/es\/actualidad\/en-portada\/en-el-dia-de-la-lengua-rumana-en-chisinau-id923288.html#primaryimage"},"thumbnailUrl":"https:\/\/www.rri.ro\/wp-content\/uploads\/2025\/09\/Nicusor-Dan-si-Maia-Sandu-ziua-limbii-romane-la-chisinau-foto-presidency_16x9.jpg","datePublished":"2025-09-01T07:35:30+00:00","author":{"@id":"https:\/\/www.rri.ro\/#\/schema\/person\/b46b8f80d7d6e4b5ac9f14f0acbad0c4"},"description":"Los presidentes de Ruman\u00eda, Nicu\u0219or Dan, y de Moldavia, Maia Sandu, celebraron el D\u00eda de la Lengua Rumana en la Rep\u00fablica de Moldavia.","breadcrumb":{"@id":"https:\/\/www.rri.ro\/es\/actualidad\/en-portada\/en-el-dia-de-la-lengua-rumana-en-chisinau-id923288.html#breadcrumb"},"inLanguage":"es","potentialAction":[{"@type":"ReadAction","target":["https:\/\/www.rri.ro\/es\/actualidad\/en-portada\/en-el-dia-de-la-lengua-rumana-en-chisinau-id923288.html"]}]},{"@type":"ImageObject","inLanguage":"es","@id":"https:\/\/www.rri.ro\/es\/actualidad\/en-portada\/en-el-dia-de-la-lengua-rumana-en-chisinau-id923288.html#primaryimage","url":"https:\/\/www.rri.ro\/wp-content\/uploads\/2025\/09\/Nicusor-Dan-si-Maia-Sandu-ziua-limbii-romane-la-chisinau-foto-presidency_16x9.jpg","contentUrl":"https:\/\/www.rri.ro\/wp-content\/uploads\/2025\/09\/Nicusor-Dan-si-Maia-Sandu-ziua-limbii-romane-la-chisinau-foto-presidency_16x9.jpg","width":1200,"height":675,"caption":"Nicu\u015for Dan \u015fi Maia Sandu, Depunere de flori la bustul poetului Mihai Eminescu din municipiul Str\u0103\u0219eni"},{"@type":"BreadcrumbList","@id":"https:\/\/www.rri.ro\/es\/actualidad\/en-portada\/en-el-dia-de-la-lengua-rumana-en-chisinau-id923288.html#breadcrumb","itemListElement":[{"@type":"ListItem","position":1,"name":"P\u00e1gina de inicio","item":"https:\/\/www.rri.ro\/es"},{"@type":"ListItem","position":2,"name":"Actualidad","item":"https:\/\/www.rri.ro\/es\/actualidad"},{"@type":"ListItem","position":3,"name":"En portada","item":"https:\/\/www.rri.ro\/es\/actualidad\/en-portada"},{"@type":"ListItem","position":4,"name":"En el D\u00eda de la Lengua Rumana, en Chisin\u00e1u"}]},{"@type":"WebSite","@id":"https:\/\/www.rri.ro\/#website","url":"https:\/\/www.rri.ro\/","name":"Radio Ruman\u00eda Internacional","description":"Totul despre Rom\u00e2nia \u015fi rom\u00e2ni, \u00een 13 limbi\/dialecte!","inLanguage":"es"},{"@type":"Person","@id":"https:\/\/www.rri.ro\/#\/schema\/person\/b46b8f80d7d6e4b5ac9f14f0acbad0c4","name":"Daniela Budu","url":"https:\/\/www.rri.ro\/es\/author\/daniela-budu"}]}},"_links":{"self":[{"href":"https:\/\/www.rri.ro\/es\/wp-json\/wp\/v2\/posts\/923288","targetHints":{"allow":["GET"]}}],"collection":[{"href":"https:\/\/www.rri.ro\/es\/wp-json\/wp\/v2\/posts"}],"about":[{"href":"https:\/\/www.rri.ro\/es\/wp-json\/wp\/v2\/types\/post"}],"author":[{"embeddable":true,"href":"https:\/\/www.rri.ro\/es\/wp-json\/wp\/v2\/users\/107"}],"replies":[{"embeddable":true,"href":"https:\/\/www.rri.ro\/es\/wp-json\/wp\/v2\/comments?post=923288"}],"version-history":[{"count":0,"href":"https:\/\/www.rri.ro\/es\/wp-json\/wp\/v2\/posts\/923288\/revisions"}],"wp:featuredmedia":[{"embeddable":true,"href":"https:\/\/www.rri.ro\/es\/wp-json\/wp\/v2\/media\/923252"}],"wp:attachment":[{"href":"https:\/\/www.rri.ro\/es\/wp-json\/wp\/v2\/media?parent=923288"}],"wp:term":[{"taxonomy":"category","embeddable":true,"href":"https:\/\/www.rri.ro\/es\/wp-json\/wp\/v2\/categories?post=923288"},{"taxonomy":"post_tag","embeddable":true,"href":"https:\/\/www.rri.ro\/es\/wp-json\/wp\/v2\/tags?post=923288"},{"taxonomy":"author","embeddable":true,"href":"https:\/\/www.rri.ro\/es\/wp-json\/wp\/v2\/coauthors?post=923288"}],"curies":[{"name":"wp","href":"https:\/\/api.w.org\/{rel}","templated":true}]}}