{"id":925828,"date":"2025-09-09T10:33:58","date_gmt":"2025-09-09T07:33:58","guid":{"rendered":"https:\/\/www.rri.ro\/?p=925828"},"modified":"2025-09-09T10:33:58","modified_gmt":"2025-09-09T07:33:58","slug":"el-festival-george-enescu-en-bucarest","status":"publish","type":"post","link":"https:\/\/www.rri.ro\/es\/actualidad\/tema-del-dia\/el-festival-george-enescu-en-bucarest-id925828.html","title":{"rendered":"El Festival George Enescu, en Bucarest"},"content":{"rendered":"<p><span style=\"font-family: arial, helvetica, sans-serif;\">El Festival George Enescu, la fiesta internacional de la m\u00fasica que se celebra estos d\u00edas en Ruman\u00eda, ha superado ya la mitad de su tiempo y de los eventos programados. La Orquesta Sinf\u00f3nica de la Radio de Fr\u00e1ncfort, dirigida por Alain Altinoglu, ofreci\u00f3 un concierto el lunes, y el solista de la velada fue el violinista Julian Rachlin. El programa incluy\u00f3 el Concierto para viol\u00edn en re menor op. 47 de Jean Sibelius y la Sinfon\u00eda n.\u00ba 8 en do menor op. 65 de Dmitri Shostakovich.<\/span><\/p>\n<p><span style=\"font-family: arial, helvetica, sans-serif;\">La Orquesta Sinf\u00f3nica de la Radio de Fr\u00e1ncfort, cuya presencia durante dos noches consecutivas, el lunes y el martes, marc\u00f3 el ecuador del evento, se fund\u00f3 en 1929 como una de las primeras orquestas sinf\u00f3nicas de radio de Alemania. Con una trayectoria de 95 a\u00f1os, gestiona con \u00e9xito los retos de una orquesta moderna de primer nivel.<\/span><\/p>\n<p><span style=\"font-family: arial, helvetica, sans-serif;\">La XXVII edici\u00f3n del Festival Internacional George Enescu se celebra en Bucarest y en todo el pa\u00eds hasta el 21 de septiembre. Se cumplen 70 a\u00f1os desde la muerte del gran compositor rumano, y la edici\u00f3n de este a\u00f1o del festival internacional que lleva su nombre ser\u00e1 una oportunidad para poner de relieve su legado art\u00edstico y su profundo impacto en la m\u00fasica cl\u00e1sica universal.<\/span><\/p>\n<p><span style=\"font-family: arial, helvetica, sans-serif;\">M\u00e1s de 4000 artistas de Ruman\u00eda y de todo el mundo han sido invitados a participar en el evento. Hasta el final del festival se celebrar\u00e1n cerca de 100 conciertos y espect\u00e1culos para todos los p\u00fablicos. Entre los artistas invitados m\u00e1s importantes se encuentran las directoras Keri-Lynn Wilson y Ustina Dubitsky, los directores Daniele Gatti, Sir Andras Schiff, Ivan Fischer y Cristian Mandeal, los pianistas Rudolf Buchbinder, Martha Argerich y Lucas &amp; Arthur Jussen, y los violonchelistas Kian Soltani, Sol Gabetta y Andrei Ioni\u0163\u0103.<\/span><\/p>\n<p><span style=\"font-family: arial, helvetica, sans-serif;\">El Festival George Enescu incluye en su programa 45 interpretaciones de la obra de George Enescu, entre ellas la \u00f3pera <em>Edipo<\/em>, en una producci\u00f3n de la \u00d3pera Nacional de Bucarest, firmada por Stefano Poda. Adem\u00e1s, se interpretar\u00e1n sinfon\u00edas, rapsodias rumanas, suites para orquesta, la sinfon\u00eda concertante para violonchelo y orquesta, la balada para viol\u00edn y orquesta y muchas otras obras de c\u00e1mara, corales y solistas.\u00a0<\/span><\/p>\n<p><span style=\"font-family: arial, helvetica, sans-serif;\">La edici\u00f3n de este a\u00f1o ha tra\u00eddo una gran diversidad art\u00edstica, con m\u00e1s de 80 conjuntos de 28 pa\u00edses, incluyendo orquestas sinf\u00f3nicas, coros y formaciones de c\u00e1mara, as\u00ed como eventos relacionados, como exposiciones dedicadas a George Enescu y proyectos innovadores de realidad virtual.<\/span><\/p>\n<p><span style=\"font-family: arial, helvetica, sans-serif;\">Por primera vez, el festival se ha extendido m\u00e1s all\u00e1 de las salas de conciertos tradicionales. As\u00ed, el club Control de la capital, consagrado como un espacio de m\u00fasica alternativa, ha acogido eventos en los que artistas de talla internacional y conjuntos rumanos de primer nivel proponen un tipo diferente de experiencia musical: libre, experimental, en di\u00e1logo con el jazz, la m\u00fasica electr\u00f3nica y la percusi\u00f3n contempor\u00e1nea.<\/span><\/p>\n<p><span style=\"font-family: arial, helvetica, sans-serif;\">Desde su primera edici\u00f3n, en 1958, y sin interrupci\u00f3n hasta hoy, Radio Rom\u00e2nia colabora con el Festival George Enescu en calidad de coproductora.<\/span><\/p>\n<p><span style=\"font-family: arial, helvetica, sans-serif;\">Versi\u00f3n en espa\u00f1ol: Antonio Madrid<\/span><\/p>\n","protected":false},"excerpt":{"rendered":"<p>El Festival George Enescu, la fiesta internacional de la m\u00fasica que se celebra estos d\u00edas en Ruman\u00eda, ha superado ya la mitad de su tiempo y de los eventos programados. La Orquesta Sinf\u00f3nica de la Radio de Fr\u00e1ncfort, dirigida por Alain Altinoglu, ofreci\u00f3 un concierto el lunes, y el solista de la velada fue el [&hellip;]<\/p>\n","protected":false},"author":110,"featured_media":902866,"comment_status":"closed","ping_status":"closed","sticky":false,"template":"","format":"standard","meta":{"_acf_changed":false,"footnotes":""},"categories":[49231],"tags":[175894,175896,175890,175893,175892,175333,142498,175891,153680,175881,175895,175877,175878,175885,175884,175883,153702,151012,175347,167477,175876,175889,175888,167482,175882,175880,175886,175887,175879],"coauthors":[113257],"class_list":["post-925828","post","type-post","status-publish","format-standard","has-post-thumbnail","hentry","category-tema-del-dia","tag-andrei-ionita-es","tag-club-control-es","tag-coros","tag-cristian-mandeal-es","tag-daniele-gatti-es","tag-dmitri-shostakovich-es","tag-festival-es","tag-formaciones-de-camara","tag-george-enescu-es","tag-ivan-fischer","tag-jazz-es","tag-jean-sibelius","tag-keri-lynn-wilson","tag-kian-soltani","tag-lucas-arthur-jussen","tag-martha-argerich","tag-musica-clasica","tag-musica-electronica","tag-opera-edipo","tag-opera-nacional-de-bucarest","tag-orquesta-sinfonica-de-la-radio-de-francfort","tag-orquestas-sinfonicas","tag-percusion-contemporanea","tag-radio-romania-es","tag-rudolf-buchbinder","tag-sir-andras-schiff","tag-sol-gabetta","tag-stefano-poda","tag-ustina-dubitsky"],"acf":[],"yoast_head":"<!-- This site is optimized with the Yoast SEO plugin v27.3 - https:\/\/yoast.com\/product\/yoast-seo-wordpress\/ -->\n<title>El Festival George Enescu, en Bucarest - Radio Ruman\u00eda Internacional<\/title>\n<meta name=\"robots\" content=\"index, follow, max-snippet:-1, max-image-preview:large, max-video-preview:-1\" \/>\n<link rel=\"canonical\" href=\"https:\/\/www.rri.ro\/es\/actualidad\/tema-del-dia\/el-festival-george-enescu-en-bucarest-id925828.html\" \/>\n<meta property=\"og:locale\" content=\"es_ES\" \/>\n<meta property=\"og:type\" content=\"article\" \/>\n<meta property=\"og:title\" content=\"El Festival George Enescu, en Bucarest - Radio Ruman\u00eda Internacional\" \/>\n<meta property=\"og:description\" content=\"El Festival George Enescu, la fiesta internacional de la m\u00fasica que se celebra estos d\u00edas en Ruman\u00eda, ha superado ya la mitad de su tiempo y de los eventos programados. La Orquesta Sinf\u00f3nica de la Radio de Fr\u00e1ncfort, dirigida por Alain Altinoglu, ofreci\u00f3 un concierto el lunes, y el solista de la velada fue el [&hellip;]\" \/>\n<meta property=\"og:url\" content=\"https:\/\/www.rri.ro\/es\/actualidad\/tema-del-dia\/el-festival-george-enescu-en-bucarest-id925828.html\" \/>\n<meta property=\"og:site_name\" content=\"Radio Ruman\u00eda Internacional\" \/>\n<meta property=\"article:published_time\" content=\"2025-09-09T07:33:58+00:00\" \/>\n<meta property=\"og:image\" content=\"https:\/\/www.rri.ro\/wp-content\/uploads\/2025\/06\/Festivalul-International-George-Enescu-2025.jpg\" \/>\n\t<meta property=\"og:image:width\" content=\"960\" \/>\n\t<meta property=\"og:image:height\" content=\"542\" \/>\n\t<meta property=\"og:image:type\" content=\"image\/jpeg\" \/>\n<meta name=\"author\" content=\"\u015etefan Stoica\" \/>\n<meta name=\"twitter:card\" content=\"summary_large_image\" \/>\n<meta name=\"twitter:label1\" content=\"Escrito por\" \/>\n\t<meta name=\"twitter:data1\" content=\"\u015etefan Stoica\" \/>\n\t<meta name=\"twitter:label2\" content=\"Tiempo de lectura\" \/>\n\t<meta name=\"twitter:data2\" content=\"3 minutos\" \/>\n\t<meta name=\"twitter:label3\" content=\"Written by\" \/>\n\t<meta name=\"twitter:data3\" content=\"\u015etefan Stoica\" \/>\n<script type=\"application\/ld+json\" class=\"yoast-schema-graph\">{\"@context\":\"https:\\\/\\\/schema.org\",\"@graph\":[{\"@type\":\"Article\",\"@id\":\"https:\\\/\\\/www.rri.ro\\\/es\\\/actualidad\\\/tema-del-dia\\\/el-festival-george-enescu-en-bucarest-id925828.html#article\",\"isPartOf\":{\"@id\":\"https:\\\/\\\/www.rri.ro\\\/es\\\/actualidad\\\/tema-del-dia\\\/el-festival-george-enescu-en-bucarest-id925828.html\"},\"author\":{\"name\":\"\u015etefan Stoica\",\"@id\":\"https:\\\/\\\/www.rri.ro\\\/#\\\/schema\\\/person\\\/2d81d5dc94d44190d13245f64551d334\"},\"headline\":\"El Festival George Enescu, en Bucarest\",\"datePublished\":\"2025-09-09T07:33:58+00:00\",\"mainEntityOfPage\":{\"@id\":\"https:\\\/\\\/www.rri.ro\\\/es\\\/actualidad\\\/tema-del-dia\\\/el-festival-george-enescu-en-bucarest-id925828.html\"},\"wordCount\":540,\"image\":{\"@id\":\"https:\\\/\\\/www.rri.ro\\\/es\\\/actualidad\\\/tema-del-dia\\\/el-festival-george-enescu-en-bucarest-id925828.html#primaryimage\"},\"thumbnailUrl\":\"https:\\\/\\\/www.rri.ro\\\/wp-content\\\/uploads\\\/2025\\\/06\\\/Festivalul-International-George-Enescu-2025.jpg\",\"keywords\":[\"Andrei Ionita\",\"Club Control\",\"coros\",\"Cristian Mandeal\",\"Daniele Gatti\",\"Dmitri Shostakovich\",\"festival\",\"formaciones de c\u00e1mara\",\"George Enescu,\",\"Ivan Fischer\",\"jazz\",\"Jean Sibelius\",\"Keri-Lynn Wilson\",\"Kian Soltani\",\"Lucas &amp; Arthur Jussen\",\"Martha Argerich\",\"m\u00fasica cl\u00e1sica\",\"m\u00fasica electr\u00f3nica\",\"\u00f3pera Edipo\",\"\u00d3pera Nacional de Bucarest\",\"Orquesta Sinf\u00f3nica de la Radio de Fr\u00e1ncfort\",\"orquestas sinf\u00f3nicas\",\"percusi\u00f3n contempor\u00e1nea\",\"Radio Romania\",\"Rudolf Buchbinder\",\"Sir Andras Schiff\",\"Sol Gabetta\",\"Stefano Poda\",\"Ustina Dubitsky\"],\"articleSection\":[\"Tema del d\u00eda\"],\"inLanguage\":\"es\"},{\"@type\":\"WebPage\",\"@id\":\"https:\\\/\\\/www.rri.ro\\\/es\\\/actualidad\\\/tema-del-dia\\\/el-festival-george-enescu-en-bucarest-id925828.html\",\"url\":\"https:\\\/\\\/www.rri.ro\\\/es\\\/actualidad\\\/tema-del-dia\\\/el-festival-george-enescu-en-bucarest-id925828.html\",\"name\":\"El Festival George Enescu, en Bucarest - Radio Ruman\u00eda Internacional\",\"isPartOf\":{\"@id\":\"https:\\\/\\\/www.rri.ro\\\/#website\"},\"primaryImageOfPage\":{\"@id\":\"https:\\\/\\\/www.rri.ro\\\/es\\\/actualidad\\\/tema-del-dia\\\/el-festival-george-enescu-en-bucarest-id925828.html#primaryimage\"},\"image\":{\"@id\":\"https:\\\/\\\/www.rri.ro\\\/es\\\/actualidad\\\/tema-del-dia\\\/el-festival-george-enescu-en-bucarest-id925828.html#primaryimage\"},\"thumbnailUrl\":\"https:\\\/\\\/www.rri.ro\\\/wp-content\\\/uploads\\\/2025\\\/06\\\/Festivalul-International-George-Enescu-2025.jpg\",\"datePublished\":\"2025-09-09T07:33:58+00:00\",\"author\":{\"@id\":\"https:\\\/\\\/www.rri.ro\\\/#\\\/schema\\\/person\\\/2d81d5dc94d44190d13245f64551d334\"},\"breadcrumb\":{\"@id\":\"https:\\\/\\\/www.rri.ro\\\/es\\\/actualidad\\\/tema-del-dia\\\/el-festival-george-enescu-en-bucarest-id925828.html#breadcrumb\"},\"inLanguage\":\"es\",\"potentialAction\":[{\"@type\":\"ReadAction\",\"target\":[\"https:\\\/\\\/www.rri.ro\\\/es\\\/actualidad\\\/tema-del-dia\\\/el-festival-george-enescu-en-bucarest-id925828.html\"]}]},{\"@type\":\"ImageObject\",\"inLanguage\":\"es\",\"@id\":\"https:\\\/\\\/www.rri.ro\\\/es\\\/actualidad\\\/tema-del-dia\\\/el-festival-george-enescu-en-bucarest-id925828.html#primaryimage\",\"url\":\"https:\\\/\\\/www.rri.ro\\\/wp-content\\\/uploads\\\/2025\\\/06\\\/Festivalul-International-George-Enescu-2025.jpg\",\"contentUrl\":\"https:\\\/\\\/www.rri.ro\\\/wp-content\\\/uploads\\\/2025\\\/06\\\/Festivalul-International-George-Enescu-2025.jpg\",\"width\":960,\"height\":542,\"caption\":\"2025 George Enescu International Festival\"},{\"@type\":\"BreadcrumbList\",\"@id\":\"https:\\\/\\\/www.rri.ro\\\/es\\\/actualidad\\\/tema-del-dia\\\/el-festival-george-enescu-en-bucarest-id925828.html#breadcrumb\",\"itemListElement\":[{\"@type\":\"ListItem\",\"position\":1,\"name\":\"P\u00e1gina de inicio\",\"item\":\"https:\\\/\\\/www.rri.ro\\\/es\"},{\"@type\":\"ListItem\",\"position\":2,\"name\":\"Actualidad\",\"item\":\"https:\\\/\\\/www.rri.ro\\\/es\\\/actualidad\"},{\"@type\":\"ListItem\",\"position\":3,\"name\":\"Tema del d\u00eda\",\"item\":\"https:\\\/\\\/www.rri.ro\\\/es\\\/actualidad\\\/tema-del-dia\"},{\"@type\":\"ListItem\",\"position\":4,\"name\":\"El Festival George Enescu, en Bucarest\"}]},{\"@type\":\"WebSite\",\"@id\":\"https:\\\/\\\/www.rri.ro\\\/#website\",\"url\":\"https:\\\/\\\/www.rri.ro\\\/\",\"name\":\"Radio Ruman\u00eda Internacional\",\"description\":\"Totul despre Rom\u00e2nia \u015fi rom\u00e2ni, \u00een 13 limbi\\\/dialecte!\",\"inLanguage\":\"es\"},{\"@type\":\"Person\",\"@id\":\"https:\\\/\\\/www.rri.ro\\\/#\\\/schema\\\/person\\\/2d81d5dc94d44190d13245f64551d334\",\"name\":\"\u015etefan Stoica\",\"url\":\"https:\\\/\\\/www.rri.ro\\\/es\\\/author\\\/stefan-stoica\"}]}<\/script>\n<!-- \/ Yoast SEO plugin. -->","yoast_head_json":{"title":"El Festival George Enescu, en Bucarest - Radio Ruman\u00eda Internacional","robots":{"index":"index","follow":"follow","max-snippet":"max-snippet:-1","max-image-preview":"max-image-preview:large","max-video-preview":"max-video-preview:-1"},"canonical":"https:\/\/www.rri.ro\/es\/actualidad\/tema-del-dia\/el-festival-george-enescu-en-bucarest-id925828.html","og_locale":"es_ES","og_type":"article","og_title":"El Festival George Enescu, en Bucarest - Radio Ruman\u00eda Internacional","og_description":"El Festival George Enescu, la fiesta internacional de la m\u00fasica que se celebra estos d\u00edas en Ruman\u00eda, ha superado ya la mitad de su tiempo y de los eventos programados. La Orquesta Sinf\u00f3nica de la Radio de Fr\u00e1ncfort, dirigida por Alain Altinoglu, ofreci\u00f3 un concierto el lunes, y el solista de la velada fue el [&hellip;]","og_url":"https:\/\/www.rri.ro\/es\/actualidad\/tema-del-dia\/el-festival-george-enescu-en-bucarest-id925828.html","og_site_name":"Radio Ruman\u00eda Internacional","article_published_time":"2025-09-09T07:33:58+00:00","og_image":[{"width":960,"height":542,"url":"https:\/\/www.rri.ro\/wp-content\/uploads\/2025\/06\/Festivalul-International-George-Enescu-2025.jpg","type":"image\/jpeg"}],"author":"\u015etefan Stoica","twitter_card":"summary_large_image","twitter_misc":{"Escrito por":"\u015etefan Stoica","Tiempo de lectura":"3 minutos","Written by":"\u015etefan Stoica"},"schema":{"@context":"https:\/\/schema.org","@graph":[{"@type":"Article","@id":"https:\/\/www.rri.ro\/es\/actualidad\/tema-del-dia\/el-festival-george-enescu-en-bucarest-id925828.html#article","isPartOf":{"@id":"https:\/\/www.rri.ro\/es\/actualidad\/tema-del-dia\/el-festival-george-enescu-en-bucarest-id925828.html"},"author":{"name":"\u015etefan Stoica","@id":"https:\/\/www.rri.ro\/#\/schema\/person\/2d81d5dc94d44190d13245f64551d334"},"headline":"El Festival George Enescu, en Bucarest","datePublished":"2025-09-09T07:33:58+00:00","mainEntityOfPage":{"@id":"https:\/\/www.rri.ro\/es\/actualidad\/tema-del-dia\/el-festival-george-enescu-en-bucarest-id925828.html"},"wordCount":540,"image":{"@id":"https:\/\/www.rri.ro\/es\/actualidad\/tema-del-dia\/el-festival-george-enescu-en-bucarest-id925828.html#primaryimage"},"thumbnailUrl":"https:\/\/www.rri.ro\/wp-content\/uploads\/2025\/06\/Festivalul-International-George-Enescu-2025.jpg","keywords":["Andrei Ionita","Club Control","coros","Cristian Mandeal","Daniele Gatti","Dmitri Shostakovich","festival","formaciones de c\u00e1mara","George Enescu,","Ivan Fischer","jazz","Jean Sibelius","Keri-Lynn Wilson","Kian Soltani","Lucas &amp; Arthur Jussen","Martha Argerich","m\u00fasica cl\u00e1sica","m\u00fasica electr\u00f3nica","\u00f3pera Edipo","\u00d3pera Nacional de Bucarest","Orquesta Sinf\u00f3nica de la Radio de Fr\u00e1ncfort","orquestas sinf\u00f3nicas","percusi\u00f3n contempor\u00e1nea","Radio Romania","Rudolf Buchbinder","Sir Andras Schiff","Sol Gabetta","Stefano Poda","Ustina Dubitsky"],"articleSection":["Tema del d\u00eda"],"inLanguage":"es"},{"@type":"WebPage","@id":"https:\/\/www.rri.ro\/es\/actualidad\/tema-del-dia\/el-festival-george-enescu-en-bucarest-id925828.html","url":"https:\/\/www.rri.ro\/es\/actualidad\/tema-del-dia\/el-festival-george-enescu-en-bucarest-id925828.html","name":"El Festival George Enescu, en Bucarest - Radio Ruman\u00eda Internacional","isPartOf":{"@id":"https:\/\/www.rri.ro\/#website"},"primaryImageOfPage":{"@id":"https:\/\/www.rri.ro\/es\/actualidad\/tema-del-dia\/el-festival-george-enescu-en-bucarest-id925828.html#primaryimage"},"image":{"@id":"https:\/\/www.rri.ro\/es\/actualidad\/tema-del-dia\/el-festival-george-enescu-en-bucarest-id925828.html#primaryimage"},"thumbnailUrl":"https:\/\/www.rri.ro\/wp-content\/uploads\/2025\/06\/Festivalul-International-George-Enescu-2025.jpg","datePublished":"2025-09-09T07:33:58+00:00","author":{"@id":"https:\/\/www.rri.ro\/#\/schema\/person\/2d81d5dc94d44190d13245f64551d334"},"breadcrumb":{"@id":"https:\/\/www.rri.ro\/es\/actualidad\/tema-del-dia\/el-festival-george-enescu-en-bucarest-id925828.html#breadcrumb"},"inLanguage":"es","potentialAction":[{"@type":"ReadAction","target":["https:\/\/www.rri.ro\/es\/actualidad\/tema-del-dia\/el-festival-george-enescu-en-bucarest-id925828.html"]}]},{"@type":"ImageObject","inLanguage":"es","@id":"https:\/\/www.rri.ro\/es\/actualidad\/tema-del-dia\/el-festival-george-enescu-en-bucarest-id925828.html#primaryimage","url":"https:\/\/www.rri.ro\/wp-content\/uploads\/2025\/06\/Festivalul-International-George-Enescu-2025.jpg","contentUrl":"https:\/\/www.rri.ro\/wp-content\/uploads\/2025\/06\/Festivalul-International-George-Enescu-2025.jpg","width":960,"height":542,"caption":"2025 George Enescu International Festival"},{"@type":"BreadcrumbList","@id":"https:\/\/www.rri.ro\/es\/actualidad\/tema-del-dia\/el-festival-george-enescu-en-bucarest-id925828.html#breadcrumb","itemListElement":[{"@type":"ListItem","position":1,"name":"P\u00e1gina de inicio","item":"https:\/\/www.rri.ro\/es"},{"@type":"ListItem","position":2,"name":"Actualidad","item":"https:\/\/www.rri.ro\/es\/actualidad"},{"@type":"ListItem","position":3,"name":"Tema del d\u00eda","item":"https:\/\/www.rri.ro\/es\/actualidad\/tema-del-dia"},{"@type":"ListItem","position":4,"name":"El Festival George Enescu, en Bucarest"}]},{"@type":"WebSite","@id":"https:\/\/www.rri.ro\/#website","url":"https:\/\/www.rri.ro\/","name":"Radio Ruman\u00eda Internacional","description":"Totul despre Rom\u00e2nia \u015fi rom\u00e2ni, \u00een 13 limbi\/dialecte!","inLanguage":"es"},{"@type":"Person","@id":"https:\/\/www.rri.ro\/#\/schema\/person\/2d81d5dc94d44190d13245f64551d334","name":"\u015etefan Stoica","url":"https:\/\/www.rri.ro\/es\/author\/stefan-stoica"}]}},"_links":{"self":[{"href":"https:\/\/www.rri.ro\/es\/wp-json\/wp\/v2\/posts\/925828","targetHints":{"allow":["GET"]}}],"collection":[{"href":"https:\/\/www.rri.ro\/es\/wp-json\/wp\/v2\/posts"}],"about":[{"href":"https:\/\/www.rri.ro\/es\/wp-json\/wp\/v2\/types\/post"}],"author":[{"embeddable":true,"href":"https:\/\/www.rri.ro\/es\/wp-json\/wp\/v2\/users\/110"}],"replies":[{"embeddable":true,"href":"https:\/\/www.rri.ro\/es\/wp-json\/wp\/v2\/comments?post=925828"}],"version-history":[{"count":0,"href":"https:\/\/www.rri.ro\/es\/wp-json\/wp\/v2\/posts\/925828\/revisions"}],"wp:featuredmedia":[{"embeddable":true,"href":"https:\/\/www.rri.ro\/es\/wp-json\/wp\/v2\/media\/902866"}],"wp:attachment":[{"href":"https:\/\/www.rri.ro\/es\/wp-json\/wp\/v2\/media?parent=925828"}],"wp:term":[{"taxonomy":"category","embeddable":true,"href":"https:\/\/www.rri.ro\/es\/wp-json\/wp\/v2\/categories?post=925828"},{"taxonomy":"post_tag","embeddable":true,"href":"https:\/\/www.rri.ro\/es\/wp-json\/wp\/v2\/tags?post=925828"},{"taxonomy":"author","embeddable":true,"href":"https:\/\/www.rri.ro\/es\/wp-json\/wp\/v2\/coauthors?post=925828"}],"curies":[{"name":"wp","href":"https:\/\/api.w.org\/{rel}","templated":true}]}}