{"id":938482,"date":"2025-10-13T15:47:14","date_gmt":"2025-10-13T12:47:14","guid":{"rendered":"https:\/\/www.rri.ro\/?p=938482"},"modified":"2025-10-13T15:48:54","modified_gmt":"2025-10-13T12:48:54","slug":"la-miscelanea-el-alma-del-vino-rumano-y-su-vendimia","status":"publish","type":"post","link":"https:\/\/www.rri.ro\/es\/panorama-rumano\/de-todo-un-poco\/la-miscelanea-el-alma-del-vino-rumano-y-su-vendimia-id938482.html","title":{"rendered":"La miscel\u00e1nea: El alma del vino rumano y su vendimia"},"content":{"rendered":"<p>Hablaremos del vino rumano, del alma que se esconde en cada copa, y de las tradiciones que, cada oto\u00f1o, reviven en medio de los C\u00e1rpatos. Pocos lo saben, pero Ruman\u00eda es uno de los pa\u00edses vitivin\u00edcolas m\u00e1s antiguos del mundo. La vid crece en nuestras tierras desde hace m\u00e1s de seis mil a\u00f1os. Ya los dacios, antiguos habitantes del territorio, adoraban a Dionisio \u2014el dios del vino y la ebriedad\u2014 bajo el nombre de Sabacio. Y m\u00e1s tarde, los romanos, que dieron su nombre al pa\u00eds, cultivaron aqu\u00ed sus vi\u00f1as como en sus propias colonias del Mediterr\u00e1neo. Hoy, esa herencia sigue viva. El vino aqu\u00ed no es solo bebida: es herencia, s\u00edmbolo de identidad, parte de la vida.<\/p>\n<p>El pa\u00eds cuenta con m\u00e1s de 180.000 hect\u00e1reas de vi\u00f1edos, divididos en regiones con climas y estilos \u00fanicos. Moldavia ofrece tintos intensos y blancos afrutados; Dealu Mare, en el sur, produce vinos con cuerpo y notas especiadas; Transilvania se destaca por blancos elegantes gracias a su clima fresco; Dobrogea aporta car\u00e1cter marino y mineral, mientras Banato y Cri\u0219ana apuestan por vinos naturales y biodin\u00e1micos. Entre las uvas aut\u00f3ctonas destacan <em>Feteasc\u0103 Neagr\u0103<\/em>, con notas de ciruela y especias, y <em>Feteasc\u0103 Regal\u0103<\/em>, blanca, floral y fresca. Tambi\u00e9n brillan <em>T\u0103m\u00e2ioas\u0103 Rom\u00e2neasc\u0103<\/em>, arom\u00e1tica y dulce, y <em>Babeasc\u0103 Neagr\u0103<\/em>, m\u00e1s ligera y r\u00fastica.<\/p>\n<p>La vendimia en Ruman\u00eda no es solo una labor agr\u00edcola; es un ritual. En las zonas rurales, a\u00fan se recogen los racimos a mano, con c\u00e1nticos, con vino viejo en la mochila y pan casero compartido entre los hileros. Despu\u00e9s del trabajo, viene la fiesta. Se celebra la llegada del vino nuevo \u2014llamado \u201cvin t\u00e2n\u0103r\u201d\u2014 con m\u00fasica, danzas y platos t\u00edpicos. En algunas aldeas, se bendice el vino. En otras, se organiza una feria local donde se degusta lo mejor de la cosecha. Y es que el vino, aqu\u00ed, no es solo bebida. Es uni\u00f3n, es herencia, es vida.<\/p>\n<p>Uno de los mejores momentos para descubrir este mundo es en el <em>RO-Wine \u2013 The International Wine Festival of Romania<\/em>, que se celebra cada octubre en Bucarest. Durante tres d\u00edas, en un ambiente sofisticado y relajado, los visitantes pueden degustar m\u00e1s de 500 vinos diferentes, participar en masterclasses, descubrir vinos naturales, espumosos, biodin\u00e1micos, y conocer propuestas gastron\u00f3micas que elevan a\u00fan m\u00e1s la experiencia sensorial. El evento no solo est\u00e1 dirigido a expertos o profesionales del sector. Tambi\u00e9n abre sus puertas al p\u00fablico general, a los curiosos, a los que quieren aprender, probar, comparar. All\u00ed, una copa puede ser el inicio de una conversaci\u00f3n con el productor mismo, o con un chef que sugiere maridajes inesperados.<\/p>\n<p>RO-Wine tambi\u00e9n tiene ediciones especiales: una versi\u00f3n de primavera, otra de oto\u00f1o, e incluso eventos sat\u00e9lite en ciudades como Cluj-Napoca o Constanza. Pero es en oto\u00f1o, cuando los vi\u00f1edos est\u00e1n a\u00fan llenos de colores y aromas, cuando este festival cobra un significado especial. En esta edici\u00f3n, que se celebra entre el 11 y el 13 de octubre en Bucarest, se esperan representantes de m\u00e1s de 80 bodegas, tanto rumanas como internacionales, adem\u00e1s de un \u00e1rea gourmet con productos artesanales: quesos, aceites, panes, embutidos. Todo pensado para acompa\u00f1ar el vino, como debe ser. RO-Wine no solo celebra el vino. Celebra la transformaci\u00f3n de Ruman\u00eda en una tierra que ya no copia ni imita, sino que crea su propio camino en el mundo del vino. Un pa\u00eds que honra su tradici\u00f3n, pero que mira hacia el futuro con una copa bien servida.<\/p>\n<p>En muchas ciudades peque\u00f1as, hay ferias locales de la cosecha, donde podr\u00e1s probar vino casero, a veces turbio, a veces sorprendente. All\u00ed, el vino no tiene etiqueta, pero s\u00ed alma. Algunas bodegas en Ruman\u00eda combinan tradici\u00f3n e innovaci\u00f3n, y son destinos tur\u00edsticos por derecho propio. En la literatura, en la poes\u00eda, en las canciones populares, el vino es un s\u00edmbolo de alegr\u00eda, pero tambi\u00e9n de melancol\u00eda. Y como no se puede hablar de vino sin hablar de comida, el oto\u00f1o en Ruman\u00eda trae platos tradicionales que maridan a la perfecci\u00f3n: sarmale, ciorb\u0103 de burt\u0103, tochitur\u0103 con polenta, o quesos artesanales que resaltan con blancos frescos y rosados.<\/p>\n<p>En Ruman\u00eda, el vino se sienta a la mesa como un invitado m\u00e1s. Y entre brindis, risas y sabores, se teje una historia que conecta al pueblo con su tierra. El oto\u00f1o aqu\u00ed no solo se ve\u2026 tambi\u00e9n se saborea.<\/p>\n<p><iframe loading=\"lazy\" src=\"https:\/\/w.soundcloud.com\/player\/?url=https%3A\/\/api.soundcloud.com\/tracks\/soundcloud%253Atracks%253A2188927867&amp;color=%23ff5500&amp;auto_play=false&amp;hide_related=false&amp;show_comments=true&amp;show_user=true&amp;show_reposts=false&amp;show_teaser=true&amp;visual=true\" width=\"100%\" height=\"300\" frameborder=\"no\" scrolling=\"no\"><\/iframe><\/p>\n<div style=\"font-size: 10px; color: #cccccc; line-break: anywhere; word-break: normal; overflow: hidden; white-space: nowrap; text-overflow: ellipsis; font-family: Interstate,Lucida Grande,Lucida Sans Unicode,Lucida Sans,Garuda,Verdana,Tahoma,sans-serif; font-weight: 100;\"><a style=\"color: #cccccc; text-decoration: none;\" title=\"RadioRomaniaInternational\" href=\"https:\/\/soundcloud.com\/radioromaniainternational\" target=\"_blank\" rel=\"noopener\">RadioRomaniaInternational<\/a> \u00b7 <a style=\"color: #cccccc; text-decoration: none;\" title=\"Miscelanea 13.10.2025\" href=\"https:\/\/soundcloud.com\/radioromaniainternational\/miscelanea-13-10-2025\" target=\"_blank\" rel=\"noopener\">Miscelanea 13.10.2025<\/a><\/div>\n<p>&nbsp;<\/p>\n","protected":false},"excerpt":{"rendered":"<p>Hablaremos del vino rumano, del alma que se esconde en cada copa, y de las tradiciones que, cada oto\u00f1o, reviven en medio de los C\u00e1rpatos. Pocos lo saben, pero Ruman\u00eda es uno de los pa\u00edses vitivin\u00edcolas m\u00e1s antiguos del mundo. La vid crece en nuestras tierras desde hace m\u00e1s de seis mil a\u00f1os. Ya los [&hellip;]<\/p>\n","protected":false},"author":59,"featured_media":932197,"comment_status":"closed","ping_status":"closed","sticky":false,"template":"","format":"audio","meta":{"_acf_changed":false,"footnotes":""},"categories":[112227],"tags":[153131,154938,150051,156922,145337,112370,142537,157320,154343,112391,149617,177993,49174,161912,112296,160486,147170,112465,154937],"coauthors":[114943],"class_list":["post-938482","post","type-post","status-publish","format-audio","has-post-thumbnail","hentry","category-de-todo-un-poco","tag-bebida","tag-bodega","tag-copa-es","tag-cosecha","tag-evento","tag-feria","tag-fiesta-es","tag-herencia","tag-labor-es","tag-otono","tag-regiones","tag-tintos","tag-tradiciones","tag-union-es","tag-vendimia","tag-vid","tag-vida","tag-vinedos","tag-vino","post_format-post-format-audio"],"acf":[],"yoast_head":"<!-- This site is optimized with the Yoast SEO plugin v27.3 - https:\/\/yoast.com\/product\/yoast-seo-wordpress\/ -->\n<title>La miscel\u00e1nea: El alma del vino rumano y su vendimia - Radio Ruman\u00eda Internacional<\/title>\n<meta name=\"description\" content=\"El aire de octubre huele a hojas secas, a tierra h\u00fameda, y a mosto reci\u00e9n prensado. Las colinas se ti\u00f1en de dorado y rojo, como si el sol hubiese decidido dormirse en los vi\u00f1edos. Estamos en oto\u00f1o, y en Ruman\u00eda, eso solo puede significar una cosa: ha llegado la vendimia.\" \/>\n<meta name=\"robots\" content=\"index, follow, max-snippet:-1, max-image-preview:large, max-video-preview:-1\" \/>\n<link rel=\"canonical\" href=\"https:\/\/www.rri.ro\/es\/panorama-rumano\/de-todo-un-poco\/la-miscelanea-el-alma-del-vino-rumano-y-su-vendimia-id938482.html\" \/>\n<meta property=\"og:locale\" content=\"es_ES\" \/>\n<meta property=\"og:type\" content=\"article\" \/>\n<meta property=\"og:title\" content=\"La miscel\u00e1nea: El alma del vino rumano y su vendimia - Radio Ruman\u00eda Internacional\" \/>\n<meta property=\"og:description\" content=\"El aire de octubre huele a hojas secas, a tierra h\u00fameda, y a mosto reci\u00e9n prensado. Las colinas se ti\u00f1en de dorado y rojo, como si el sol hubiese decidido dormirse en los vi\u00f1edos. Estamos en oto\u00f1o, y en Ruman\u00eda, eso solo puede significar una cosa: ha llegado la vendimia.\" \/>\n<meta property=\"og:url\" content=\"https:\/\/www.rri.ro\/es\/panorama-rumano\/de-todo-un-poco\/la-miscelanea-el-alma-del-vino-rumano-y-su-vendimia-id938482.html\" \/>\n<meta property=\"og:site_name\" content=\"Radio Ruman\u00eda Internacional\" \/>\n<meta property=\"article:published_time\" content=\"2025-10-13T12:47:14+00:00\" \/>\n<meta property=\"article:modified_time\" content=\"2025-10-13T12:48:54+00:00\" \/>\n<meta property=\"og:image\" content=\"https:\/\/www.rri.ro\/wp-content\/uploads\/2025\/09\/sticla-vin-wine-bottle-foto-pixabay.jpg\" \/>\n\t<meta property=\"og:image:width\" content=\"1248\" \/>\n\t<meta property=\"og:image:height\" content=\"805\" \/>\n\t<meta property=\"og:image:type\" content=\"image\/jpeg\" \/>\n<meta name=\"author\" content=\"Brigitta Pana\" \/>\n<meta name=\"twitter:card\" content=\"summary_large_image\" \/>\n<meta name=\"twitter:label1\" content=\"Escrito por\" \/>\n\t<meta name=\"twitter:data1\" content=\"Brigitta Pana\" \/>\n\t<meta name=\"twitter:label2\" content=\"Tiempo de lectura\" \/>\n\t<meta name=\"twitter:data2\" content=\"4 minutos\" \/>\n\t<meta name=\"twitter:label3\" content=\"Written by\" \/>\n\t<meta name=\"twitter:data3\" content=\"Brigitta Pana\" \/>\n<script type=\"application\/ld+json\" class=\"yoast-schema-graph\">{\"@context\":\"https:\\\/\\\/schema.org\",\"@graph\":[{\"@type\":\"Article\",\"@id\":\"https:\\\/\\\/www.rri.ro\\\/es\\\/panorama-rumano\\\/de-todo-un-poco\\\/la-miscelanea-el-alma-del-vino-rumano-y-su-vendimia-id938482.html#article\",\"isPartOf\":{\"@id\":\"https:\\\/\\\/www.rri.ro\\\/es\\\/panorama-rumano\\\/de-todo-un-poco\\\/la-miscelanea-el-alma-del-vino-rumano-y-su-vendimia-id938482.html\"},\"author\":{\"name\":\"Brigitta Pana\",\"@id\":\"https:\\\/\\\/www.rri.ro\\\/#\\\/schema\\\/person\\\/d931d1dd71df33f3f9574bd60b16a323\"},\"headline\":\"La miscel\u00e1nea: El alma del vino rumano y su vendimia\",\"datePublished\":\"2025-10-13T12:47:14+00:00\",\"dateModified\":\"2025-10-13T12:48:54+00:00\",\"mainEntityOfPage\":{\"@id\":\"https:\\\/\\\/www.rri.ro\\\/es\\\/panorama-rumano\\\/de-todo-un-poco\\\/la-miscelanea-el-alma-del-vino-rumano-y-su-vendimia-id938482.html\"},\"wordCount\":806,\"image\":{\"@id\":\"https:\\\/\\\/www.rri.ro\\\/es\\\/panorama-rumano\\\/de-todo-un-poco\\\/la-miscelanea-el-alma-del-vino-rumano-y-su-vendimia-id938482.html#primaryimage\"},\"thumbnailUrl\":\"https:\\\/\\\/www.rri.ro\\\/wp-content\\\/uploads\\\/2025\\\/09\\\/sticla-vin-wine-bottle-foto-pixabay.jpg\",\"keywords\":[\"bebida\",\"bodega\",\"COPA\",\"cosecha\",\"evento\",\"feria\",\"Fiesta\",\"herencia\",\"labor\",\"oto\u00f1o\",\"regiones\",\"tintos\",\"tradiciones\",\"union\",\"vendimia\",\"vid\",\"vida\",\"vi\u00f1edos\",\"vino\"],\"articleSection\":[\"De todo un poco\"],\"inLanguage\":\"es\"},{\"@type\":\"WebPage\",\"@id\":\"https:\\\/\\\/www.rri.ro\\\/es\\\/panorama-rumano\\\/de-todo-un-poco\\\/la-miscelanea-el-alma-del-vino-rumano-y-su-vendimia-id938482.html\",\"url\":\"https:\\\/\\\/www.rri.ro\\\/es\\\/panorama-rumano\\\/de-todo-un-poco\\\/la-miscelanea-el-alma-del-vino-rumano-y-su-vendimia-id938482.html\",\"name\":\"La miscel\u00e1nea: El alma del vino rumano y su vendimia - Radio Ruman\u00eda Internacional\",\"isPartOf\":{\"@id\":\"https:\\\/\\\/www.rri.ro\\\/#website\"},\"primaryImageOfPage\":{\"@id\":\"https:\\\/\\\/www.rri.ro\\\/es\\\/panorama-rumano\\\/de-todo-un-poco\\\/la-miscelanea-el-alma-del-vino-rumano-y-su-vendimia-id938482.html#primaryimage\"},\"image\":{\"@id\":\"https:\\\/\\\/www.rri.ro\\\/es\\\/panorama-rumano\\\/de-todo-un-poco\\\/la-miscelanea-el-alma-del-vino-rumano-y-su-vendimia-id938482.html#primaryimage\"},\"thumbnailUrl\":\"https:\\\/\\\/www.rri.ro\\\/wp-content\\\/uploads\\\/2025\\\/09\\\/sticla-vin-wine-bottle-foto-pixabay.jpg\",\"datePublished\":\"2025-10-13T12:47:14+00:00\",\"dateModified\":\"2025-10-13T12:48:54+00:00\",\"author\":{\"@id\":\"https:\\\/\\\/www.rri.ro\\\/#\\\/schema\\\/person\\\/d931d1dd71df33f3f9574bd60b16a323\"},\"description\":\"El aire de octubre huele a hojas secas, a tierra h\u00fameda, y a mosto reci\u00e9n prensado. Las colinas se ti\u00f1en de dorado y rojo, como si el sol hubiese decidido dormirse en los vi\u00f1edos. Estamos en oto\u00f1o, y en Ruman\u00eda, eso solo puede significar una cosa: ha llegado la vendimia.\",\"breadcrumb\":{\"@id\":\"https:\\\/\\\/www.rri.ro\\\/es\\\/panorama-rumano\\\/de-todo-un-poco\\\/la-miscelanea-el-alma-del-vino-rumano-y-su-vendimia-id938482.html#breadcrumb\"},\"inLanguage\":\"es\",\"potentialAction\":[{\"@type\":\"ReadAction\",\"target\":[\"https:\\\/\\\/www.rri.ro\\\/es\\\/panorama-rumano\\\/de-todo-un-poco\\\/la-miscelanea-el-alma-del-vino-rumano-y-su-vendimia-id938482.html\"]}]},{\"@type\":\"ImageObject\",\"inLanguage\":\"es\",\"@id\":\"https:\\\/\\\/www.rri.ro\\\/es\\\/panorama-rumano\\\/de-todo-un-poco\\\/la-miscelanea-el-alma-del-vino-rumano-y-su-vendimia-id938482.html#primaryimage\",\"url\":\"https:\\\/\\\/www.rri.ro\\\/wp-content\\\/uploads\\\/2025\\\/09\\\/sticla-vin-wine-bottle-foto-pixabay.jpg\",\"contentUrl\":\"https:\\\/\\\/www.rri.ro\\\/wp-content\\\/uploads\\\/2025\\\/09\\\/sticla-vin-wine-bottle-foto-pixabay.jpg\",\"width\":1248,\"height\":805,\"caption\":\"Foto: pixabay.com\"},{\"@type\":\"BreadcrumbList\",\"@id\":\"https:\\\/\\\/www.rri.ro\\\/es\\\/panorama-rumano\\\/de-todo-un-poco\\\/la-miscelanea-el-alma-del-vino-rumano-y-su-vendimia-id938482.html#breadcrumb\",\"itemListElement\":[{\"@type\":\"ListItem\",\"position\":1,\"name\":\"P\u00e1gina de inicio\",\"item\":\"https:\\\/\\\/www.rri.ro\\\/es\"},{\"@type\":\"ListItem\",\"position\":2,\"name\":\"Panorama rumano\",\"item\":\"https:\\\/\\\/www.rri.ro\\\/es\\\/panorama-rumano\"},{\"@type\":\"ListItem\",\"position\":3,\"name\":\"De todo un poco\",\"item\":\"https:\\\/\\\/www.rri.ro\\\/es\\\/panorama-rumano\\\/de-todo-un-poco\"},{\"@type\":\"ListItem\",\"position\":4,\"name\":\"La miscel\u00e1nea: El alma del vino rumano y su vendimia\"}]},{\"@type\":\"WebSite\",\"@id\":\"https:\\\/\\\/www.rri.ro\\\/#website\",\"url\":\"https:\\\/\\\/www.rri.ro\\\/\",\"name\":\"Radio Ruman\u00eda Internacional\",\"description\":\"Totul despre Rom\u00e2nia \u015fi rom\u00e2ni, \u00een 13 limbi\\\/dialecte!\",\"inLanguage\":\"es\"},{\"@type\":\"Person\",\"@id\":\"https:\\\/\\\/www.rri.ro\\\/#\\\/schema\\\/person\\\/d931d1dd71df33f3f9574bd60b16a323\",\"name\":\"Brigitta Pana\",\"url\":\"https:\\\/\\\/www.rri.ro\\\/es\\\/author\\\/brigitta-pana\"}]}<\/script>\n<!-- \/ Yoast SEO plugin. -->","yoast_head_json":{"title":"La miscel\u00e1nea: El alma del vino rumano y su vendimia - Radio Ruman\u00eda Internacional","description":"El aire de octubre huele a hojas secas, a tierra h\u00fameda, y a mosto reci\u00e9n prensado. Las colinas se ti\u00f1en de dorado y rojo, como si el sol hubiese decidido dormirse en los vi\u00f1edos. Estamos en oto\u00f1o, y en Ruman\u00eda, eso solo puede significar una cosa: ha llegado la vendimia.","robots":{"index":"index","follow":"follow","max-snippet":"max-snippet:-1","max-image-preview":"max-image-preview:large","max-video-preview":"max-video-preview:-1"},"canonical":"https:\/\/www.rri.ro\/es\/panorama-rumano\/de-todo-un-poco\/la-miscelanea-el-alma-del-vino-rumano-y-su-vendimia-id938482.html","og_locale":"es_ES","og_type":"article","og_title":"La miscel\u00e1nea: El alma del vino rumano y su vendimia - Radio Ruman\u00eda Internacional","og_description":"El aire de octubre huele a hojas secas, a tierra h\u00fameda, y a mosto reci\u00e9n prensado. Las colinas se ti\u00f1en de dorado y rojo, como si el sol hubiese decidido dormirse en los vi\u00f1edos. Estamos en oto\u00f1o, y en Ruman\u00eda, eso solo puede significar una cosa: ha llegado la vendimia.","og_url":"https:\/\/www.rri.ro\/es\/panorama-rumano\/de-todo-un-poco\/la-miscelanea-el-alma-del-vino-rumano-y-su-vendimia-id938482.html","og_site_name":"Radio Ruman\u00eda Internacional","article_published_time":"2025-10-13T12:47:14+00:00","article_modified_time":"2025-10-13T12:48:54+00:00","og_image":[{"width":1248,"height":805,"url":"https:\/\/www.rri.ro\/wp-content\/uploads\/2025\/09\/sticla-vin-wine-bottle-foto-pixabay.jpg","type":"image\/jpeg"}],"author":"Brigitta Pana","twitter_card":"summary_large_image","twitter_misc":{"Escrito por":"Brigitta Pana","Tiempo de lectura":"4 minutos","Written by":"Brigitta Pana"},"schema":{"@context":"https:\/\/schema.org","@graph":[{"@type":"Article","@id":"https:\/\/www.rri.ro\/es\/panorama-rumano\/de-todo-un-poco\/la-miscelanea-el-alma-del-vino-rumano-y-su-vendimia-id938482.html#article","isPartOf":{"@id":"https:\/\/www.rri.ro\/es\/panorama-rumano\/de-todo-un-poco\/la-miscelanea-el-alma-del-vino-rumano-y-su-vendimia-id938482.html"},"author":{"name":"Brigitta Pana","@id":"https:\/\/www.rri.ro\/#\/schema\/person\/d931d1dd71df33f3f9574bd60b16a323"},"headline":"La miscel\u00e1nea: El alma del vino rumano y su vendimia","datePublished":"2025-10-13T12:47:14+00:00","dateModified":"2025-10-13T12:48:54+00:00","mainEntityOfPage":{"@id":"https:\/\/www.rri.ro\/es\/panorama-rumano\/de-todo-un-poco\/la-miscelanea-el-alma-del-vino-rumano-y-su-vendimia-id938482.html"},"wordCount":806,"image":{"@id":"https:\/\/www.rri.ro\/es\/panorama-rumano\/de-todo-un-poco\/la-miscelanea-el-alma-del-vino-rumano-y-su-vendimia-id938482.html#primaryimage"},"thumbnailUrl":"https:\/\/www.rri.ro\/wp-content\/uploads\/2025\/09\/sticla-vin-wine-bottle-foto-pixabay.jpg","keywords":["bebida","bodega","COPA","cosecha","evento","feria","Fiesta","herencia","labor","oto\u00f1o","regiones","tintos","tradiciones","union","vendimia","vid","vida","vi\u00f1edos","vino"],"articleSection":["De todo un poco"],"inLanguage":"es"},{"@type":"WebPage","@id":"https:\/\/www.rri.ro\/es\/panorama-rumano\/de-todo-un-poco\/la-miscelanea-el-alma-del-vino-rumano-y-su-vendimia-id938482.html","url":"https:\/\/www.rri.ro\/es\/panorama-rumano\/de-todo-un-poco\/la-miscelanea-el-alma-del-vino-rumano-y-su-vendimia-id938482.html","name":"La miscel\u00e1nea: El alma del vino rumano y su vendimia - Radio Ruman\u00eda Internacional","isPartOf":{"@id":"https:\/\/www.rri.ro\/#website"},"primaryImageOfPage":{"@id":"https:\/\/www.rri.ro\/es\/panorama-rumano\/de-todo-un-poco\/la-miscelanea-el-alma-del-vino-rumano-y-su-vendimia-id938482.html#primaryimage"},"image":{"@id":"https:\/\/www.rri.ro\/es\/panorama-rumano\/de-todo-un-poco\/la-miscelanea-el-alma-del-vino-rumano-y-su-vendimia-id938482.html#primaryimage"},"thumbnailUrl":"https:\/\/www.rri.ro\/wp-content\/uploads\/2025\/09\/sticla-vin-wine-bottle-foto-pixabay.jpg","datePublished":"2025-10-13T12:47:14+00:00","dateModified":"2025-10-13T12:48:54+00:00","author":{"@id":"https:\/\/www.rri.ro\/#\/schema\/person\/d931d1dd71df33f3f9574bd60b16a323"},"description":"El aire de octubre huele a hojas secas, a tierra h\u00fameda, y a mosto reci\u00e9n prensado. Las colinas se ti\u00f1en de dorado y rojo, como si el sol hubiese decidido dormirse en los vi\u00f1edos. Estamos en oto\u00f1o, y en Ruman\u00eda, eso solo puede significar una cosa: ha llegado la vendimia.","breadcrumb":{"@id":"https:\/\/www.rri.ro\/es\/panorama-rumano\/de-todo-un-poco\/la-miscelanea-el-alma-del-vino-rumano-y-su-vendimia-id938482.html#breadcrumb"},"inLanguage":"es","potentialAction":[{"@type":"ReadAction","target":["https:\/\/www.rri.ro\/es\/panorama-rumano\/de-todo-un-poco\/la-miscelanea-el-alma-del-vino-rumano-y-su-vendimia-id938482.html"]}]},{"@type":"ImageObject","inLanguage":"es","@id":"https:\/\/www.rri.ro\/es\/panorama-rumano\/de-todo-un-poco\/la-miscelanea-el-alma-del-vino-rumano-y-su-vendimia-id938482.html#primaryimage","url":"https:\/\/www.rri.ro\/wp-content\/uploads\/2025\/09\/sticla-vin-wine-bottle-foto-pixabay.jpg","contentUrl":"https:\/\/www.rri.ro\/wp-content\/uploads\/2025\/09\/sticla-vin-wine-bottle-foto-pixabay.jpg","width":1248,"height":805,"caption":"Foto: pixabay.com"},{"@type":"BreadcrumbList","@id":"https:\/\/www.rri.ro\/es\/panorama-rumano\/de-todo-un-poco\/la-miscelanea-el-alma-del-vino-rumano-y-su-vendimia-id938482.html#breadcrumb","itemListElement":[{"@type":"ListItem","position":1,"name":"P\u00e1gina de inicio","item":"https:\/\/www.rri.ro\/es"},{"@type":"ListItem","position":2,"name":"Panorama rumano","item":"https:\/\/www.rri.ro\/es\/panorama-rumano"},{"@type":"ListItem","position":3,"name":"De todo un poco","item":"https:\/\/www.rri.ro\/es\/panorama-rumano\/de-todo-un-poco"},{"@type":"ListItem","position":4,"name":"La miscel\u00e1nea: El alma del vino rumano y su vendimia"}]},{"@type":"WebSite","@id":"https:\/\/www.rri.ro\/#website","url":"https:\/\/www.rri.ro\/","name":"Radio Ruman\u00eda Internacional","description":"Totul despre Rom\u00e2nia \u015fi rom\u00e2ni, \u00een 13 limbi\/dialecte!","inLanguage":"es"},{"@type":"Person","@id":"https:\/\/www.rri.ro\/#\/schema\/person\/d931d1dd71df33f3f9574bd60b16a323","name":"Brigitta Pana","url":"https:\/\/www.rri.ro\/es\/author\/brigitta-pana"}]}},"_links":{"self":[{"href":"https:\/\/www.rri.ro\/es\/wp-json\/wp\/v2\/posts\/938482","targetHints":{"allow":["GET"]}}],"collection":[{"href":"https:\/\/www.rri.ro\/es\/wp-json\/wp\/v2\/posts"}],"about":[{"href":"https:\/\/www.rri.ro\/es\/wp-json\/wp\/v2\/types\/post"}],"author":[{"embeddable":true,"href":"https:\/\/www.rri.ro\/es\/wp-json\/wp\/v2\/users\/59"}],"replies":[{"embeddable":true,"href":"https:\/\/www.rri.ro\/es\/wp-json\/wp\/v2\/comments?post=938482"}],"version-history":[{"count":0,"href":"https:\/\/www.rri.ro\/es\/wp-json\/wp\/v2\/posts\/938482\/revisions"}],"wp:featuredmedia":[{"embeddable":true,"href":"https:\/\/www.rri.ro\/es\/wp-json\/wp\/v2\/media\/932197"}],"wp:attachment":[{"href":"https:\/\/www.rri.ro\/es\/wp-json\/wp\/v2\/media?parent=938482"}],"wp:term":[{"taxonomy":"category","embeddable":true,"href":"https:\/\/www.rri.ro\/es\/wp-json\/wp\/v2\/categories?post=938482"},{"taxonomy":"post_tag","embeddable":true,"href":"https:\/\/www.rri.ro\/es\/wp-json\/wp\/v2\/tags?post=938482"},{"taxonomy":"author","embeddable":true,"href":"https:\/\/www.rri.ro\/es\/wp-json\/wp\/v2\/coauthors?post=938482"}],"curies":[{"name":"wp","href":"https:\/\/api.w.org\/{rel}","templated":true}]}}