{"id":939367,"date":"2025-10-14T11:50:59","date_gmt":"2025-10-14T08:50:59","guid":{"rendered":"https:\/\/www.rri.ro\/?p=939367"},"modified":"2025-10-14T11:50:59","modified_gmt":"2025-10-14T08:50:59","slug":"de-nuevo-dieron-la-vuelta-al-mundo","status":"publish","type":"post","link":"https:\/\/www.rri.ro\/es\/cronica-semanal\/rumania-mi-casa\/de-nuevo-dieron-la-vuelta-al-mundo-id939367.html","title":{"rendered":"De nuevo, dieron la vuelta al mundo"},"content":{"rendered":"<p>A principios de este a\u00f1o, recibieron el reconocimiento de ser los \u00fanicos m\u00fasicos del mundo que hab\u00edan tocado en los siete continentes en menos de cien d\u00edas, y los primeros en ofrecer un concierto profesional de m\u00fasica cl\u00e1sica en la Ant\u00e1rtida. Tambi\u00e9n recibieron la homologaci\u00f3n oficial de Guinness World Records por la gira de conciertos m\u00e1s r\u00e1pida en todos los continentes. Los protagonistas, la violinista Diana Jipa y el pianista \u0218tefan Doniga, no esperaron mucho y volvieron a dar la vuelta al mundo. Acaban de terminar la gira <em>Musica Prohibita<\/em>.<\/p>\n<p>&nbsp;<\/p>\n<p>\u0218tefan Doniga nos lo cont\u00f3:<\/p>\n<p><em>\u00abEsta vez dedicamos la gira a un tema muy serio: el 80.\u00ba aniversario del fin del Holocausto y de la Segunda Guerra Mundial, para mostrar que el arte no s\u00f3lo es entretenimiento, sino que tambi\u00e9n forma parte de la realidad de la sociedad actual. Interpretamos creaciones firmadas por compositores que sufrieron diversas formas de persecuci\u00f3n a lo largo de sus vidas y que dimos a conocer por todo el mundo, por ciudades que albergan sedes de las Naciones Unidas. Algo simb\u00f3lico, en apoyo a la lucha mundial contra la persecuci\u00f3n y la opresi\u00f3n\u00bb.<\/em><\/p>\n<p>&nbsp;<\/p>\n<p>Diana Jipa precis\u00f3:<\/p>\n<p><em>\u00abEsta vez visitamos las ciudades donde se encuentran sedes de la ONU. Estuvimos en Ginebra, Viena, Nairobi y Brisbane, donde hay una sede dedicada a los pueblos ind\u00edgenas, y tambi\u00e9n en Nueva York. Lo hicimos para presentar nuestro proyecto \u201cMusica Prohibita\u201d, dedicado a los compositores oprimidos por reg\u00edmenes totalitarios. Los conciertos fueron recibidos con entusiasmo y empat\u00eda\u00bb.<\/em><\/p>\n<p>&nbsp;<\/p>\n<p>A su vez, \u0218tefan Doniga a\u00f1adi\u00f3:<\/p>\n<p><em>\u00abEvidentemente, el p\u00fablico acude a los recitales con un objetivo recreativo; viene a escuchar m\u00fasica bonita, no tanto para recibir mensajes profundos que evocan cosas bastante graves. Sin embargo, lo bonito es que los compositores que incluimos en nuestro programa lograron convertir sus dramas personales en aut\u00e9nticos milagros art\u00edsticos. As\u00ed, el p\u00fablico tuvo la oportunidad de encontrarse con la belleza y la riqueza espiritual, lo que tuvo un impacto positivo y gener\u00f3 una alegr\u00eda com\u00fan tanto para nosotros, los int\u00e9rpretes, como para los oyentes\u00bb.<\/em><\/p>\n<p>&nbsp;<\/p>\n<p>Los dos m\u00fasicos se propusieron concienciar al p\u00fablico de cuatro continentes sobre c\u00f3mo la cultura ha representado, a lo largo de los momentos m\u00e1s dram\u00e1ticos de la historia, el \u00faltimo refugio y el depositario m\u00e1s completo de los valores humanos, convirti\u00e9ndose en la forma m\u00e1s poderosa y aut\u00e9ntica de resistencia frente a cualquier tipo de opresi\u00f3n.<\/p>\n<p>&nbsp;<\/p>\n<p>Diana Jipa:<\/p>\n<p><em>\u00abComo suele decir mi compa\u00f1ero, la cultura es sin\u00f3nimo de verdad, porque al fin y al cabo debe estar al servicio de la verdad. Si lo analizamos detenidamente, veremos que estos conceptos son sin\u00f3nimos. Por eso nos propusimos darle un prop\u00f3sito a este repertorio tan bonito. En la actualidad, parece que ya no basta con actuar; el p\u00fablico necesita un prop\u00f3sito, una raz\u00f3n para acudir a la sala de conciertos. Para gan\u00e1rnoslo, para exponer nuestras ideas y causas, siempre intentamos buscar pretextos para atraer al p\u00fablico y concienciarlo sobre temas muy serios\u00bb.<\/em><\/p>\n<p>&nbsp;<\/p>\n<p>En cuanto a la m\u00fasica y las historias que se transmitieron a trav\u00e9s de ella durante la gira, \u0218tefan Doniga nos explic\u00f3:<\/p>\n<p>&nbsp;<\/p>\n<p><em>\u00abHemos convertido nuestra profesi\u00f3n en una declaraci\u00f3n de fe para llevar la m\u00fasica rumana por todo el mundo. Ha habido compositores rumanos, como Paul Constantinescu, Myriam Marb\u00e9 y nuestro joven y talentoso amigo Roman Vlad, quien dedic\u00f3 una obra a nuestra gira, que se estren\u00f3 en este concierto; tambi\u00e9n hay compositores de m\u00fasica universal que han quedado marcados por ciertos momentos dram\u00e1ticos de la historia. Todo el mundo conoce el destino de Dmitri Shostak\u00f3vich, por ejemplo, y \u00e9l tambi\u00e9n estuvo presente en nuestro repertorio, al igual que Ernest Bloch, un compositor jud\u00edo de origen suizo nacido precisamente en Ginebra. Nos alegr\u00f3 mucho comenzar nuestra gira en Ginebra y evocar su personalidad, as\u00ed como la de Sergei Bortkiewicz, un compositor menos conocido, pero con un destino especialmente tortuoso marcado por las dram\u00e1ticas vicisitudes de la historia del siglo XX, que transmite muy bien a trav\u00e9s de su m\u00fasica y su biograf\u00eda, y que incorporamos a nuestro proyecto\u00bb.<\/em><\/p>\n<p>&nbsp;<\/p>\n<p>El siguiente proyecto de la violinista Diana Jipa y del pianista \u0218tefan Doniga es una gira de promoci\u00f3n de la m\u00fasica de Enescu en Tokio, con tres conciertos, seguidos de un viaje musical por el pa\u00eds que comenzar\u00e1 en Cluj y que revelar\u00e1 los valores de la m\u00fasica popular en las creaciones art\u00edsticas, titulado \u00abDe Anton Pann a George Enescu\u00bb.<\/p>\n<p>&nbsp;<\/p>\n<p>Versi\u00f3n en espa\u00f1ol: Victoria Sepciu<\/p>\n","protected":false},"excerpt":{"rendered":"<p>A principios de este a\u00f1o, recibieron el reconocimiento de ser los \u00fanicos m\u00fasicos del mundo que hab\u00edan tocado en los siete continentes en menos de cien d\u00edas, y los primeros en ofrecer un concierto profesional de m\u00fasica cl\u00e1sica en la Ant\u00e1rtida. Tambi\u00e9n recibieron la homologaci\u00f3n oficial de Guinness World Records por la gira de conciertos [&hellip;]<\/p>\n","protected":false},"author":126,"featured_media":938777,"comment_status":"closed","ping_status":"closed","sticky":false,"template":"","format":"standard","meta":{"_acf_changed":false,"footnotes":""},"categories":[112448],"tags":[147926,142562,150228,113150,150000],"coauthors":[113240],"class_list":["post-939367","post","type-post","status-publish","format-standard","has-post-thumbnail","hentry","category-rumania-mi-casa","tag-concierto","tag-cultura-es","tag-guinness-de-los-records","tag-musica","tag-record-es"],"acf":[],"yoast_head":"<!-- This site is optimized with the Yoast SEO plugin v27.3 - https:\/\/yoast.com\/product\/yoast-seo-wordpress\/ -->\n<title>De nuevo, dieron la vuelta al mundo - Radio Ruman\u00eda Internacional<\/title>\n<meta name=\"description\" content=\"Diana Jipa y \u0218tefan Doniga, reconocidos por Guinness World Records por la gira de conciertos m\u00e1s r\u00e1pida en todos los continentes, vuelven con una nueva actuaci\u00f3n. Recientemente han concluido Musica Prohibita, una nueva gira mundial dedicada al 80.\u00ba aniversario del fin del Holocausto y de la Segunda Guerra Mundial.\" \/>\n<meta name=\"robots\" content=\"index, follow, max-snippet:-1, max-image-preview:large, max-video-preview:-1\" \/>\n<link rel=\"canonical\" href=\"https:\/\/www.rri.ro\/es\/cronica-semanal\/rumania-mi-casa\/de-nuevo-dieron-la-vuelta-al-mundo-id939367.html\" \/>\n<meta property=\"og:locale\" content=\"es_ES\" \/>\n<meta property=\"og:type\" content=\"article\" \/>\n<meta property=\"og:title\" content=\"De nuevo, dieron la vuelta al mundo - Radio Ruman\u00eda Internacional\" \/>\n<meta property=\"og:description\" content=\"Diana Jipa y \u0218tefan Doniga, reconocidos por Guinness World Records por la gira de conciertos m\u00e1s r\u00e1pida en todos los continentes, vuelven con una nueva actuaci\u00f3n. Recientemente han concluido Musica Prohibita, una nueva gira mundial dedicada al 80.\u00ba aniversario del fin del Holocausto y de la Segunda Guerra Mundial.\" \/>\n<meta property=\"og:url\" content=\"https:\/\/www.rri.ro\/es\/cronica-semanal\/rumania-mi-casa\/de-nuevo-dieron-la-vuelta-al-mundo-id939367.html\" \/>\n<meta property=\"og:site_name\" content=\"Radio Ruman\u00eda Internacional\" \/>\n<meta property=\"article:published_time\" content=\"2025-10-14T08:50:59+00:00\" \/>\n<meta property=\"og:image\" content=\"https:\/\/www.rri.ro\/wp-content\/uploads\/2025\/10\/musica-prohibita-sursa-foto-fbDianaJipaViolinist.jpg\" \/>\n\t<meta property=\"og:image:width\" content=\"964\" \/>\n\t<meta property=\"og:image:height\" content=\"540\" \/>\n\t<meta property=\"og:image:type\" content=\"image\/jpeg\" \/>\n<meta name=\"author\" content=\"Ana-Maria Cononovici\" \/>\n<meta name=\"twitter:card\" content=\"summary_large_image\" \/>\n<meta name=\"twitter:label1\" content=\"Escrito por\" \/>\n\t<meta name=\"twitter:data1\" content=\"Ana-Maria Cononovici\" \/>\n\t<meta name=\"twitter:label2\" content=\"Tiempo de lectura\" \/>\n\t<meta name=\"twitter:data2\" content=\"4 minutos\" \/>\n\t<meta name=\"twitter:label3\" content=\"Written by\" \/>\n\t<meta name=\"twitter:data3\" content=\"Ana-Maria Cononovici\" \/>\n<script type=\"application\/ld+json\" class=\"yoast-schema-graph\">{\"@context\":\"https:\\\/\\\/schema.org\",\"@graph\":[{\"@type\":\"Article\",\"@id\":\"https:\\\/\\\/www.rri.ro\\\/es\\\/cronica-semanal\\\/rumania-mi-casa\\\/de-nuevo-dieron-la-vuelta-al-mundo-id939367.html#article\",\"isPartOf\":{\"@id\":\"https:\\\/\\\/www.rri.ro\\\/es\\\/cronica-semanal\\\/rumania-mi-casa\\\/de-nuevo-dieron-la-vuelta-al-mundo-id939367.html\"},\"author\":{\"name\":\"Ana-Maria Cononovici\",\"@id\":\"https:\\\/\\\/www.rri.ro\\\/#\\\/schema\\\/person\\\/70ee98042ca8b95ae29876ed4848670e\"},\"headline\":\"De nuevo, dieron la vuelta al mundo\",\"datePublished\":\"2025-10-14T08:50:59+00:00\",\"mainEntityOfPage\":{\"@id\":\"https:\\\/\\\/www.rri.ro\\\/es\\\/cronica-semanal\\\/rumania-mi-casa\\\/de-nuevo-dieron-la-vuelta-al-mundo-id939367.html\"},\"wordCount\":817,\"image\":{\"@id\":\"https:\\\/\\\/www.rri.ro\\\/es\\\/cronica-semanal\\\/rumania-mi-casa\\\/de-nuevo-dieron-la-vuelta-al-mundo-id939367.html#primaryimage\"},\"thumbnailUrl\":\"https:\\\/\\\/www.rri.ro\\\/wp-content\\\/uploads\\\/2025\\\/10\\\/musica-prohibita-sursa-foto-fbDianaJipaViolinist.jpg\",\"keywords\":[\"concierto\",\"cultura\",\"Guinness de los R\u00e9cords\",\"m\u00fasica\",\"record\"],\"articleSection\":[\"Ruman\u00eda, mi casa\"],\"inLanguage\":\"es\"},{\"@type\":\"WebPage\",\"@id\":\"https:\\\/\\\/www.rri.ro\\\/es\\\/cronica-semanal\\\/rumania-mi-casa\\\/de-nuevo-dieron-la-vuelta-al-mundo-id939367.html\",\"url\":\"https:\\\/\\\/www.rri.ro\\\/es\\\/cronica-semanal\\\/rumania-mi-casa\\\/de-nuevo-dieron-la-vuelta-al-mundo-id939367.html\",\"name\":\"De nuevo, dieron la vuelta al mundo - Radio Ruman\u00eda Internacional\",\"isPartOf\":{\"@id\":\"https:\\\/\\\/www.rri.ro\\\/#website\"},\"primaryImageOfPage\":{\"@id\":\"https:\\\/\\\/www.rri.ro\\\/es\\\/cronica-semanal\\\/rumania-mi-casa\\\/de-nuevo-dieron-la-vuelta-al-mundo-id939367.html#primaryimage\"},\"image\":{\"@id\":\"https:\\\/\\\/www.rri.ro\\\/es\\\/cronica-semanal\\\/rumania-mi-casa\\\/de-nuevo-dieron-la-vuelta-al-mundo-id939367.html#primaryimage\"},\"thumbnailUrl\":\"https:\\\/\\\/www.rri.ro\\\/wp-content\\\/uploads\\\/2025\\\/10\\\/musica-prohibita-sursa-foto-fbDianaJipaViolinist.jpg\",\"datePublished\":\"2025-10-14T08:50:59+00:00\",\"author\":{\"@id\":\"https:\\\/\\\/www.rri.ro\\\/#\\\/schema\\\/person\\\/70ee98042ca8b95ae29876ed4848670e\"},\"description\":\"Diana Jipa y \u0218tefan Doniga, reconocidos por Guinness World Records por la gira de conciertos m\u00e1s r\u00e1pida en todos los continentes, vuelven con una nueva actuaci\u00f3n. Recientemente han concluido Musica Prohibita, una nueva gira mundial dedicada al 80.\u00ba aniversario del fin del Holocausto y de la Segunda Guerra Mundial.\",\"breadcrumb\":{\"@id\":\"https:\\\/\\\/www.rri.ro\\\/es\\\/cronica-semanal\\\/rumania-mi-casa\\\/de-nuevo-dieron-la-vuelta-al-mundo-id939367.html#breadcrumb\"},\"inLanguage\":\"es\",\"potentialAction\":[{\"@type\":\"ReadAction\",\"target\":[\"https:\\\/\\\/www.rri.ro\\\/es\\\/cronica-semanal\\\/rumania-mi-casa\\\/de-nuevo-dieron-la-vuelta-al-mundo-id939367.html\"]}]},{\"@type\":\"ImageObject\",\"inLanguage\":\"es\",\"@id\":\"https:\\\/\\\/www.rri.ro\\\/es\\\/cronica-semanal\\\/rumania-mi-casa\\\/de-nuevo-dieron-la-vuelta-al-mundo-id939367.html#primaryimage\",\"url\":\"https:\\\/\\\/www.rri.ro\\\/wp-content\\\/uploads\\\/2025\\\/10\\\/musica-prohibita-sursa-foto-fbDianaJipaViolinist.jpg\",\"contentUrl\":\"https:\\\/\\\/www.rri.ro\\\/wp-content\\\/uploads\\\/2025\\\/10\\\/musica-prohibita-sursa-foto-fbDianaJipaViolinist.jpg\",\"width\":964,\"height\":540,\"caption\":\"Musica Prohibita tour (photo: facebook.com\\\/DianaJipaViolinist)\"},{\"@type\":\"BreadcrumbList\",\"@id\":\"https:\\\/\\\/www.rri.ro\\\/es\\\/cronica-semanal\\\/rumania-mi-casa\\\/de-nuevo-dieron-la-vuelta-al-mundo-id939367.html#breadcrumb\",\"itemListElement\":[{\"@type\":\"ListItem\",\"position\":1,\"name\":\"P\u00e1gina de inicio\",\"item\":\"https:\\\/\\\/www.rri.ro\\\/es\"},{\"@type\":\"ListItem\",\"position\":2,\"name\":\"Cr\u00f3nica semanal\",\"item\":\"https:\\\/\\\/www.rri.ro\\\/es\\\/cronica-semanal\"},{\"@type\":\"ListItem\",\"position\":3,\"name\":\"Ruman\u00eda, mi casa\",\"item\":\"https:\\\/\\\/www.rri.ro\\\/es\\\/cronica-semanal\\\/rumania-mi-casa\"},{\"@type\":\"ListItem\",\"position\":4,\"name\":\"De nuevo, dieron la vuelta al mundo\"}]},{\"@type\":\"WebSite\",\"@id\":\"https:\\\/\\\/www.rri.ro\\\/#website\",\"url\":\"https:\\\/\\\/www.rri.ro\\\/\",\"name\":\"Radio Ruman\u00eda Internacional\",\"description\":\"Totul despre Rom\u00e2nia \u015fi rom\u00e2ni, \u00een 13 limbi\\\/dialecte!\",\"inLanguage\":\"es\"},{\"@type\":\"Person\",\"@id\":\"https:\\\/\\\/www.rri.ro\\\/#\\\/schema\\\/person\\\/70ee98042ca8b95ae29876ed4848670e\",\"name\":\"Ana-Maria Cononovici\",\"url\":\"https:\\\/\\\/www.rri.ro\\\/es\\\/author\\\/ana-maria-cononovici\"}]}<\/script>\n<!-- \/ Yoast SEO plugin. -->","yoast_head_json":{"title":"De nuevo, dieron la vuelta al mundo - Radio Ruman\u00eda Internacional","description":"Diana Jipa y \u0218tefan Doniga, reconocidos por Guinness World Records por la gira de conciertos m\u00e1s r\u00e1pida en todos los continentes, vuelven con una nueva actuaci\u00f3n. Recientemente han concluido Musica Prohibita, una nueva gira mundial dedicada al 80.\u00ba aniversario del fin del Holocausto y de la Segunda Guerra Mundial.","robots":{"index":"index","follow":"follow","max-snippet":"max-snippet:-1","max-image-preview":"max-image-preview:large","max-video-preview":"max-video-preview:-1"},"canonical":"https:\/\/www.rri.ro\/es\/cronica-semanal\/rumania-mi-casa\/de-nuevo-dieron-la-vuelta-al-mundo-id939367.html","og_locale":"es_ES","og_type":"article","og_title":"De nuevo, dieron la vuelta al mundo - Radio Ruman\u00eda Internacional","og_description":"Diana Jipa y \u0218tefan Doniga, reconocidos por Guinness World Records por la gira de conciertos m\u00e1s r\u00e1pida en todos los continentes, vuelven con una nueva actuaci\u00f3n. Recientemente han concluido Musica Prohibita, una nueva gira mundial dedicada al 80.\u00ba aniversario del fin del Holocausto y de la Segunda Guerra Mundial.","og_url":"https:\/\/www.rri.ro\/es\/cronica-semanal\/rumania-mi-casa\/de-nuevo-dieron-la-vuelta-al-mundo-id939367.html","og_site_name":"Radio Ruman\u00eda Internacional","article_published_time":"2025-10-14T08:50:59+00:00","og_image":[{"width":964,"height":540,"url":"https:\/\/www.rri.ro\/wp-content\/uploads\/2025\/10\/musica-prohibita-sursa-foto-fbDianaJipaViolinist.jpg","type":"image\/jpeg"}],"author":"Ana-Maria Cononovici","twitter_card":"summary_large_image","twitter_misc":{"Escrito por":"Ana-Maria Cononovici","Tiempo de lectura":"4 minutos","Written by":"Ana-Maria Cononovici"},"schema":{"@context":"https:\/\/schema.org","@graph":[{"@type":"Article","@id":"https:\/\/www.rri.ro\/es\/cronica-semanal\/rumania-mi-casa\/de-nuevo-dieron-la-vuelta-al-mundo-id939367.html#article","isPartOf":{"@id":"https:\/\/www.rri.ro\/es\/cronica-semanal\/rumania-mi-casa\/de-nuevo-dieron-la-vuelta-al-mundo-id939367.html"},"author":{"name":"Ana-Maria Cononovici","@id":"https:\/\/www.rri.ro\/#\/schema\/person\/70ee98042ca8b95ae29876ed4848670e"},"headline":"De nuevo, dieron la vuelta al mundo","datePublished":"2025-10-14T08:50:59+00:00","mainEntityOfPage":{"@id":"https:\/\/www.rri.ro\/es\/cronica-semanal\/rumania-mi-casa\/de-nuevo-dieron-la-vuelta-al-mundo-id939367.html"},"wordCount":817,"image":{"@id":"https:\/\/www.rri.ro\/es\/cronica-semanal\/rumania-mi-casa\/de-nuevo-dieron-la-vuelta-al-mundo-id939367.html#primaryimage"},"thumbnailUrl":"https:\/\/www.rri.ro\/wp-content\/uploads\/2025\/10\/musica-prohibita-sursa-foto-fbDianaJipaViolinist.jpg","keywords":["concierto","cultura","Guinness de los R\u00e9cords","m\u00fasica","record"],"articleSection":["Ruman\u00eda, mi casa"],"inLanguage":"es"},{"@type":"WebPage","@id":"https:\/\/www.rri.ro\/es\/cronica-semanal\/rumania-mi-casa\/de-nuevo-dieron-la-vuelta-al-mundo-id939367.html","url":"https:\/\/www.rri.ro\/es\/cronica-semanal\/rumania-mi-casa\/de-nuevo-dieron-la-vuelta-al-mundo-id939367.html","name":"De nuevo, dieron la vuelta al mundo - Radio Ruman\u00eda Internacional","isPartOf":{"@id":"https:\/\/www.rri.ro\/#website"},"primaryImageOfPage":{"@id":"https:\/\/www.rri.ro\/es\/cronica-semanal\/rumania-mi-casa\/de-nuevo-dieron-la-vuelta-al-mundo-id939367.html#primaryimage"},"image":{"@id":"https:\/\/www.rri.ro\/es\/cronica-semanal\/rumania-mi-casa\/de-nuevo-dieron-la-vuelta-al-mundo-id939367.html#primaryimage"},"thumbnailUrl":"https:\/\/www.rri.ro\/wp-content\/uploads\/2025\/10\/musica-prohibita-sursa-foto-fbDianaJipaViolinist.jpg","datePublished":"2025-10-14T08:50:59+00:00","author":{"@id":"https:\/\/www.rri.ro\/#\/schema\/person\/70ee98042ca8b95ae29876ed4848670e"},"description":"Diana Jipa y \u0218tefan Doniga, reconocidos por Guinness World Records por la gira de conciertos m\u00e1s r\u00e1pida en todos los continentes, vuelven con una nueva actuaci\u00f3n. Recientemente han concluido Musica Prohibita, una nueva gira mundial dedicada al 80.\u00ba aniversario del fin del Holocausto y de la Segunda Guerra Mundial.","breadcrumb":{"@id":"https:\/\/www.rri.ro\/es\/cronica-semanal\/rumania-mi-casa\/de-nuevo-dieron-la-vuelta-al-mundo-id939367.html#breadcrumb"},"inLanguage":"es","potentialAction":[{"@type":"ReadAction","target":["https:\/\/www.rri.ro\/es\/cronica-semanal\/rumania-mi-casa\/de-nuevo-dieron-la-vuelta-al-mundo-id939367.html"]}]},{"@type":"ImageObject","inLanguage":"es","@id":"https:\/\/www.rri.ro\/es\/cronica-semanal\/rumania-mi-casa\/de-nuevo-dieron-la-vuelta-al-mundo-id939367.html#primaryimage","url":"https:\/\/www.rri.ro\/wp-content\/uploads\/2025\/10\/musica-prohibita-sursa-foto-fbDianaJipaViolinist.jpg","contentUrl":"https:\/\/www.rri.ro\/wp-content\/uploads\/2025\/10\/musica-prohibita-sursa-foto-fbDianaJipaViolinist.jpg","width":964,"height":540,"caption":"Musica Prohibita tour (photo: facebook.com\/DianaJipaViolinist)"},{"@type":"BreadcrumbList","@id":"https:\/\/www.rri.ro\/es\/cronica-semanal\/rumania-mi-casa\/de-nuevo-dieron-la-vuelta-al-mundo-id939367.html#breadcrumb","itemListElement":[{"@type":"ListItem","position":1,"name":"P\u00e1gina de inicio","item":"https:\/\/www.rri.ro\/es"},{"@type":"ListItem","position":2,"name":"Cr\u00f3nica semanal","item":"https:\/\/www.rri.ro\/es\/cronica-semanal"},{"@type":"ListItem","position":3,"name":"Ruman\u00eda, mi casa","item":"https:\/\/www.rri.ro\/es\/cronica-semanal\/rumania-mi-casa"},{"@type":"ListItem","position":4,"name":"De nuevo, dieron la vuelta al mundo"}]},{"@type":"WebSite","@id":"https:\/\/www.rri.ro\/#website","url":"https:\/\/www.rri.ro\/","name":"Radio Ruman\u00eda Internacional","description":"Totul despre Rom\u00e2nia \u015fi rom\u00e2ni, \u00een 13 limbi\/dialecte!","inLanguage":"es"},{"@type":"Person","@id":"https:\/\/www.rri.ro\/#\/schema\/person\/70ee98042ca8b95ae29876ed4848670e","name":"Ana-Maria Cononovici","url":"https:\/\/www.rri.ro\/es\/author\/ana-maria-cononovici"}]}},"_links":{"self":[{"href":"https:\/\/www.rri.ro\/es\/wp-json\/wp\/v2\/posts\/939367","targetHints":{"allow":["GET"]}}],"collection":[{"href":"https:\/\/www.rri.ro\/es\/wp-json\/wp\/v2\/posts"}],"about":[{"href":"https:\/\/www.rri.ro\/es\/wp-json\/wp\/v2\/types\/post"}],"author":[{"embeddable":true,"href":"https:\/\/www.rri.ro\/es\/wp-json\/wp\/v2\/users\/126"}],"replies":[{"embeddable":true,"href":"https:\/\/www.rri.ro\/es\/wp-json\/wp\/v2\/comments?post=939367"}],"version-history":[{"count":0,"href":"https:\/\/www.rri.ro\/es\/wp-json\/wp\/v2\/posts\/939367\/revisions"}],"wp:featuredmedia":[{"embeddable":true,"href":"https:\/\/www.rri.ro\/es\/wp-json\/wp\/v2\/media\/938777"}],"wp:attachment":[{"href":"https:\/\/www.rri.ro\/es\/wp-json\/wp\/v2\/media?parent=939367"}],"wp:term":[{"taxonomy":"category","embeddable":true,"href":"https:\/\/www.rri.ro\/es\/wp-json\/wp\/v2\/categories?post=939367"},{"taxonomy":"post_tag","embeddable":true,"href":"https:\/\/www.rri.ro\/es\/wp-json\/wp\/v2\/tags?post=939367"},{"taxonomy":"author","embeddable":true,"href":"https:\/\/www.rri.ro\/es\/wp-json\/wp\/v2\/coauthors?post=939367"}],"curies":[{"name":"wp","href":"https:\/\/api.w.org\/{rel}","templated":true}]}}