{"id":942538,"date":"2025-10-22T13:57:05","date_gmt":"2025-10-22T10:57:05","guid":{"rendered":"https:\/\/www.rri.ro\/?p=942538"},"modified":"2025-10-22T13:05:27","modified_gmt":"2025-10-22T10:05:27","slug":"actualidad-deportiva-22-de-octubre-de-2025","status":"publish","type":"post","link":"https:\/\/www.rri.ro\/es\/cronica-semanal\/deporte\/actualidad-deportiva-22-de-octubre-de-2025-id942538.html","title":{"rendered":"Actualidad deportiva, 22 de octubre de 2025"},"content":{"rendered":"<p><strong>CM Gimnasia art\u00edstica &#8211; En el Campeonato Mundial de Gimnasia Art\u00edstica Individual celebrado en Yakarta (Indonesia), la rumana Sabrina Maneca Voinea se clasific\u00f3 para las finales de suelo y barra de equilibrio, y Denisa Golgot\u0103 para la de suelo.<\/strong><\/p>\n<p>Sabrina Voinea logr\u00f3 la mejor puntuaci\u00f3n en suelo (13.666) y la tercera en barra (13.833); Denisa Golgot\u0103 se clasific\u00f3 con la quinta puntuaci\u00f3n final (13.333).<\/p>\n<p>En salto, Sabrina Voinea qued\u00f3 novena en la clasificaci\u00f3n, con 13.516, y es la primera reserva para la final del viernes. En el concurso completo, Denisa Golgot\u0103 ocup\u00f3 el puesto 28 y Ana Maria Mih\u0103escu el 34. Las 24 mejores gimnastas competir\u00e1n en la final el jueves.<\/p>\n<p>El Campeonato Mundial de Gimnasia Art\u00edstica comenz\u00f3 el domingo 19 de octubre en Indonesia, con las clasificatorias para la competici\u00f3n masculina. Ruman\u00eda solo participar\u00e1 en la femenina.<\/p>\n<p>En esta edici\u00f3n del Campeonato Mundial de Gimnasia, Ruman\u00eda est\u00e1 representada por Sabrina Maneca-Voinea, Denisa Golgot\u0103, Anamaria Mih\u0103escu y Ella Oprea Cre\u0163u. En la competici\u00f3n de 2025 solo se celebrar\u00e1n pruebas individuales; la final femenina tendr\u00e1 lugar el 23 de octubre; y las finales por aparatos, el 24 y 25 de octubre.<\/p>\n<p>Ruman\u00eda gan\u00f3 sus \u00faltimas medallas en el Campeonato Mundial de Glasgow, hace 10 a\u00f1os, gracias a Marian Dr\u0103gulescu (plata en salto) y Larisa Iordache (bronce en concurso completo individual).<\/p>\n<p>&nbsp;<\/p>\n<p><strong>Tenis -La tenista rumana Jaqueline Cristian se clasific\u00f3 para la segunda ronda del torneo WTA 500 de Tokio (Jap\u00f3n), tras derrotar a la rusa Alina Charaeva (WTA 150).<\/strong><\/p>\n<p>Alina Charaeva &#8211; Jaqueline Cristian 2-6, 3-6.<\/p>\n<p>Jaqueline lidera ahora el duelo directo con dos puntos de ventaja, tras haber ganado su primer partido en 2021 en San Petersburgo.<\/p>\n<p>En segunda ronda, la rumana se enfrentar\u00e1 a Ekaterina Alexandrova, tercera cabeza de serie.<\/p>\n<p>Semifinalista la semana pasada en el torneo de Osaka, Cristian ha ascendido al puesto 42 del ranking WTA. La segunda rumana en el top 50, Sorana C\u00eerstea, ocupa el puesto 45, tras alcanzar tambi\u00e9n las semifinales en el torneo de Jap\u00f3n.<\/p>\n<p>&nbsp;<\/p>\n<p><strong>F\u00fatbol &#8211; La selecci\u00f3n nacional de f\u00fatbol de Ruman\u00eda se enfrentar\u00e1 a Bosnia y Herzegovina en Zenica, en el estadio \u00abBilino Polje\u00bb, el 15 de noviembre, a las 21:45, hora rumana, en el marco de la fase preliminar para el Mundial de 2026.<\/strong><\/p>\n<p>Por otro lado, el derbi Dinamo &#8211; Rapid rompi\u00f3 el r\u00e9cord de asistencia para un partido de la Superliga rumana esta temporada. 34.700 aficionados estuvieron en las gradas del National Arena.<\/p>\n<p>El Rapid gan\u00f3 2-0 en el derbi contra el Dinamo, disputado el domingo por la noche en el Estadio Nacional, correspondiente a la 13.\u00aa jornada de la Superliga. El equipo de Giulesti encaden\u00f3 10 partidos consecutivos sin perder contra sus rivales del Dinamo.<\/p>\n<p>En la clasificaci\u00f3n, el Rapid ocupa el segundo puesto, con 28 puntos, empatado con el l\u00edder, el FC Boto\u0219ani. El Dinamo ocupa el cuarto puesto, con 23 puntos.<\/p>\n<p>&nbsp;<\/p>\n<p><strong>Tenis de mesa &#8211; Ruman\u00eda gan\u00f3 la medalla de plata en el Campeonato Europeo de Tenis de Mesa por Equipos en Zadar, Croacia.<\/strong><\/p>\n<p>Iulian Chiri\u021ba, Eduard Ionescu y Ovidiu Ionescu perdieron la final del domingo contra Francia por 3-0, pero lograron la mejor actuaci\u00f3n masculina en la historia de la participaci\u00f3n.<\/p>\n<p>\u00ab\u00a1Fue un Europeo fenomenal! \u00a1La medalla de plata es incre\u00edble! Esper\u00e1bamos conseguir una medalla, pero llegar a la final&#8230; \u00a1Estamos muy, muy contentos!\u00bb Ovidiu Ionescu, que gan\u00f3 por primera vez la medalla de plata europea en tenis de mesa, junto con Iulian Chiri\u021ba y Eduard Ionescu, declar\u00f3 a Radio Rumania Actualit\u0103\u021bi.<\/p>\n<p>Ruman\u00eda, subcampeona en ambos torneos<\/p>\n<p>Por otro lado, Bernadette Szocs, Elizabeta Samara y Andreea Dragoman perdieron ante Alemania por 3-0 y Ruman\u00eda es subcampeona continental, por tercera vez consecutiva, en categor\u00eda femenina.<\/p>\n<p>\u00abHemos ganado una medalla muy trabajada, una plata europea, y nos da motivaci\u00f3n para hacerlo a\u00fan mejor\u00bb, resumi\u00f3 para nuestra emisora \u200b\u200bElizabeta Samara, quien en las \u00faltimas seis ediciones ha ganado dos medallas de oro y cuatro de plata, junto a Bernadette Szocs.<\/p>\n<p>&nbsp;<\/p>\n<p><strong>Balonmano &#8211; Ruman\u00eda vence a Polonia en la Eurocopa EHF<\/strong><\/p>\n<p><strong>La selecci\u00f3n femenina de balonmano de Ruman\u00eda gan\u00f3 el partido contra Polonia por 34-29 en la segunda ronda de la Eurocopa EHF.<\/strong><\/p>\n<p>La selecci\u00f3n nacional femenina de balonmano de Ruman\u00eda derrot\u00f3 a Polonia por 34-29 en Craiova en la Eurocopa EHF, una competici\u00f3n organizada para los anfitriones de la fase final de la Eurocopa del pr\u00f3ximo a\u00f1o, as\u00ed como para los equipos ya clasificados.<\/p>\n<p>Esta es la primera victoria de la selecci\u00f3n nacional femenina de balonmano de Ruman\u00eda bajo el mando del entrenador Ovidiu Mih\u0103il\u0103.<\/p>\n<p>En el otro partido del grupo, Noruega derrot\u00f3 a Eslovaquia por 31-19 a domicilio. Noruega ocupa el primer puesto con 4 puntos, seguida de Ruman\u00eda con 2 puntos (promedio de goles +3) y Polonia, tambi\u00e9n con 2 puntos (y tambi\u00e9n con promedio de goles +3). Ruman\u00eda jugar\u00e1 sus pr\u00f3ximos partidos en primavera contra Eslovaquia, el 5 y el 8 de marzo.<\/p>\n<p>&nbsp;<\/p>\n<p>&nbsp;<\/p>\n<p>&nbsp;<\/p>\n","protected":false},"excerpt":{"rendered":"<p>CM Gimnasia art\u00edstica &#8211; En el Campeonato Mundial de Gimnasia Art\u00edstica Individual celebrado en Yakarta (Indonesia), la rumana Sabrina Maneca Voinea se clasific\u00f3 para las finales de suelo y barra de equilibrio, y Denisa Golgot\u0103 para la de suelo. Sabrina Voinea logr\u00f3 la mejor puntuaci\u00f3n en suelo (13.666) y la tercera en barra (13.833); Denisa [&hellip;]<\/p>\n","protected":false},"author":38,"featured_media":277277,"comment_status":"closed","ping_status":"closed","sticky":false,"template":"","format":"standard","meta":{"_acf_changed":false,"footnotes":""},"categories":[112393],"tags":[49289,178711,160915,177242,165576,178715,178714,161306,146025,157050,178716,153336,178713,178710,178709,152264,178712],"coauthors":[132172],"class_list":["post-942538","post","type-post","status-publish","format-standard","has-post-thumbnail","hentry","category-deporte","tag-balonmano","tag-campeonato-mundial-de-gimnasia-artistica-individual","tag-clasifico","tag-denisa-golgota-es","tag-ehf-es","tag-eliza-samara-es","tag-finales-de-suelo-y-barra-de-equilibrio","tag-glasgow-es","tag-jaqueline-cristian-es","tag-larisa-iordache-es","tag-marian-dragulescu-es","tag-medalla-de-plata","tag-rumana-sabrina-maneca-voinea","tag-rusa-alina-charaevatenis-de-mesa","tag-segunda-ronda-del-torneo-wta-500-de-tokio-japon","tag-suelo","tag-yakarta-indonesia"],"acf":[],"yoast_head":"<!-- This site is optimized with the Yoast SEO plugin v27.5 - https:\/\/yoast.com\/product\/yoast-seo-wordpress\/ -->\n<title>Actualidad deportiva, 22 de octubre de 2025 - Radio Ruman\u00eda Internacional<\/title>\n<meta name=\"robots\" content=\"index, follow, max-snippet:-1, max-image-preview:large, max-video-preview:-1\" \/>\n<link rel=\"canonical\" href=\"https:\/\/www.rri.ro\/es\/cronica-semanal\/deporte\/actualidad-deportiva-22-de-octubre-de-2025-id942538.html\" \/>\n<meta property=\"og:locale\" content=\"es_ES\" \/>\n<meta property=\"og:type\" content=\"article\" \/>\n<meta property=\"og:title\" content=\"Actualidad deportiva, 22 de octubre de 2025 - Radio Ruman\u00eda Internacional\" \/>\n<meta property=\"og:description\" content=\"CM Gimnasia art\u00edstica &#8211; En el Campeonato Mundial de Gimnasia Art\u00edstica Individual celebrado en Yakarta (Indonesia), la rumana Sabrina Maneca Voinea se clasific\u00f3 para las finales de suelo y barra de equilibrio, y Denisa Golgot\u0103 para la de suelo. Sabrina Voinea logr\u00f3 la mejor puntuaci\u00f3n en suelo (13.666) y la tercera en barra (13.833); Denisa [&hellip;]\" \/>\n<meta property=\"og:url\" content=\"https:\/\/www.rri.ro\/es\/cronica-semanal\/deporte\/actualidad-deportiva-22-de-octubre-de-2025-id942538.html\" \/>\n<meta property=\"og:site_name\" content=\"Radio Ruman\u00eda Internacional\" \/>\n<meta property=\"article:published_time\" content=\"2025-10-22T10:57:05+00:00\" \/>\n<meta property=\"og:image\" content=\"https:\/\/www.rri.ro\/wp-content\/uploads\/2023\/10\/gimnastica-sabrina-maneca-voinea-foto-Emilia-Nicolae.png\" \/>\n\t<meta property=\"og:image:width\" content=\"640\" \/>\n\t<meta property=\"og:image:height\" content=\"480\" \/>\n\t<meta property=\"og:image:type\" content=\"image\/png\" \/>\n<meta name=\"author\" content=\"Simona Sarbescu\" \/>\n<meta name=\"twitter:card\" content=\"summary_large_image\" \/>\n<meta name=\"twitter:label1\" content=\"Escrito por\" \/>\n\t<meta name=\"twitter:data1\" content=\"Simona Sarbescu\" \/>\n\t<meta name=\"twitter:label2\" content=\"Tiempo de lectura\" \/>\n\t<meta name=\"twitter:data2\" content=\"4 minutos\" \/>\n\t<meta name=\"twitter:label3\" content=\"Written by\" \/>\n\t<meta name=\"twitter:data3\" content=\"Simona Sarbescu\" \/>\n<script type=\"application\/ld+json\" class=\"yoast-schema-graph\">{\"@context\":\"https:\\\/\\\/schema.org\",\"@graph\":[{\"@type\":\"Article\",\"@id\":\"https:\\\/\\\/www.rri.ro\\\/es\\\/cronica-semanal\\\/deporte\\\/actualidad-deportiva-22-de-octubre-de-2025-id942538.html#article\",\"isPartOf\":{\"@id\":\"https:\\\/\\\/www.rri.ro\\\/es\\\/cronica-semanal\\\/deporte\\\/actualidad-deportiva-22-de-octubre-de-2025-id942538.html\"},\"author\":{\"name\":\"Simona Sarbescu\",\"@id\":\"https:\\\/\\\/www.rri.ro\\\/#\\\/schema\\\/person\\\/1e5b68c542aa18216bc645b5072f1273\"},\"headline\":\"Actualidad deportiva, 22 de octubre de 2025\",\"datePublished\":\"2025-10-22T10:57:05+00:00\",\"mainEntityOfPage\":{\"@id\":\"https:\\\/\\\/www.rri.ro\\\/es\\\/cronica-semanal\\\/deporte\\\/actualidad-deportiva-22-de-octubre-de-2025-id942538.html\"},\"wordCount\":847,\"image\":{\"@id\":\"https:\\\/\\\/www.rri.ro\\\/es\\\/cronica-semanal\\\/deporte\\\/actualidad-deportiva-22-de-octubre-de-2025-id942538.html#primaryimage\"},\"thumbnailUrl\":\"https:\\\/\\\/www.rri.ro\\\/wp-content\\\/uploads\\\/2023\\\/10\\\/gimnastica-sabrina-maneca-voinea-foto-Emilia-Nicolae.png\",\"keywords\":[\"balonmano\",\"Campeonato Mundial de Gimnasia Art\u00edstica Individual\",\"clasific\u00f3\",\"Denisa Golgota\",\"EHF\",\"Eliza Samara\",\"finales de suelo y barra de equilibrio\",\"Glasgow\",\"Jaqueline Cristian\",\"Larisa Iordache\",\"marian dragulescu\",\"medalla de plata\",\"rumana Sabrina Maneca Voinea\",\"rusa Alina Charaevatenis de mesa\",\"segunda ronda del torneo WTA 500 de Tokio (Jap\u00f3n)\",\"suelo\",\"Yakarta (Indonesia)\"],\"articleSection\":[\"Deporte\"],\"inLanguage\":\"es\"},{\"@type\":\"WebPage\",\"@id\":\"https:\\\/\\\/www.rri.ro\\\/es\\\/cronica-semanal\\\/deporte\\\/actualidad-deportiva-22-de-octubre-de-2025-id942538.html\",\"url\":\"https:\\\/\\\/www.rri.ro\\\/es\\\/cronica-semanal\\\/deporte\\\/actualidad-deportiva-22-de-octubre-de-2025-id942538.html\",\"name\":\"Actualidad deportiva, 22 de octubre de 2025 - Radio Ruman\u00eda Internacional\",\"isPartOf\":{\"@id\":\"https:\\\/\\\/www.rri.ro\\\/#website\"},\"primaryImageOfPage\":{\"@id\":\"https:\\\/\\\/www.rri.ro\\\/es\\\/cronica-semanal\\\/deporte\\\/actualidad-deportiva-22-de-octubre-de-2025-id942538.html#primaryimage\"},\"image\":{\"@id\":\"https:\\\/\\\/www.rri.ro\\\/es\\\/cronica-semanal\\\/deporte\\\/actualidad-deportiva-22-de-octubre-de-2025-id942538.html#primaryimage\"},\"thumbnailUrl\":\"https:\\\/\\\/www.rri.ro\\\/wp-content\\\/uploads\\\/2023\\\/10\\\/gimnastica-sabrina-maneca-voinea-foto-Emilia-Nicolae.png\",\"datePublished\":\"2025-10-22T10:57:05+00:00\",\"author\":{\"@id\":\"https:\\\/\\\/www.rri.ro\\\/#\\\/schema\\\/person\\\/1e5b68c542aa18216bc645b5072f1273\"},\"breadcrumb\":{\"@id\":\"https:\\\/\\\/www.rri.ro\\\/es\\\/cronica-semanal\\\/deporte\\\/actualidad-deportiva-22-de-octubre-de-2025-id942538.html#breadcrumb\"},\"inLanguage\":\"es\",\"potentialAction\":[{\"@type\":\"ReadAction\",\"target\":[\"https:\\\/\\\/www.rri.ro\\\/es\\\/cronica-semanal\\\/deporte\\\/actualidad-deportiva-22-de-octubre-de-2025-id942538.html\"]}]},{\"@type\":\"ImageObject\",\"inLanguage\":\"es\",\"@id\":\"https:\\\/\\\/www.rri.ro\\\/es\\\/cronica-semanal\\\/deporte\\\/actualidad-deportiva-22-de-octubre-de-2025-id942538.html#primaryimage\",\"url\":\"https:\\\/\\\/www.rri.ro\\\/wp-content\\\/uploads\\\/2023\\\/10\\\/gimnastica-sabrina-maneca-voinea-foto-Emilia-Nicolae.png\",\"contentUrl\":\"https:\\\/\\\/www.rri.ro\\\/wp-content\\\/uploads\\\/2023\\\/10\\\/gimnastica-sabrina-maneca-voinea-foto-Emilia-Nicolae.png\",\"width\":640,\"height\":480},{\"@type\":\"BreadcrumbList\",\"@id\":\"https:\\\/\\\/www.rri.ro\\\/es\\\/cronica-semanal\\\/deporte\\\/actualidad-deportiva-22-de-octubre-de-2025-id942538.html#breadcrumb\",\"itemListElement\":[{\"@type\":\"ListItem\",\"position\":1,\"name\":\"P\u00e1gina de inicio\",\"item\":\"https:\\\/\\\/www.rri.ro\\\/es\"},{\"@type\":\"ListItem\",\"position\":2,\"name\":\"Rubrici\",\"item\":\"https:\\\/\\\/www.rri.ro\\\/rubrici\"},{\"@type\":\"ListItem\",\"position\":3,\"name\":\"Deporte\",\"item\":\"https:\\\/\\\/www.rri.ro\\\/es\\\/cronica-semanal\\\/deporte\"},{\"@type\":\"ListItem\",\"position\":4,\"name\":\"Actualidad deportiva, 22 de octubre de 2025\"}]},{\"@type\":\"WebSite\",\"@id\":\"https:\\\/\\\/www.rri.ro\\\/#website\",\"url\":\"https:\\\/\\\/www.rri.ro\\\/\",\"name\":\"Radio Ruman\u00eda Internacional\",\"description\":\"Totul despre Rom\u00e2nia \u015fi rom\u00e2ni, \u00een 13 limbi\\\/dialecte!\",\"inLanguage\":\"es\"},{\"@type\":\"Person\",\"@id\":\"https:\\\/\\\/www.rri.ro\\\/#\\\/schema\\\/person\\\/1e5b68c542aa18216bc645b5072f1273\",\"name\":\"Simona Sarbescu\",\"url\":\"https:\\\/\\\/www.rri.ro\\\/es\\\/author\\\/simona-sarbescu\"}]}<\/script>\n<!-- \/ Yoast SEO plugin. -->","yoast_head_json":{"title":"Actualidad deportiva, 22 de octubre de 2025 - Radio Ruman\u00eda Internacional","robots":{"index":"index","follow":"follow","max-snippet":"max-snippet:-1","max-image-preview":"max-image-preview:large","max-video-preview":"max-video-preview:-1"},"canonical":"https:\/\/www.rri.ro\/es\/cronica-semanal\/deporte\/actualidad-deportiva-22-de-octubre-de-2025-id942538.html","og_locale":"es_ES","og_type":"article","og_title":"Actualidad deportiva, 22 de octubre de 2025 - Radio Ruman\u00eda Internacional","og_description":"CM Gimnasia art\u00edstica &#8211; En el Campeonato Mundial de Gimnasia Art\u00edstica Individual celebrado en Yakarta (Indonesia), la rumana Sabrina Maneca Voinea se clasific\u00f3 para las finales de suelo y barra de equilibrio, y Denisa Golgot\u0103 para la de suelo. Sabrina Voinea logr\u00f3 la mejor puntuaci\u00f3n en suelo (13.666) y la tercera en barra (13.833); Denisa [&hellip;]","og_url":"https:\/\/www.rri.ro\/es\/cronica-semanal\/deporte\/actualidad-deportiva-22-de-octubre-de-2025-id942538.html","og_site_name":"Radio Ruman\u00eda Internacional","article_published_time":"2025-10-22T10:57:05+00:00","og_image":[{"width":640,"height":480,"url":"https:\/\/www.rri.ro\/wp-content\/uploads\/2023\/10\/gimnastica-sabrina-maneca-voinea-foto-Emilia-Nicolae.png","type":"image\/png"}],"author":"Simona Sarbescu","twitter_card":"summary_large_image","twitter_misc":{"Escrito por":"Simona Sarbescu","Tiempo de lectura":"4 minutos","Written by":"Simona Sarbescu"},"schema":{"@context":"https:\/\/schema.org","@graph":[{"@type":"Article","@id":"https:\/\/www.rri.ro\/es\/cronica-semanal\/deporte\/actualidad-deportiva-22-de-octubre-de-2025-id942538.html#article","isPartOf":{"@id":"https:\/\/www.rri.ro\/es\/cronica-semanal\/deporte\/actualidad-deportiva-22-de-octubre-de-2025-id942538.html"},"author":{"name":"Simona Sarbescu","@id":"https:\/\/www.rri.ro\/#\/schema\/person\/1e5b68c542aa18216bc645b5072f1273"},"headline":"Actualidad deportiva, 22 de octubre de 2025","datePublished":"2025-10-22T10:57:05+00:00","mainEntityOfPage":{"@id":"https:\/\/www.rri.ro\/es\/cronica-semanal\/deporte\/actualidad-deportiva-22-de-octubre-de-2025-id942538.html"},"wordCount":847,"image":{"@id":"https:\/\/www.rri.ro\/es\/cronica-semanal\/deporte\/actualidad-deportiva-22-de-octubre-de-2025-id942538.html#primaryimage"},"thumbnailUrl":"https:\/\/www.rri.ro\/wp-content\/uploads\/2023\/10\/gimnastica-sabrina-maneca-voinea-foto-Emilia-Nicolae.png","keywords":["balonmano","Campeonato Mundial de Gimnasia Art\u00edstica Individual","clasific\u00f3","Denisa Golgota","EHF","Eliza Samara","finales de suelo y barra de equilibrio","Glasgow","Jaqueline Cristian","Larisa Iordache","marian dragulescu","medalla de plata","rumana Sabrina Maneca Voinea","rusa Alina Charaevatenis de mesa","segunda ronda del torneo WTA 500 de Tokio (Jap\u00f3n)","suelo","Yakarta (Indonesia)"],"articleSection":["Deporte"],"inLanguage":"es"},{"@type":"WebPage","@id":"https:\/\/www.rri.ro\/es\/cronica-semanal\/deporte\/actualidad-deportiva-22-de-octubre-de-2025-id942538.html","url":"https:\/\/www.rri.ro\/es\/cronica-semanal\/deporte\/actualidad-deportiva-22-de-octubre-de-2025-id942538.html","name":"Actualidad deportiva, 22 de octubre de 2025 - Radio Ruman\u00eda Internacional","isPartOf":{"@id":"https:\/\/www.rri.ro\/#website"},"primaryImageOfPage":{"@id":"https:\/\/www.rri.ro\/es\/cronica-semanal\/deporte\/actualidad-deportiva-22-de-octubre-de-2025-id942538.html#primaryimage"},"image":{"@id":"https:\/\/www.rri.ro\/es\/cronica-semanal\/deporte\/actualidad-deportiva-22-de-octubre-de-2025-id942538.html#primaryimage"},"thumbnailUrl":"https:\/\/www.rri.ro\/wp-content\/uploads\/2023\/10\/gimnastica-sabrina-maneca-voinea-foto-Emilia-Nicolae.png","datePublished":"2025-10-22T10:57:05+00:00","author":{"@id":"https:\/\/www.rri.ro\/#\/schema\/person\/1e5b68c542aa18216bc645b5072f1273"},"breadcrumb":{"@id":"https:\/\/www.rri.ro\/es\/cronica-semanal\/deporte\/actualidad-deportiva-22-de-octubre-de-2025-id942538.html#breadcrumb"},"inLanguage":"es","potentialAction":[{"@type":"ReadAction","target":["https:\/\/www.rri.ro\/es\/cronica-semanal\/deporte\/actualidad-deportiva-22-de-octubre-de-2025-id942538.html"]}]},{"@type":"ImageObject","inLanguage":"es","@id":"https:\/\/www.rri.ro\/es\/cronica-semanal\/deporte\/actualidad-deportiva-22-de-octubre-de-2025-id942538.html#primaryimage","url":"https:\/\/www.rri.ro\/wp-content\/uploads\/2023\/10\/gimnastica-sabrina-maneca-voinea-foto-Emilia-Nicolae.png","contentUrl":"https:\/\/www.rri.ro\/wp-content\/uploads\/2023\/10\/gimnastica-sabrina-maneca-voinea-foto-Emilia-Nicolae.png","width":640,"height":480},{"@type":"BreadcrumbList","@id":"https:\/\/www.rri.ro\/es\/cronica-semanal\/deporte\/actualidad-deportiva-22-de-octubre-de-2025-id942538.html#breadcrumb","itemListElement":[{"@type":"ListItem","position":1,"name":"P\u00e1gina de inicio","item":"https:\/\/www.rri.ro\/es"},{"@type":"ListItem","position":2,"name":"Rubrici","item":"https:\/\/www.rri.ro\/rubrici"},{"@type":"ListItem","position":3,"name":"Deporte","item":"https:\/\/www.rri.ro\/es\/cronica-semanal\/deporte"},{"@type":"ListItem","position":4,"name":"Actualidad deportiva, 22 de octubre de 2025"}]},{"@type":"WebSite","@id":"https:\/\/www.rri.ro\/#website","url":"https:\/\/www.rri.ro\/","name":"Radio Ruman\u00eda Internacional","description":"Totul despre Rom\u00e2nia \u015fi rom\u00e2ni, \u00een 13 limbi\/dialecte!","inLanguage":"es"},{"@type":"Person","@id":"https:\/\/www.rri.ro\/#\/schema\/person\/1e5b68c542aa18216bc645b5072f1273","name":"Simona Sarbescu","url":"https:\/\/www.rri.ro\/es\/author\/simona-sarbescu"}]}},"_links":{"self":[{"href":"https:\/\/www.rri.ro\/es\/wp-json\/wp\/v2\/posts\/942538","targetHints":{"allow":["GET"]}}],"collection":[{"href":"https:\/\/www.rri.ro\/es\/wp-json\/wp\/v2\/posts"}],"about":[{"href":"https:\/\/www.rri.ro\/es\/wp-json\/wp\/v2\/types\/post"}],"author":[{"embeddable":true,"href":"https:\/\/www.rri.ro\/es\/wp-json\/wp\/v2\/users\/38"}],"replies":[{"embeddable":true,"href":"https:\/\/www.rri.ro\/es\/wp-json\/wp\/v2\/comments?post=942538"}],"version-history":[{"count":0,"href":"https:\/\/www.rri.ro\/es\/wp-json\/wp\/v2\/posts\/942538\/revisions"}],"wp:featuredmedia":[{"embeddable":true,"href":"https:\/\/www.rri.ro\/es\/wp-json\/wp\/v2\/media\/277277"}],"wp:attachment":[{"href":"https:\/\/www.rri.ro\/es\/wp-json\/wp\/v2\/media?parent=942538"}],"wp:term":[{"taxonomy":"category","embeddable":true,"href":"https:\/\/www.rri.ro\/es\/wp-json\/wp\/v2\/categories?post=942538"},{"taxonomy":"post_tag","embeddable":true,"href":"https:\/\/www.rri.ro\/es\/wp-json\/wp\/v2\/tags?post=942538"},{"taxonomy":"author","embeddable":true,"href":"https:\/\/www.rri.ro\/es\/wp-json\/wp\/v2\/coauthors?post=942538"}],"curies":[{"name":"wp","href":"https:\/\/api.w.org\/{rel}","templated":true}]}}