{"id":944334,"date":"2025-10-27T15:03:19","date_gmt":"2025-10-27T13:03:19","guid":{"rendered":"https:\/\/www.rri.ro\/?p=944334"},"modified":"2025-10-27T15:03:19","modified_gmt":"2025-10-27T13:03:19","slug":"avance-informativo-27-10-2025","status":"publish","type":"post","link":"https:\/\/www.rri.ro\/es\/actualidad\/noticias\/avance-informativo-27-10-2025-id944334.html","title":{"rendered":"Avance informativo, 27.10.2025"},"content":{"rendered":"<p><strong>TITULARES: <\/strong><\/p>\n<p><strong>Los senadores y diputados rumanos debaten proyectos de ley relacionados con la defensa del pa\u00eds.<\/strong><\/p>\n<p><strong>El comisario europeo de Energ\u00eda y Vivienda, Dan J\u00f8rgensen, participa en Bucarest en la reuni\u00f3n ministerial del Grupo de Alto Nivel para la Conectividad Energ\u00e9tica en Europa Central y Sudoriental.<\/strong><\/p>\n<p><strong>El Patriarca Ecum\u00e9nico Bartolom\u00e9 I, quien particip\u00f3 el domingo en la consagraci\u00f3n de las pinturas de la Catedral Nacional, ser\u00e1 condecorado por el presidente Nicu\u0219or Dan.<\/strong><\/p>\n<p>&nbsp;<\/p>\n<p><strong>DEFENSA<\/strong> &#8211; Los senadores de Bucarest debaten esta semana el proyecto de ley sobre la preparaci\u00f3n de la poblaci\u00f3n para la defensa, que establece que los j\u00f3venes de entre 18 y 35 a\u00f1os podr\u00e1n inscribirse voluntariamente en un programa de instrucci\u00f3n militar b\u00e1sica con una duraci\u00f3n de cuatro meses. El documento ya fue aprobado por la C\u00e1mara de Diputados y se encuentra en procedimiento de urgencia en el Senado. Seg\u00fan el proyecto, al finalizar el per\u00edodo de formaci\u00f3n, los voluntarios recibir\u00e1n tres salarios medios brutos y pasar\u00e1n a formar parte de la reserva operativa del Ej\u00e9rcito rumano. Estas medidas, afirmaba el ministro de Defensa Ionu\u021b Mo\u0219teanu durante el debate en el pleno de la C\u00e1mara de Diputados, contribuir\u00e1n a rejuvenecer la reserva operativa de las Fuerzas Armadas. En la C\u00e1mara de Diputados tambi\u00e9n se espera la entrada en debate en las comisiones de especialidad del proyecto de ley sobre la defensa nacional, que define la organizaci\u00f3n, el funcionamiento y las instituciones responsables de la protecci\u00f3n del territorio de Ruman\u00eda.<\/p>\n<p><strong>ENERG\u00cdA<\/strong> &#8211; El comisario europeo de Energ\u00eda y Vivienda, Dan J\u00f8rgensen, se encuentra hoy en Ruman\u00eda para participar en la reuni\u00f3n ministerial del Grupo de Alto Nivel para la Conectividad Energ\u00e9tica en Europa Central y Sudoriental (CESEC), organizada en Bucarest por la Comisi\u00f3n Europea junto con el Ministerio de Energ\u00eda. Durante su visita, el comisario J\u00f8rgensen se reunir\u00e1 con el primer ministro de Ruman\u00eda, Ilie Bolojan, y mantendr\u00e1 una serie de encuentros bilaterales con el ministro de Energ\u00eda, Bogdan-Gruia Ivan, el presidente de la Autoridad Nacional de Regulaci\u00f3n en Energ\u00eda, George Niculescu, y el director general del operador nacional de transporte de gas Transgaz, Ion Sterian. En el marco de la reuni\u00f3n del CESEC, las discusiones se centrar\u00e1n en la implementaci\u00f3n de los objetivos del plan <em>REPowerEU<\/em>, en el contexto de las negociaciones en curso a nivel de la Uni\u00f3n Europea sobre la eliminaci\u00f3n gradual de las importaciones de combustibles f\u00f3siles procedentes de Rusia. Tambi\u00e9n se abordar\u00e1n temas como la integraci\u00f3n y diversificaci\u00f3n de los mercados energ\u00e9ticos, as\u00ed como la aceleraci\u00f3n de los proyectos de infraestructura y conectividad energ\u00e9tica como v\u00edas para reducir los precios de la energ\u00eda y hacerla m\u00e1s accesible para los ciudadanos.<\/p>\n<p><strong>CONDECORACI\u00d3N <\/strong>&#8211; Los cristianos ortodoxos celebran hoy a San Demetrio el Nuevo, patr\u00f3n de Bucarest y de Muntenia, cuyas reliquias se encuentran en la Catedral Patriarcal de Bucarest. La liturgia de la festividad es oficiada por el Patriarca Daniel, junto con el Patriarca Ecum\u00e9nico Bartolom\u00e9 I, al aire libre, en la Colina del Patriarcado. Asimismo, hoy el Patriarca Ecum\u00e9nico de Constantinopla ser\u00e1 decorado por el presidente Nicu\u0219or Dan. Cabe recordar que \u00e9l particip\u00f3 el domingo, junto con Daniel, en la consagraci\u00f3n de las pinturas de la Catedral Nacional.<\/p>\n<p><strong>SONDEO<\/strong> &#8211; El socialdem\u00f3crata Daniel B\u0103lu\u0163\u0103, actual alcalde del Sector 4, ha sido designado candidato del PSD a la Alcald\u00eda de Bucarest, mientras que el liberal Ciprian Ciucu, alcalde del Sector 6, ha anunciado tambi\u00e9n su candidatura para este cargo. Ambos encabezan las intenciones de voto, seg\u00fan una encuesta realizada por <em>Avangarde <\/em>sobre una muestra de 1.000 personas del municipio de Bucarest: Daniel B\u0103lu\u0163\u0103 cuenta con un 25% de apoyo, mientras que Ciprian Ciucu alcanza el 23%. Les siguen en las preferencias el diputado de la USR, C\u0103t\u0103lin Drul\u0103, con un 18%, y la periodista Anca Alexandrescu (independiente), con un 16%. Al ser preguntados sobre su grado de satisfacci\u00f3n con el aspecto de la ciudad, el 68% de los encuestados se declararon insatisfechos, mientras que el 30% afirmaron estar satisfechos. Las elecciones para la Alcald\u00eda de Bucarest se celebrar\u00e1n el 7 de diciembre. El puesto de alcalde general qued\u00f3 vacante tras la elecci\u00f3n de Nicu\u0219or Dan como presidente de Ruman\u00eda. La encuesta se llev\u00f3 a cabo entre el 19 y el 25 de octubre de 2025, con una muestra de 1.000 encuestados y un margen de error de \u00b13,2%.<\/p>\n<p><strong>SALARIO<\/strong> &#8211; El Consejo Nacional Tripartito, que re\u00fane a los sindicatos, las patronales y los representantes del Gobierno rumano, analizar\u00e1 el mi\u00e9rcoles la posibilidad de aumentar el salario m\u00ednimo. El primer ministro liberal Ilie Bolojan afirm\u00f3 que dentro de la coalici\u00f3n se habr\u00eda acordado mantener el salario m\u00ednimo en su nivel actual en 2026, mientras que el l\u00edder interino del Partido Socialdem\u00f3crata (PSD), Sorin Grindeanu, advirti\u00f3 que est\u00e1 en juego una directiva europea que Ruman\u00eda estar\u00eda obligada a cumplir. Por su parte, el presidente Nicu\u0219or Dan declar\u00f3 que dicha directiva ha sido impugnada ante el Tribunal de Justicia de la Uni\u00f3n Europea, y precis\u00f3 que, incluso si se mantiene, ser\u00e1 necesaria una discusi\u00f3n entre el Gobierno, los sindicatos y las patronales sobre una posible subida del salario m\u00ednimo, que actualmente es de 4.050 leus brutos (unos 800 euros).<\/p>\n<p><strong>ROMSILVA<\/strong> &#8211; El proyecto de reorganizaci\u00f3n de la Administraci\u00f3n Nacional de los Bosques \u2013 <em>Romsilva<\/em> se env\u00eda este lunes a los ministerios para su aprobaci\u00f3n, y se prev\u00e9 que sea adoptado por el Gobierno en su reuni\u00f3n de esta semana. La ministra rumana de Medio Ambiente, Diana Buzoianu, declar\u00f3 que la reforma de <em>Romsilva<\/em> contempla, entre otros aspectos, mayor transparencia, criterios claros de rendimiento y la reducci\u00f3n del n\u00famero de direcciones regionales. Seg\u00fan la ministra, otro aspecto que se abordar\u00e1 en <em>Romsilva<\/em> es la contabilidad de la entidad, con el fin de evitar el uso de sus fondos en actividades secundarias, como la financiaci\u00f3n de hoteles y otros proyectos ajenos a su funci\u00f3n principal.<\/p>\n","protected":false},"excerpt":{"rendered":"<p>TITULARES: Los senadores y diputados rumanos debaten proyectos de ley relacionados con la defensa del pa\u00eds. El comisario europeo de Energ\u00eda y Vivienda, Dan J\u00f8rgensen, participa en Bucarest en la reuni\u00f3n ministerial del Grupo de Alto Nivel para la Conectividad Energ\u00e9tica en Europa Central y Sudoriental. El Patriarca Ecum\u00e9nico Bartolom\u00e9 I, quien particip\u00f3 el domingo [&hellip;]<\/p>\n","protected":false},"author":113,"featured_media":723423,"comment_status":"closed","ping_status":"closed","sticky":false,"template":"","format":"gallery","meta":{"_acf_changed":false,"footnotes":""},"categories":[49382],"tags":[149270,48978,178962,150814,162842,178448,178881,151458,150141,49322,112561,143241,49094,158935,163403,49065,146555,146008,178964,158359,49077,144530,178961,143243,146408,151464,147698,49233,132224],"coauthors":[116091],"class_list":["post-944334","post","type-post","status-publish","format-gallery","has-post-thumbnail","hentry","category-noticias","tag-alcaldia","tag-bucarest","tag-cesec","tag-coalicion","tag-condecoracion","tag-consejo-nacional-tripartito","tag-dan-jorgensen-es","tag-diana-buzoianu","tag-directiva-es","tag-ejercito","tag-elecciones","tag-energia-es","tag-gobierno","tag-ilie-bolojan-es","tag-ionut-mosteanu-es","tag-medidas","tag-nicusor-dan-es","tag-patriarca-daniel","tag-patriarca-ecumenico-de-constantinopla","tag-patronales","tag-poblacion","tag-proyecto","tag-refroma","tag-repowereu-es","tag-reunion-es","tag-romsilva-es","tag-salario","tag-sindicatos","tag-sondeo","post_format-post-format-gallery"],"acf":[],"yoast_head":"<!-- This site is optimized with the Yoast SEO plugin v27.3 - https:\/\/yoast.com\/product\/yoast-seo-wordpress\/ -->\n<title>Avance informativo, 27.10.2025 - Radio Ruman\u00eda Internacional<\/title>\n<meta name=\"description\" content=\"Las noticias m\u00e1s destacadas del momento\" \/>\n<meta name=\"robots\" content=\"index, follow, max-snippet:-1, max-image-preview:large, max-video-preview:-1\" \/>\n<link rel=\"canonical\" href=\"https:\/\/www.rri.ro\/es\/actualidad\/noticias\/avance-informativo-27-10-2025-id944334.html\" \/>\n<meta property=\"og:locale\" content=\"es_ES\" \/>\n<meta property=\"og:type\" content=\"article\" \/>\n<meta property=\"og:title\" content=\"Avance informativo, 27.10.2025 - Radio Ruman\u00eda Internacional\" \/>\n<meta property=\"og:description\" content=\"Las noticias m\u00e1s destacadas del momento\" \/>\n<meta property=\"og:url\" content=\"https:\/\/www.rri.ro\/es\/actualidad\/noticias\/avance-informativo-27-10-2025-id944334.html\" \/>\n<meta property=\"og:site_name\" content=\"Radio Ruman\u00eda Internacional\" \/>\n<meta property=\"article:published_time\" content=\"2025-10-27T13:03:19+00:00\" \/>\n<meta property=\"og:image\" content=\"https:\/\/www.rri.ro\/wp-content\/uploads\/2024\/03\/RRI-960x540-Noticias-2-NOU.jpg\" \/>\n\t<meta property=\"og:image:width\" content=\"960\" \/>\n\t<meta property=\"og:image:height\" content=\"540\" \/>\n\t<meta property=\"og:image:type\" content=\"image\/jpeg\" \/>\n<meta name=\"author\" content=\"Newsroom\" \/>\n<meta name=\"twitter:card\" content=\"summary_large_image\" \/>\n<meta name=\"twitter:label1\" content=\"Escrito por\" \/>\n\t<meta name=\"twitter:data1\" content=\"Newsroom\" \/>\n\t<meta name=\"twitter:label2\" content=\"Tiempo de lectura\" \/>\n\t<meta name=\"twitter:data2\" content=\"5 minutos\" \/>\n\t<meta name=\"twitter:label3\" content=\"Written by\" \/>\n\t<meta name=\"twitter:data3\" content=\"Newsroom\" \/>\n<script type=\"application\/ld+json\" class=\"yoast-schema-graph\">{\"@context\":\"https:\\\/\\\/schema.org\",\"@graph\":[{\"@type\":\"Article\",\"@id\":\"https:\\\/\\\/www.rri.ro\\\/es\\\/actualidad\\\/noticias\\\/avance-informativo-27-10-2025-id944334.html#article\",\"isPartOf\":{\"@id\":\"https:\\\/\\\/www.rri.ro\\\/es\\\/actualidad\\\/noticias\\\/avance-informativo-27-10-2025-id944334.html\"},\"author\":{\"name\":\"Newsroom\",\"@id\":\"https:\\\/\\\/www.rri.ro\\\/#\\\/schema\\\/person\\\/4a479940371b9fdefd194f561e8a7f88\"},\"headline\":\"Avance informativo, 27.10.2025\",\"datePublished\":\"2025-10-27T13:03:19+00:00\",\"mainEntityOfPage\":{\"@id\":\"https:\\\/\\\/www.rri.ro\\\/es\\\/actualidad\\\/noticias\\\/avance-informativo-27-10-2025-id944334.html\"},\"wordCount\":1051,\"image\":{\"@id\":\"https:\\\/\\\/www.rri.ro\\\/es\\\/actualidad\\\/noticias\\\/avance-informativo-27-10-2025-id944334.html#primaryimage\"},\"thumbnailUrl\":\"https:\\\/\\\/www.rri.ro\\\/wp-content\\\/uploads\\\/2024\\\/03\\\/RRI-960x540-Noticias-2-NOU.jpg\",\"keywords\":[\"alcald\u00eda\",\"Bucarest\",\"CESEC\",\"coalici\u00f3n\",\"condecoraci\u00f3n\",\"Consejo Nacional Tripartito\",\"Dan J\u00f8rgensen\",\"Diana Buzoianu\",\"directiva\",\"Ej\u00e9rcito\",\"elecciones\",\"energia\",\"Gobierno\",\"Ilie Bolojan\",\"Ionut Mosteanu\",\"medidas\",\"Nicusor Dan\",\"Patriarca Daniel\",\"Patriarca Ecum\u00e9nico de Constantinopla\",\"patronales\",\"poblaci\u00f3n\",\"proyecto\",\"refroma\",\"REpowerEU\",\"r\u00e9union\",\"romsilva\",\"salario\",\"sindicatos\",\"sondeo\"],\"articleSection\":[\"Noticias\"],\"inLanguage\":\"es\"},{\"@type\":\"WebPage\",\"@id\":\"https:\\\/\\\/www.rri.ro\\\/es\\\/actualidad\\\/noticias\\\/avance-informativo-27-10-2025-id944334.html\",\"url\":\"https:\\\/\\\/www.rri.ro\\\/es\\\/actualidad\\\/noticias\\\/avance-informativo-27-10-2025-id944334.html\",\"name\":\"Avance informativo, 27.10.2025 - Radio Ruman\u00eda Internacional\",\"isPartOf\":{\"@id\":\"https:\\\/\\\/www.rri.ro\\\/#website\"},\"primaryImageOfPage\":{\"@id\":\"https:\\\/\\\/www.rri.ro\\\/es\\\/actualidad\\\/noticias\\\/avance-informativo-27-10-2025-id944334.html#primaryimage\"},\"image\":{\"@id\":\"https:\\\/\\\/www.rri.ro\\\/es\\\/actualidad\\\/noticias\\\/avance-informativo-27-10-2025-id944334.html#primaryimage\"},\"thumbnailUrl\":\"https:\\\/\\\/www.rri.ro\\\/wp-content\\\/uploads\\\/2024\\\/03\\\/RRI-960x540-Noticias-2-NOU.jpg\",\"datePublished\":\"2025-10-27T13:03:19+00:00\",\"author\":{\"@id\":\"https:\\\/\\\/www.rri.ro\\\/#\\\/schema\\\/person\\\/4a479940371b9fdefd194f561e8a7f88\"},\"description\":\"Las noticias m\u00e1s destacadas del momento\",\"breadcrumb\":{\"@id\":\"https:\\\/\\\/www.rri.ro\\\/es\\\/actualidad\\\/noticias\\\/avance-informativo-27-10-2025-id944334.html#breadcrumb\"},\"inLanguage\":\"es\",\"potentialAction\":[{\"@type\":\"ReadAction\",\"target\":[\"https:\\\/\\\/www.rri.ro\\\/es\\\/actualidad\\\/noticias\\\/avance-informativo-27-10-2025-id944334.html\"]}]},{\"@type\":\"ImageObject\",\"inLanguage\":\"es\",\"@id\":\"https:\\\/\\\/www.rri.ro\\\/es\\\/actualidad\\\/noticias\\\/avance-informativo-27-10-2025-id944334.html#primaryimage\",\"url\":\"https:\\\/\\\/www.rri.ro\\\/wp-content\\\/uploads\\\/2024\\\/03\\\/RRI-960x540-Noticias-2-NOU.jpg\",\"contentUrl\":\"https:\\\/\\\/www.rri.ro\\\/wp-content\\\/uploads\\\/2024\\\/03\\\/RRI-960x540-Noticias-2-NOU.jpg\",\"width\":960,\"height\":540,\"caption\":\"RRI 960x540 Noticias 2-NOU\"},{\"@type\":\"BreadcrumbList\",\"@id\":\"https:\\\/\\\/www.rri.ro\\\/es\\\/actualidad\\\/noticias\\\/avance-informativo-27-10-2025-id944334.html#breadcrumb\",\"itemListElement\":[{\"@type\":\"ListItem\",\"position\":1,\"name\":\"P\u00e1gina de inicio\",\"item\":\"https:\\\/\\\/www.rri.ro\\\/es\"},{\"@type\":\"ListItem\",\"position\":2,\"name\":\"Actualidad\",\"item\":\"https:\\\/\\\/www.rri.ro\\\/es\\\/actualidad\"},{\"@type\":\"ListItem\",\"position\":3,\"name\":\"Noticias\",\"item\":\"https:\\\/\\\/www.rri.ro\\\/es\\\/actualidad\\\/noticias\"},{\"@type\":\"ListItem\",\"position\":4,\"name\":\"Avance informativo, 27.10.2025\"}]},{\"@type\":\"WebSite\",\"@id\":\"https:\\\/\\\/www.rri.ro\\\/#website\",\"url\":\"https:\\\/\\\/www.rri.ro\\\/\",\"name\":\"Radio Ruman\u00eda Internacional\",\"description\":\"Totul despre Rom\u00e2nia \u015fi rom\u00e2ni, \u00een 13 limbi\\\/dialecte!\",\"inLanguage\":\"es\"},{\"@type\":\"Person\",\"@id\":\"https:\\\/\\\/www.rri.ro\\\/#\\\/schema\\\/person\\\/4a479940371b9fdefd194f561e8a7f88\",\"name\":\"Newsroom\",\"url\":\"https:\\\/\\\/www.rri.ro\\\/es\\\/author\\\/newsroom\"}]}<\/script>\n<!-- \/ Yoast SEO plugin. -->","yoast_head_json":{"title":"Avance informativo, 27.10.2025 - Radio Ruman\u00eda Internacional","description":"Las noticias m\u00e1s destacadas del momento","robots":{"index":"index","follow":"follow","max-snippet":"max-snippet:-1","max-image-preview":"max-image-preview:large","max-video-preview":"max-video-preview:-1"},"canonical":"https:\/\/www.rri.ro\/es\/actualidad\/noticias\/avance-informativo-27-10-2025-id944334.html","og_locale":"es_ES","og_type":"article","og_title":"Avance informativo, 27.10.2025 - Radio Ruman\u00eda Internacional","og_description":"Las noticias m\u00e1s destacadas del momento","og_url":"https:\/\/www.rri.ro\/es\/actualidad\/noticias\/avance-informativo-27-10-2025-id944334.html","og_site_name":"Radio Ruman\u00eda Internacional","article_published_time":"2025-10-27T13:03:19+00:00","og_image":[{"width":960,"height":540,"url":"https:\/\/www.rri.ro\/wp-content\/uploads\/2024\/03\/RRI-960x540-Noticias-2-NOU.jpg","type":"image\/jpeg"}],"author":"Newsroom","twitter_card":"summary_large_image","twitter_misc":{"Escrito por":"Newsroom","Tiempo de lectura":"5 minutos","Written by":"Newsroom"},"schema":{"@context":"https:\/\/schema.org","@graph":[{"@type":"Article","@id":"https:\/\/www.rri.ro\/es\/actualidad\/noticias\/avance-informativo-27-10-2025-id944334.html#article","isPartOf":{"@id":"https:\/\/www.rri.ro\/es\/actualidad\/noticias\/avance-informativo-27-10-2025-id944334.html"},"author":{"name":"Newsroom","@id":"https:\/\/www.rri.ro\/#\/schema\/person\/4a479940371b9fdefd194f561e8a7f88"},"headline":"Avance informativo, 27.10.2025","datePublished":"2025-10-27T13:03:19+00:00","mainEntityOfPage":{"@id":"https:\/\/www.rri.ro\/es\/actualidad\/noticias\/avance-informativo-27-10-2025-id944334.html"},"wordCount":1051,"image":{"@id":"https:\/\/www.rri.ro\/es\/actualidad\/noticias\/avance-informativo-27-10-2025-id944334.html#primaryimage"},"thumbnailUrl":"https:\/\/www.rri.ro\/wp-content\/uploads\/2024\/03\/RRI-960x540-Noticias-2-NOU.jpg","keywords":["alcald\u00eda","Bucarest","CESEC","coalici\u00f3n","condecoraci\u00f3n","Consejo Nacional Tripartito","Dan J\u00f8rgensen","Diana Buzoianu","directiva","Ej\u00e9rcito","elecciones","energia","Gobierno","Ilie Bolojan","Ionut Mosteanu","medidas","Nicusor Dan","Patriarca Daniel","Patriarca Ecum\u00e9nico de Constantinopla","patronales","poblaci\u00f3n","proyecto","refroma","REpowerEU","r\u00e9union","romsilva","salario","sindicatos","sondeo"],"articleSection":["Noticias"],"inLanguage":"es"},{"@type":"WebPage","@id":"https:\/\/www.rri.ro\/es\/actualidad\/noticias\/avance-informativo-27-10-2025-id944334.html","url":"https:\/\/www.rri.ro\/es\/actualidad\/noticias\/avance-informativo-27-10-2025-id944334.html","name":"Avance informativo, 27.10.2025 - Radio Ruman\u00eda Internacional","isPartOf":{"@id":"https:\/\/www.rri.ro\/#website"},"primaryImageOfPage":{"@id":"https:\/\/www.rri.ro\/es\/actualidad\/noticias\/avance-informativo-27-10-2025-id944334.html#primaryimage"},"image":{"@id":"https:\/\/www.rri.ro\/es\/actualidad\/noticias\/avance-informativo-27-10-2025-id944334.html#primaryimage"},"thumbnailUrl":"https:\/\/www.rri.ro\/wp-content\/uploads\/2024\/03\/RRI-960x540-Noticias-2-NOU.jpg","datePublished":"2025-10-27T13:03:19+00:00","author":{"@id":"https:\/\/www.rri.ro\/#\/schema\/person\/4a479940371b9fdefd194f561e8a7f88"},"description":"Las noticias m\u00e1s destacadas del momento","breadcrumb":{"@id":"https:\/\/www.rri.ro\/es\/actualidad\/noticias\/avance-informativo-27-10-2025-id944334.html#breadcrumb"},"inLanguage":"es","potentialAction":[{"@type":"ReadAction","target":["https:\/\/www.rri.ro\/es\/actualidad\/noticias\/avance-informativo-27-10-2025-id944334.html"]}]},{"@type":"ImageObject","inLanguage":"es","@id":"https:\/\/www.rri.ro\/es\/actualidad\/noticias\/avance-informativo-27-10-2025-id944334.html#primaryimage","url":"https:\/\/www.rri.ro\/wp-content\/uploads\/2024\/03\/RRI-960x540-Noticias-2-NOU.jpg","contentUrl":"https:\/\/www.rri.ro\/wp-content\/uploads\/2024\/03\/RRI-960x540-Noticias-2-NOU.jpg","width":960,"height":540,"caption":"RRI 960x540 Noticias 2-NOU"},{"@type":"BreadcrumbList","@id":"https:\/\/www.rri.ro\/es\/actualidad\/noticias\/avance-informativo-27-10-2025-id944334.html#breadcrumb","itemListElement":[{"@type":"ListItem","position":1,"name":"P\u00e1gina de inicio","item":"https:\/\/www.rri.ro\/es"},{"@type":"ListItem","position":2,"name":"Actualidad","item":"https:\/\/www.rri.ro\/es\/actualidad"},{"@type":"ListItem","position":3,"name":"Noticias","item":"https:\/\/www.rri.ro\/es\/actualidad\/noticias"},{"@type":"ListItem","position":4,"name":"Avance informativo, 27.10.2025"}]},{"@type":"WebSite","@id":"https:\/\/www.rri.ro\/#website","url":"https:\/\/www.rri.ro\/","name":"Radio Ruman\u00eda Internacional","description":"Totul despre Rom\u00e2nia \u015fi rom\u00e2ni, \u00een 13 limbi\/dialecte!","inLanguage":"es"},{"@type":"Person","@id":"https:\/\/www.rri.ro\/#\/schema\/person\/4a479940371b9fdefd194f561e8a7f88","name":"Newsroom","url":"https:\/\/www.rri.ro\/es\/author\/newsroom"}]}},"_links":{"self":[{"href":"https:\/\/www.rri.ro\/es\/wp-json\/wp\/v2\/posts\/944334","targetHints":{"allow":["GET"]}}],"collection":[{"href":"https:\/\/www.rri.ro\/es\/wp-json\/wp\/v2\/posts"}],"about":[{"href":"https:\/\/www.rri.ro\/es\/wp-json\/wp\/v2\/types\/post"}],"author":[{"embeddable":true,"href":"https:\/\/www.rri.ro\/es\/wp-json\/wp\/v2\/users\/113"}],"replies":[{"embeddable":true,"href":"https:\/\/www.rri.ro\/es\/wp-json\/wp\/v2\/comments?post=944334"}],"version-history":[{"count":0,"href":"https:\/\/www.rri.ro\/es\/wp-json\/wp\/v2\/posts\/944334\/revisions"}],"wp:featuredmedia":[{"embeddable":true,"href":"https:\/\/www.rri.ro\/es\/wp-json\/wp\/v2\/media\/723423"}],"wp:attachment":[{"href":"https:\/\/www.rri.ro\/es\/wp-json\/wp\/v2\/media?parent=944334"}],"wp:term":[{"taxonomy":"category","embeddable":true,"href":"https:\/\/www.rri.ro\/es\/wp-json\/wp\/v2\/categories?post=944334"},{"taxonomy":"post_tag","embeddable":true,"href":"https:\/\/www.rri.ro\/es\/wp-json\/wp\/v2\/tags?post=944334"},{"taxonomy":"author","embeddable":true,"href":"https:\/\/www.rri.ro\/es\/wp-json\/wp\/v2\/coauthors?post=944334"}],"curies":[{"name":"wp","href":"https:\/\/api.w.org\/{rel}","templated":true}]}}