{"id":944412,"date":"2025-10-27T19:42:08","date_gmt":"2025-10-27T17:42:08","guid":{"rendered":"https:\/\/www.rri.ro\/?p=944412"},"modified":"2025-10-27T19:43:05","modified_gmt":"2025-10-27T17:43:05","slug":"noticias-del-dia-2698","status":"publish","type":"post","link":"https:\/\/www.rri.ro\/es\/actualidad\/noticias\/noticias-del-dia-2698-id944412.html","title":{"rendered":"Noticias del d\u00eda"},"content":{"rendered":"<p><strong>TITULARES: <\/strong><\/p>\n<p><strong>El comisario europeo de Econom\u00eda, Valdis Dombrovskis, se encuentra en Bucarest durante dos d\u00edas.<\/strong><\/p>\n<p><strong>Cuatro grandes confederaciones sindicales han anunciado protestas para el mi\u00e9rcoles en Bucarest, el d\u00eda en que se analizar\u00e1 la posibilidad de aumentar el salario m\u00ednimo en la econom\u00eda.<\/strong><\/p>\n<p><strong>El Gobierno rumano ha aprobado este lunes la modificaci\u00f3n de la ordenanza de urgencia por la que se limitaban los gastos de los ayuntamientos hasta finales de a\u00f1o.<\/strong><\/p>\n<p>&nbsp;<\/p>\n<p><strong>ECONOM\u00cdA <\/strong>&#8211; El comisario europeo de Econom\u00eda, Valdis Dombrovskis, se encuentra en Bucarest durante dos d\u00edas para debatir la evoluci\u00f3n presupuestaria y econ\u00f3mica de Ruman\u00eda. En la agenda tambi\u00e9n figura la aplicaci\u00f3n del Plan Nacional de Recuperaci\u00f3n y Resiliencia y las prioridades pol\u00edticas de la Uni\u00f3n. El comisario europeo visita proyectos financiados por el Plan Nacional de Recuperaci\u00f3n y Resiliencia, junto con el ministro de Inversiones y Proyectos Europeos, Drago\u015f P\u00eeslaru, y se re\u00fane con el gobernador del Banco Nacional, Mugur Is\u0103rescu, en la sede central del BNR. Asimismo, Dombrovskis mantendr\u00e1 conversaciones con el presidente del pa\u00eds, Nicu\u015for Dan, con el primer ministro, Ilie Bolojan, con el ministro de Finanzas, Alexandru Nazare, y con miembros del Parlamento.<\/p>\n<p><strong>SALARIO <\/strong>\u2013 El Consejo Nacional Tripartito, que re\u00fane a los sindicatos, las patronales y los representantes del Gobierno rumano, analizar\u00e1 el mi\u00e9rcoles la posibilidad de aumentar el salario m\u00ednimo. El primer ministro liberal Ilie Bolojan afirm\u00f3 que dentro de la coalici\u00f3n se habr\u00eda acordado mantener el salario m\u00ednimo en su nivel actual en 2026, mientras que el l\u00edder interino del Partido Socialdem\u00f3crata (PSD), Sorin Grindeanu, advirti\u00f3 que est\u00e1 en juego una directiva europea que Ruman\u00eda estar\u00eda obligada a cumplir. Por su parte, el presidente Nicu\u0219or Dan declar\u00f3 que dicha directiva ha sido impugnada ante el Tribunal de Justicia de la Uni\u00f3n Europea, y precis\u00f3 que, incluso si se mantiene, ser\u00e1 necesaria una discusi\u00f3n entre el Gobierno, los sindicatos y las patronales sobre una posible subida del salario m\u00ednimo, que actualmente es de 4.050 leus brutos (unos 800 euros). Tambi\u00e9n el mi\u00e9rcoles, cuatro grandes confederaciones sindicales protestar\u00e1n frente al Gobierno para transmitir un mensaje firme de que no aceptan la austeridad y el \u00abdesprecio hacia el trabajo y los trabajadores\u00bb, seg\u00fan declararon el lunes los l\u00edderes sindicales en una rueda de prensa conjunta. Los sindicatos exigen un aumento del salario m\u00ednimo y de las pensiones, el respeto de los derechos legales y contractuales de los trabajadores, una fiscalidad equitativa, el fin de las medidas de austeridad que solo afectan a la poblaci\u00f3n, as\u00ed como la protecci\u00f3n del empleo y las inversiones en la econom\u00eda, excluyendo al mismo tiempo los despidos.<\/p>\n<p><strong>GOBIERNO<\/strong> &#8211; El Gobierno rumano ha aprobado este lunes la modificaci\u00f3n de la ordenanza de urgencia que limit\u00f3 los gastos de los ayuntamientos hasta finales de a\u00f1o y ha eliminado algunas restricciones que imped\u00edan el funcionamiento normal de las instituciones. Uno de los campos m\u00e1s afectados era el cultural, y la decisi\u00f3n de hoy permite continuar la financiaci\u00f3n de varios tipos de actividades. Asimismo, se pueden realizar gastos con cargo a donaciones y patrocinios, as\u00ed como los necesarios para la producci\u00f3n, explotaci\u00f3n y valorizaci\u00f3n de bienes culturales, art\u00edsticos, literarios, editoriales y cinematogr\u00e1ficos, o para la protecci\u00f3n, conservaci\u00f3n, investigaci\u00f3n y promoci\u00f3n del patrimonio cultural, o determinados eventos organizados de acuerdo con la misi\u00f3n p\u00fablica de la instituci\u00f3n. Tambi\u00e9n se permitir\u00e1n los gastos para la participaci\u00f3n en diversos festivales art\u00edsticos, ferias del libro, exposiciones, bienales y otros eventos culturales y art\u00edsticos similares. Para evitar este tipo de bloqueos en el futuro, el Ministerio de Cultura ha anunciado que iniciar\u00e1 la modificaci\u00f3n del marco legislativo, con el fin de separar la financiaci\u00f3n destinada a actividades culturales de otros tipos de gastos.<\/p>\n<p><strong>DEFENSA<\/strong> \u2013 Los senadores de Bucarest debaten esta semana el proyecto de ley sobre la preparaci\u00f3n de la poblaci\u00f3n para la defensa, que establece que los j\u00f3venes de entre 18 y 35 a\u00f1os podr\u00e1n inscribirse voluntariamente en un programa de instrucci\u00f3n militar b\u00e1sica con una duraci\u00f3n de cuatro meses. El documento ya fue aprobado por la C\u00e1mara de Diputados y se encuentra en procedimiento de urgencia en el Senado. Seg\u00fan el proyecto, al finalizar el per\u00edodo de formaci\u00f3n, los voluntarios recibir\u00e1n tres salarios medios brutos y pasar\u00e1n a formar parte de la reserva operativa del Ej\u00e9rcito rumano. Estas medidas, afirmaba el ministro de Defensa Ionu\u021b Mo\u0219teanu durante el debate en el pleno de la C\u00e1mara de Diputados, contribuir\u00e1n a rejuvenecer la reserva operativa de las Fuerzas Armadas. En la C\u00e1mara de Diputados tambi\u00e9n se espera la entrada en debate en las comisiones de especialidad del proyecto de ley sobre la defensa nacional, que define la organizaci\u00f3n, el funcionamiento y las instituciones responsables de la protecci\u00f3n del territorio de Ruman\u00eda.<\/p>\n<p><strong>ENERG\u00cdA<\/strong> \u2013 La Uni\u00f3n Europea tiene la intenci\u00f3n de ofrecer l\u00edneas de financiaci\u00f3n de hasta 30.000 millones de euros a los Estados miembros para la ejecuci\u00f3n de proyectos de interconexi\u00f3n energ\u00e9tica, seg\u00fan ha anunciado el ministro rumano de Energ\u00eda, Bogdan Ivan. En este sentido, Ruman\u00eda asume el papel de coordinador de una estrategia com\u00fan con los pa\u00edses vecinos, que presentar\u00e1 a la Comisi\u00f3n Europea en el pr\u00f3ximo presupuesto multianual comunitario. El ministro ha afirmado que, en relaci\u00f3n con los ingresos, los rumanos pagan la electricidad m\u00e1s cara de toda la Uni\u00f3n Europea. Ha precisado que la Comisi\u00f3n Europea se muestra abierta a encontrar soluciones a este problema, tanto mediante regulaciones e inversiones en infraestructuras de conexi\u00f3n con la energ\u00eda barata del oeste de Europa, como mediante la apertura de nuevas capacidades de producci\u00f3n en el pa\u00eds. Durante dos d\u00edas, Ruman\u00eda acogi\u00f3 una reuni\u00f3n de los ministros de Energ\u00eda de 17 Estados europeos con el comisario europeo de Energ\u00eda, Dan Jorgensen. Los funcionarios presentes debatieron proyectos comunes para reducir la dependencia de los Estados de la regi\u00f3n de las importaciones energ\u00e9ticas de Rusia.<\/p>\n<p><strong>SONDEO<\/strong> \u2013 El socialdem\u00f3crata Daniel B\u0103lu\u0163\u0103, actual alcalde del Sector 4, ha sido designado candidato del PSD a la Alcald\u00eda de Bucarest, mientras que el liberal Ciprian Ciucu, alcalde del Sector 6, ha anunciado tambi\u00e9n su candidatura para este cargo. Ambos encabezan las intenciones de voto, seg\u00fan una encuesta realizada por Avangarde sobre una muestra de 1.000 personas del municipio de Bucarest: Daniel B\u0103lu\u0163\u0103 cuenta con un 25% de apoyo, mientras que Ciprian Ciucu alcanza el 23%. Les siguen en las preferencias el diputado de la USR, C\u0103t\u0103lin Drul\u0103, con un 18%, y la periodista Anca Alexandrescu (independiente), con un 16%. Al ser preguntados sobre su grado de satisfacci\u00f3n con el aspecto de la ciudad, el 68% de los encuestados se declararon insatisfechos, mientras que el 30% afirmaron estar satisfechos. Las elecciones para la Alcald\u00eda de Bucarest se celebrar\u00e1n el 7 de diciembre. El puesto de alcalde general qued\u00f3 vacante tras la elecci\u00f3n de Nicu\u0219or Dan como presidente de Ruman\u00eda. La encuesta se llev\u00f3 a cabo entre el 19 y el 25 de octubre de 2025, con una muestra de 1.000 encuestados y un margen de error de \u00b13,2%.<\/p>\n<p><strong>ROMSILVA<\/strong> \u2013 El proyecto de reorganizaci\u00f3n de la Administraci\u00f3n Nacional de los Bosques \u2013 Romsilva se env\u00eda este lunes a los ministerios para su aprobaci\u00f3n, y se prev\u00e9 que sea adoptado por el Gobierno en su reuni\u00f3n de esta semana. La ministra rumana de Medio Ambiente, Diana Buzoianu, declar\u00f3 que la reforma de Romsilva contempla, entre otros aspectos, mayor transparencia, criterios claros de rendimiento y la reducci\u00f3n del n\u00famero de direcciones regionales. Seg\u00fan la ministra, otro aspecto que se abordar\u00e1 en Romsilva es la contabilidad de la entidad, con el fin de evitar el uso de sus fondos en actividades secundarias, como la financiaci\u00f3n de hoteles y otros proyectos ajenos a su funci\u00f3n principal.<\/p>\n<p><strong>CONDECORACI\u00d3N<\/strong> \u2013 Los cristianos ortodoxos celebran hoy a San Demetrio el Nuevo, patr\u00f3n de Bucarest y de Muntenia, cuyas reliquias se encuentran en la Catedral Patriarcal de Bucarest. La liturgia de la festividad es oficiada por el Patriarca Daniel, junto con el Patriarca Ecum\u00e9nico Bartolom\u00e9 I, al aire libre, en la Colina del Patriarcado. Asimismo, hoy el Patriarca Ecum\u00e9nico de Constantinopla ser\u00e1 decorado por el presidente Nicu\u0219or Dan. Cabe recordar que \u00e9l particip\u00f3 el domingo, junto con Daniel, en la consagraci\u00f3n de las pinturas de la Catedral Nacional.<\/p>\n","protected":false},"excerpt":{"rendered":"<p>TITULARES: El comisario europeo de Econom\u00eda, Valdis Dombrovskis, se encuentra en Bucarest durante dos d\u00edas. Cuatro grandes confederaciones sindicales han anunciado protestas para el mi\u00e9rcoles en Bucarest, el d\u00eda en que se analizar\u00e1 la posibilidad de aumentar el salario m\u00ednimo en la econom\u00eda. El Gobierno rumano ha aprobado este lunes la modificaci\u00f3n de la ordenanza [&hellip;]<\/p>\n","protected":false},"author":113,"featured_media":723423,"comment_status":"closed","ping_status":"closed","sticky":false,"template":"","format":"gallery","meta":{"_acf_changed":false,"footnotes":""},"categories":[49382],"tags":[149270,48978,178962,150814,162842,178448,151458,150141,49322,112561,143241,148719,149326,49094,158935,163403,49065,152831,146555,146008,178964,158359,49077,144530,178961,143243,151901,146408,151464,147698,49233,132224,176398],"coauthors":[116091],"class_list":["post-944412","post","type-post","status-publish","format-gallery","has-post-thumbnail","hentry","category-noticias","tag-alcaldia","tag-bucarest","tag-cesec","tag-coalicion","tag-condecoracion","tag-consejo-nacional-tripartito","tag-diana-buzoianu","tag-directiva-es","tag-ejercito","tag-elecciones","tag-energia-es","tag-financiacion","tag-gastos","tag-gobierno","tag-ilie-bolojan-es","tag-ionut-mosteanu-es","tag-medidas","tag-ministerio-de-cultura","tag-nicusor-dan-es","tag-patriarca-daniel","tag-patriarca-ecumenico-de-constantinopla","tag-patronales","tag-poblacion","tag-proyecto","tag-refroma","tag-repowereu-es","tag-restricciones","tag-reunion-es","tag-romsilva-es","tag-salario","tag-sindicatos","tag-sondeo","tag-valdis-dombrovskis-es","post_format-post-format-gallery"],"acf":[],"yoast_head":"<!-- This site is optimized with the Yoast SEO plugin v27.3 - https:\/\/yoast.com\/product\/yoast-seo-wordpress\/ -->\n<title>Noticias del d\u00eda - Radio Ruman\u00eda Internacional<\/title>\n<meta name=\"description\" content=\"Lo m\u00e1s destacado de la actualidad, 27.10.2025\" \/>\n<meta name=\"robots\" content=\"index, follow, max-snippet:-1, max-image-preview:large, max-video-preview:-1\" \/>\n<link rel=\"canonical\" href=\"https:\/\/www.rri.ro\/es\/actualidad\/noticias\/noticias-del-dia-2698-id944412.html\" \/>\n<meta property=\"og:locale\" content=\"es_ES\" \/>\n<meta property=\"og:type\" content=\"article\" \/>\n<meta property=\"og:title\" content=\"Noticias del d\u00eda - Radio Ruman\u00eda Internacional\" \/>\n<meta property=\"og:description\" content=\"Lo m\u00e1s destacado de la actualidad, 27.10.2025\" \/>\n<meta property=\"og:url\" content=\"https:\/\/www.rri.ro\/es\/actualidad\/noticias\/noticias-del-dia-2698-id944412.html\" \/>\n<meta property=\"og:site_name\" content=\"Radio Ruman\u00eda Internacional\" \/>\n<meta property=\"article:published_time\" content=\"2025-10-27T17:42:08+00:00\" \/>\n<meta property=\"article:modified_time\" content=\"2025-10-27T17:43:05+00:00\" \/>\n<meta property=\"og:image\" content=\"https:\/\/www.rri.ro\/wp-content\/uploads\/2024\/03\/RRI-960x540-Noticias-2-NOU.jpg\" \/>\n\t<meta property=\"og:image:width\" content=\"960\" \/>\n\t<meta property=\"og:image:height\" content=\"540\" \/>\n\t<meta property=\"og:image:type\" content=\"image\/jpeg\" \/>\n<meta name=\"author\" content=\"Newsroom\" \/>\n<meta name=\"twitter:card\" content=\"summary_large_image\" \/>\n<meta name=\"twitter:label1\" content=\"Escrito por\" \/>\n\t<meta name=\"twitter:data1\" content=\"Newsroom\" \/>\n\t<meta name=\"twitter:label2\" content=\"Tiempo de lectura\" \/>\n\t<meta name=\"twitter:data2\" content=\"7 minutos\" \/>\n\t<meta name=\"twitter:label3\" content=\"Written by\" \/>\n\t<meta name=\"twitter:data3\" content=\"Newsroom\" \/>\n<script type=\"application\/ld+json\" class=\"yoast-schema-graph\">{\"@context\":\"https:\\\/\\\/schema.org\",\"@graph\":[{\"@type\":\"Article\",\"@id\":\"https:\\\/\\\/www.rri.ro\\\/es\\\/actualidad\\\/noticias\\\/noticias-del-dia-2698-id944412.html#article\",\"isPartOf\":{\"@id\":\"https:\\\/\\\/www.rri.ro\\\/es\\\/actualidad\\\/noticias\\\/noticias-del-dia-2698-id944412.html\"},\"author\":{\"name\":\"Newsroom\",\"@id\":\"https:\\\/\\\/www.rri.ro\\\/#\\\/schema\\\/person\\\/4a479940371b9fdefd194f561e8a7f88\"},\"headline\":\"Noticias del d\u00eda\",\"datePublished\":\"2025-10-27T17:42:08+00:00\",\"dateModified\":\"2025-10-27T17:43:05+00:00\",\"mainEntityOfPage\":{\"@id\":\"https:\\\/\\\/www.rri.ro\\\/es\\\/actualidad\\\/noticias\\\/noticias-del-dia-2698-id944412.html\"},\"wordCount\":1479,\"image\":{\"@id\":\"https:\\\/\\\/www.rri.ro\\\/es\\\/actualidad\\\/noticias\\\/noticias-del-dia-2698-id944412.html#primaryimage\"},\"thumbnailUrl\":\"https:\\\/\\\/www.rri.ro\\\/wp-content\\\/uploads\\\/2024\\\/03\\\/RRI-960x540-Noticias-2-NOU.jpg\",\"keywords\":[\"alcald\u00eda\",\"Bucarest\",\"CESEC\",\"coalici\u00f3n\",\"condecoraci\u00f3n\",\"Consejo Nacional Tripartito\",\"Diana Buzoianu\",\"directiva\",\"Ej\u00e9rcito\",\"elecciones\",\"energia\",\"financiaci\u00f3n\",\"gastos\",\"Gobierno\",\"Ilie Bolojan\",\"Ionut Mosteanu\",\"medidas\",\"Ministerio de Cultura\",\"Nicusor Dan\",\"Patriarca Daniel\",\"Patriarca Ecum\u00e9nico de Constantinopla\",\"patronales\",\"poblaci\u00f3n\",\"proyecto\",\"refroma\",\"REpowerEU\",\"restricciones\",\"r\u00e9union\",\"romsilva\",\"salario\",\"sindicatos\",\"sondeo\",\"Valdis Dombrovskis\"],\"articleSection\":[\"Noticias\"],\"inLanguage\":\"es\"},{\"@type\":\"WebPage\",\"@id\":\"https:\\\/\\\/www.rri.ro\\\/es\\\/actualidad\\\/noticias\\\/noticias-del-dia-2698-id944412.html\",\"url\":\"https:\\\/\\\/www.rri.ro\\\/es\\\/actualidad\\\/noticias\\\/noticias-del-dia-2698-id944412.html\",\"name\":\"Noticias del d\u00eda - Radio Ruman\u00eda Internacional\",\"isPartOf\":{\"@id\":\"https:\\\/\\\/www.rri.ro\\\/#website\"},\"primaryImageOfPage\":{\"@id\":\"https:\\\/\\\/www.rri.ro\\\/es\\\/actualidad\\\/noticias\\\/noticias-del-dia-2698-id944412.html#primaryimage\"},\"image\":{\"@id\":\"https:\\\/\\\/www.rri.ro\\\/es\\\/actualidad\\\/noticias\\\/noticias-del-dia-2698-id944412.html#primaryimage\"},\"thumbnailUrl\":\"https:\\\/\\\/www.rri.ro\\\/wp-content\\\/uploads\\\/2024\\\/03\\\/RRI-960x540-Noticias-2-NOU.jpg\",\"datePublished\":\"2025-10-27T17:42:08+00:00\",\"dateModified\":\"2025-10-27T17:43:05+00:00\",\"author\":{\"@id\":\"https:\\\/\\\/www.rri.ro\\\/#\\\/schema\\\/person\\\/4a479940371b9fdefd194f561e8a7f88\"},\"description\":\"Lo m\u00e1s destacado de la actualidad, 27.10.2025\",\"breadcrumb\":{\"@id\":\"https:\\\/\\\/www.rri.ro\\\/es\\\/actualidad\\\/noticias\\\/noticias-del-dia-2698-id944412.html#breadcrumb\"},\"inLanguage\":\"es\",\"potentialAction\":[{\"@type\":\"ReadAction\",\"target\":[\"https:\\\/\\\/www.rri.ro\\\/es\\\/actualidad\\\/noticias\\\/noticias-del-dia-2698-id944412.html\"]}]},{\"@type\":\"ImageObject\",\"inLanguage\":\"es\",\"@id\":\"https:\\\/\\\/www.rri.ro\\\/es\\\/actualidad\\\/noticias\\\/noticias-del-dia-2698-id944412.html#primaryimage\",\"url\":\"https:\\\/\\\/www.rri.ro\\\/wp-content\\\/uploads\\\/2024\\\/03\\\/RRI-960x540-Noticias-2-NOU.jpg\",\"contentUrl\":\"https:\\\/\\\/www.rri.ro\\\/wp-content\\\/uploads\\\/2024\\\/03\\\/RRI-960x540-Noticias-2-NOU.jpg\",\"width\":960,\"height\":540,\"caption\":\"RRI 960x540 Noticias 2-NOU\"},{\"@type\":\"BreadcrumbList\",\"@id\":\"https:\\\/\\\/www.rri.ro\\\/es\\\/actualidad\\\/noticias\\\/noticias-del-dia-2698-id944412.html#breadcrumb\",\"itemListElement\":[{\"@type\":\"ListItem\",\"position\":1,\"name\":\"P\u00e1gina de inicio\",\"item\":\"https:\\\/\\\/www.rri.ro\\\/es\"},{\"@type\":\"ListItem\",\"position\":2,\"name\":\"Actualidad\",\"item\":\"https:\\\/\\\/www.rri.ro\\\/es\\\/actualidad\"},{\"@type\":\"ListItem\",\"position\":3,\"name\":\"Noticias\",\"item\":\"https:\\\/\\\/www.rri.ro\\\/es\\\/actualidad\\\/noticias\"},{\"@type\":\"ListItem\",\"position\":4,\"name\":\"Noticias del d\u00eda\"}]},{\"@type\":\"WebSite\",\"@id\":\"https:\\\/\\\/www.rri.ro\\\/#website\",\"url\":\"https:\\\/\\\/www.rri.ro\\\/\",\"name\":\"Radio Ruman\u00eda Internacional\",\"description\":\"Totul despre Rom\u00e2nia \u015fi rom\u00e2ni, \u00een 13 limbi\\\/dialecte!\",\"inLanguage\":\"es\"},{\"@type\":\"Person\",\"@id\":\"https:\\\/\\\/www.rri.ro\\\/#\\\/schema\\\/person\\\/4a479940371b9fdefd194f561e8a7f88\",\"name\":\"Newsroom\",\"url\":\"https:\\\/\\\/www.rri.ro\\\/es\\\/author\\\/newsroom\"}]}<\/script>\n<!-- \/ Yoast SEO plugin. -->","yoast_head_json":{"title":"Noticias del d\u00eda - Radio Ruman\u00eda Internacional","description":"Lo m\u00e1s destacado de la actualidad, 27.10.2025","robots":{"index":"index","follow":"follow","max-snippet":"max-snippet:-1","max-image-preview":"max-image-preview:large","max-video-preview":"max-video-preview:-1"},"canonical":"https:\/\/www.rri.ro\/es\/actualidad\/noticias\/noticias-del-dia-2698-id944412.html","og_locale":"es_ES","og_type":"article","og_title":"Noticias del d\u00eda - Radio Ruman\u00eda Internacional","og_description":"Lo m\u00e1s destacado de la actualidad, 27.10.2025","og_url":"https:\/\/www.rri.ro\/es\/actualidad\/noticias\/noticias-del-dia-2698-id944412.html","og_site_name":"Radio Ruman\u00eda Internacional","article_published_time":"2025-10-27T17:42:08+00:00","article_modified_time":"2025-10-27T17:43:05+00:00","og_image":[{"width":960,"height":540,"url":"https:\/\/www.rri.ro\/wp-content\/uploads\/2024\/03\/RRI-960x540-Noticias-2-NOU.jpg","type":"image\/jpeg"}],"author":"Newsroom","twitter_card":"summary_large_image","twitter_misc":{"Escrito por":"Newsroom","Tiempo de lectura":"7 minutos","Written by":"Newsroom"},"schema":{"@context":"https:\/\/schema.org","@graph":[{"@type":"Article","@id":"https:\/\/www.rri.ro\/es\/actualidad\/noticias\/noticias-del-dia-2698-id944412.html#article","isPartOf":{"@id":"https:\/\/www.rri.ro\/es\/actualidad\/noticias\/noticias-del-dia-2698-id944412.html"},"author":{"name":"Newsroom","@id":"https:\/\/www.rri.ro\/#\/schema\/person\/4a479940371b9fdefd194f561e8a7f88"},"headline":"Noticias del d\u00eda","datePublished":"2025-10-27T17:42:08+00:00","dateModified":"2025-10-27T17:43:05+00:00","mainEntityOfPage":{"@id":"https:\/\/www.rri.ro\/es\/actualidad\/noticias\/noticias-del-dia-2698-id944412.html"},"wordCount":1479,"image":{"@id":"https:\/\/www.rri.ro\/es\/actualidad\/noticias\/noticias-del-dia-2698-id944412.html#primaryimage"},"thumbnailUrl":"https:\/\/www.rri.ro\/wp-content\/uploads\/2024\/03\/RRI-960x540-Noticias-2-NOU.jpg","keywords":["alcald\u00eda","Bucarest","CESEC","coalici\u00f3n","condecoraci\u00f3n","Consejo Nacional Tripartito","Diana Buzoianu","directiva","Ej\u00e9rcito","elecciones","energia","financiaci\u00f3n","gastos","Gobierno","Ilie Bolojan","Ionut Mosteanu","medidas","Ministerio de Cultura","Nicusor Dan","Patriarca Daniel","Patriarca Ecum\u00e9nico de Constantinopla","patronales","poblaci\u00f3n","proyecto","refroma","REpowerEU","restricciones","r\u00e9union","romsilva","salario","sindicatos","sondeo","Valdis Dombrovskis"],"articleSection":["Noticias"],"inLanguage":"es"},{"@type":"WebPage","@id":"https:\/\/www.rri.ro\/es\/actualidad\/noticias\/noticias-del-dia-2698-id944412.html","url":"https:\/\/www.rri.ro\/es\/actualidad\/noticias\/noticias-del-dia-2698-id944412.html","name":"Noticias del d\u00eda - Radio Ruman\u00eda Internacional","isPartOf":{"@id":"https:\/\/www.rri.ro\/#website"},"primaryImageOfPage":{"@id":"https:\/\/www.rri.ro\/es\/actualidad\/noticias\/noticias-del-dia-2698-id944412.html#primaryimage"},"image":{"@id":"https:\/\/www.rri.ro\/es\/actualidad\/noticias\/noticias-del-dia-2698-id944412.html#primaryimage"},"thumbnailUrl":"https:\/\/www.rri.ro\/wp-content\/uploads\/2024\/03\/RRI-960x540-Noticias-2-NOU.jpg","datePublished":"2025-10-27T17:42:08+00:00","dateModified":"2025-10-27T17:43:05+00:00","author":{"@id":"https:\/\/www.rri.ro\/#\/schema\/person\/4a479940371b9fdefd194f561e8a7f88"},"description":"Lo m\u00e1s destacado de la actualidad, 27.10.2025","breadcrumb":{"@id":"https:\/\/www.rri.ro\/es\/actualidad\/noticias\/noticias-del-dia-2698-id944412.html#breadcrumb"},"inLanguage":"es","potentialAction":[{"@type":"ReadAction","target":["https:\/\/www.rri.ro\/es\/actualidad\/noticias\/noticias-del-dia-2698-id944412.html"]}]},{"@type":"ImageObject","inLanguage":"es","@id":"https:\/\/www.rri.ro\/es\/actualidad\/noticias\/noticias-del-dia-2698-id944412.html#primaryimage","url":"https:\/\/www.rri.ro\/wp-content\/uploads\/2024\/03\/RRI-960x540-Noticias-2-NOU.jpg","contentUrl":"https:\/\/www.rri.ro\/wp-content\/uploads\/2024\/03\/RRI-960x540-Noticias-2-NOU.jpg","width":960,"height":540,"caption":"RRI 960x540 Noticias 2-NOU"},{"@type":"BreadcrumbList","@id":"https:\/\/www.rri.ro\/es\/actualidad\/noticias\/noticias-del-dia-2698-id944412.html#breadcrumb","itemListElement":[{"@type":"ListItem","position":1,"name":"P\u00e1gina de inicio","item":"https:\/\/www.rri.ro\/es"},{"@type":"ListItem","position":2,"name":"Actualidad","item":"https:\/\/www.rri.ro\/es\/actualidad"},{"@type":"ListItem","position":3,"name":"Noticias","item":"https:\/\/www.rri.ro\/es\/actualidad\/noticias"},{"@type":"ListItem","position":4,"name":"Noticias del d\u00eda"}]},{"@type":"WebSite","@id":"https:\/\/www.rri.ro\/#website","url":"https:\/\/www.rri.ro\/","name":"Radio Ruman\u00eda Internacional","description":"Totul despre Rom\u00e2nia \u015fi rom\u00e2ni, \u00een 13 limbi\/dialecte!","inLanguage":"es"},{"@type":"Person","@id":"https:\/\/www.rri.ro\/#\/schema\/person\/4a479940371b9fdefd194f561e8a7f88","name":"Newsroom","url":"https:\/\/www.rri.ro\/es\/author\/newsroom"}]}},"_links":{"self":[{"href":"https:\/\/www.rri.ro\/es\/wp-json\/wp\/v2\/posts\/944412","targetHints":{"allow":["GET"]}}],"collection":[{"href":"https:\/\/www.rri.ro\/es\/wp-json\/wp\/v2\/posts"}],"about":[{"href":"https:\/\/www.rri.ro\/es\/wp-json\/wp\/v2\/types\/post"}],"author":[{"embeddable":true,"href":"https:\/\/www.rri.ro\/es\/wp-json\/wp\/v2\/users\/113"}],"replies":[{"embeddable":true,"href":"https:\/\/www.rri.ro\/es\/wp-json\/wp\/v2\/comments?post=944412"}],"version-history":[{"count":0,"href":"https:\/\/www.rri.ro\/es\/wp-json\/wp\/v2\/posts\/944412\/revisions"}],"wp:featuredmedia":[{"embeddable":true,"href":"https:\/\/www.rri.ro\/es\/wp-json\/wp\/v2\/media\/723423"}],"wp:attachment":[{"href":"https:\/\/www.rri.ro\/es\/wp-json\/wp\/v2\/media?parent=944412"}],"wp:term":[{"taxonomy":"category","embeddable":true,"href":"https:\/\/www.rri.ro\/es\/wp-json\/wp\/v2\/categories?post=944412"},{"taxonomy":"post_tag","embeddable":true,"href":"https:\/\/www.rri.ro\/es\/wp-json\/wp\/v2\/tags?post=944412"},{"taxonomy":"author","embeddable":true,"href":"https:\/\/www.rri.ro\/es\/wp-json\/wp\/v2\/coauthors?post=944412"}],"curies":[{"name":"wp","href":"https:\/\/api.w.org\/{rel}","templated":true}]}}