{"id":955330,"date":"2025-11-25T10:15:53","date_gmt":"2025-11-25T08:15:53","guid":{"rendered":"https:\/\/www.rri.ro\/?p=955330"},"modified":"2025-11-25T10:18:00","modified_gmt":"2025-11-25T08:18:00","slug":"reformas-en-el-sector-publico","status":"publish","type":"post","link":"https:\/\/www.rri.ro\/es\/actualidad\/tema-del-dia\/reformas-en-el-sector-publico-id955330.html","title":{"rendered":"Reformas en el sector p\u00fablico"},"content":{"rendered":"<p><span style=\"font-family: arial, helvetica, sans-serif;\">El Comit\u00e9 Nacional para la Reforma de las Empresas P\u00fablicas ha sido reactivado, seg\u00fan ha anunciado la viceprimera ministra Oana Gheorghiu, que lo coordina y que present\u00f3 el lunes las principales l\u00edneas de actuaci\u00f3n en las que se centrar\u00e1 el grupo.<\/span><\/p>\n<p><span style=\"font-family: arial, helvetica, sans-serif;\">El Plan Nacional de Recuperaci\u00f3n y Resiliencia (PNRR) incluye como objetivos la eliminaci\u00f3n de las direcciones interinas de todas las empresas estatales antes de finales de marzo y la reestructuraci\u00f3n de al menos tres de estas empresas con anterioridad a la fecha l\u00edmite del programa, el 31 de agosto de 2026.<\/span><\/p>\n<p><span style=\"font-family: arial, helvetica, sans-serif;\">Sin embargo, la viceprimera ministra Oana Gheorghiu subray\u00f3 que, m\u00e1s all\u00e1 de los compromisos asumidos en el PNRR, Ruman\u00eda tiene la necesidad de poner orden y eficiencia en estas empresas, de modo que realmente presten un servicio p\u00fablico y no generen p\u00e9rdidas. En la actualidad, hay m\u00e1s de 1500 empresas estatales en Ruman\u00eda, de las cuales unas 1270 dependen de las autoridades locales y el resto son empresas centrales.<\/span><\/p>\n<p><span style=\"font-family: arial, helvetica, sans-serif;\">Los mayores problemas se registran a nivel central, afirma la viceprimera ministra, donde 83 de estas empresas estatales registran p\u00e9rdidas de alrededor de 14.000 millones de leus (2800 millones de euros).<\/span><\/p>\n<p><span style=\"font-family: arial, helvetica, sans-serif;\">Seg\u00fan Oana Gheorghiu, la reforma de las empresas estatales comenzar\u00e1 con un proyecto piloto de 10 sociedades y no tiene como objetivo los despidos, sino la racionalizaci\u00f3n de estas entidades estatales. La selecci\u00f3n de las 10 empresas correr\u00e1 a cargo de los ministros de Energ\u00eda y Transportes. Oana Gheorghiu:<\/span><\/p>\n<p style=\"padding-left: 40px;\"><span style=\"font-family: arial, helvetica, sans-serif;\"><em>\u00abNos hemos propuesto comenzar con diez empresas, como proyecto piloto, en las que pondremos a prueba este flujo de trabajo. Estas diez empresas a\u00fan no han sido seleccionadas. A lo largo de esta semana finalizaremos la lista. Contamos con cuatro empresas del sector energ\u00e9tico y seis del sector del transporte. Esta reforma no tiene como objetivo los despidos. Intentamos hacer m\u00e1s eficientes el Estado rumano y las empresas estatales, lo que beneficia a todos los ciudadanos de Ruman\u00eda, ya que el dinero que se pierde en las empresas estatales proviene de nuestro presupuesto com\u00fan. Es evidente que habr\u00e1 que hacer ajustes, es evidente que habr\u00e1 empresas en las que probablemente se reducir\u00e1 el n\u00famero de puestos de trabajo, pero no ser\u00e1 algo consistente, intuyo. Y, si fuera el caso, el Estado rumano tendr\u00eda que tomar algunas medidas compensatorias, pero por ahora es prematuro hablar de ello\u00bb. <\/em><\/span><\/p>\n<p><span style=\"font-family: arial, helvetica, sans-serif;\">En el proceso de selecci\u00f3n se tienen en cuenta no solo las p\u00e9rdidas y las deudas de las empresas, sino tambi\u00e9n su posici\u00f3n estrat\u00e9gica en el mercado, seg\u00fan ha anunciado Oana Gheorghiu.<\/span><\/p>\n<p><span style=\"font-family: arial, helvetica, sans-serif;\">Antes de que termine la semana, el Ejecutivo rumano deber\u00eda resolver tambi\u00e9n el tema de las direcciones interinas de 48 empresas estatales, para no perder el plazo impuesto por el PNRR, que finaliza el 31 de marzo del a\u00f1o que viene.<\/span><\/p>\n<p><span style=\"font-family: arial, helvetica, sans-serif;\">Versi\u00f3n en espa\u00f1ol: Antonio Madrid<\/span><\/p>\n","protected":false},"excerpt":{"rendered":"<p>El Comit\u00e9 Nacional para la Reforma de las Empresas P\u00fablicas ha sido reactivado, seg\u00fan ha anunciado la viceprimera ministra Oana Gheorghiu, que lo coordina y que present\u00f3 el lunes las principales l\u00edneas de actuaci\u00f3n en las que se centrar\u00e1 el grupo. El Plan Nacional de Recuperaci\u00f3n y Resiliencia (PNRR) incluye como objetivos la eliminaci\u00f3n de [&hellip;]<\/p>\n","protected":false},"author":107,"featured_media":955328,"comment_status":"closed","ping_status":"closed","sticky":false,"template":"","format":"standard","meta":{"_acf_changed":false,"footnotes":""},"categories":[49231],"tags":[180909,180910,180914,162220,180904,180908,154446,171061,180905,180907,162193,180915,143238,180912,179159,149961,143996,143251,180916,180911,166567,153277,152535,180913,180906,179201],"coauthors":[113282],"class_list":["post-955330","post","type-post","status-publish","format-standard","has-post-thumbnail","hentry","category-tema-del-dia","tag-14-000-millones-de-leus","tag-2800-millones-de-euros","tag-ajuste-laboral","tag-autoridades-locales","tag-comite-nacional-para-la-reforma-de-las-empresas-publicas","tag-deficit-financiero","tag-eficiencia","tag-ejecutivo-rumano","tag-eliminacion-direcciones-interinas","tag-empresas-centrales","tag-empresas-estatales","tag-medidas-compensatorias","tag-ministros-de-energia","tag-ministros-de-transportes","tag-oana-gheorghiu-es","tag-perdidas","tag-plan-nacional-de-recuperacion-y-resiliencia","tag-pnrr-es","tag-posicion-estrategica","tag-proyecto-piloto","tag-racionalizacion","tag-reestructuracion","tag-sector-energetico","tag-sector-transporte","tag-servicio-publico","tag-viceprimera-ministra"],"acf":[],"yoast_head":"<!-- This site is optimized with the Yoast SEO plugin v27.3 - https:\/\/yoast.com\/product\/yoast-seo-wordpress\/ -->\n<title>Reformas en el sector p\u00fablico - Radio Ruman\u00eda Internacional<\/title>\n<meta name=\"robots\" content=\"index, follow, max-snippet:-1, max-image-preview:large, max-video-preview:-1\" \/>\n<link rel=\"canonical\" href=\"https:\/\/www.rri.ro\/es\/actualidad\/tema-del-dia\/reformas-en-el-sector-publico-id955330.html\" \/>\n<meta property=\"og:locale\" content=\"es_ES\" \/>\n<meta property=\"og:type\" content=\"article\" \/>\n<meta property=\"og:title\" content=\"Reformas en el sector p\u00fablico - Radio Ruman\u00eda Internacional\" \/>\n<meta property=\"og:description\" content=\"El Comit\u00e9 Nacional para la Reforma de las Empresas P\u00fablicas ha sido reactivado, seg\u00fan ha anunciado la viceprimera ministra Oana Gheorghiu, que lo coordina y que present\u00f3 el lunes las principales l\u00edneas de actuaci\u00f3n en las que se centrar\u00e1 el grupo. El Plan Nacional de Recuperaci\u00f3n y Resiliencia (PNRR) incluye como objetivos la eliminaci\u00f3n de [&hellip;]\" \/>\n<meta property=\"og:url\" content=\"https:\/\/www.rri.ro\/es\/actualidad\/tema-del-dia\/reformas-en-el-sector-publico-id955330.html\" \/>\n<meta property=\"og:site_name\" content=\"Radio Ruman\u00eda Internacional\" \/>\n<meta property=\"article:published_time\" content=\"2025-11-25T08:15:53+00:00\" \/>\n<meta property=\"article:modified_time\" content=\"2025-11-25T08:18:00+00:00\" \/>\n<meta property=\"og:image\" content=\"https:\/\/www.rri.ro\/wp-content\/uploads\/2025\/11\/Oana-Gheorghiu-conferinta-pv-nov2025-gov-ro.jpg\" \/>\n\t<meta property=\"og:image:width\" content=\"1280\" \/>\n\t<meta property=\"og:image:height\" content=\"720\" \/>\n\t<meta property=\"og:image:type\" content=\"image\/jpeg\" \/>\n<meta name=\"author\" content=\"Daniela Budu\" \/>\n<meta name=\"twitter:card\" content=\"summary_large_image\" \/>\n<meta name=\"twitter:label1\" content=\"Escrito por\" \/>\n\t<meta name=\"twitter:data1\" content=\"Daniela Budu\" \/>\n\t<meta name=\"twitter:label2\" content=\"Tiempo de lectura\" \/>\n\t<meta name=\"twitter:data2\" content=\"2 minutos\" \/>\n\t<meta name=\"twitter:label3\" content=\"Written by\" \/>\n\t<meta name=\"twitter:data3\" content=\"Daniela Budu\" \/>\n<script type=\"application\/ld+json\" class=\"yoast-schema-graph\">{\"@context\":\"https:\\\/\\\/schema.org\",\"@graph\":[{\"@type\":\"Article\",\"@id\":\"https:\\\/\\\/www.rri.ro\\\/es\\\/actualidad\\\/tema-del-dia\\\/reformas-en-el-sector-publico-id955330.html#article\",\"isPartOf\":{\"@id\":\"https:\\\/\\\/www.rri.ro\\\/es\\\/actualidad\\\/tema-del-dia\\\/reformas-en-el-sector-publico-id955330.html\"},\"author\":{\"name\":\"Daniela Budu\",\"@id\":\"https:\\\/\\\/www.rri.ro\\\/#\\\/schema\\\/person\\\/b46b8f80d7d6e4b5ac9f14f0acbad0c4\"},\"headline\":\"Reformas en el sector p\u00fablico\",\"datePublished\":\"2025-11-25T08:15:53+00:00\",\"dateModified\":\"2025-11-25T08:18:00+00:00\",\"mainEntityOfPage\":{\"@id\":\"https:\\\/\\\/www.rri.ro\\\/es\\\/actualidad\\\/tema-del-dia\\\/reformas-en-el-sector-publico-id955330.html\"},\"wordCount\":497,\"image\":{\"@id\":\"https:\\\/\\\/www.rri.ro\\\/es\\\/actualidad\\\/tema-del-dia\\\/reformas-en-el-sector-publico-id955330.html#primaryimage\"},\"thumbnailUrl\":\"https:\\\/\\\/www.rri.ro\\\/wp-content\\\/uploads\\\/2025\\\/11\\\/Oana-Gheorghiu-conferinta-pv-nov2025-gov-ro.jpg\",\"keywords\":[\"14.000 millones de leus\",\"2800 millones de euros\",\"ajuste laboral\",\"autoridades locales\",\"Comit\u00e9 Nacional para la Reforma de las Empresas P\u00fablicas\",\"d\u00e9ficit financiero\",\"eficiencia\",\"Ejecutivo rumano\",\"eliminaci\u00f3n direcciones interinas\",\"empresas centrales\",\"empresas estatales.\",\"medidas compensatorias\",\"ministros de Energ\u00eda\",\"ministros de Transportes\",\"Oana Gheorghiu\",\"perdidas\",\"Plan Nacional de Recuperaci\u00f3n y Resiliencia\",\"PNRR\",\"posici\u00f3n estrat\u00e9gica\",\"proyecto piloto\",\"racionalizaci\u00f3n\",\"reestructuraci\u00f3n\",\"sector energ\u00e9tico\",\"sector transporte\",\"servicio p\u00fablico\",\"viceprimera ministra\"],\"articleSection\":[\"Tema del d\u00eda\"],\"inLanguage\":\"es\"},{\"@type\":\"WebPage\",\"@id\":\"https:\\\/\\\/www.rri.ro\\\/es\\\/actualidad\\\/tema-del-dia\\\/reformas-en-el-sector-publico-id955330.html\",\"url\":\"https:\\\/\\\/www.rri.ro\\\/es\\\/actualidad\\\/tema-del-dia\\\/reformas-en-el-sector-publico-id955330.html\",\"name\":\"Reformas en el sector p\u00fablico - Radio Ruman\u00eda Internacional\",\"isPartOf\":{\"@id\":\"https:\\\/\\\/www.rri.ro\\\/#website\"},\"primaryImageOfPage\":{\"@id\":\"https:\\\/\\\/www.rri.ro\\\/es\\\/actualidad\\\/tema-del-dia\\\/reformas-en-el-sector-publico-id955330.html#primaryimage\"},\"image\":{\"@id\":\"https:\\\/\\\/www.rri.ro\\\/es\\\/actualidad\\\/tema-del-dia\\\/reformas-en-el-sector-publico-id955330.html#primaryimage\"},\"thumbnailUrl\":\"https:\\\/\\\/www.rri.ro\\\/wp-content\\\/uploads\\\/2025\\\/11\\\/Oana-Gheorghiu-conferinta-pv-nov2025-gov-ro.jpg\",\"datePublished\":\"2025-11-25T08:15:53+00:00\",\"dateModified\":\"2025-11-25T08:18:00+00:00\",\"author\":{\"@id\":\"https:\\\/\\\/www.rri.ro\\\/#\\\/schema\\\/person\\\/b46b8f80d7d6e4b5ac9f14f0acbad0c4\"},\"breadcrumb\":{\"@id\":\"https:\\\/\\\/www.rri.ro\\\/es\\\/actualidad\\\/tema-del-dia\\\/reformas-en-el-sector-publico-id955330.html#breadcrumb\"},\"inLanguage\":\"es\",\"potentialAction\":[{\"@type\":\"ReadAction\",\"target\":[\"https:\\\/\\\/www.rri.ro\\\/es\\\/actualidad\\\/tema-del-dia\\\/reformas-en-el-sector-publico-id955330.html\"]}]},{\"@type\":\"ImageObject\",\"inLanguage\":\"es\",\"@id\":\"https:\\\/\\\/www.rri.ro\\\/es\\\/actualidad\\\/tema-del-dia\\\/reformas-en-el-sector-publico-id955330.html#primaryimage\",\"url\":\"https:\\\/\\\/www.rri.ro\\\/wp-content\\\/uploads\\\/2025\\\/11\\\/Oana-Gheorghiu-conferinta-pv-nov2025-gov-ro.jpg\",\"contentUrl\":\"https:\\\/\\\/www.rri.ro\\\/wp-content\\\/uploads\\\/2025\\\/11\\\/Oana-Gheorghiu-conferinta-pv-nov2025-gov-ro.jpg\",\"width\":1280,\"height\":720,\"caption\":\"\u0420\u0435\u0444\u043e\u0440\u043c\u0430 \u0443 \u0434\u0435\u0440\u0436\u0430\u0432\u043d\u043e\u043c\u0443 \u0441\u0435\u043a\u0442\u043e\u0440\u0456\"},{\"@type\":\"BreadcrumbList\",\"@id\":\"https:\\\/\\\/www.rri.ro\\\/es\\\/actualidad\\\/tema-del-dia\\\/reformas-en-el-sector-publico-id955330.html#breadcrumb\",\"itemListElement\":[{\"@type\":\"ListItem\",\"position\":1,\"name\":\"P\u00e1gina de inicio\",\"item\":\"https:\\\/\\\/www.rri.ro\\\/es\"},{\"@type\":\"ListItem\",\"position\":2,\"name\":\"Actualidad\",\"item\":\"https:\\\/\\\/www.rri.ro\\\/es\\\/actualidad\"},{\"@type\":\"ListItem\",\"position\":3,\"name\":\"Tema del d\u00eda\",\"item\":\"https:\\\/\\\/www.rri.ro\\\/es\\\/actualidad\\\/tema-del-dia\"},{\"@type\":\"ListItem\",\"position\":4,\"name\":\"Reformas en el sector p\u00fablico\"}]},{\"@type\":\"WebSite\",\"@id\":\"https:\\\/\\\/www.rri.ro\\\/#website\",\"url\":\"https:\\\/\\\/www.rri.ro\\\/\",\"name\":\"Radio Ruman\u00eda Internacional\",\"description\":\"Totul despre Rom\u00e2nia \u015fi rom\u00e2ni, \u00een 13 limbi\\\/dialecte!\",\"inLanguage\":\"es\"},{\"@type\":\"Person\",\"@id\":\"https:\\\/\\\/www.rri.ro\\\/#\\\/schema\\\/person\\\/b46b8f80d7d6e4b5ac9f14f0acbad0c4\",\"name\":\"Daniela Budu\",\"url\":\"https:\\\/\\\/www.rri.ro\\\/es\\\/author\\\/daniela-budu\"}]}<\/script>\n<!-- \/ Yoast SEO plugin. -->","yoast_head_json":{"title":"Reformas en el sector p\u00fablico - Radio Ruman\u00eda Internacional","robots":{"index":"index","follow":"follow","max-snippet":"max-snippet:-1","max-image-preview":"max-image-preview:large","max-video-preview":"max-video-preview:-1"},"canonical":"https:\/\/www.rri.ro\/es\/actualidad\/tema-del-dia\/reformas-en-el-sector-publico-id955330.html","og_locale":"es_ES","og_type":"article","og_title":"Reformas en el sector p\u00fablico - Radio Ruman\u00eda Internacional","og_description":"El Comit\u00e9 Nacional para la Reforma de las Empresas P\u00fablicas ha sido reactivado, seg\u00fan ha anunciado la viceprimera ministra Oana Gheorghiu, que lo coordina y que present\u00f3 el lunes las principales l\u00edneas de actuaci\u00f3n en las que se centrar\u00e1 el grupo. El Plan Nacional de Recuperaci\u00f3n y Resiliencia (PNRR) incluye como objetivos la eliminaci\u00f3n de [&hellip;]","og_url":"https:\/\/www.rri.ro\/es\/actualidad\/tema-del-dia\/reformas-en-el-sector-publico-id955330.html","og_site_name":"Radio Ruman\u00eda Internacional","article_published_time":"2025-11-25T08:15:53+00:00","article_modified_time":"2025-11-25T08:18:00+00:00","og_image":[{"width":1280,"height":720,"url":"https:\/\/www.rri.ro\/wp-content\/uploads\/2025\/11\/Oana-Gheorghiu-conferinta-pv-nov2025-gov-ro.jpg","type":"image\/jpeg"}],"author":"Daniela Budu","twitter_card":"summary_large_image","twitter_misc":{"Escrito por":"Daniela Budu","Tiempo de lectura":"2 minutos","Written by":"Daniela Budu"},"schema":{"@context":"https:\/\/schema.org","@graph":[{"@type":"Article","@id":"https:\/\/www.rri.ro\/es\/actualidad\/tema-del-dia\/reformas-en-el-sector-publico-id955330.html#article","isPartOf":{"@id":"https:\/\/www.rri.ro\/es\/actualidad\/tema-del-dia\/reformas-en-el-sector-publico-id955330.html"},"author":{"name":"Daniela Budu","@id":"https:\/\/www.rri.ro\/#\/schema\/person\/b46b8f80d7d6e4b5ac9f14f0acbad0c4"},"headline":"Reformas en el sector p\u00fablico","datePublished":"2025-11-25T08:15:53+00:00","dateModified":"2025-11-25T08:18:00+00:00","mainEntityOfPage":{"@id":"https:\/\/www.rri.ro\/es\/actualidad\/tema-del-dia\/reformas-en-el-sector-publico-id955330.html"},"wordCount":497,"image":{"@id":"https:\/\/www.rri.ro\/es\/actualidad\/tema-del-dia\/reformas-en-el-sector-publico-id955330.html#primaryimage"},"thumbnailUrl":"https:\/\/www.rri.ro\/wp-content\/uploads\/2025\/11\/Oana-Gheorghiu-conferinta-pv-nov2025-gov-ro.jpg","keywords":["14.000 millones de leus","2800 millones de euros","ajuste laboral","autoridades locales","Comit\u00e9 Nacional para la Reforma de las Empresas P\u00fablicas","d\u00e9ficit financiero","eficiencia","Ejecutivo rumano","eliminaci\u00f3n direcciones interinas","empresas centrales","empresas estatales.","medidas compensatorias","ministros de Energ\u00eda","ministros de Transportes","Oana Gheorghiu","perdidas","Plan Nacional de Recuperaci\u00f3n y Resiliencia","PNRR","posici\u00f3n estrat\u00e9gica","proyecto piloto","racionalizaci\u00f3n","reestructuraci\u00f3n","sector energ\u00e9tico","sector transporte","servicio p\u00fablico","viceprimera ministra"],"articleSection":["Tema del d\u00eda"],"inLanguage":"es"},{"@type":"WebPage","@id":"https:\/\/www.rri.ro\/es\/actualidad\/tema-del-dia\/reformas-en-el-sector-publico-id955330.html","url":"https:\/\/www.rri.ro\/es\/actualidad\/tema-del-dia\/reformas-en-el-sector-publico-id955330.html","name":"Reformas en el sector p\u00fablico - Radio Ruman\u00eda Internacional","isPartOf":{"@id":"https:\/\/www.rri.ro\/#website"},"primaryImageOfPage":{"@id":"https:\/\/www.rri.ro\/es\/actualidad\/tema-del-dia\/reformas-en-el-sector-publico-id955330.html#primaryimage"},"image":{"@id":"https:\/\/www.rri.ro\/es\/actualidad\/tema-del-dia\/reformas-en-el-sector-publico-id955330.html#primaryimage"},"thumbnailUrl":"https:\/\/www.rri.ro\/wp-content\/uploads\/2025\/11\/Oana-Gheorghiu-conferinta-pv-nov2025-gov-ro.jpg","datePublished":"2025-11-25T08:15:53+00:00","dateModified":"2025-11-25T08:18:00+00:00","author":{"@id":"https:\/\/www.rri.ro\/#\/schema\/person\/b46b8f80d7d6e4b5ac9f14f0acbad0c4"},"breadcrumb":{"@id":"https:\/\/www.rri.ro\/es\/actualidad\/tema-del-dia\/reformas-en-el-sector-publico-id955330.html#breadcrumb"},"inLanguage":"es","potentialAction":[{"@type":"ReadAction","target":["https:\/\/www.rri.ro\/es\/actualidad\/tema-del-dia\/reformas-en-el-sector-publico-id955330.html"]}]},{"@type":"ImageObject","inLanguage":"es","@id":"https:\/\/www.rri.ro\/es\/actualidad\/tema-del-dia\/reformas-en-el-sector-publico-id955330.html#primaryimage","url":"https:\/\/www.rri.ro\/wp-content\/uploads\/2025\/11\/Oana-Gheorghiu-conferinta-pv-nov2025-gov-ro.jpg","contentUrl":"https:\/\/www.rri.ro\/wp-content\/uploads\/2025\/11\/Oana-Gheorghiu-conferinta-pv-nov2025-gov-ro.jpg","width":1280,"height":720,"caption":"\u0420\u0435\u0444\u043e\u0440\u043c\u0430 \u0443 \u0434\u0435\u0440\u0436\u0430\u0432\u043d\u043e\u043c\u0443 \u0441\u0435\u043a\u0442\u043e\u0440\u0456"},{"@type":"BreadcrumbList","@id":"https:\/\/www.rri.ro\/es\/actualidad\/tema-del-dia\/reformas-en-el-sector-publico-id955330.html#breadcrumb","itemListElement":[{"@type":"ListItem","position":1,"name":"P\u00e1gina de inicio","item":"https:\/\/www.rri.ro\/es"},{"@type":"ListItem","position":2,"name":"Actualidad","item":"https:\/\/www.rri.ro\/es\/actualidad"},{"@type":"ListItem","position":3,"name":"Tema del d\u00eda","item":"https:\/\/www.rri.ro\/es\/actualidad\/tema-del-dia"},{"@type":"ListItem","position":4,"name":"Reformas en el sector p\u00fablico"}]},{"@type":"WebSite","@id":"https:\/\/www.rri.ro\/#website","url":"https:\/\/www.rri.ro\/","name":"Radio Ruman\u00eda Internacional","description":"Totul despre Rom\u00e2nia \u015fi rom\u00e2ni, \u00een 13 limbi\/dialecte!","inLanguage":"es"},{"@type":"Person","@id":"https:\/\/www.rri.ro\/#\/schema\/person\/b46b8f80d7d6e4b5ac9f14f0acbad0c4","name":"Daniela Budu","url":"https:\/\/www.rri.ro\/es\/author\/daniela-budu"}]}},"_links":{"self":[{"href":"https:\/\/www.rri.ro\/es\/wp-json\/wp\/v2\/posts\/955330","targetHints":{"allow":["GET"]}}],"collection":[{"href":"https:\/\/www.rri.ro\/es\/wp-json\/wp\/v2\/posts"}],"about":[{"href":"https:\/\/www.rri.ro\/es\/wp-json\/wp\/v2\/types\/post"}],"author":[{"embeddable":true,"href":"https:\/\/www.rri.ro\/es\/wp-json\/wp\/v2\/users\/107"}],"replies":[{"embeddable":true,"href":"https:\/\/www.rri.ro\/es\/wp-json\/wp\/v2\/comments?post=955330"}],"version-history":[{"count":0,"href":"https:\/\/www.rri.ro\/es\/wp-json\/wp\/v2\/posts\/955330\/revisions"}],"wp:featuredmedia":[{"embeddable":true,"href":"https:\/\/www.rri.ro\/es\/wp-json\/wp\/v2\/media\/955328"}],"wp:attachment":[{"href":"https:\/\/www.rri.ro\/es\/wp-json\/wp\/v2\/media?parent=955330"}],"wp:term":[{"taxonomy":"category","embeddable":true,"href":"https:\/\/www.rri.ro\/es\/wp-json\/wp\/v2\/categories?post=955330"},{"taxonomy":"post_tag","embeddable":true,"href":"https:\/\/www.rri.ro\/es\/wp-json\/wp\/v2\/tags?post=955330"},{"taxonomy":"author","embeddable":true,"href":"https:\/\/www.rri.ro\/es\/wp-json\/wp\/v2\/coauthors?post=955330"}],"curies":[{"name":"wp","href":"https:\/\/api.w.org\/{rel}","templated":true}]}}