{"id":960428,"date":"2025-12-09T11:51:34","date_gmt":"2025-12-09T09:51:34","guid":{"rendered":"https:\/\/www.rri.ro\/?p=960428"},"modified":"2025-12-09T11:51:34","modified_gmt":"2025-12-09T09:51:34","slug":"como-pueden-regresar-los-medicos-rumanos-a-su-pais","status":"publish","type":"post","link":"https:\/\/www.rri.ro\/es\/actualidad\/tema-del-dia\/como-pueden-regresar-los-medicos-rumanos-a-su-pais-id960428.html","title":{"rendered":"\u00bfC\u00f3mo pueden regresar los m\u00e9dicos rumanos a su pa\u00eds?"},"content":{"rendered":"<p>El \u00e9xodo de m\u00e9dicos rumanos, que se ha manifestado con fuerza en las \u00faltimas dos d\u00e9cadas, con algunos picos, se ha debido principalmente a las condiciones econ\u00f3micas y profesionales del pa\u00eds, que se traducen en salarios bajos, hospitales mal equipados, burocracia y falta de perspectivas profesionales claras. Se estima que en el intervalo de 4-5 a\u00f1os inmediatamente posterior a la adhesi\u00f3n del pa\u00eds a la Uni\u00f3n Europea, en 2007, cuando la libertad de trabajo en Europa facilit\u00f3 las salidas, m\u00e1s de 10.000 m\u00e9dicos de Ruman\u00eda optaron por ejercer en el extranjero. A esto le sigui\u00f3 una intensificaci\u00f3n del fen\u00f3meno entre 2010 y 2016, cuando m\u00e1s de 14.500 m\u00e9dicos solicitaron los certificados profesionales necesarios para trabajar fuera del pa\u00eds, alcanzando su punto \u00e1lgido en 2011. Para Ruman\u00eda, esta situaci\u00f3n se tradujo en d\u00e9ficit de personal, secciones infradimensionadas, m\u00e9dicos sobrecargados y falta de acceso a especialistas en algunas zonas, especialmente en las rurales. Los pacientes acabaron recorriendo decenas o cientos de kil\u00f3metros para consultas sencillas u operaciones que deber\u00edan ser accesibles a nivel local. Por \u00faltimo, pero no menos importante, tambi\u00e9n hay que tener en cuenta los costes, ya que el Estado invierte sumas considerables en la formaci\u00f3n de un m\u00e9dico, mientras que los beneficios los obtienen otros pa\u00edses.<\/p>\n<p>Sin embargo, desde hace unos a\u00f1os, cada vez m\u00e1s m\u00e9dicos rumanos que se hab\u00edan ido al extranjero quieren volver a su pa\u00eds, motivados por el aumento de los salarios, la modernizaci\u00f3n de algunos hospitales y la creaci\u00f3n de centros m\u00e9dicos de alto rendimiento. No obstante, el regreso de los especialistas se ve dificultado por los tr\u00e1mites burocr\u00e1ticos, que en algunos casos han durado hasta un a\u00f1o. Por ello, el Ministerio de Sanidad est\u00e1 trabajando en una orden que simplifique los tr\u00e1mites necesarios para el regreso al pa\u00eds de los m\u00e9dicos que han trabajado en el extranjero y reduzca el tiempo necesario para el reconocimiento de los t\u00edtulos y las competencias profesionales.<\/p>\n<p>Alexandru Rogobete, ministro de Sanidad:<\/p>\n<p>\u00ab<em>Me parece inadmisible que en 2025 se tarde un a\u00f1o en que un grupo de bur\u00f3cratas del Ministerio de Sanidad, de la Universidad o incluso de la unidad sanitaria aprueben o confirmen la experiencia de un m\u00e9dico que ha trabajado durante 15 a\u00f1os en un hospital de Par\u00eds y ha realizado trombectom\u00edas y las intervenciones m\u00e1s complejas. Por lo tanto, el proyecto del que hablamos reduce la burocracia y facilita el traslado de personal m\u00e9dico del extranjero a Ruman\u00eda en menos de 30 d\u00edas<\/em>\u00bb.<\/p>\n<p>La reducci\u00f3n de la burocracia beneficia a los pacientes, y el proyecto se someter\u00e1 a un proceso de transparencia decisoria en un futuro pr\u00f3ximo, seg\u00fan ha precisado el ministro Alexandru Rogobete.<\/p>\n<p>&nbsp;<\/p>\n","protected":false},"excerpt":{"rendered":"<p>El \u00e9xodo de m\u00e9dicos rumanos, que se ha manifestado con fuerza en las \u00faltimas dos d\u00e9cadas, con algunos picos, se ha debido principalmente a las condiciones econ\u00f3micas y profesionales del pa\u00eds, que se traducen en salarios bajos, hospitales mal equipados, burocracia y falta de perspectivas profesionales claras. Se estima que en el intervalo de 4-5 [&hellip;]<\/p>\n","protected":false},"author":108,"featured_media":914162,"comment_status":"closed","ping_status":"closed","sticky":false,"template":"","format":"gallery","meta":{"_acf_changed":false,"footnotes":""},"categories":[49231],"tags":[179242,145797,159061,157386,145338,143575,159878,49176,144185,144446,153012,144530,161784,147024,181817,134238],"coauthors":[113249],"class_list":["post-960428","post","type-post","status-publish","format-gallery","has-post-thumbnail","hentry","category-tema-del-dia","tag-alexandru-rogobete-es","tag-beneficios","tag-burocracia","tag-exodo","tag-experiencia","tag-extranjero","tag-formacion","tag-hospitales","tag-medicos","tag-ministerio-de-sanidad","tag-pacientes","tag-proyecto","tag-regreso","tag-trabajo","tag-traslado","tag-ue-es","post_format-post-format-gallery"],"acf":[],"yoast_head":"<!-- This site is optimized with the Yoast SEO plugin v27.3 - https:\/\/yoast.com\/product\/yoast-seo-wordpress\/ -->\n<title>\u00bfC\u00f3mo pueden regresar los m\u00e9dicos rumanos a su pa\u00eds? - Radio Ruman\u00eda Internacional<\/title>\n<meta name=\"description\" content=\"Cada vez m\u00e1s m\u00e9dicos rumanos que se han ido al extranjero quieren volver a su pa\u00eds.\" \/>\n<meta name=\"robots\" content=\"index, follow, max-snippet:-1, max-image-preview:large, max-video-preview:-1\" \/>\n<link rel=\"canonical\" href=\"https:\/\/www.rri.ro\/es\/actualidad\/tema-del-dia\/como-pueden-regresar-los-medicos-rumanos-a-su-pais-id960428.html\" \/>\n<meta property=\"og:locale\" content=\"es_ES\" \/>\n<meta property=\"og:type\" content=\"article\" \/>\n<meta property=\"og:title\" content=\"\u00bfC\u00f3mo pueden regresar los m\u00e9dicos rumanos a su pa\u00eds? - Radio Ruman\u00eda Internacional\" \/>\n<meta property=\"og:description\" content=\"Cada vez m\u00e1s m\u00e9dicos rumanos que se han ido al extranjero quieren volver a su pa\u00eds.\" \/>\n<meta property=\"og:url\" content=\"https:\/\/www.rri.ro\/es\/actualidad\/tema-del-dia\/como-pueden-regresar-los-medicos-rumanos-a-su-pais-id960428.html\" \/>\n<meta property=\"og:site_name\" content=\"Radio Ruman\u00eda Internacional\" \/>\n<meta property=\"article:published_time\" content=\"2025-12-09T09:51:34+00:00\" \/>\n<meta property=\"og:image\" content=\"https:\/\/www.rri.ro\/wp-content\/uploads\/2025\/07\/Ministrul-sanatatii-Alexandru-Rogobete.jpg\" \/>\n\t<meta property=\"og:image:width\" content=\"960\" \/>\n\t<meta property=\"og:image:height\" content=\"540\" \/>\n\t<meta property=\"og:image:type\" content=\"image\/jpeg\" \/>\n<meta name=\"author\" content=\"Corina Cristea\" \/>\n<meta name=\"twitter:card\" content=\"summary_large_image\" \/>\n<meta name=\"twitter:label1\" content=\"Escrito por\" \/>\n\t<meta name=\"twitter:data1\" content=\"Corina Cristea\" \/>\n\t<meta name=\"twitter:label2\" content=\"Tiempo de lectura\" \/>\n\t<meta name=\"twitter:data2\" content=\"2 minutos\" \/>\n\t<meta name=\"twitter:label3\" content=\"Written by\" \/>\n\t<meta name=\"twitter:data3\" content=\"Corina Cristea\" \/>\n<script type=\"application\/ld+json\" class=\"yoast-schema-graph\">{\"@context\":\"https:\\\/\\\/schema.org\",\"@graph\":[{\"@type\":\"Article\",\"@id\":\"https:\\\/\\\/www.rri.ro\\\/es\\\/actualidad\\\/tema-del-dia\\\/como-pueden-regresar-los-medicos-rumanos-a-su-pais-id960428.html#article\",\"isPartOf\":{\"@id\":\"https:\\\/\\\/www.rri.ro\\\/es\\\/actualidad\\\/tema-del-dia\\\/como-pueden-regresar-los-medicos-rumanos-a-su-pais-id960428.html\"},\"author\":{\"name\":\"Corina Cristea\",\"@id\":\"https:\\\/\\\/www.rri.ro\\\/#\\\/schema\\\/person\\\/f9ab1cb3569dee1b2c033a814bb7f0fc\"},\"headline\":\"\u00bfC\u00f3mo pueden regresar los m\u00e9dicos rumanos a su pa\u00eds?\",\"datePublished\":\"2025-12-09T09:51:34+00:00\",\"mainEntityOfPage\":{\"@id\":\"https:\\\/\\\/www.rri.ro\\\/es\\\/actualidad\\\/tema-del-dia\\\/como-pueden-regresar-los-medicos-rumanos-a-su-pais-id960428.html\"},\"wordCount\":496,\"image\":{\"@id\":\"https:\\\/\\\/www.rri.ro\\\/es\\\/actualidad\\\/tema-del-dia\\\/como-pueden-regresar-los-medicos-rumanos-a-su-pais-id960428.html#primaryimage\"},\"thumbnailUrl\":\"https:\\\/\\\/www.rri.ro\\\/wp-content\\\/uploads\\\/2025\\\/07\\\/Ministrul-sanatatii-Alexandru-Rogobete.jpg\",\"keywords\":[\"Alexandru Rogobete\",\"beneficios\",\"burocracia\",\"\u00e9xodo\",\"experiencia\",\"extranjero\",\"formaci\u00f3n\",\"hospitales\",\"m\u00e9dicos\",\"Ministerio de Sanidad\",\"pacientes\",\"proyecto\",\"regreso\",\"trabajo\",\"traslado\",\"UE\"],\"articleSection\":[\"Tema del d\u00eda\"],\"inLanguage\":\"es\"},{\"@type\":\"WebPage\",\"@id\":\"https:\\\/\\\/www.rri.ro\\\/es\\\/actualidad\\\/tema-del-dia\\\/como-pueden-regresar-los-medicos-rumanos-a-su-pais-id960428.html\",\"url\":\"https:\\\/\\\/www.rri.ro\\\/es\\\/actualidad\\\/tema-del-dia\\\/como-pueden-regresar-los-medicos-rumanos-a-su-pais-id960428.html\",\"name\":\"\u00bfC\u00f3mo pueden regresar los m\u00e9dicos rumanos a su pa\u00eds? - Radio Ruman\u00eda Internacional\",\"isPartOf\":{\"@id\":\"https:\\\/\\\/www.rri.ro\\\/#website\"},\"primaryImageOfPage\":{\"@id\":\"https:\\\/\\\/www.rri.ro\\\/es\\\/actualidad\\\/tema-del-dia\\\/como-pueden-regresar-los-medicos-rumanos-a-su-pais-id960428.html#primaryimage\"},\"image\":{\"@id\":\"https:\\\/\\\/www.rri.ro\\\/es\\\/actualidad\\\/tema-del-dia\\\/como-pueden-regresar-los-medicos-rumanos-a-su-pais-id960428.html#primaryimage\"},\"thumbnailUrl\":\"https:\\\/\\\/www.rri.ro\\\/wp-content\\\/uploads\\\/2025\\\/07\\\/Ministrul-sanatatii-Alexandru-Rogobete.jpg\",\"datePublished\":\"2025-12-09T09:51:34+00:00\",\"author\":{\"@id\":\"https:\\\/\\\/www.rri.ro\\\/#\\\/schema\\\/person\\\/f9ab1cb3569dee1b2c033a814bb7f0fc\"},\"description\":\"Cada vez m\u00e1s m\u00e9dicos rumanos que se han ido al extranjero quieren volver a su pa\u00eds.\",\"breadcrumb\":{\"@id\":\"https:\\\/\\\/www.rri.ro\\\/es\\\/actualidad\\\/tema-del-dia\\\/como-pueden-regresar-los-medicos-rumanos-a-su-pais-id960428.html#breadcrumb\"},\"inLanguage\":\"es\",\"potentialAction\":[{\"@type\":\"ReadAction\",\"target\":[\"https:\\\/\\\/www.rri.ro\\\/es\\\/actualidad\\\/tema-del-dia\\\/como-pueden-regresar-los-medicos-rumanos-a-su-pais-id960428.html\"]}]},{\"@type\":\"ImageObject\",\"inLanguage\":\"es\",\"@id\":\"https:\\\/\\\/www.rri.ro\\\/es\\\/actualidad\\\/tema-del-dia\\\/como-pueden-regresar-los-medicos-rumanos-a-su-pais-id960428.html#primaryimage\",\"url\":\"https:\\\/\\\/www.rri.ro\\\/wp-content\\\/uploads\\\/2025\\\/07\\\/Ministrul-sanatatii-Alexandru-Rogobete.jpg\",\"contentUrl\":\"https:\\\/\\\/www.rri.ro\\\/wp-content\\\/uploads\\\/2025\\\/07\\\/Ministrul-sanatatii-Alexandru-Rogobete.jpg\",\"width\":960,\"height\":540,\"caption\":\"Ministrul s\u0103n\u0103t\u0103\u0163ii, Alexandru Rogobete\"},{\"@type\":\"BreadcrumbList\",\"@id\":\"https:\\\/\\\/www.rri.ro\\\/es\\\/actualidad\\\/tema-del-dia\\\/como-pueden-regresar-los-medicos-rumanos-a-su-pais-id960428.html#breadcrumb\",\"itemListElement\":[{\"@type\":\"ListItem\",\"position\":1,\"name\":\"P\u00e1gina de inicio\",\"item\":\"https:\\\/\\\/www.rri.ro\\\/es\"},{\"@type\":\"ListItem\",\"position\":2,\"name\":\"Actualidad\",\"item\":\"https:\\\/\\\/www.rri.ro\\\/es\\\/actualidad\"},{\"@type\":\"ListItem\",\"position\":3,\"name\":\"Tema del d\u00eda\",\"item\":\"https:\\\/\\\/www.rri.ro\\\/es\\\/actualidad\\\/tema-del-dia\"},{\"@type\":\"ListItem\",\"position\":4,\"name\":\"\u00bfC\u00f3mo pueden regresar los m\u00e9dicos rumanos a su pa\u00eds?\"}]},{\"@type\":\"WebSite\",\"@id\":\"https:\\\/\\\/www.rri.ro\\\/#website\",\"url\":\"https:\\\/\\\/www.rri.ro\\\/\",\"name\":\"Radio Ruman\u00eda Internacional\",\"description\":\"Totul despre Rom\u00e2nia \u015fi rom\u00e2ni, \u00een 13 limbi\\\/dialecte!\",\"inLanguage\":\"es\"},{\"@type\":\"Person\",\"@id\":\"https:\\\/\\\/www.rri.ro\\\/#\\\/schema\\\/person\\\/f9ab1cb3569dee1b2c033a814bb7f0fc\",\"name\":\"Corina Cristea\",\"url\":\"https:\\\/\\\/www.rri.ro\\\/es\\\/author\\\/corina-cristea\"}]}<\/script>\n<!-- \/ Yoast SEO plugin. -->","yoast_head_json":{"title":"\u00bfC\u00f3mo pueden regresar los m\u00e9dicos rumanos a su pa\u00eds? - Radio Ruman\u00eda Internacional","description":"Cada vez m\u00e1s m\u00e9dicos rumanos que se han ido al extranjero quieren volver a su pa\u00eds.","robots":{"index":"index","follow":"follow","max-snippet":"max-snippet:-1","max-image-preview":"max-image-preview:large","max-video-preview":"max-video-preview:-1"},"canonical":"https:\/\/www.rri.ro\/es\/actualidad\/tema-del-dia\/como-pueden-regresar-los-medicos-rumanos-a-su-pais-id960428.html","og_locale":"es_ES","og_type":"article","og_title":"\u00bfC\u00f3mo pueden regresar los m\u00e9dicos rumanos a su pa\u00eds? - Radio Ruman\u00eda Internacional","og_description":"Cada vez m\u00e1s m\u00e9dicos rumanos que se han ido al extranjero quieren volver a su pa\u00eds.","og_url":"https:\/\/www.rri.ro\/es\/actualidad\/tema-del-dia\/como-pueden-regresar-los-medicos-rumanos-a-su-pais-id960428.html","og_site_name":"Radio Ruman\u00eda Internacional","article_published_time":"2025-12-09T09:51:34+00:00","og_image":[{"width":960,"height":540,"url":"https:\/\/www.rri.ro\/wp-content\/uploads\/2025\/07\/Ministrul-sanatatii-Alexandru-Rogobete.jpg","type":"image\/jpeg"}],"author":"Corina Cristea","twitter_card":"summary_large_image","twitter_misc":{"Escrito por":"Corina Cristea","Tiempo de lectura":"2 minutos","Written by":"Corina Cristea"},"schema":{"@context":"https:\/\/schema.org","@graph":[{"@type":"Article","@id":"https:\/\/www.rri.ro\/es\/actualidad\/tema-del-dia\/como-pueden-regresar-los-medicos-rumanos-a-su-pais-id960428.html#article","isPartOf":{"@id":"https:\/\/www.rri.ro\/es\/actualidad\/tema-del-dia\/como-pueden-regresar-los-medicos-rumanos-a-su-pais-id960428.html"},"author":{"name":"Corina Cristea","@id":"https:\/\/www.rri.ro\/#\/schema\/person\/f9ab1cb3569dee1b2c033a814bb7f0fc"},"headline":"\u00bfC\u00f3mo pueden regresar los m\u00e9dicos rumanos a su pa\u00eds?","datePublished":"2025-12-09T09:51:34+00:00","mainEntityOfPage":{"@id":"https:\/\/www.rri.ro\/es\/actualidad\/tema-del-dia\/como-pueden-regresar-los-medicos-rumanos-a-su-pais-id960428.html"},"wordCount":496,"image":{"@id":"https:\/\/www.rri.ro\/es\/actualidad\/tema-del-dia\/como-pueden-regresar-los-medicos-rumanos-a-su-pais-id960428.html#primaryimage"},"thumbnailUrl":"https:\/\/www.rri.ro\/wp-content\/uploads\/2025\/07\/Ministrul-sanatatii-Alexandru-Rogobete.jpg","keywords":["Alexandru Rogobete","beneficios","burocracia","\u00e9xodo","experiencia","extranjero","formaci\u00f3n","hospitales","m\u00e9dicos","Ministerio de Sanidad","pacientes","proyecto","regreso","trabajo","traslado","UE"],"articleSection":["Tema del d\u00eda"],"inLanguage":"es"},{"@type":"WebPage","@id":"https:\/\/www.rri.ro\/es\/actualidad\/tema-del-dia\/como-pueden-regresar-los-medicos-rumanos-a-su-pais-id960428.html","url":"https:\/\/www.rri.ro\/es\/actualidad\/tema-del-dia\/como-pueden-regresar-los-medicos-rumanos-a-su-pais-id960428.html","name":"\u00bfC\u00f3mo pueden regresar los m\u00e9dicos rumanos a su pa\u00eds? - Radio Ruman\u00eda Internacional","isPartOf":{"@id":"https:\/\/www.rri.ro\/#website"},"primaryImageOfPage":{"@id":"https:\/\/www.rri.ro\/es\/actualidad\/tema-del-dia\/como-pueden-regresar-los-medicos-rumanos-a-su-pais-id960428.html#primaryimage"},"image":{"@id":"https:\/\/www.rri.ro\/es\/actualidad\/tema-del-dia\/como-pueden-regresar-los-medicos-rumanos-a-su-pais-id960428.html#primaryimage"},"thumbnailUrl":"https:\/\/www.rri.ro\/wp-content\/uploads\/2025\/07\/Ministrul-sanatatii-Alexandru-Rogobete.jpg","datePublished":"2025-12-09T09:51:34+00:00","author":{"@id":"https:\/\/www.rri.ro\/#\/schema\/person\/f9ab1cb3569dee1b2c033a814bb7f0fc"},"description":"Cada vez m\u00e1s m\u00e9dicos rumanos que se han ido al extranjero quieren volver a su pa\u00eds.","breadcrumb":{"@id":"https:\/\/www.rri.ro\/es\/actualidad\/tema-del-dia\/como-pueden-regresar-los-medicos-rumanos-a-su-pais-id960428.html#breadcrumb"},"inLanguage":"es","potentialAction":[{"@type":"ReadAction","target":["https:\/\/www.rri.ro\/es\/actualidad\/tema-del-dia\/como-pueden-regresar-los-medicos-rumanos-a-su-pais-id960428.html"]}]},{"@type":"ImageObject","inLanguage":"es","@id":"https:\/\/www.rri.ro\/es\/actualidad\/tema-del-dia\/como-pueden-regresar-los-medicos-rumanos-a-su-pais-id960428.html#primaryimage","url":"https:\/\/www.rri.ro\/wp-content\/uploads\/2025\/07\/Ministrul-sanatatii-Alexandru-Rogobete.jpg","contentUrl":"https:\/\/www.rri.ro\/wp-content\/uploads\/2025\/07\/Ministrul-sanatatii-Alexandru-Rogobete.jpg","width":960,"height":540,"caption":"Ministrul s\u0103n\u0103t\u0103\u0163ii, Alexandru Rogobete"},{"@type":"BreadcrumbList","@id":"https:\/\/www.rri.ro\/es\/actualidad\/tema-del-dia\/como-pueden-regresar-los-medicos-rumanos-a-su-pais-id960428.html#breadcrumb","itemListElement":[{"@type":"ListItem","position":1,"name":"P\u00e1gina de inicio","item":"https:\/\/www.rri.ro\/es"},{"@type":"ListItem","position":2,"name":"Actualidad","item":"https:\/\/www.rri.ro\/es\/actualidad"},{"@type":"ListItem","position":3,"name":"Tema del d\u00eda","item":"https:\/\/www.rri.ro\/es\/actualidad\/tema-del-dia"},{"@type":"ListItem","position":4,"name":"\u00bfC\u00f3mo pueden regresar los m\u00e9dicos rumanos a su pa\u00eds?"}]},{"@type":"WebSite","@id":"https:\/\/www.rri.ro\/#website","url":"https:\/\/www.rri.ro\/","name":"Radio Ruman\u00eda Internacional","description":"Totul despre Rom\u00e2nia \u015fi rom\u00e2ni, \u00een 13 limbi\/dialecte!","inLanguage":"es"},{"@type":"Person","@id":"https:\/\/www.rri.ro\/#\/schema\/person\/f9ab1cb3569dee1b2c033a814bb7f0fc","name":"Corina Cristea","url":"https:\/\/www.rri.ro\/es\/author\/corina-cristea"}]}},"_links":{"self":[{"href":"https:\/\/www.rri.ro\/es\/wp-json\/wp\/v2\/posts\/960428","targetHints":{"allow":["GET"]}}],"collection":[{"href":"https:\/\/www.rri.ro\/es\/wp-json\/wp\/v2\/posts"}],"about":[{"href":"https:\/\/www.rri.ro\/es\/wp-json\/wp\/v2\/types\/post"}],"author":[{"embeddable":true,"href":"https:\/\/www.rri.ro\/es\/wp-json\/wp\/v2\/users\/108"}],"replies":[{"embeddable":true,"href":"https:\/\/www.rri.ro\/es\/wp-json\/wp\/v2\/comments?post=960428"}],"version-history":[{"count":0,"href":"https:\/\/www.rri.ro\/es\/wp-json\/wp\/v2\/posts\/960428\/revisions"}],"wp:featuredmedia":[{"embeddable":true,"href":"https:\/\/www.rri.ro\/es\/wp-json\/wp\/v2\/media\/914162"}],"wp:attachment":[{"href":"https:\/\/www.rri.ro\/es\/wp-json\/wp\/v2\/media?parent=960428"}],"wp:term":[{"taxonomy":"category","embeddable":true,"href":"https:\/\/www.rri.ro\/es\/wp-json\/wp\/v2\/categories?post=960428"},{"taxonomy":"post_tag","embeddable":true,"href":"https:\/\/www.rri.ro\/es\/wp-json\/wp\/v2\/tags?post=960428"},{"taxonomy":"author","embeddable":true,"href":"https:\/\/www.rri.ro\/es\/wp-json\/wp\/v2\/coauthors?post=960428"}],"curies":[{"name":"wp","href":"https:\/\/api.w.org\/{rel}","templated":true}]}}