{"id":960439,"date":"2025-12-09T12:05:28","date_gmt":"2025-12-09T10:05:28","guid":{"rendered":"https:\/\/www.rri.ro\/?p=960439"},"modified":"2025-12-09T12:05:28","modified_gmt":"2025-12-09T10:05:28","slug":"guitarra-smart","status":"publish","type":"post","link":"https:\/\/www.rri.ro\/es\/cronica-semanal\/rumania-mi-casa\/guitarra-smart-id960439.html","title":{"rendered":"Guitarra Smart"},"content":{"rendered":"<p>Un a\u00f1o m\u00e1s tarde, el n\u00famero aument\u00f3 a 435 violines, y la producci\u00f3n sigui\u00f3 creciendo junto con la demanda de los nuevos instrumentos de cuerda, muy apreciados por la calidad y el tono que ofrece la madera de los C\u00e1rpatos. A finales de la d\u00e9cada de 1950, la f\u00e1brica comenz\u00f3 a producir guitarras, mandolinas y otros instrumentos tradicionales de diferentes pa\u00edses.<\/p>\n<p>Actualmente, la f\u00e1brica produce alrededor de 70.000 instrumentos musicales, de los cuales 8.000 son instrumentos de arco, como violines, violas, violonchelos y contrabajos, y 60.000 son instrumentos de cuerda pulsada, como guitarras cl\u00e1sicas y ac\u00fasticas, mandolinas, bouzoukis, ukeleles y otros. La gran ventaja es que cuenta con madera de resonancia de muy buena calidad, como abeto y arce de origen local, que se almacena durante 5-10 a\u00f1os para que envejezca de forma natural, adquiriendo as\u00ed unas cualidades ac\u00fasticas y una estabilidad superiores y duraderas.<\/p>\n<p>Las maderas ex\u00f3ticas como el \u00e9bano, el palisandro, el caoba, el cedro rojo y la madera brasile\u00f1a tambi\u00e9n se utilizan en la fabricaci\u00f3n de instrumentos. Y, adem\u00e1s de la producci\u00f3n en serie de instrumentos en la f\u00e1brica, esta tambi\u00e9n fabrica instrumentos profesionales de alta gama. Doru Alexandru Radu, cofundador del proyecto Nobl, en colaboraci\u00f3n con Hora, de Reghin, ha creado la primera guitarra SMART de Ruman\u00eda, sobre la que nos ha contado lo siguiente:<\/p>\n<p><em>\u00abEs la primera guitarra SMART fabricada en Ruman\u00eda, una guitarra electroac\u00fastica de muy buena calidad, en la que hemos incorporado dos altavoces y un procesador de efectos. La guitarra puede grabar y reproducir sonidos a trav\u00e9s de sus altavoces. B\u00e1sicamente, utilizamos la caja de resonancia de la guitarra como una caja ac\u00fastica y tenemos un altavoz port\u00e1til. Y ahora os lo voy a ense\u00f1ar\u00bb, nos dijo nuestro interlocutor y empez\u00f3 a tocar la guitarra con un ritmo improvisado, que luego repiti\u00f3 sola.<\/em><\/p>\n<p>En una feria de inteligencia artificial, Go-Tech, en Bucarest, Doru Alexandru Radu nos mostr\u00f3 lo que puede hacer esta guitarra:<\/p>\n<p><strong>\u00a0<\/strong><em>\u00abEsta es la primera capa, y lo que escuchas es el resultado: primero grab\u00e9 el ritmo y luego la armon\u00eda, y ahora puedo tocar estas notas, practicar las escalas, crear un solo&#8230; Eso es lo que hace la guitarra SMART. Una de las funciones de la guitarra SMART. Tambi\u00e9n tenemos efectos: chorus, delay, river, octiver, conectividad Bluetooth, podemos transmitir pistas de acompa\u00f1amiento desde el tel\u00e9fono a los altavoces de la guitarra y muchas otras funciones: metr\u00f3nomo, afinador, pedal&#8230; y as\u00ed sucesivamente\u00bb.<\/em><\/p>\n<p><em>\u00a0<\/em>\u00bfC\u00f3mo surgi\u00f3 la idea del proyecto? Doru Alexandru Radu:<\/p>\n<p><strong>\u00a0<\/strong><em>\u00abEn internet vi que era posible, que hab\u00eda inter\u00e9s en este \u00e1mbito, visit\u00e9 la f\u00e1brica Hora, en Reghin, vi lo que se puede hacer aqu\u00ed y comprend\u00ed mejor lo que significa esa f\u00e1brica. Tienen casi 70 a\u00f1os de experiencia en la fabricaci\u00f3n de instrumentos de cuerda y pens\u00e9 que val\u00eda la pena hacer algo juntos, ayudarnos mutuamente, crear un producto innovador\u00bb.<\/em><\/p>\n<p>Un proyecto joven, seg\u00fan nos ha contado Doru Alexandru Radu:<\/p>\n<p><em>\u00abApareci\u00f3 hace aproximadamente un a\u00f1o, lanzamos una edici\u00f3n limitada, probamos primero una edici\u00f3n muy peque\u00f1a de diez guitarras, despu\u00e9s sacamos una serie m\u00e1s grande de 50 y pronto sacaremos una serie a\u00fan mayor para vender en Europa y Estados Unidos. Tenemos clientes. El primer pedido vino de Nueva York, tenemos muchos clientes en Ruman\u00eda que creyeron en nosotros y a los que les encanta el producto. Pronto se sumar\u00e1n algunos artistas locales que tocar\u00e1n este instrumento como si fuera uno cotidiano, y la tecnolog\u00eda ser\u00e1 cada vez m\u00e1s popular\u00bb.<\/em><\/p>\n<p>La f\u00e1brica produce instrumentos profesionales de alta gama para filarm\u00f3nicas y solistas de renombre nacional e internacional, construidos en un taller especial dedicado a la luter\u00eda. Exporta el 80 % de su producci\u00f3n a todo el mundo, vendiendo sus productos tanto a grandes distribuidores internacionales como a peque\u00f1as tiendas locales. Y como detr\u00e1s de cualquier logro t\u00e9cnico hay personas apasionadas, cabe mencionar que el director general de la empresa, el ingeniero Nicolae B\u00e2zgan, trabaja en la f\u00e1brica desde 1965, tras graduarse en la Universidad de Bra\u015fov, con especializaci\u00f3n en M\u00e1quinas para el procesamiento de la madera. Al principio, trabaj\u00f3 como jefe de secci\u00f3n y, en 1990, pas\u00f3 a ser director general, lo que garantiz\u00f3 la consistencia y la alta calidad de la producci\u00f3n de las herramientas.<\/p>\n<p>&nbsp;<\/p>\n<p>Versi\u00f3n en espa\u00f1ol: Monica Tar\u0103u<\/p>\n<p>&nbsp;<\/p>\n","protected":false},"excerpt":{"rendered":"<p>Un a\u00f1o m\u00e1s tarde, el n\u00famero aument\u00f3 a 435 violines, y la producci\u00f3n sigui\u00f3 creciendo junto con la demanda de los nuevos instrumentos de cuerda, muy apreciados por la calidad y el tono que ofrece la madera de los C\u00e1rpatos. A finales de la d\u00e9cada de 1950, la f\u00e1brica comenz\u00f3 a producir guitarras, mandolinas y [&hellip;]<\/p>\n","protected":false},"author":126,"featured_media":951614,"comment_status":"closed","ping_status":"closed","sticky":false,"template":"","format":"standard","meta":{"_acf_changed":false,"footnotes":""},"categories":[112448],"tags":[144170,181819,181818,48949,152833],"coauthors":[113240],"class_list":["post-960439","post","type-post","status-publish","format-standard","has-post-thumbnail","hentry","category-rumania-mi-casa","tag-fabrica","tag-filarmonica-es","tag-instrumentos-musicales","tag-rumania","tag-violin-es"],"acf":[],"yoast_head":"<!-- This site is optimized with the Yoast SEO plugin v27.3 - https:\/\/yoast.com\/product\/yoast-seo-wordpress\/ -->\n<title>Guitarra Smart - Radio Ruman\u00eda Internacional<\/title>\n<meta name=\"description\" content=\"El origen de la f\u00e1brica Hora de Reghin se remonta al a\u00f1o 1951, cuando el maestro Roman Boianciuc fund\u00f3 un peque\u00f1o taller que produjo 37 violines elaborados con maestr\u00eda durante su primer a\u00f1o de funcionamiento.\" \/>\n<meta name=\"robots\" content=\"index, follow, max-snippet:-1, max-image-preview:large, max-video-preview:-1\" \/>\n<link rel=\"canonical\" href=\"https:\/\/www.rri.ro\/es\/cronica-semanal\/rumania-mi-casa\/guitarra-smart-id960439.html\" \/>\n<meta property=\"og:locale\" content=\"es_ES\" \/>\n<meta property=\"og:type\" content=\"article\" \/>\n<meta property=\"og:title\" content=\"Guitarra Smart - Radio Ruman\u00eda Internacional\" \/>\n<meta property=\"og:description\" content=\"El origen de la f\u00e1brica Hora de Reghin se remonta al a\u00f1o 1951, cuando el maestro Roman Boianciuc fund\u00f3 un peque\u00f1o taller que produjo 37 violines elaborados con maestr\u00eda durante su primer a\u00f1o de funcionamiento.\" \/>\n<meta property=\"og:url\" content=\"https:\/\/www.rri.ro\/es\/cronica-semanal\/rumania-mi-casa\/guitarra-smart-id960439.html\" \/>\n<meta property=\"og:site_name\" content=\"Radio Ruman\u00eda Internacional\" \/>\n<meta property=\"article:published_time\" content=\"2025-12-09T10:05:28+00:00\" \/>\n<meta property=\"og:image\" content=\"https:\/\/www.rri.ro\/wp-content\/uploads\/2025\/11\/chitara-smart-sursa-foto-Ana-Maria-Cononovici-RRI.jpg\" \/>\n\t<meta property=\"og:image:width\" content=\"1200\" \/>\n\t<meta property=\"og:image:height\" content=\"675\" \/>\n\t<meta property=\"og:image:type\" content=\"image\/jpeg\" \/>\n<meta name=\"author\" content=\"Ana-Maria Cononovici\" \/>\n<meta name=\"twitter:card\" content=\"summary_large_image\" \/>\n<meta name=\"twitter:label1\" content=\"Escrito por\" \/>\n\t<meta name=\"twitter:data1\" content=\"Ana-Maria Cononovici\" \/>\n\t<meta name=\"twitter:label2\" content=\"Tiempo de lectura\" \/>\n\t<meta name=\"twitter:data2\" content=\"4 minutos\" \/>\n\t<meta name=\"twitter:label3\" content=\"Written by\" \/>\n\t<meta name=\"twitter:data3\" content=\"Ana-Maria Cononovici\" \/>\n<script type=\"application\/ld+json\" class=\"yoast-schema-graph\">{\"@context\":\"https:\\\/\\\/schema.org\",\"@graph\":[{\"@type\":\"Article\",\"@id\":\"https:\\\/\\\/www.rri.ro\\\/es\\\/cronica-semanal\\\/rumania-mi-casa\\\/guitarra-smart-id960439.html#article\",\"isPartOf\":{\"@id\":\"https:\\\/\\\/www.rri.ro\\\/es\\\/cronica-semanal\\\/rumania-mi-casa\\\/guitarra-smart-id960439.html\"},\"author\":{\"name\":\"Ana-Maria Cononovici\",\"@id\":\"https:\\\/\\\/www.rri.ro\\\/#\\\/schema\\\/person\\\/70ee98042ca8b95ae29876ed4848670e\"},\"headline\":\"Guitarra Smart\",\"datePublished\":\"2025-12-09T10:05:28+00:00\",\"mainEntityOfPage\":{\"@id\":\"https:\\\/\\\/www.rri.ro\\\/es\\\/cronica-semanal\\\/rumania-mi-casa\\\/guitarra-smart-id960439.html\"},\"wordCount\":768,\"image\":{\"@id\":\"https:\\\/\\\/www.rri.ro\\\/es\\\/cronica-semanal\\\/rumania-mi-casa\\\/guitarra-smart-id960439.html#primaryimage\"},\"thumbnailUrl\":\"https:\\\/\\\/www.rri.ro\\\/wp-content\\\/uploads\\\/2025\\\/11\\\/chitara-smart-sursa-foto-Ana-Maria-Cononovici-RRI.jpg\",\"keywords\":[\"f\u00e1brica\",\"Filarmonica\",\"instrumentos musicales\",\"Rumania\",\"violin\"],\"articleSection\":[\"Ruman\u00eda, mi casa\"],\"inLanguage\":\"es\"},{\"@type\":\"WebPage\",\"@id\":\"https:\\\/\\\/www.rri.ro\\\/es\\\/cronica-semanal\\\/rumania-mi-casa\\\/guitarra-smart-id960439.html\",\"url\":\"https:\\\/\\\/www.rri.ro\\\/es\\\/cronica-semanal\\\/rumania-mi-casa\\\/guitarra-smart-id960439.html\",\"name\":\"Guitarra Smart - Radio Ruman\u00eda Internacional\",\"isPartOf\":{\"@id\":\"https:\\\/\\\/www.rri.ro\\\/#website\"},\"primaryImageOfPage\":{\"@id\":\"https:\\\/\\\/www.rri.ro\\\/es\\\/cronica-semanal\\\/rumania-mi-casa\\\/guitarra-smart-id960439.html#primaryimage\"},\"image\":{\"@id\":\"https:\\\/\\\/www.rri.ro\\\/es\\\/cronica-semanal\\\/rumania-mi-casa\\\/guitarra-smart-id960439.html#primaryimage\"},\"thumbnailUrl\":\"https:\\\/\\\/www.rri.ro\\\/wp-content\\\/uploads\\\/2025\\\/11\\\/chitara-smart-sursa-foto-Ana-Maria-Cononovici-RRI.jpg\",\"datePublished\":\"2025-12-09T10:05:28+00:00\",\"author\":{\"@id\":\"https:\\\/\\\/www.rri.ro\\\/#\\\/schema\\\/person\\\/70ee98042ca8b95ae29876ed4848670e\"},\"description\":\"El origen de la f\u00e1brica Hora de Reghin se remonta al a\u00f1o 1951, cuando el maestro Roman Boianciuc fund\u00f3 un peque\u00f1o taller que produjo 37 violines elaborados con maestr\u00eda durante su primer a\u00f1o de funcionamiento.\",\"breadcrumb\":{\"@id\":\"https:\\\/\\\/www.rri.ro\\\/es\\\/cronica-semanal\\\/rumania-mi-casa\\\/guitarra-smart-id960439.html#breadcrumb\"},\"inLanguage\":\"es\",\"potentialAction\":[{\"@type\":\"ReadAction\",\"target\":[\"https:\\\/\\\/www.rri.ro\\\/es\\\/cronica-semanal\\\/rumania-mi-casa\\\/guitarra-smart-id960439.html\"]}]},{\"@type\":\"ImageObject\",\"inLanguage\":\"es\",\"@id\":\"https:\\\/\\\/www.rri.ro\\\/es\\\/cronica-semanal\\\/rumania-mi-casa\\\/guitarra-smart-id960439.html#primaryimage\",\"url\":\"https:\\\/\\\/www.rri.ro\\\/wp-content\\\/uploads\\\/2025\\\/11\\\/chitara-smart-sursa-foto-Ana-Maria-Cononovici-RRI.jpg\",\"contentUrl\":\"https:\\\/\\\/www.rri.ro\\\/wp-content\\\/uploads\\\/2025\\\/11\\\/chitara-smart-sursa-foto-Ana-Maria-Cononovici-RRI.jpg\",\"width\":1200,\"height\":675,\"caption\":\"Guitarra smart\"},{\"@type\":\"BreadcrumbList\",\"@id\":\"https:\\\/\\\/www.rri.ro\\\/es\\\/cronica-semanal\\\/rumania-mi-casa\\\/guitarra-smart-id960439.html#breadcrumb\",\"itemListElement\":[{\"@type\":\"ListItem\",\"position\":1,\"name\":\"P\u00e1gina de inicio\",\"item\":\"https:\\\/\\\/www.rri.ro\\\/es\"},{\"@type\":\"ListItem\",\"position\":2,\"name\":\"Cr\u00f3nica semanal\",\"item\":\"https:\\\/\\\/www.rri.ro\\\/es\\\/cronica-semanal\"},{\"@type\":\"ListItem\",\"position\":3,\"name\":\"Ruman\u00eda, mi casa\",\"item\":\"https:\\\/\\\/www.rri.ro\\\/es\\\/cronica-semanal\\\/rumania-mi-casa\"},{\"@type\":\"ListItem\",\"position\":4,\"name\":\"Guitarra Smart\"}]},{\"@type\":\"WebSite\",\"@id\":\"https:\\\/\\\/www.rri.ro\\\/#website\",\"url\":\"https:\\\/\\\/www.rri.ro\\\/\",\"name\":\"Radio Ruman\u00eda Internacional\",\"description\":\"Totul despre Rom\u00e2nia \u015fi rom\u00e2ni, \u00een 13 limbi\\\/dialecte!\",\"inLanguage\":\"es\"},{\"@type\":\"Person\",\"@id\":\"https:\\\/\\\/www.rri.ro\\\/#\\\/schema\\\/person\\\/70ee98042ca8b95ae29876ed4848670e\",\"name\":\"Ana-Maria Cononovici\",\"url\":\"https:\\\/\\\/www.rri.ro\\\/es\\\/author\\\/ana-maria-cononovici\"}]}<\/script>\n<!-- \/ Yoast SEO plugin. -->","yoast_head_json":{"title":"Guitarra Smart - Radio Ruman\u00eda Internacional","description":"El origen de la f\u00e1brica Hora de Reghin se remonta al a\u00f1o 1951, cuando el maestro Roman Boianciuc fund\u00f3 un peque\u00f1o taller que produjo 37 violines elaborados con maestr\u00eda durante su primer a\u00f1o de funcionamiento.","robots":{"index":"index","follow":"follow","max-snippet":"max-snippet:-1","max-image-preview":"max-image-preview:large","max-video-preview":"max-video-preview:-1"},"canonical":"https:\/\/www.rri.ro\/es\/cronica-semanal\/rumania-mi-casa\/guitarra-smart-id960439.html","og_locale":"es_ES","og_type":"article","og_title":"Guitarra Smart - Radio Ruman\u00eda Internacional","og_description":"El origen de la f\u00e1brica Hora de Reghin se remonta al a\u00f1o 1951, cuando el maestro Roman Boianciuc fund\u00f3 un peque\u00f1o taller que produjo 37 violines elaborados con maestr\u00eda durante su primer a\u00f1o de funcionamiento.","og_url":"https:\/\/www.rri.ro\/es\/cronica-semanal\/rumania-mi-casa\/guitarra-smart-id960439.html","og_site_name":"Radio Ruman\u00eda Internacional","article_published_time":"2025-12-09T10:05:28+00:00","og_image":[{"width":1200,"height":675,"url":"https:\/\/www.rri.ro\/wp-content\/uploads\/2025\/11\/chitara-smart-sursa-foto-Ana-Maria-Cononovici-RRI.jpg","type":"image\/jpeg"}],"author":"Ana-Maria Cononovici","twitter_card":"summary_large_image","twitter_misc":{"Escrito por":"Ana-Maria Cononovici","Tiempo de lectura":"4 minutos","Written by":"Ana-Maria Cononovici"},"schema":{"@context":"https:\/\/schema.org","@graph":[{"@type":"Article","@id":"https:\/\/www.rri.ro\/es\/cronica-semanal\/rumania-mi-casa\/guitarra-smart-id960439.html#article","isPartOf":{"@id":"https:\/\/www.rri.ro\/es\/cronica-semanal\/rumania-mi-casa\/guitarra-smart-id960439.html"},"author":{"name":"Ana-Maria Cononovici","@id":"https:\/\/www.rri.ro\/#\/schema\/person\/70ee98042ca8b95ae29876ed4848670e"},"headline":"Guitarra Smart","datePublished":"2025-12-09T10:05:28+00:00","mainEntityOfPage":{"@id":"https:\/\/www.rri.ro\/es\/cronica-semanal\/rumania-mi-casa\/guitarra-smart-id960439.html"},"wordCount":768,"image":{"@id":"https:\/\/www.rri.ro\/es\/cronica-semanal\/rumania-mi-casa\/guitarra-smart-id960439.html#primaryimage"},"thumbnailUrl":"https:\/\/www.rri.ro\/wp-content\/uploads\/2025\/11\/chitara-smart-sursa-foto-Ana-Maria-Cononovici-RRI.jpg","keywords":["f\u00e1brica","Filarmonica","instrumentos musicales","Rumania","violin"],"articleSection":["Ruman\u00eda, mi casa"],"inLanguage":"es"},{"@type":"WebPage","@id":"https:\/\/www.rri.ro\/es\/cronica-semanal\/rumania-mi-casa\/guitarra-smart-id960439.html","url":"https:\/\/www.rri.ro\/es\/cronica-semanal\/rumania-mi-casa\/guitarra-smart-id960439.html","name":"Guitarra Smart - Radio Ruman\u00eda Internacional","isPartOf":{"@id":"https:\/\/www.rri.ro\/#website"},"primaryImageOfPage":{"@id":"https:\/\/www.rri.ro\/es\/cronica-semanal\/rumania-mi-casa\/guitarra-smart-id960439.html#primaryimage"},"image":{"@id":"https:\/\/www.rri.ro\/es\/cronica-semanal\/rumania-mi-casa\/guitarra-smart-id960439.html#primaryimage"},"thumbnailUrl":"https:\/\/www.rri.ro\/wp-content\/uploads\/2025\/11\/chitara-smart-sursa-foto-Ana-Maria-Cononovici-RRI.jpg","datePublished":"2025-12-09T10:05:28+00:00","author":{"@id":"https:\/\/www.rri.ro\/#\/schema\/person\/70ee98042ca8b95ae29876ed4848670e"},"description":"El origen de la f\u00e1brica Hora de Reghin se remonta al a\u00f1o 1951, cuando el maestro Roman Boianciuc fund\u00f3 un peque\u00f1o taller que produjo 37 violines elaborados con maestr\u00eda durante su primer a\u00f1o de funcionamiento.","breadcrumb":{"@id":"https:\/\/www.rri.ro\/es\/cronica-semanal\/rumania-mi-casa\/guitarra-smart-id960439.html#breadcrumb"},"inLanguage":"es","potentialAction":[{"@type":"ReadAction","target":["https:\/\/www.rri.ro\/es\/cronica-semanal\/rumania-mi-casa\/guitarra-smart-id960439.html"]}]},{"@type":"ImageObject","inLanguage":"es","@id":"https:\/\/www.rri.ro\/es\/cronica-semanal\/rumania-mi-casa\/guitarra-smart-id960439.html#primaryimage","url":"https:\/\/www.rri.ro\/wp-content\/uploads\/2025\/11\/chitara-smart-sursa-foto-Ana-Maria-Cononovici-RRI.jpg","contentUrl":"https:\/\/www.rri.ro\/wp-content\/uploads\/2025\/11\/chitara-smart-sursa-foto-Ana-Maria-Cononovici-RRI.jpg","width":1200,"height":675,"caption":"Guitarra smart"},{"@type":"BreadcrumbList","@id":"https:\/\/www.rri.ro\/es\/cronica-semanal\/rumania-mi-casa\/guitarra-smart-id960439.html#breadcrumb","itemListElement":[{"@type":"ListItem","position":1,"name":"P\u00e1gina de inicio","item":"https:\/\/www.rri.ro\/es"},{"@type":"ListItem","position":2,"name":"Cr\u00f3nica semanal","item":"https:\/\/www.rri.ro\/es\/cronica-semanal"},{"@type":"ListItem","position":3,"name":"Ruman\u00eda, mi casa","item":"https:\/\/www.rri.ro\/es\/cronica-semanal\/rumania-mi-casa"},{"@type":"ListItem","position":4,"name":"Guitarra Smart"}]},{"@type":"WebSite","@id":"https:\/\/www.rri.ro\/#website","url":"https:\/\/www.rri.ro\/","name":"Radio Ruman\u00eda Internacional","description":"Totul despre Rom\u00e2nia \u015fi rom\u00e2ni, \u00een 13 limbi\/dialecte!","inLanguage":"es"},{"@type":"Person","@id":"https:\/\/www.rri.ro\/#\/schema\/person\/70ee98042ca8b95ae29876ed4848670e","name":"Ana-Maria Cononovici","url":"https:\/\/www.rri.ro\/es\/author\/ana-maria-cononovici"}]}},"_links":{"self":[{"href":"https:\/\/www.rri.ro\/es\/wp-json\/wp\/v2\/posts\/960439","targetHints":{"allow":["GET"]}}],"collection":[{"href":"https:\/\/www.rri.ro\/es\/wp-json\/wp\/v2\/posts"}],"about":[{"href":"https:\/\/www.rri.ro\/es\/wp-json\/wp\/v2\/types\/post"}],"author":[{"embeddable":true,"href":"https:\/\/www.rri.ro\/es\/wp-json\/wp\/v2\/users\/126"}],"replies":[{"embeddable":true,"href":"https:\/\/www.rri.ro\/es\/wp-json\/wp\/v2\/comments?post=960439"}],"version-history":[{"count":0,"href":"https:\/\/www.rri.ro\/es\/wp-json\/wp\/v2\/posts\/960439\/revisions"}],"wp:featuredmedia":[{"embeddable":true,"href":"https:\/\/www.rri.ro\/es\/wp-json\/wp\/v2\/media\/951614"}],"wp:attachment":[{"href":"https:\/\/www.rri.ro\/es\/wp-json\/wp\/v2\/media?parent=960439"}],"wp:term":[{"taxonomy":"category","embeddable":true,"href":"https:\/\/www.rri.ro\/es\/wp-json\/wp\/v2\/categories?post=960439"},{"taxonomy":"post_tag","embeddable":true,"href":"https:\/\/www.rri.ro\/es\/wp-json\/wp\/v2\/tags?post=960439"},{"taxonomy":"author","embeddable":true,"href":"https:\/\/www.rri.ro\/es\/wp-json\/wp\/v2\/coauthors?post=960439"}],"curies":[{"name":"wp","href":"https:\/\/api.w.org\/{rel}","templated":true}]}}