{"id":960450,"date":"2025-12-09T12:30:06","date_gmt":"2025-12-09T10:30:06","guid":{"rendered":"https:\/\/www.rri.ro\/?p=960450"},"modified":"2025-12-09T12:38:19","modified_gmt":"2025-12-09T10:38:19","slug":"desde-rumania-hacia-el-mundo-fiestas-de-invierno-en-rumania-ferias-de-navidad","status":"publish","type":"post","link":"https:\/\/www.rri.ro\/es\/panorama-rumano\/de-todo-un-poco\/desde-rumania-hacia-el-mundo-fiestas-de-invierno-en-rumania-ferias-de-navidad-id960450.html","title":{"rendered":"Desde Ruman\u00eda hacia el mundo: Fiestas de invierno en Ruman\u00eda &#8211; Ferias de Navidad"},"content":{"rendered":"<p>A partir de finales de noviembre de 2025, las principales ciudades de Ruman\u00eda inauguran oficialmente la temporada de vacaciones de invierno.<br \/>\nDiciembre en Ruman\u00eda trae consigo festividades llenas de tradiciones centradas en la Natividad del Se\u00f1or, con costumbres como cantar villancicos, ir a la iglesia y decorar el \u00e1rbol de Navidad. El ambiente se anima con las Ferias Navide\u00f1as en las grandes ciudades (Sibiu, Bra\u0219ov, Craiova, Bucarest, Oradea), que ofrecen productos locales, dulces, adornos y pistas de hielo, entre noviembre de 2025 y enero de 2026.<br \/>\nEn Diciembre, celebramos a San Nicol\u00e1s (6 de diciembre): El santo es portador de regalos para los ni\u00f1os, una tradici\u00f3n marcada por las botas preparadas para la fiesta.<br \/>\nSan Ignacio (20 de diciembre): La matanza del cerdo, un momento esencial para la cena navide\u00f1a.<br \/>\nNavidad (25-26 de diciembre): Se celebra la Natividad del Se\u00f1or, con participaci\u00f3n en servicios religiosos, seguida de una comida tradicional con platos espec\u00edficos (sarmale, cozonac, asado de cerdo, etc.). D\u00eda de San Esteban (27 de diciembre): D\u00eda de descanso, generalmente.<br \/>\nA\u00f1o Nuevo (31 de diciembre &#8211; 1 de enero): Nochevieja marcada por fiestas, antiguas costumbres y esperanzas para el nuevo a\u00f1o.<br \/>\nLos mercadillos navide\u00f1os se han convertido en uno de los eventos m\u00e1s esperados de la temporada de fr\u00edo. Con la llegada del invierno, cada vez m\u00e1s ciudades de Ruman\u00eda se transforman en lugares de ensue\u00f1o, donde el ambiente festivo cobra vida gracias a espectaculares instalaciones de iluminaci\u00f3n, conciertos y actividades interactivas para todas las edades. Los mercados navide\u00f1os re\u00fanen a artesanos y productores locales, ofreciendo a los visitantes productos y experiencias aut\u00e9nticas que devuelven la magia de las fiestas al coraz\u00f3n de la comunidad.<br \/>\nLa tem\u00e1tica principal de las ferias de 2025 es la m\u00fasica, por lo que se organizan conciertos, eventos art\u00edsticos y programas especiales dedicados a las vacaciones de invierno en casi todas las ferias de Navidad. La mayor\u00eda de los eventos son gratuitos, y los organizadores prometen una experiencia completa para familias, turistas y residentes de la capital.<\/p>\n<p>&nbsp;<br \/>\n<iframe loading=\"lazy\" width=\"100%\" height=\"300\" scrolling=\"no\" frameborder=\"no\" allow=\"autoplay\" src=\"https:\/\/w.soundcloud.com\/player\/?url=https%3A\/\/api.soundcloud.com\/tracks\/soundcloud%253Atracks%253A2226599420&#038;color=%23ff5500&#038;auto_play=false&#038;hide_related=false&#038;show_comments=true&#038;show_user=true&#038;show_reposts=false&#038;show_teaser=true&#038;visual=true\"><\/iframe><\/p>\n<div style=\"font-size: 10px; color: #cccccc;line-break: anywhere;word-break: normal;overflow: hidden;white-space: nowrap;text-overflow: ellipsis; font-family: Interstate,Lucida Grande,Lucida Sans Unicode,Lucida Sans,Garuda,Verdana,Tahoma,sans-serif;font-weight: 100;\"><a href=\"https:\/\/soundcloud.com\/radioromaniainternational\" title=\"RadioRomaniaInternational\" target=\"_blank\" style=\"color: #cccccc; text-decoration: none;\">RadioRomaniaInternational<\/a> \u00b7 <a href=\"https:\/\/soundcloud.com\/radioromaniainternational\/din-ro-in-lume-09-12-2025\" title=\"Din Ro in Lume - 09.12.2025\" target=\"_blank\" style=\"color: #cccccc; text-decoration: none;\">Din Ro in Lume &#8211; 09.12.2025<\/a><\/div>\n<p>&nbsp;<br \/>\nMercado Navide\u00f1o de Bucarest \u2013 Plaza de la Constituci\u00f3n<br \/>\nLa feria m\u00e1s grande de la capital, ubicada en la Plaza de la Constituci\u00f3n, ofrece m\u00e1s de 120 puestos con productos tradicionales, un \u00e1rbol ecol\u00f3gico de 30 metros (el m\u00e1s grande de su tipo en Ruman\u00eda) y dos zonas musicales tem\u00e1ticas: una tradicional y otra urbana.<br \/>\nLos visitantes pueden disfrutar de la noria, la Casa de Pap\u00e1 Noel y numerosas instalaciones de iluminaci\u00f3n.<br \/>\nMercado Navide\u00f1o del Centro \u2013 Plaza de la Universidad<br \/>\nEl Mercado Navide\u00f1o del Centro presenta un concepto moderno y urbano, donde la decoraci\u00f3n se combina con m\u00fasica de DJ y una zona de gastronom\u00eda internacional con numerosos food trucks. Durante un mes, el centro de la ciudad se convierte en un lugar alternativo de encuentro y ocio.<br \/>\nMercado Navide\u00f1o de la \u00d3pera \u2013 Explanada de la \u00d3pera Nacional<br \/>\nInspirado en los mercados franceses, el Mercado de la \u00d3pera ofrece un ambiente elegante: conciertos en vivo, recitales de m\u00fasica cl\u00e1sica, talleres infantiles y selectas delicias gastron\u00f3micas. Un \u00e1rbol de Navidad decorado con motivos tem\u00e1ticos completar\u00e1 el ambiente festivo.<br \/>\nMercado Navide\u00f1o del West Side \u2013 Parque Drumul Taberei<br \/>\nUno de los mercados m\u00e1s visitados de los \u00faltimos a\u00f1os, el West Side regresa con una noria de 33 metros, un carrusel, la Casa de Pap\u00e1 Noel y una pista de hielo de 750 m\u00b2. El parque alberga m\u00e1s de 60 casetas, y los escenarios acogen conciertos de artistas de renombre.<br \/>\nEl mercado estar\u00e1 abierto del 28 de noviembre al 27 de diciembre.<br \/>\nNavidad en el Norte \u2013 Romexpo<br \/>\nEn Romexpo, los visitantes podr\u00e1n descubrir una gran feria cubierta, con pista de hielo cubierta, noria, talleres infantiles y espect\u00e1culos festivos.<br \/>\nFeria de Navidad de Craiova La Feria de Navidad de Craiova abri\u00f3 oficialmente sus puertas el viernes 14 de noviembre de 2025 y podr\u00e1 visitarse hasta el 4 de enero de 2026. La Feria de Navidad de Craiova es considerada la m\u00e1s bella de Europa. Gan\u00f3 el concurso \u00abMejores Destinos Europeos 2026\u00bb y obtuvo un n\u00famero r\u00e9cord de votos. Es reconocida por su ambiente m\u00e1gico, su impresionante decoraci\u00f3n, su pista de hielo y sus conciertos, atrayendo a numerosos visitantes cada a\u00f1o y siendo uno de los eventos invernales m\u00e1s grandes y apreciados de Ruman\u00eda.<br \/>\n\u00bfPor qu\u00e9 se considera la m\u00e1s bella?<br \/>\nElegida como la mejor: Fue designada la mejor feria de Navidad de Europa en 2025\/2026, en un concurso en l\u00ednea en el que votaron m\u00e1s de 140.000 personas.<br \/>\nLa edici\u00f3n de este a\u00f1o, inspirada en el famoso cuento \u00abEl Cascanueces\u00bb, transforma el centro de la ciudad en un verdadero cuento de hadas, animado por luces espectaculares, decoraciones elaboradas y casas con productos tradicionales. Los visitantes podr\u00e1n disfrutar de conciertos festivos, actuaciones art\u00edsticas y actividades para todas las edades.<br \/>\nFeria de Navidad de Sibiu La Feria de Navidad de Sibiu abri\u00f3 sus puertas el viernes 14 de noviembre y podr\u00e1 visitarse hasta el 4 de enero de 2026. La edici\u00f3n de este a\u00f1o se centra en la autenticidad y la tradici\u00f3n, transformando la Plaza Mayor en un verdadero escenario invernal mediante proyecciones de video e instalaciones tem\u00e1ticas. Entre las principales atracciones se encuentran  la pista de hielo de 600 metros cuadrados, con capacidad para 300 personas, que ofrece a los visitantes una experiencia festiva completa.<br \/>\nMercado de Navidad de Oradea El Mercado de Navidad de Oradea tendr\u00e1 lugar del 28 de noviembre al 26 de diciembre de 2025 en dos puntos centrales de la ciudad: la Plaza Unirii y la Plaza Ferdinand. Las \u00e1reas estar\u00e1n decoradas con miles de luces y figuras tem\u00e1ticas, y el \u00e1rbol de Navidad de 18 metros se convertir\u00e1 en la atracci\u00f3n principal. Los visitantes tendr\u00e1n acceso a una pista de hielo, casas con productos tradicionales y delicias culinarias, mientras que el escenario de la Plaza Unirii albergar\u00e1 conciertos y eventos en vivo, completando el ambiente festivo en la ciudad.<br \/>\nFeria de Navidad de Bra\u0219ov &#8211; La Feria de Navidad de Bra\u0219ov abri\u00f3 sus puertas el domingo 30 de noviembre y traer\u00e1 el ambiente navide\u00f1o al centro de la ciudad hasta el 11 de enero de 2026. La edici\u00f3n de este a\u00f1o se organiza en tres lugares emblem\u00e1ticos, cada uno decorado con luces, instalaciones festivas y atracciones dedicadas a visitantes de todas las edades. Feria de Navidad de Cluj-Napoca. A partir del viernes 21 de noviembre, la Plaza Unirii de Cluj-Napoca se convierte en un para\u00edso con la inauguraci\u00f3n de la feria de Navidad, que permanecer\u00e1 abierta hasta el 1 de enero de 2026. El evento estar\u00e1 marcado por el encendido de las luces en el centro de la ciudad, que simboliza el inicio de las fiestas. Por primera vez, el Parque de la \u00d3pera, en la zona de \u015etefan cel Mare, acoger\u00e1 la \u00abFeria de la \u00d3pera de Navidad\u00bb, una feria tem\u00e1tica dedicada a las fiestas de invierno.<br \/>\nFeria de Navidad de Timi\u0219oara Entre el 30 de noviembre de 2025 y el 7 de enero de 2026, el centro de Timi\u0219oara se transforma en un aut\u00e9ntico espacio festivo, con actividades en la Plaza Libert\u0103\u021bii, la Plaza Unirii, la Plaza Victoriei y la Plaza Sf\u00e2ntul Gheorghe. Los visitantes podr\u00e1n pasear entre los puestos con productos de temporada, tener la oportunidad de subir al tren de Pap\u00e1 Noel, patinar y admirar la ciudad desde arriba, desde la noria panor\u00e1mica. La novedad de esta edici\u00f3n es el \u00e1rbol carrusel en la Plaza Libert\u0103\u021bii: un \u00e1rbol mec\u00e1nico giratorio, equipado con g\u00f3ndolas, que funciona como un carrusel interactivo para los visitantes.<br \/>\nFeria de Navidad en Constanza Entre el 27 de noviembre y el 27 de diciembre de 2025, Constanza se convierte en un espacio festivo, con dos ubicaciones principales decoradas: la Plaza Ovidiu y el Parque Poarta 6. Los visitantes podr\u00e1n descubrir casas con productos tradicionales y delicias culinarias de temporada, decoraciones y regalos, mientras que los ni\u00f1os podr\u00e1n disfrutar de talleres interactivos y encuentros con Pap\u00e1 Noel.<br \/>\nEl canto de villancicos es una antigua tradici\u00f3n rumana, especialmente en Navidad, cuando grupos de ni\u00f1os y j\u00f3venes van de casa en casa cantando villancicos: canciones religiosas y profanas con buenos deseos, anunciando el Nacimiento del Se\u00f1or y trayendo alegr\u00eda y prosperidad, en un ritual que une a la comunidad.<\/p>\n","protected":false},"excerpt":{"rendered":"<p>A partir de finales de noviembre de 2025, las principales ciudades de Ruman\u00eda inauguran oficialmente la temporada de vacaciones de invierno. Diciembre en Ruman\u00eda trae consigo festividades llenas de tradiciones centradas en la Natividad del Se\u00f1or, con costumbres como cantar villancicos, ir a la iglesia y decorar el \u00e1rbol de Navidad. El ambiente se anima [&hellip;]<\/p>\n","protected":false},"author":38,"featured_media":957957,"comment_status":"closed","ping_status":"closed","sticky":false,"template":"","format":"standard","meta":{"_acf_changed":false,"footnotes":""},"categories":[112227],"tags":[181831,181825,181830,134252,181823,181835,157157,134628,181838,144273,181839,159420,181834,147166,181828,112369,156926,154757,181836,181842,181824,181843,181826,159953,181840,49286,181837,49352,147302,181827,181829,143967,144336,159121,176243,181833,132290,49360,181841,181832],"coauthors":[132172],"class_list":["post-960450","post","type-post","status-publish","format-standard","has-post-thumbnail","hentry","category-de-todo-un-poco","tag-30-metros-el-mas-grande-de-su-tipo-en-rumania","tag-ambiente-festivo","tag-arbol-ecologico","tag-brasov-es","tag-bucarest-west-side","tag-casa-de-papa-noel","tag-centro-de-la-ciudad","tag-cluj-es","tag-concepto-moderno-y-urbano","tag-craiova-es","tag-decoracion","tag-diciembre","tag-disfrutar","tag-encuentro","tag-feria-mas-grande-de-la-capital","tag-ferias","tag-fiestas","tag-food-trucks","tag-instalaciones-de-iluminacion","tag-lugar-alternativo","tag-mecadillos","tag-mejores-destinos-europeos","tag-mercado-navideno-de-bucarest","tag-mos-craciun-es","tag-musica-de-dj","tag-navidad","tag-navideno-plaza-de-la-universidad","tag-ninos","tag-ocio","tag-plaza-de-la-constitucion","tag-productos-tradicionales","tag-sibiu-es","tag-timisoara-es","tag-tradicional","tag-ubicada","tag-urbana","tag-villancicos","tag-visitantes","tag-zona-de-gastronomia-internacional","tag-zonas-musicales-tematicas"],"acf":[],"yoast_head":"<!-- This site is optimized with the Yoast SEO plugin v27.3 - https:\/\/yoast.com\/product\/yoast-seo-wordpress\/ -->\n<title>Desde Ruman\u00eda hacia el mundo: Fiestas de invierno en Ruman\u00eda - Ferias de Navidad - Radio Ruman\u00eda Internacional<\/title>\n<meta name=\"robots\" content=\"index, follow, max-snippet:-1, max-image-preview:large, max-video-preview:-1\" \/>\n<link rel=\"canonical\" href=\"https:\/\/www.rri.ro\/es\/panorama-rumano\/de-todo-un-poco\/desde-rumania-hacia-el-mundo-fiestas-de-invierno-en-rumania-ferias-de-navidad-id960450.html\" \/>\n<meta property=\"og:locale\" content=\"es_ES\" \/>\n<meta property=\"og:type\" content=\"article\" \/>\n<meta property=\"og:title\" content=\"Desde Ruman\u00eda hacia el mundo: Fiestas de invierno en Ruman\u00eda - Ferias de Navidad - Radio Ruman\u00eda Internacional\" \/>\n<meta property=\"og:description\" content=\"A partir de finales de noviembre de 2025, las principales ciudades de Ruman\u00eda inauguran oficialmente la temporada de vacaciones de invierno. Diciembre en Ruman\u00eda trae consigo festividades llenas de tradiciones centradas en la Natividad del Se\u00f1or, con costumbres como cantar villancicos, ir a la iglesia y decorar el \u00e1rbol de Navidad. El ambiente se anima [&hellip;]\" \/>\n<meta property=\"og:url\" content=\"https:\/\/www.rri.ro\/es\/panorama-rumano\/de-todo-un-poco\/desde-rumania-hacia-el-mundo-fiestas-de-invierno-en-rumania-ferias-de-navidad-id960450.html\" \/>\n<meta property=\"og:site_name\" content=\"Radio Ruman\u00eda Internacional\" \/>\n<meta property=\"article:published_time\" content=\"2025-12-09T10:30:06+00:00\" \/>\n<meta property=\"article:modified_time\" content=\"2025-12-09T10:38:19+00:00\" \/>\n<meta property=\"og:image\" content=\"https:\/\/www.rri.ro\/wp-content\/uploads\/2025\/12\/targul-de-craciun-craiova-2025-foto-fb_16x9.jpg\" \/>\n\t<meta property=\"og:image:width\" content=\"1200\" \/>\n\t<meta property=\"og:image:height\" content=\"675\" \/>\n\t<meta property=\"og:image:type\" content=\"image\/jpeg\" \/>\n<meta name=\"author\" content=\"Simona Sarbescu\" \/>\n<meta name=\"twitter:card\" content=\"summary_large_image\" \/>\n<meta name=\"twitter:label1\" content=\"Escrito por\" \/>\n\t<meta name=\"twitter:data1\" content=\"Simona Sarbescu\" \/>\n\t<meta name=\"twitter:label2\" content=\"Tiempo de lectura\" \/>\n\t<meta name=\"twitter:data2\" content=\"7 minutos\" \/>\n\t<meta name=\"twitter:label3\" content=\"Written by\" \/>\n\t<meta name=\"twitter:data3\" content=\"Simona Sarbescu\" \/>\n<script type=\"application\/ld+json\" class=\"yoast-schema-graph\">{\"@context\":\"https:\\\/\\\/schema.org\",\"@graph\":[{\"@type\":\"Article\",\"@id\":\"https:\\\/\\\/www.rri.ro\\\/es\\\/panorama-rumano\\\/de-todo-un-poco\\\/desde-rumania-hacia-el-mundo-fiestas-de-invierno-en-rumania-ferias-de-navidad-id960450.html#article\",\"isPartOf\":{\"@id\":\"https:\\\/\\\/www.rri.ro\\\/es\\\/panorama-rumano\\\/de-todo-un-poco\\\/desde-rumania-hacia-el-mundo-fiestas-de-invierno-en-rumania-ferias-de-navidad-id960450.html\"},\"author\":{\"name\":\"Simona Sarbescu\",\"@id\":\"https:\\\/\\\/www.rri.ro\\\/#\\\/schema\\\/person\\\/1e5b68c542aa18216bc645b5072f1273\"},\"headline\":\"Desde Ruman\u00eda hacia el mundo: Fiestas de invierno en Ruman\u00eda &#8211; Ferias de Navidad\",\"datePublished\":\"2025-12-09T10:30:06+00:00\",\"dateModified\":\"2025-12-09T10:38:19+00:00\",\"mainEntityOfPage\":{\"@id\":\"https:\\\/\\\/www.rri.ro\\\/es\\\/panorama-rumano\\\/de-todo-un-poco\\\/desde-rumania-hacia-el-mundo-fiestas-de-invierno-en-rumania-ferias-de-navidad-id960450.html\"},\"wordCount\":1439,\"image\":{\"@id\":\"https:\\\/\\\/www.rri.ro\\\/es\\\/panorama-rumano\\\/de-todo-un-poco\\\/desde-rumania-hacia-el-mundo-fiestas-de-invierno-en-rumania-ferias-de-navidad-id960450.html#primaryimage\"},\"thumbnailUrl\":\"https:\\\/\\\/www.rri.ro\\\/wp-content\\\/uploads\\\/2025\\\/12\\\/targul-de-craciun-craiova-2025-foto-fb_16x9.jpg\",\"keywords\":[\"30 metros (el m\u00e1s grande de su tipo en Ruman\u00eda\",\"ambiente festivo\",\"\u00e1rbol ecol\u00f3gico\",\"Brasov\",\"Bucarest West Side\",\"Casa de Pap\u00e1 Noel\",\"centro de la ciudad\",\"cluj\",\"concepto moderno y urbano\",\"Craiova\",\"decoraci\u00f3n\",\"diciembre\",\"disfrutar\",\"encuentro\",\"feria m\u00e1s grande de la capital\",\"ferias\",\"fiestas\",\"food trucks\",\"instalaciones de iluminaci\u00f3n\",\"lugar alternativo\",\"mecadillos\",\"Mejores destinos Europeos\",\"mercado Navide\u00f1o de Bucarest\",\"Mos Craciun\",\"m\u00fasica de DJ\",\"Navidad\",\"Navide\u00f1o Plaza de la Universidad\",\"ni\u00f1os\",\"ocio\",\"Plaza de la Constituci\u00f3n\",\"productos tradicionales\",\"Sibiu\",\"Timisoara\",\"tradicional\",\"ubicada\",\"urbana\",\"villancicos\",\"visitantes\",\"zona de gastronom\u00eda internacional\",\"zonas musicales tem\u00e1ticas\"],\"articleSection\":[\"De todo un poco\"],\"inLanguage\":\"es\"},{\"@type\":\"WebPage\",\"@id\":\"https:\\\/\\\/www.rri.ro\\\/es\\\/panorama-rumano\\\/de-todo-un-poco\\\/desde-rumania-hacia-el-mundo-fiestas-de-invierno-en-rumania-ferias-de-navidad-id960450.html\",\"url\":\"https:\\\/\\\/www.rri.ro\\\/es\\\/panorama-rumano\\\/de-todo-un-poco\\\/desde-rumania-hacia-el-mundo-fiestas-de-invierno-en-rumania-ferias-de-navidad-id960450.html\",\"name\":\"Desde Ruman\u00eda hacia el mundo: Fiestas de invierno en Ruman\u00eda - Ferias de Navidad - Radio Ruman\u00eda Internacional\",\"isPartOf\":{\"@id\":\"https:\\\/\\\/www.rri.ro\\\/#website\"},\"primaryImageOfPage\":{\"@id\":\"https:\\\/\\\/www.rri.ro\\\/es\\\/panorama-rumano\\\/de-todo-un-poco\\\/desde-rumania-hacia-el-mundo-fiestas-de-invierno-en-rumania-ferias-de-navidad-id960450.html#primaryimage\"},\"image\":{\"@id\":\"https:\\\/\\\/www.rri.ro\\\/es\\\/panorama-rumano\\\/de-todo-un-poco\\\/desde-rumania-hacia-el-mundo-fiestas-de-invierno-en-rumania-ferias-de-navidad-id960450.html#primaryimage\"},\"thumbnailUrl\":\"https:\\\/\\\/www.rri.ro\\\/wp-content\\\/uploads\\\/2025\\\/12\\\/targul-de-craciun-craiova-2025-foto-fb_16x9.jpg\",\"datePublished\":\"2025-12-09T10:30:06+00:00\",\"dateModified\":\"2025-12-09T10:38:19+00:00\",\"author\":{\"@id\":\"https:\\\/\\\/www.rri.ro\\\/#\\\/schema\\\/person\\\/1e5b68c542aa18216bc645b5072f1273\"},\"breadcrumb\":{\"@id\":\"https:\\\/\\\/www.rri.ro\\\/es\\\/panorama-rumano\\\/de-todo-un-poco\\\/desde-rumania-hacia-el-mundo-fiestas-de-invierno-en-rumania-ferias-de-navidad-id960450.html#breadcrumb\"},\"inLanguage\":\"es\",\"potentialAction\":[{\"@type\":\"ReadAction\",\"target\":[\"https:\\\/\\\/www.rri.ro\\\/es\\\/panorama-rumano\\\/de-todo-un-poco\\\/desde-rumania-hacia-el-mundo-fiestas-de-invierno-en-rumania-ferias-de-navidad-id960450.html\"]}]},{\"@type\":\"ImageObject\",\"inLanguage\":\"es\",\"@id\":\"https:\\\/\\\/www.rri.ro\\\/es\\\/panorama-rumano\\\/de-todo-un-poco\\\/desde-rumania-hacia-el-mundo-fiestas-de-invierno-en-rumania-ferias-de-navidad-id960450.html#primaryimage\",\"url\":\"https:\\\/\\\/www.rri.ro\\\/wp-content\\\/uploads\\\/2025\\\/12\\\/targul-de-craciun-craiova-2025-foto-fb_16x9.jpg\",\"contentUrl\":\"https:\\\/\\\/www.rri.ro\\\/wp-content\\\/uploads\\\/2025\\\/12\\\/targul-de-craciun-craiova-2025-foto-fb_16x9.jpg\",\"width\":1200,\"height\":675,\"caption\":\"T\u00e2rgul de Cr\u0103ciun din Craiova (Sursa foto: T\u00e2rgul de Cr\u0103ciun Craiova \\\/ Facebook)\"},{\"@type\":\"BreadcrumbList\",\"@id\":\"https:\\\/\\\/www.rri.ro\\\/es\\\/panorama-rumano\\\/de-todo-un-poco\\\/desde-rumania-hacia-el-mundo-fiestas-de-invierno-en-rumania-ferias-de-navidad-id960450.html#breadcrumb\",\"itemListElement\":[{\"@type\":\"ListItem\",\"position\":1,\"name\":\"P\u00e1gina de inicio\",\"item\":\"https:\\\/\\\/www.rri.ro\\\/es\"},{\"@type\":\"ListItem\",\"position\":2,\"name\":\"Panorama rumano\",\"item\":\"https:\\\/\\\/www.rri.ro\\\/es\\\/panorama-rumano\"},{\"@type\":\"ListItem\",\"position\":3,\"name\":\"De todo un poco\",\"item\":\"https:\\\/\\\/www.rri.ro\\\/es\\\/panorama-rumano\\\/de-todo-un-poco\"},{\"@type\":\"ListItem\",\"position\":4,\"name\":\"Desde Ruman\u00eda hacia el mundo: Fiestas de invierno en Ruman\u00eda &#8211; Ferias de Navidad\"}]},{\"@type\":\"WebSite\",\"@id\":\"https:\\\/\\\/www.rri.ro\\\/#website\",\"url\":\"https:\\\/\\\/www.rri.ro\\\/\",\"name\":\"Radio Ruman\u00eda Internacional\",\"description\":\"Totul despre Rom\u00e2nia \u015fi rom\u00e2ni, \u00een 13 limbi\\\/dialecte!\",\"inLanguage\":\"es\"},{\"@type\":\"Person\",\"@id\":\"https:\\\/\\\/www.rri.ro\\\/#\\\/schema\\\/person\\\/1e5b68c542aa18216bc645b5072f1273\",\"name\":\"Simona Sarbescu\",\"url\":\"https:\\\/\\\/www.rri.ro\\\/es\\\/author\\\/simona-sarbescu\"}]}<\/script>\n<!-- \/ Yoast SEO plugin. -->","yoast_head_json":{"title":"Desde Ruman\u00eda hacia el mundo: Fiestas de invierno en Ruman\u00eda - Ferias de Navidad - Radio Ruman\u00eda Internacional","robots":{"index":"index","follow":"follow","max-snippet":"max-snippet:-1","max-image-preview":"max-image-preview:large","max-video-preview":"max-video-preview:-1"},"canonical":"https:\/\/www.rri.ro\/es\/panorama-rumano\/de-todo-un-poco\/desde-rumania-hacia-el-mundo-fiestas-de-invierno-en-rumania-ferias-de-navidad-id960450.html","og_locale":"es_ES","og_type":"article","og_title":"Desde Ruman\u00eda hacia el mundo: Fiestas de invierno en Ruman\u00eda - Ferias de Navidad - Radio Ruman\u00eda Internacional","og_description":"A partir de finales de noviembre de 2025, las principales ciudades de Ruman\u00eda inauguran oficialmente la temporada de vacaciones de invierno. Diciembre en Ruman\u00eda trae consigo festividades llenas de tradiciones centradas en la Natividad del Se\u00f1or, con costumbres como cantar villancicos, ir a la iglesia y decorar el \u00e1rbol de Navidad. El ambiente se anima [&hellip;]","og_url":"https:\/\/www.rri.ro\/es\/panorama-rumano\/de-todo-un-poco\/desde-rumania-hacia-el-mundo-fiestas-de-invierno-en-rumania-ferias-de-navidad-id960450.html","og_site_name":"Radio Ruman\u00eda Internacional","article_published_time":"2025-12-09T10:30:06+00:00","article_modified_time":"2025-12-09T10:38:19+00:00","og_image":[{"width":1200,"height":675,"url":"https:\/\/www.rri.ro\/wp-content\/uploads\/2025\/12\/targul-de-craciun-craiova-2025-foto-fb_16x9.jpg","type":"image\/jpeg"}],"author":"Simona Sarbescu","twitter_card":"summary_large_image","twitter_misc":{"Escrito por":"Simona Sarbescu","Tiempo de lectura":"7 minutos","Written by":"Simona Sarbescu"},"schema":{"@context":"https:\/\/schema.org","@graph":[{"@type":"Article","@id":"https:\/\/www.rri.ro\/es\/panorama-rumano\/de-todo-un-poco\/desde-rumania-hacia-el-mundo-fiestas-de-invierno-en-rumania-ferias-de-navidad-id960450.html#article","isPartOf":{"@id":"https:\/\/www.rri.ro\/es\/panorama-rumano\/de-todo-un-poco\/desde-rumania-hacia-el-mundo-fiestas-de-invierno-en-rumania-ferias-de-navidad-id960450.html"},"author":{"name":"Simona Sarbescu","@id":"https:\/\/www.rri.ro\/#\/schema\/person\/1e5b68c542aa18216bc645b5072f1273"},"headline":"Desde Ruman\u00eda hacia el mundo: Fiestas de invierno en Ruman\u00eda &#8211; Ferias de Navidad","datePublished":"2025-12-09T10:30:06+00:00","dateModified":"2025-12-09T10:38:19+00:00","mainEntityOfPage":{"@id":"https:\/\/www.rri.ro\/es\/panorama-rumano\/de-todo-un-poco\/desde-rumania-hacia-el-mundo-fiestas-de-invierno-en-rumania-ferias-de-navidad-id960450.html"},"wordCount":1439,"image":{"@id":"https:\/\/www.rri.ro\/es\/panorama-rumano\/de-todo-un-poco\/desde-rumania-hacia-el-mundo-fiestas-de-invierno-en-rumania-ferias-de-navidad-id960450.html#primaryimage"},"thumbnailUrl":"https:\/\/www.rri.ro\/wp-content\/uploads\/2025\/12\/targul-de-craciun-craiova-2025-foto-fb_16x9.jpg","keywords":["30 metros (el m\u00e1s grande de su tipo en Ruman\u00eda","ambiente festivo","\u00e1rbol ecol\u00f3gico","Brasov","Bucarest West Side","Casa de Pap\u00e1 Noel","centro de la ciudad","cluj","concepto moderno y urbano","Craiova","decoraci\u00f3n","diciembre","disfrutar","encuentro","feria m\u00e1s grande de la capital","ferias","fiestas","food trucks","instalaciones de iluminaci\u00f3n","lugar alternativo","mecadillos","Mejores destinos Europeos","mercado Navide\u00f1o de Bucarest","Mos Craciun","m\u00fasica de DJ","Navidad","Navide\u00f1o Plaza de la Universidad","ni\u00f1os","ocio","Plaza de la Constituci\u00f3n","productos tradicionales","Sibiu","Timisoara","tradicional","ubicada","urbana","villancicos","visitantes","zona de gastronom\u00eda internacional","zonas musicales tem\u00e1ticas"],"articleSection":["De todo un poco"],"inLanguage":"es"},{"@type":"WebPage","@id":"https:\/\/www.rri.ro\/es\/panorama-rumano\/de-todo-un-poco\/desde-rumania-hacia-el-mundo-fiestas-de-invierno-en-rumania-ferias-de-navidad-id960450.html","url":"https:\/\/www.rri.ro\/es\/panorama-rumano\/de-todo-un-poco\/desde-rumania-hacia-el-mundo-fiestas-de-invierno-en-rumania-ferias-de-navidad-id960450.html","name":"Desde Ruman\u00eda hacia el mundo: Fiestas de invierno en Ruman\u00eda - Ferias de Navidad - Radio Ruman\u00eda Internacional","isPartOf":{"@id":"https:\/\/www.rri.ro\/#website"},"primaryImageOfPage":{"@id":"https:\/\/www.rri.ro\/es\/panorama-rumano\/de-todo-un-poco\/desde-rumania-hacia-el-mundo-fiestas-de-invierno-en-rumania-ferias-de-navidad-id960450.html#primaryimage"},"image":{"@id":"https:\/\/www.rri.ro\/es\/panorama-rumano\/de-todo-un-poco\/desde-rumania-hacia-el-mundo-fiestas-de-invierno-en-rumania-ferias-de-navidad-id960450.html#primaryimage"},"thumbnailUrl":"https:\/\/www.rri.ro\/wp-content\/uploads\/2025\/12\/targul-de-craciun-craiova-2025-foto-fb_16x9.jpg","datePublished":"2025-12-09T10:30:06+00:00","dateModified":"2025-12-09T10:38:19+00:00","author":{"@id":"https:\/\/www.rri.ro\/#\/schema\/person\/1e5b68c542aa18216bc645b5072f1273"},"breadcrumb":{"@id":"https:\/\/www.rri.ro\/es\/panorama-rumano\/de-todo-un-poco\/desde-rumania-hacia-el-mundo-fiestas-de-invierno-en-rumania-ferias-de-navidad-id960450.html#breadcrumb"},"inLanguage":"es","potentialAction":[{"@type":"ReadAction","target":["https:\/\/www.rri.ro\/es\/panorama-rumano\/de-todo-un-poco\/desde-rumania-hacia-el-mundo-fiestas-de-invierno-en-rumania-ferias-de-navidad-id960450.html"]}]},{"@type":"ImageObject","inLanguage":"es","@id":"https:\/\/www.rri.ro\/es\/panorama-rumano\/de-todo-un-poco\/desde-rumania-hacia-el-mundo-fiestas-de-invierno-en-rumania-ferias-de-navidad-id960450.html#primaryimage","url":"https:\/\/www.rri.ro\/wp-content\/uploads\/2025\/12\/targul-de-craciun-craiova-2025-foto-fb_16x9.jpg","contentUrl":"https:\/\/www.rri.ro\/wp-content\/uploads\/2025\/12\/targul-de-craciun-craiova-2025-foto-fb_16x9.jpg","width":1200,"height":675,"caption":"T\u00e2rgul de Cr\u0103ciun din Craiova (Sursa foto: T\u00e2rgul de Cr\u0103ciun Craiova \/ Facebook)"},{"@type":"BreadcrumbList","@id":"https:\/\/www.rri.ro\/es\/panorama-rumano\/de-todo-un-poco\/desde-rumania-hacia-el-mundo-fiestas-de-invierno-en-rumania-ferias-de-navidad-id960450.html#breadcrumb","itemListElement":[{"@type":"ListItem","position":1,"name":"P\u00e1gina de inicio","item":"https:\/\/www.rri.ro\/es"},{"@type":"ListItem","position":2,"name":"Panorama rumano","item":"https:\/\/www.rri.ro\/es\/panorama-rumano"},{"@type":"ListItem","position":3,"name":"De todo un poco","item":"https:\/\/www.rri.ro\/es\/panorama-rumano\/de-todo-un-poco"},{"@type":"ListItem","position":4,"name":"Desde Ruman\u00eda hacia el mundo: Fiestas de invierno en Ruman\u00eda &#8211; Ferias de Navidad"}]},{"@type":"WebSite","@id":"https:\/\/www.rri.ro\/#website","url":"https:\/\/www.rri.ro\/","name":"Radio Ruman\u00eda Internacional","description":"Totul despre Rom\u00e2nia \u015fi rom\u00e2ni, \u00een 13 limbi\/dialecte!","inLanguage":"es"},{"@type":"Person","@id":"https:\/\/www.rri.ro\/#\/schema\/person\/1e5b68c542aa18216bc645b5072f1273","name":"Simona Sarbescu","url":"https:\/\/www.rri.ro\/es\/author\/simona-sarbescu"}]}},"_links":{"self":[{"href":"https:\/\/www.rri.ro\/es\/wp-json\/wp\/v2\/posts\/960450","targetHints":{"allow":["GET"]}}],"collection":[{"href":"https:\/\/www.rri.ro\/es\/wp-json\/wp\/v2\/posts"}],"about":[{"href":"https:\/\/www.rri.ro\/es\/wp-json\/wp\/v2\/types\/post"}],"author":[{"embeddable":true,"href":"https:\/\/www.rri.ro\/es\/wp-json\/wp\/v2\/users\/38"}],"replies":[{"embeddable":true,"href":"https:\/\/www.rri.ro\/es\/wp-json\/wp\/v2\/comments?post=960450"}],"version-history":[{"count":0,"href":"https:\/\/www.rri.ro\/es\/wp-json\/wp\/v2\/posts\/960450\/revisions"}],"wp:featuredmedia":[{"embeddable":true,"href":"https:\/\/www.rri.ro\/es\/wp-json\/wp\/v2\/media\/957957"}],"wp:attachment":[{"href":"https:\/\/www.rri.ro\/es\/wp-json\/wp\/v2\/media?parent=960450"}],"wp:term":[{"taxonomy":"category","embeddable":true,"href":"https:\/\/www.rri.ro\/es\/wp-json\/wp\/v2\/categories?post=960450"},{"taxonomy":"post_tag","embeddable":true,"href":"https:\/\/www.rri.ro\/es\/wp-json\/wp\/v2\/tags?post=960450"},{"taxonomy":"author","embeddable":true,"href":"https:\/\/www.rri.ro\/es\/wp-json\/wp\/v2\/coauthors?post=960450"}],"curies":[{"name":"wp","href":"https:\/\/api.w.org\/{rel}","templated":true}]}}