{"id":960805,"date":"2025-12-10T15:50:40","date_gmt":"2025-12-10T13:50:40","guid":{"rendered":"https:\/\/www.rri.ro\/?p=960805"},"modified":"2025-12-10T15:52:13","modified_gmt":"2025-12-10T13:52:13","slug":"115-rumaniando-en-la-radio","status":"publish","type":"post","link":"https:\/\/www.rri.ro\/es\/cronica-semanal\/rumaniando-en-la-radio\/115-rumaniando-en-la-radio-id960805.html","title":{"rendered":"115 Rumaniando en la Radio"},"content":{"rendered":"<p><iframe loading=\"lazy\" src=\"https:\/\/w.soundcloud.com\/player\/?url=https%3A\/\/api.soundcloud.com\/tracks\/soundcloud%253Atracks%253A2227155863&amp;color=%23ff5500&amp;auto_play=false&amp;hide_related=false&amp;show_comments=true&amp;show_user=true&amp;show_reposts=false&amp;show_teaser=true\" width=\"100%\" height=\"166\" frameborder=\"no\" scrolling=\"no\"><\/iframe><\/p>\n<div style=\"font-size: 10px; color: #cccccc; line-break: anywhere; word-break: normal; overflow: hidden; white-space: nowrap; text-overflow: ellipsis; font-family: Interstate,Lucida Grande,Lucida Sans Unicode,Lucida Sans,Garuda,Verdana,Tahoma,sans-serif; font-weight: 100;\"><a style=\"color: #cccccc; text-decoration: none;\" title=\"RadioRomaniaInternational\" href=\"https:\/\/soundcloud.com\/radioromaniainternational\" target=\"_blank\" rel=\"noopener\">RadioRomaniaInternational<\/a> \u00b7 <a style=\"color: #cccccc; text-decoration: none;\" title=\"115 RUM 10.12.2025\" href=\"https:\/\/soundcloud.com\/radioromaniainternational\/115-rum-10-12-2025\" target=\"_blank\" rel=\"noopener\">115 RUM 10.12.2025<\/a><\/div>\n<p>&nbsp;<\/p>\n<p><span style=\"font-family: arial, helvetica, sans-serif;\">Los mercadillos navide\u00f1os, nacidos en Alemania en el siglo XIV, se expandieron por Europa como celebraciones m\u00e1gicas.<\/span><\/p>\n<p><span style=\"font-family: arial, helvetica, sans-serif;\">En la Ruman\u00eda de nuestro d\u00edas, Craiova lidera con el mayor evento navide\u00f1o europeo, mientras Sibiu mantiene la tradici\u00f3n sajona.<\/span><\/p>\n<p><span style=\"font-family: arial, helvetica, sans-serif;\">Ambos ofrecen luces, atracciones, gastronom\u00eda y encanto festivo, convirti\u00e9ndose en destinos imprescindibles de Ruman\u00eda en Navidad.<\/span><\/p>\n<div><\/div>\n","protected":false},"excerpt":{"rendered":"<p>RadioRomaniaInternational \u00b7 115 RUM 10.12.2025 &nbsp; Los mercadillos navide\u00f1os, nacidos en Alemania en el siglo XIV, se expandieron por Europa como celebraciones m\u00e1gicas. En la Ruman\u00eda de nuestro d\u00edas, Craiova lidera con el mayor evento navide\u00f1o europeo, mientras Sibiu mantiene la tradici\u00f3n sajona. Ambos ofrecen luces, atracciones, gastronom\u00eda y encanto festivo, convirti\u00e9ndose en destinos imprescindibles [&hellip;]<\/p>\n","protected":false},"author":99,"featured_media":562387,"comment_status":"closed","ping_status":"closed","sticky":false,"template":"","format":"audio","meta":{"_acf_changed":false,"footnotes":""},"categories":[112449],"tags":[48960,151896,137082,181903,112384,170212,144273,142562,181839,134237,142537,136925,147104,112350,112729,49100,180374,177666,159954,49286,159957,159094,181902,142561,48949,143967,113028,112363,155822,133792,160050,132290],"coauthors":[114929],"class_list":["post-960805","post","type-post","status-publish","format-audio","has-post-thumbnail","hentry","category-rumaniando-en-la-radio","tag-alemania","tag-artesania","tag-austria-es","tag-casetas","tag-celebracion","tag-compras","tag-craiova-es","tag-cultura-es","tag-decoracion","tag-europa-es","tag-fiesta-es","tag-francia-es","tag-gastronomia-es","tag-historia","tag-hungria","tag-invierno","tag-luces","tag-magia","tag-mercadillos","tag-navidad","tag-noria","tag-papa-noel","tag-pista-de-hielo","tag-polonia-es","tag-rumania","tag-sibiu-es","tag-suiza","tag-tradicion","tag-trineo","tag-turismo-es","tag-viajeros","tag-villancicos","post_format-post-format-audio"],"acf":[],"yoast_head":"<!-- This site is optimized with the Yoast SEO plugin v27.3 - https:\/\/yoast.com\/product\/yoast-seo-wordpress\/ -->\n<title>115 Rumaniando en la Radio - Radio Ruman\u00eda Internacional<\/title>\n<meta name=\"robots\" content=\"index, follow, max-snippet:-1, max-image-preview:large, max-video-preview:-1\" \/>\n<link rel=\"canonical\" href=\"https:\/\/www.rri.ro\/es\/cronica-semanal\/rumaniando-en-la-radio\/115-rumaniando-en-la-radio-id960805.html\" \/>\n<meta property=\"og:locale\" content=\"es_ES\" \/>\n<meta property=\"og:type\" content=\"article\" \/>\n<meta property=\"og:title\" content=\"115 Rumaniando en la Radio - Radio Ruman\u00eda Internacional\" \/>\n<meta property=\"og:description\" content=\"RadioRomaniaInternational \u00b7 115 RUM 10.12.2025 &nbsp; Los mercadillos navide\u00f1os, nacidos en Alemania en el siglo XIV, se expandieron por Europa como celebraciones m\u00e1gicas. En la Ruman\u00eda de nuestro d\u00edas, Craiova lidera con el mayor evento navide\u00f1o europeo, mientras Sibiu mantiene la tradici\u00f3n sajona. Ambos ofrecen luces, atracciones, gastronom\u00eda y encanto festivo, convirti\u00e9ndose en destinos imprescindibles [&hellip;]\" \/>\n<meta property=\"og:url\" content=\"https:\/\/www.rri.ro\/es\/cronica-semanal\/rumaniando-en-la-radio\/115-rumaniando-en-la-radio-id960805.html\" \/>\n<meta property=\"og:site_name\" content=\"Radio Ruman\u00eda Internacional\" \/>\n<meta property=\"article:published_time\" content=\"2025-12-10T13:50:40+00:00\" \/>\n<meta property=\"article:modified_time\" content=\"2025-12-10T13:52:13+00:00\" \/>\n<meta property=\"og:image\" content=\"https:\/\/www.rri.ro\/wp-content\/uploads\/2023\/10\/rumaniando-en-la-radio.jpg\" \/>\n\t<meta property=\"og:image:width\" content=\"640\" \/>\n\t<meta property=\"og:image:height\" content=\"401\" \/>\n\t<meta property=\"og:image:type\" content=\"image\/jpeg\" \/>\n<meta name=\"author\" content=\"Antonio Madrid\" \/>\n<meta name=\"twitter:card\" content=\"summary_large_image\" \/>\n<meta name=\"twitter:label1\" content=\"Escrito por\" \/>\n\t<meta name=\"twitter:data1\" content=\"Antonio Madrid\" \/>\n\t<meta name=\"twitter:label2\" content=\"Written by\" \/>\n\t<meta name=\"twitter:data2\" content=\"Antonio Madrid\" \/>\n<script type=\"application\/ld+json\" class=\"yoast-schema-graph\">{\"@context\":\"https:\\\/\\\/schema.org\",\"@graph\":[{\"@type\":\"Article\",\"@id\":\"https:\\\/\\\/www.rri.ro\\\/es\\\/cronica-semanal\\\/rumaniando-en-la-radio\\\/115-rumaniando-en-la-radio-id960805.html#article\",\"isPartOf\":{\"@id\":\"https:\\\/\\\/www.rri.ro\\\/es\\\/cronica-semanal\\\/rumaniando-en-la-radio\\\/115-rumaniando-en-la-radio-id960805.html\"},\"author\":{\"name\":\"Antonio Madrid\",\"@id\":\"https:\\\/\\\/www.rri.ro\\\/#\\\/schema\\\/person\\\/42648fab0d4c496576143af628fee3bb\"},\"headline\":\"115 Rumaniando en la Radio\",\"datePublished\":\"2025-12-10T13:50:40+00:00\",\"dateModified\":\"2025-12-10T13:52:13+00:00\",\"mainEntityOfPage\":{\"@id\":\"https:\\\/\\\/www.rri.ro\\\/es\\\/cronica-semanal\\\/rumaniando-en-la-radio\\\/115-rumaniando-en-la-radio-id960805.html\"},\"wordCount\":69,\"image\":{\"@id\":\"https:\\\/\\\/www.rri.ro\\\/es\\\/cronica-semanal\\\/rumaniando-en-la-radio\\\/115-rumaniando-en-la-radio-id960805.html#primaryimage\"},\"thumbnailUrl\":\"https:\\\/\\\/www.rri.ro\\\/wp-content\\\/uploads\\\/2023\\\/10\\\/rumaniando-en-la-radio.jpg\",\"keywords\":[\"Alemania\",\"artesan\u00eda\",\"Austria\",\"casetas\",\"celebraci\u00f3n.\",\"compras\",\"Craiova\",\"cultura\",\"decoraci\u00f3n\",\"Europa\",\"Fiesta\",\"Francia\",\"gastronomia\",\"Historia\",\"Hungria\",\"invierno\",\"luces\",\"magia\",\"mercadillos\",\"Navidad\",\"noria\",\"Pap\u00e1 Noel\",\"pista de hielo\",\"Polonia\",\"Rumania\",\"Sibiu\",\"Suiza\",\"tradici\u00f3n\",\"trineo\",\"turismo\",\"viajeros\",\"villancicos\"],\"articleSection\":[\"Rumaniando en la Radio\"],\"inLanguage\":\"es\"},{\"@type\":\"WebPage\",\"@id\":\"https:\\\/\\\/www.rri.ro\\\/es\\\/cronica-semanal\\\/rumaniando-en-la-radio\\\/115-rumaniando-en-la-radio-id960805.html\",\"url\":\"https:\\\/\\\/www.rri.ro\\\/es\\\/cronica-semanal\\\/rumaniando-en-la-radio\\\/115-rumaniando-en-la-radio-id960805.html\",\"name\":\"115 Rumaniando en la Radio - Radio Ruman\u00eda Internacional\",\"isPartOf\":{\"@id\":\"https:\\\/\\\/www.rri.ro\\\/#website\"},\"primaryImageOfPage\":{\"@id\":\"https:\\\/\\\/www.rri.ro\\\/es\\\/cronica-semanal\\\/rumaniando-en-la-radio\\\/115-rumaniando-en-la-radio-id960805.html#primaryimage\"},\"image\":{\"@id\":\"https:\\\/\\\/www.rri.ro\\\/es\\\/cronica-semanal\\\/rumaniando-en-la-radio\\\/115-rumaniando-en-la-radio-id960805.html#primaryimage\"},\"thumbnailUrl\":\"https:\\\/\\\/www.rri.ro\\\/wp-content\\\/uploads\\\/2023\\\/10\\\/rumaniando-en-la-radio.jpg\",\"datePublished\":\"2025-12-10T13:50:40+00:00\",\"dateModified\":\"2025-12-10T13:52:13+00:00\",\"author\":{\"@id\":\"https:\\\/\\\/www.rri.ro\\\/#\\\/schema\\\/person\\\/42648fab0d4c496576143af628fee3bb\"},\"breadcrumb\":{\"@id\":\"https:\\\/\\\/www.rri.ro\\\/es\\\/cronica-semanal\\\/rumaniando-en-la-radio\\\/115-rumaniando-en-la-radio-id960805.html#breadcrumb\"},\"inLanguage\":\"es\",\"potentialAction\":[{\"@type\":\"ReadAction\",\"target\":[\"https:\\\/\\\/www.rri.ro\\\/es\\\/cronica-semanal\\\/rumaniando-en-la-radio\\\/115-rumaniando-en-la-radio-id960805.html\"]}]},{\"@type\":\"ImageObject\",\"inLanguage\":\"es\",\"@id\":\"https:\\\/\\\/www.rri.ro\\\/es\\\/cronica-semanal\\\/rumaniando-en-la-radio\\\/115-rumaniando-en-la-radio-id960805.html#primaryimage\",\"url\":\"https:\\\/\\\/www.rri.ro\\\/wp-content\\\/uploads\\\/2023\\\/10\\\/rumaniando-en-la-radio.jpg\",\"contentUrl\":\"https:\\\/\\\/www.rri.ro\\\/wp-content\\\/uploads\\\/2023\\\/10\\\/rumaniando-en-la-radio.jpg\",\"width\":640,\"height\":401},{\"@type\":\"BreadcrumbList\",\"@id\":\"https:\\\/\\\/www.rri.ro\\\/es\\\/cronica-semanal\\\/rumaniando-en-la-radio\\\/115-rumaniando-en-la-radio-id960805.html#breadcrumb\",\"itemListElement\":[{\"@type\":\"ListItem\",\"position\":1,\"name\":\"P\u00e1gina de inicio\",\"item\":\"https:\\\/\\\/www.rri.ro\\\/es\"},{\"@type\":\"ListItem\",\"position\":2,\"name\":\"Cr\u00f3nica semanal\",\"item\":\"https:\\\/\\\/www.rri.ro\\\/es\\\/cronica-semanal\"},{\"@type\":\"ListItem\",\"position\":3,\"name\":\"Rumaniando en la Radio\",\"item\":\"https:\\\/\\\/www.rri.ro\\\/es\\\/cronica-semanal\\\/rumaniando-en-la-radio\"},{\"@type\":\"ListItem\",\"position\":4,\"name\":\"115 Rumaniando en la Radio\"}]},{\"@type\":\"WebSite\",\"@id\":\"https:\\\/\\\/www.rri.ro\\\/#website\",\"url\":\"https:\\\/\\\/www.rri.ro\\\/\",\"name\":\"Radio Ruman\u00eda Internacional\",\"description\":\"Totul despre Rom\u00e2nia \u015fi rom\u00e2ni, \u00een 13 limbi\\\/dialecte!\",\"inLanguage\":\"es\"},{\"@type\":\"Person\",\"@id\":\"https:\\\/\\\/www.rri.ro\\\/#\\\/schema\\\/person\\\/42648fab0d4c496576143af628fee3bb\",\"name\":\"Antonio Madrid\",\"sameAs\":[\"www.linkedin.com\\\/in\\\/antoniojmadridi\"],\"url\":\"https:\\\/\\\/www.rri.ro\\\/es\\\/author\\\/antonio-madrid\"}]}<\/script>\n<!-- \/ Yoast SEO plugin. -->","yoast_head_json":{"title":"115 Rumaniando en la Radio - Radio Ruman\u00eda Internacional","robots":{"index":"index","follow":"follow","max-snippet":"max-snippet:-1","max-image-preview":"max-image-preview:large","max-video-preview":"max-video-preview:-1"},"canonical":"https:\/\/www.rri.ro\/es\/cronica-semanal\/rumaniando-en-la-radio\/115-rumaniando-en-la-radio-id960805.html","og_locale":"es_ES","og_type":"article","og_title":"115 Rumaniando en la Radio - Radio Ruman\u00eda Internacional","og_description":"RadioRomaniaInternational \u00b7 115 RUM 10.12.2025 &nbsp; Los mercadillos navide\u00f1os, nacidos en Alemania en el siglo XIV, se expandieron por Europa como celebraciones m\u00e1gicas. En la Ruman\u00eda de nuestro d\u00edas, Craiova lidera con el mayor evento navide\u00f1o europeo, mientras Sibiu mantiene la tradici\u00f3n sajona. Ambos ofrecen luces, atracciones, gastronom\u00eda y encanto festivo, convirti\u00e9ndose en destinos imprescindibles [&hellip;]","og_url":"https:\/\/www.rri.ro\/es\/cronica-semanal\/rumaniando-en-la-radio\/115-rumaniando-en-la-radio-id960805.html","og_site_name":"Radio Ruman\u00eda Internacional","article_published_time":"2025-12-10T13:50:40+00:00","article_modified_time":"2025-12-10T13:52:13+00:00","og_image":[{"width":640,"height":401,"url":"https:\/\/www.rri.ro\/wp-content\/uploads\/2023\/10\/rumaniando-en-la-radio.jpg","type":"image\/jpeg"}],"author":"Antonio Madrid","twitter_card":"summary_large_image","twitter_misc":{"Escrito por":"Antonio Madrid","Written by":"Antonio Madrid"},"schema":{"@context":"https:\/\/schema.org","@graph":[{"@type":"Article","@id":"https:\/\/www.rri.ro\/es\/cronica-semanal\/rumaniando-en-la-radio\/115-rumaniando-en-la-radio-id960805.html#article","isPartOf":{"@id":"https:\/\/www.rri.ro\/es\/cronica-semanal\/rumaniando-en-la-radio\/115-rumaniando-en-la-radio-id960805.html"},"author":{"name":"Antonio Madrid","@id":"https:\/\/www.rri.ro\/#\/schema\/person\/42648fab0d4c496576143af628fee3bb"},"headline":"115 Rumaniando en la Radio","datePublished":"2025-12-10T13:50:40+00:00","dateModified":"2025-12-10T13:52:13+00:00","mainEntityOfPage":{"@id":"https:\/\/www.rri.ro\/es\/cronica-semanal\/rumaniando-en-la-radio\/115-rumaniando-en-la-radio-id960805.html"},"wordCount":69,"image":{"@id":"https:\/\/www.rri.ro\/es\/cronica-semanal\/rumaniando-en-la-radio\/115-rumaniando-en-la-radio-id960805.html#primaryimage"},"thumbnailUrl":"https:\/\/www.rri.ro\/wp-content\/uploads\/2023\/10\/rumaniando-en-la-radio.jpg","keywords":["Alemania","artesan\u00eda","Austria","casetas","celebraci\u00f3n.","compras","Craiova","cultura","decoraci\u00f3n","Europa","Fiesta","Francia","gastronomia","Historia","Hungria","invierno","luces","magia","mercadillos","Navidad","noria","Pap\u00e1 Noel","pista de hielo","Polonia","Rumania","Sibiu","Suiza","tradici\u00f3n","trineo","turismo","viajeros","villancicos"],"articleSection":["Rumaniando en la Radio"],"inLanguage":"es"},{"@type":"WebPage","@id":"https:\/\/www.rri.ro\/es\/cronica-semanal\/rumaniando-en-la-radio\/115-rumaniando-en-la-radio-id960805.html","url":"https:\/\/www.rri.ro\/es\/cronica-semanal\/rumaniando-en-la-radio\/115-rumaniando-en-la-radio-id960805.html","name":"115 Rumaniando en la Radio - Radio Ruman\u00eda Internacional","isPartOf":{"@id":"https:\/\/www.rri.ro\/#website"},"primaryImageOfPage":{"@id":"https:\/\/www.rri.ro\/es\/cronica-semanal\/rumaniando-en-la-radio\/115-rumaniando-en-la-radio-id960805.html#primaryimage"},"image":{"@id":"https:\/\/www.rri.ro\/es\/cronica-semanal\/rumaniando-en-la-radio\/115-rumaniando-en-la-radio-id960805.html#primaryimage"},"thumbnailUrl":"https:\/\/www.rri.ro\/wp-content\/uploads\/2023\/10\/rumaniando-en-la-radio.jpg","datePublished":"2025-12-10T13:50:40+00:00","dateModified":"2025-12-10T13:52:13+00:00","author":{"@id":"https:\/\/www.rri.ro\/#\/schema\/person\/42648fab0d4c496576143af628fee3bb"},"breadcrumb":{"@id":"https:\/\/www.rri.ro\/es\/cronica-semanal\/rumaniando-en-la-radio\/115-rumaniando-en-la-radio-id960805.html#breadcrumb"},"inLanguage":"es","potentialAction":[{"@type":"ReadAction","target":["https:\/\/www.rri.ro\/es\/cronica-semanal\/rumaniando-en-la-radio\/115-rumaniando-en-la-radio-id960805.html"]}]},{"@type":"ImageObject","inLanguage":"es","@id":"https:\/\/www.rri.ro\/es\/cronica-semanal\/rumaniando-en-la-radio\/115-rumaniando-en-la-radio-id960805.html#primaryimage","url":"https:\/\/www.rri.ro\/wp-content\/uploads\/2023\/10\/rumaniando-en-la-radio.jpg","contentUrl":"https:\/\/www.rri.ro\/wp-content\/uploads\/2023\/10\/rumaniando-en-la-radio.jpg","width":640,"height":401},{"@type":"BreadcrumbList","@id":"https:\/\/www.rri.ro\/es\/cronica-semanal\/rumaniando-en-la-radio\/115-rumaniando-en-la-radio-id960805.html#breadcrumb","itemListElement":[{"@type":"ListItem","position":1,"name":"P\u00e1gina de inicio","item":"https:\/\/www.rri.ro\/es"},{"@type":"ListItem","position":2,"name":"Cr\u00f3nica semanal","item":"https:\/\/www.rri.ro\/es\/cronica-semanal"},{"@type":"ListItem","position":3,"name":"Rumaniando en la Radio","item":"https:\/\/www.rri.ro\/es\/cronica-semanal\/rumaniando-en-la-radio"},{"@type":"ListItem","position":4,"name":"115 Rumaniando en la Radio"}]},{"@type":"WebSite","@id":"https:\/\/www.rri.ro\/#website","url":"https:\/\/www.rri.ro\/","name":"Radio Ruman\u00eda Internacional","description":"Totul despre Rom\u00e2nia \u015fi rom\u00e2ni, \u00een 13 limbi\/dialecte!","inLanguage":"es"},{"@type":"Person","@id":"https:\/\/www.rri.ro\/#\/schema\/person\/42648fab0d4c496576143af628fee3bb","name":"Antonio Madrid","sameAs":["www.linkedin.com\/in\/antoniojmadridi"],"url":"https:\/\/www.rri.ro\/es\/author\/antonio-madrid"}]}},"_links":{"self":[{"href":"https:\/\/www.rri.ro\/es\/wp-json\/wp\/v2\/posts\/960805","targetHints":{"allow":["GET"]}}],"collection":[{"href":"https:\/\/www.rri.ro\/es\/wp-json\/wp\/v2\/posts"}],"about":[{"href":"https:\/\/www.rri.ro\/es\/wp-json\/wp\/v2\/types\/post"}],"author":[{"embeddable":true,"href":"https:\/\/www.rri.ro\/es\/wp-json\/wp\/v2\/users\/99"}],"replies":[{"embeddable":true,"href":"https:\/\/www.rri.ro\/es\/wp-json\/wp\/v2\/comments?post=960805"}],"version-history":[{"count":0,"href":"https:\/\/www.rri.ro\/es\/wp-json\/wp\/v2\/posts\/960805\/revisions"}],"wp:featuredmedia":[{"embeddable":true,"href":"https:\/\/www.rri.ro\/es\/wp-json\/wp\/v2\/media\/562387"}],"wp:attachment":[{"href":"https:\/\/www.rri.ro\/es\/wp-json\/wp\/v2\/media?parent=960805"}],"wp:term":[{"taxonomy":"category","embeddable":true,"href":"https:\/\/www.rri.ro\/es\/wp-json\/wp\/v2\/categories?post=960805"},{"taxonomy":"post_tag","embeddable":true,"href":"https:\/\/www.rri.ro\/es\/wp-json\/wp\/v2\/tags?post=960805"},{"taxonomy":"author","embeddable":true,"href":"https:\/\/www.rri.ro\/es\/wp-json\/wp\/v2\/coauthors?post=960805"}],"curies":[{"name":"wp","href":"https:\/\/api.w.org\/{rel}","templated":true}]}}