{"id":961269,"date":"2025-12-11T11:27:15","date_gmt":"2025-12-11T09:27:15","guid":{"rendered":"https:\/\/www.rri.ro\/?p=961269"},"modified":"2025-12-11T11:29:42","modified_gmt":"2025-12-11T09:29:42","slug":"personalidad-del-ano-2025-en-radio-rumania-internacional","status":"publish","type":"post","link":"https:\/\/www.rri.ro\/es\/informaciones-utiles\/anuncios\/personalidad-del-ano-2025-en-radio-rumania-internacional-id961269.html","title":{"rendered":"Personalidad del A\u00f1o 2025 en Radio Ruman\u00eda Internacional"},"content":{"rendered":"<p><span style=\"font-family: arial, helvetica, sans-serif;\">Queridos amigos: <\/span><\/p>\n<p><span style=\"font-family: arial, helvetica, sans-serif;\">El 2025 ha sido un a\u00f1o dif\u00edcil debido a la continuaci\u00f3n de la guerra desencadenada por Rusia en Ucrania, a los conflictos en Oriente Medio, pero tambi\u00e9n a los cambios clim\u00e1ticos que nos afectan a todos y a las cat\u00e1strofes naturales.<\/span><\/p>\n<p><span style=\"font-family: arial, helvetica, sans-serif;\">Por favor, decidan cu\u00e1les de las personalidades actuales han marcado de forma decisiva, en sentido positivo, el mundo este a\u00f1o. Nos estamos preparando para designar, bas\u00e1ndonos en sus opciones expresadas, a la <em>Personalidad del a\u00f1o 2025 en Radio Ruman\u00eda Internacional<\/em>. \u00bfQui\u00e9n podr\u00eda ser y, sobre todo, por qu\u00e9? \u00bfSer\u00e1 una personalidad conocida o alguien desconocido para el gran p\u00fablico, pero con una historia ejemplar? \u00a1La respuesta es suya, como siempre!<\/span><\/p>\n<p><span style=\"font-family: arial, helvetica, sans-serif;\">Esperamos sus propuestas, junto con su motivaci\u00f3n, lo antes posible por correo electr\u00f3nico a span@rri.ro, en nuestro perfil de Facebook o Instagram en forma de comentario, o bien mediante texto o audio por WhatsApp al 0040.744.312.650.<\/span><\/p>\n<p><span style=\"font-family: arial, helvetica, sans-serif;\">Anunciaremos qui\u00e9n es la <em>Personalidad del a\u00f1o 2025 en Radio Ruman\u00eda InternacionaI<\/em> en nuestros programas, as\u00ed como en l\u00ednea, el jueves 1 de enero de 2026.<\/span><\/p>\n","protected":false},"excerpt":{"rendered":"<p>Queridos amigos: El 2025 ha sido un a\u00f1o dif\u00edcil debido a la continuaci\u00f3n de la guerra desencadenada por Rusia en Ucrania, a los conflictos en Oriente Medio, pero tambi\u00e9n a los cambios clim\u00e1ticos que nos afectan a todos y a las cat\u00e1strofes naturales. Por favor, decidan cu\u00e1les de las personalidades actuales han marcado de forma [&hellip;]<\/p>\n","protected":false},"author":28,"featured_media":528534,"comment_status":"closed","ping_status":"closed","sticky":false,"template":"","format":"standard","meta":{"_acf_changed":false,"footnotes":""},"categories":[49418],"tags":[113080,160262,49079,174530,154539,49096,149291,171436,49417,147384,134235,181997],"coauthors":[115205],"class_list":["post-961269","post","type-post","status-publish","format-standard","has-post-thumbnail","hentry","category-anuncios","tag-oriente-medio","tag-160262","tag-cambio-climatico","tag-catastrofes-naturales","tag-guerra-en-ucrania","tag-personalidad-del-ano","tag-personalidades","tag-propuestas","tag-radio-rumania-internacional","tag-redes-sociales","tag-rusia-es","tag-whatsapp-es"],"acf":[],"yoast_head":"<!-- This site is optimized with the Yoast SEO plugin v27.5 - https:\/\/yoast.com\/product\/yoast-seo-wordpress\/ -->\n<title>Personalidad del A\u00f1o 2025 en Radio Ruman\u00eda Internacional - Radio Ruman\u00eda Internacional<\/title>\n<meta name=\"robots\" content=\"index, follow, max-snippet:-1, max-image-preview:large, max-video-preview:-1\" \/>\n<link rel=\"canonical\" href=\"https:\/\/www.rri.ro\/es\/informaciones-utiles\/anuncios\/personalidad-del-ano-2025-en-radio-rumania-internacional-id961269.html\" \/>\n<meta property=\"og:locale\" content=\"es_ES\" \/>\n<meta property=\"og:type\" content=\"article\" \/>\n<meta property=\"og:title\" content=\"Personalidad del A\u00f1o 2025 en Radio Ruman\u00eda Internacional - Radio Ruman\u00eda Internacional\" \/>\n<meta property=\"og:description\" content=\"Queridos amigos: El 2025 ha sido un a\u00f1o dif\u00edcil debido a la continuaci\u00f3n de la guerra desencadenada por Rusia en Ucrania, a los conflictos en Oriente Medio, pero tambi\u00e9n a los cambios clim\u00e1ticos que nos afectan a todos y a las cat\u00e1strofes naturales. Por favor, decidan cu\u00e1les de las personalidades actuales han marcado de forma [&hellip;]\" \/>\n<meta property=\"og:url\" content=\"https:\/\/www.rri.ro\/es\/informaciones-utiles\/anuncios\/personalidad-del-ano-2025-en-radio-rumania-internacional-id961269.html\" \/>\n<meta property=\"og:site_name\" content=\"Radio Ruman\u00eda Internacional\" \/>\n<meta property=\"article:published_time\" content=\"2025-12-11T09:27:15+00:00\" \/>\n<meta property=\"article:modified_time\" content=\"2025-12-11T09:29:42+00:00\" \/>\n<meta property=\"og:image\" content=\"https:\/\/www.rri.ro\/wp-content\/uploads\/2023\/10\/omul-anului-2.jpg\" \/>\n\t<meta property=\"og:image:width\" content=\"640\" \/>\n\t<meta property=\"og:image:height\" content=\"480\" \/>\n\t<meta property=\"og:image:type\" content=\"image\/jpeg\" \/>\n<meta name=\"author\" content=\"Eugen Cojocariu\" \/>\n<meta name=\"twitter:card\" content=\"summary_large_image\" \/>\n<meta name=\"twitter:label1\" content=\"Escrito por\" \/>\n\t<meta name=\"twitter:data1\" content=\"Eugen Cojocariu\" \/>\n\t<meta name=\"twitter:label2\" content=\"Tiempo de lectura\" \/>\n\t<meta name=\"twitter:data2\" content=\"1 minuto\" \/>\n\t<meta name=\"twitter:label3\" content=\"Written by\" \/>\n\t<meta name=\"twitter:data3\" content=\"Eugen Cojocariu\" \/>\n<script type=\"application\/ld+json\" class=\"yoast-schema-graph\">{\"@context\":\"https:\\\/\\\/schema.org\",\"@graph\":[{\"@type\":\"Article\",\"@id\":\"https:\\\/\\\/www.rri.ro\\\/es\\\/informaciones-utiles\\\/anuncios\\\/personalidad-del-ano-2025-en-radio-rumania-internacional-id961269.html#article\",\"isPartOf\":{\"@id\":\"https:\\\/\\\/www.rri.ro\\\/es\\\/informaciones-utiles\\\/anuncios\\\/personalidad-del-ano-2025-en-radio-rumania-internacional-id961269.html\"},\"author\":{\"name\":\"Eugen Cojocariu\",\"@id\":\"https:\\\/\\\/www.rri.ro\\\/#\\\/schema\\\/person\\\/7e1d12a0ddf50bb2d58f812a617e5eaa\"},\"headline\":\"Personalidad del A\u00f1o 2025 en Radio Ruman\u00eda Internacional\",\"datePublished\":\"2025-12-11T09:27:15+00:00\",\"dateModified\":\"2025-12-11T09:29:42+00:00\",\"mainEntityOfPage\":{\"@id\":\"https:\\\/\\\/www.rri.ro\\\/es\\\/informaciones-utiles\\\/anuncios\\\/personalidad-del-ano-2025-en-radio-rumania-internacional-id961269.html\"},\"wordCount\":200,\"image\":{\"@id\":\"https:\\\/\\\/www.rri.ro\\\/es\\\/informaciones-utiles\\\/anuncios\\\/personalidad-del-ano-2025-en-radio-rumania-internacional-id961269.html#primaryimage\"},\"thumbnailUrl\":\"https:\\\/\\\/www.rri.ro\\\/wp-content\\\/uploads\\\/2023\\\/10\\\/omul-anului-2.jpg\",\"keywords\":[\"&#013; Oriente Medio\",\"2025\",\"cambio clim\u00e1tico\",\"cat\u00e1strofes naturales\",\"guerra en Ucrania\",\"Personalidad del a\u00f1o\",\"personalidades\",\"propuestas\",\"Radio Ruman\u00eda Internacional\",\"redes sociales\",\"Rusia\",\"WhatsApp\"],\"articleSection\":[\"Anuncios\"],\"inLanguage\":\"es\"},{\"@type\":\"WebPage\",\"@id\":\"https:\\\/\\\/www.rri.ro\\\/es\\\/informaciones-utiles\\\/anuncios\\\/personalidad-del-ano-2025-en-radio-rumania-internacional-id961269.html\",\"url\":\"https:\\\/\\\/www.rri.ro\\\/es\\\/informaciones-utiles\\\/anuncios\\\/personalidad-del-ano-2025-en-radio-rumania-internacional-id961269.html\",\"name\":\"Personalidad del A\u00f1o 2025 en Radio Ruman\u00eda Internacional - Radio Ruman\u00eda Internacional\",\"isPartOf\":{\"@id\":\"https:\\\/\\\/www.rri.ro\\\/#website\"},\"primaryImageOfPage\":{\"@id\":\"https:\\\/\\\/www.rri.ro\\\/es\\\/informaciones-utiles\\\/anuncios\\\/personalidad-del-ano-2025-en-radio-rumania-internacional-id961269.html#primaryimage\"},\"image\":{\"@id\":\"https:\\\/\\\/www.rri.ro\\\/es\\\/informaciones-utiles\\\/anuncios\\\/personalidad-del-ano-2025-en-radio-rumania-internacional-id961269.html#primaryimage\"},\"thumbnailUrl\":\"https:\\\/\\\/www.rri.ro\\\/wp-content\\\/uploads\\\/2023\\\/10\\\/omul-anului-2.jpg\",\"datePublished\":\"2025-12-11T09:27:15+00:00\",\"dateModified\":\"2025-12-11T09:29:42+00:00\",\"author\":{\"@id\":\"https:\\\/\\\/www.rri.ro\\\/#\\\/schema\\\/person\\\/7e1d12a0ddf50bb2d58f812a617e5eaa\"},\"breadcrumb\":{\"@id\":\"https:\\\/\\\/www.rri.ro\\\/es\\\/informaciones-utiles\\\/anuncios\\\/personalidad-del-ano-2025-en-radio-rumania-internacional-id961269.html#breadcrumb\"},\"inLanguage\":\"es\",\"potentialAction\":[{\"@type\":\"ReadAction\",\"target\":[\"https:\\\/\\\/www.rri.ro\\\/es\\\/informaciones-utiles\\\/anuncios\\\/personalidad-del-ano-2025-en-radio-rumania-internacional-id961269.html\"]}]},{\"@type\":\"ImageObject\",\"inLanguage\":\"es\",\"@id\":\"https:\\\/\\\/www.rri.ro\\\/es\\\/informaciones-utiles\\\/anuncios\\\/personalidad-del-ano-2025-en-radio-rumania-internacional-id961269.html#primaryimage\",\"url\":\"https:\\\/\\\/www.rri.ro\\\/wp-content\\\/uploads\\\/2023\\\/10\\\/omul-anului-2.jpg\",\"contentUrl\":\"https:\\\/\\\/www.rri.ro\\\/wp-content\\\/uploads\\\/2023\\\/10\\\/omul-anului-2.jpg\",\"width\":640,\"height\":480},{\"@type\":\"BreadcrumbList\",\"@id\":\"https:\\\/\\\/www.rri.ro\\\/es\\\/informaciones-utiles\\\/anuncios\\\/personalidad-del-ano-2025-en-radio-rumania-internacional-id961269.html#breadcrumb\",\"itemListElement\":[{\"@type\":\"ListItem\",\"position\":1,\"name\":\"P\u00e1gina de inicio\",\"item\":\"https:\\\/\\\/www.rri.ro\\\/es\"},{\"@type\":\"ListItem\",\"position\":2,\"name\":\"Informaciones \u00fatiles\",\"item\":\"https:\\\/\\\/www.rri.ro\\\/es\\\/informaciones-utiles\"},{\"@type\":\"ListItem\",\"position\":3,\"name\":\"Anuncios\",\"item\":\"https:\\\/\\\/www.rri.ro\\\/es\\\/informaciones-utiles\\\/anuncios\"},{\"@type\":\"ListItem\",\"position\":4,\"name\":\"Personalidad del A\u00f1o 2025 en Radio Ruman\u00eda Internacional\"}]},{\"@type\":\"WebSite\",\"@id\":\"https:\\\/\\\/www.rri.ro\\\/#website\",\"url\":\"https:\\\/\\\/www.rri.ro\\\/\",\"name\":\"Radio Ruman\u00eda Internacional\",\"description\":\"Totul despre Rom\u00e2nia \u015fi rom\u00e2ni, \u00een 13 limbi\\\/dialecte!\",\"inLanguage\":\"es\"},{\"@type\":\"Person\",\"@id\":\"https:\\\/\\\/www.rri.ro\\\/#\\\/schema\\\/person\\\/7e1d12a0ddf50bb2d58f812a617e5eaa\",\"name\":\"Eugen Cojocariu\",\"url\":\"https:\\\/\\\/www.rri.ro\\\/es\\\/author\\\/eugen-cojocariu\"}]}<\/script>\n<!-- \/ Yoast SEO plugin. -->","yoast_head_json":{"title":"Personalidad del A\u00f1o 2025 en Radio Ruman\u00eda Internacional - Radio Ruman\u00eda Internacional","robots":{"index":"index","follow":"follow","max-snippet":"max-snippet:-1","max-image-preview":"max-image-preview:large","max-video-preview":"max-video-preview:-1"},"canonical":"https:\/\/www.rri.ro\/es\/informaciones-utiles\/anuncios\/personalidad-del-ano-2025-en-radio-rumania-internacional-id961269.html","og_locale":"es_ES","og_type":"article","og_title":"Personalidad del A\u00f1o 2025 en Radio Ruman\u00eda Internacional - Radio Ruman\u00eda Internacional","og_description":"Queridos amigos: El 2025 ha sido un a\u00f1o dif\u00edcil debido a la continuaci\u00f3n de la guerra desencadenada por Rusia en Ucrania, a los conflictos en Oriente Medio, pero tambi\u00e9n a los cambios clim\u00e1ticos que nos afectan a todos y a las cat\u00e1strofes naturales. Por favor, decidan cu\u00e1les de las personalidades actuales han marcado de forma [&hellip;]","og_url":"https:\/\/www.rri.ro\/es\/informaciones-utiles\/anuncios\/personalidad-del-ano-2025-en-radio-rumania-internacional-id961269.html","og_site_name":"Radio Ruman\u00eda Internacional","article_published_time":"2025-12-11T09:27:15+00:00","article_modified_time":"2025-12-11T09:29:42+00:00","og_image":[{"width":640,"height":480,"url":"https:\/\/www.rri.ro\/wp-content\/uploads\/2023\/10\/omul-anului-2.jpg","type":"image\/jpeg"}],"author":"Eugen Cojocariu","twitter_card":"summary_large_image","twitter_misc":{"Escrito por":"Eugen Cojocariu","Tiempo de lectura":"1 minuto","Written by":"Eugen Cojocariu"},"schema":{"@context":"https:\/\/schema.org","@graph":[{"@type":"Article","@id":"https:\/\/www.rri.ro\/es\/informaciones-utiles\/anuncios\/personalidad-del-ano-2025-en-radio-rumania-internacional-id961269.html#article","isPartOf":{"@id":"https:\/\/www.rri.ro\/es\/informaciones-utiles\/anuncios\/personalidad-del-ano-2025-en-radio-rumania-internacional-id961269.html"},"author":{"name":"Eugen Cojocariu","@id":"https:\/\/www.rri.ro\/#\/schema\/person\/7e1d12a0ddf50bb2d58f812a617e5eaa"},"headline":"Personalidad del A\u00f1o 2025 en Radio Ruman\u00eda Internacional","datePublished":"2025-12-11T09:27:15+00:00","dateModified":"2025-12-11T09:29:42+00:00","mainEntityOfPage":{"@id":"https:\/\/www.rri.ro\/es\/informaciones-utiles\/anuncios\/personalidad-del-ano-2025-en-radio-rumania-internacional-id961269.html"},"wordCount":200,"image":{"@id":"https:\/\/www.rri.ro\/es\/informaciones-utiles\/anuncios\/personalidad-del-ano-2025-en-radio-rumania-internacional-id961269.html#primaryimage"},"thumbnailUrl":"https:\/\/www.rri.ro\/wp-content\/uploads\/2023\/10\/omul-anului-2.jpg","keywords":["&#013; Oriente Medio","2025","cambio clim\u00e1tico","cat\u00e1strofes naturales","guerra en Ucrania","Personalidad del a\u00f1o","personalidades","propuestas","Radio Ruman\u00eda Internacional","redes sociales","Rusia","WhatsApp"],"articleSection":["Anuncios"],"inLanguage":"es"},{"@type":"WebPage","@id":"https:\/\/www.rri.ro\/es\/informaciones-utiles\/anuncios\/personalidad-del-ano-2025-en-radio-rumania-internacional-id961269.html","url":"https:\/\/www.rri.ro\/es\/informaciones-utiles\/anuncios\/personalidad-del-ano-2025-en-radio-rumania-internacional-id961269.html","name":"Personalidad del A\u00f1o 2025 en Radio Ruman\u00eda Internacional - Radio Ruman\u00eda Internacional","isPartOf":{"@id":"https:\/\/www.rri.ro\/#website"},"primaryImageOfPage":{"@id":"https:\/\/www.rri.ro\/es\/informaciones-utiles\/anuncios\/personalidad-del-ano-2025-en-radio-rumania-internacional-id961269.html#primaryimage"},"image":{"@id":"https:\/\/www.rri.ro\/es\/informaciones-utiles\/anuncios\/personalidad-del-ano-2025-en-radio-rumania-internacional-id961269.html#primaryimage"},"thumbnailUrl":"https:\/\/www.rri.ro\/wp-content\/uploads\/2023\/10\/omul-anului-2.jpg","datePublished":"2025-12-11T09:27:15+00:00","dateModified":"2025-12-11T09:29:42+00:00","author":{"@id":"https:\/\/www.rri.ro\/#\/schema\/person\/7e1d12a0ddf50bb2d58f812a617e5eaa"},"breadcrumb":{"@id":"https:\/\/www.rri.ro\/es\/informaciones-utiles\/anuncios\/personalidad-del-ano-2025-en-radio-rumania-internacional-id961269.html#breadcrumb"},"inLanguage":"es","potentialAction":[{"@type":"ReadAction","target":["https:\/\/www.rri.ro\/es\/informaciones-utiles\/anuncios\/personalidad-del-ano-2025-en-radio-rumania-internacional-id961269.html"]}]},{"@type":"ImageObject","inLanguage":"es","@id":"https:\/\/www.rri.ro\/es\/informaciones-utiles\/anuncios\/personalidad-del-ano-2025-en-radio-rumania-internacional-id961269.html#primaryimage","url":"https:\/\/www.rri.ro\/wp-content\/uploads\/2023\/10\/omul-anului-2.jpg","contentUrl":"https:\/\/www.rri.ro\/wp-content\/uploads\/2023\/10\/omul-anului-2.jpg","width":640,"height":480},{"@type":"BreadcrumbList","@id":"https:\/\/www.rri.ro\/es\/informaciones-utiles\/anuncios\/personalidad-del-ano-2025-en-radio-rumania-internacional-id961269.html#breadcrumb","itemListElement":[{"@type":"ListItem","position":1,"name":"P\u00e1gina de inicio","item":"https:\/\/www.rri.ro\/es"},{"@type":"ListItem","position":2,"name":"Informaciones \u00fatiles","item":"https:\/\/www.rri.ro\/es\/informaciones-utiles"},{"@type":"ListItem","position":3,"name":"Anuncios","item":"https:\/\/www.rri.ro\/es\/informaciones-utiles\/anuncios"},{"@type":"ListItem","position":4,"name":"Personalidad del A\u00f1o 2025 en Radio Ruman\u00eda Internacional"}]},{"@type":"WebSite","@id":"https:\/\/www.rri.ro\/#website","url":"https:\/\/www.rri.ro\/","name":"Radio Ruman\u00eda Internacional","description":"Totul despre Rom\u00e2nia \u015fi rom\u00e2ni, \u00een 13 limbi\/dialecte!","inLanguage":"es"},{"@type":"Person","@id":"https:\/\/www.rri.ro\/#\/schema\/person\/7e1d12a0ddf50bb2d58f812a617e5eaa","name":"Eugen Cojocariu","url":"https:\/\/www.rri.ro\/es\/author\/eugen-cojocariu"}]}},"_links":{"self":[{"href":"https:\/\/www.rri.ro\/es\/wp-json\/wp\/v2\/posts\/961269","targetHints":{"allow":["GET"]}}],"collection":[{"href":"https:\/\/www.rri.ro\/es\/wp-json\/wp\/v2\/posts"}],"about":[{"href":"https:\/\/www.rri.ro\/es\/wp-json\/wp\/v2\/types\/post"}],"author":[{"embeddable":true,"href":"https:\/\/www.rri.ro\/es\/wp-json\/wp\/v2\/users\/28"}],"replies":[{"embeddable":true,"href":"https:\/\/www.rri.ro\/es\/wp-json\/wp\/v2\/comments?post=961269"}],"version-history":[{"count":0,"href":"https:\/\/www.rri.ro\/es\/wp-json\/wp\/v2\/posts\/961269\/revisions"}],"wp:featuredmedia":[{"embeddable":true,"href":"https:\/\/www.rri.ro\/es\/wp-json\/wp\/v2\/media\/528534"}],"wp:attachment":[{"href":"https:\/\/www.rri.ro\/es\/wp-json\/wp\/v2\/media?parent=961269"}],"wp:term":[{"taxonomy":"category","embeddable":true,"href":"https:\/\/www.rri.ro\/es\/wp-json\/wp\/v2\/categories?post=961269"},{"taxonomy":"post_tag","embeddable":true,"href":"https:\/\/www.rri.ro\/es\/wp-json\/wp\/v2\/tags?post=961269"},{"taxonomy":"author","embeddable":true,"href":"https:\/\/www.rri.ro\/es\/wp-json\/wp\/v2\/coauthors?post=961269"}],"curies":[{"name":"wp","href":"https:\/\/api.w.org\/{rel}","templated":true}]}}