{"id":961373,"date":"2025-12-11T15:28:38","date_gmt":"2025-12-11T13:28:38","guid":{"rendered":"https:\/\/www.rri.ro\/?p=961373"},"modified":"2025-12-11T15:28:38","modified_gmt":"2025-12-11T13:28:38","slug":"vacaciones-de-invierno-en-craiova","status":"publish","type":"post","link":"https:\/\/www.rri.ro\/es\/cronica-semanal\/radio-revista-turistica\/vacaciones-de-invierno-en-craiova-id961373.html","title":{"rendered":"Vacaciones de invierno en Craiova"},"content":{"rendered":"<p>Situada en el suroeste de Ruman\u00eda, la ciudad de Craiova consolida su posici\u00f3n en el mapa tur\u00edstico europeo gracias a una compleja estrategia que la transforma, durante el invierno, en un aut\u00e9ntico centro de atracci\u00f3n internacional. M\u00e1s all\u00e1 de la simple decoraci\u00f3n festiva, las autoridades locales han apostado por una reinvenci\u00f3n anual del espacio urbano, ofreciendo a los visitantes experiencias visuales distintas seg\u00fan la zona explorada.<br \/>\nEste enfoque escenogr\u00e1fico transforma las plazas centrales y los edificios hist\u00f3ricos en entornos vivos, adaptados para todas las edades, desde los m\u00e1s peque\u00f1os, fascinados por las historias, hasta los adultos que buscan encuadres fotogr\u00e1ficos espectaculares. Marina Andronache, jefa del Servicio de Imagen del Ayuntamiento de Craiova, nos detalla el esfuerzo log\u00edstico y creativo de la organizaci\u00f3n, as\u00ed como los nuevos conceptos visuales implementados. <\/p>\n<blockquote><p>\u00abComo siempre, cada a\u00f1o cambiamos el concepto, la tem\u00e1tica, el dise\u00f1o y la forma de colocar las decoraciones luminosas; creamos cosas nuevas, con proyectos \u00fanicos. Junto a nosotros, tambi\u00e9n hay artistas locales que han creado casetas \u00fanicas y todas esas decoraciones y accesorios que se colocan ah\u00ed, pero tambi\u00e9n en los edificios del centro de la ciudad. Por supuesto, tambi\u00e9n contamos con un nuevo dise\u00f1o, cuyo tema principal es \u00abEl Cascanueces\u00bb. Este se encontrar\u00e1 en la plaza Mihai Viteazul, pero tambi\u00e9n en la calle A.I. Cuza y en nuestros edificios m\u00e1s bellos e imponentes del centro. En otra plaza, en Doljana, tendremos una tem\u00e1tica diferente. All\u00ed tendremos nuevas casetas, dise\u00f1adas por Gabriel Rizea y sus colaboradores. La tem\u00e1tica es \u00abCarrusel de Navidad\u00bb. Son casetas absolutamente espectaculares que te transportar\u00e1n a un mundo de cuento de hadas. En el centro hist\u00f3rico, plaza Fra\u021bii Buze\u0219ti, tenemos otra tem\u00e1tica: la Navidad tradicional, con todos los edificios y decoraciones de esa zona. Habr\u00e1 decoraciones para todas las edades. Y todos querr\u00e1n sacarse una foto all\u00ed, sobre todo por la lluvia de luces y decoraciones brillantes. Hay t\u00faneles espectaculares que, en cada edici\u00f3n, han llegado a todo el mundo y todos quer\u00edan sacarse fotos all\u00ed.\u201d<\/p><\/blockquote>\n<p>Adem\u00e1s de la diversidad tem\u00e1tica de los escenarios, un punto fuerte de la edici\u00f3n actual es la integraci\u00f3n de tecnolog\u00eda avanzada y elementos de entretenimiento interactivo. Los organizadores entendieron que el p\u00fablico joven y los adolescentes buscan experiencias inmersivas, por lo que el \u00e1rea del Teatro Nacional se dedic\u00f3 a la realidad virtual y el entretenimiento. Adem\u00e1s, el espect\u00e1culo visual en la plaza central se perfeccion\u00f3 mediante soluciones t\u00e9cnicas innovadoras, \u00fanicas en Ruman\u00eda, dise\u00f1adas para garantizar una aut\u00e9ntica atm\u00f3sfera invernal, independientemente de las condiciones clim\u00e1ticas, sincronizando efectos especiales con m\u00fasica cl\u00e1sica y coreograf\u00eda. Marina Andronache explica con m\u00e1s detalle las sorpresas tecnol\u00f3gicas y art\u00edsticas que esperan a los turistas en las plazas William Shakespeare y Mihai Viteazul de Craiova.<\/p>\n<blockquote><p>\u00abEncontramos otra tem\u00e1tica en el Teatro Nacional, en la explanada de la plaza William Shakespeare, donde se encuentra La tierra de Pap\u00e1 Noel, con todo tipo de atracciones para los m\u00e1s peque\u00f1os, como la noria. Tenemos un carrusel, un trenecito y muchas otras atracciones para j\u00f3venes, padres y abuelos. Tambi\u00e9n tenemos pel\u00edculas de realidad virtual para adolescentes. Hay una zona especial para ellos, con tem\u00e1tica navide\u00f1a. La pista de hielo en la plaza Mihai Viteazul y, por supuesto, no podemos olvidar la atracci\u00f3n m\u00e1s importante del a\u00f1o pasado y de este a\u00f1o, el Trineo volador de Pap\u00e1 Noel. Y este a\u00f1o, en Craiova, en la plaza Mihai Viteazul. Cabe mencionar que, esta vez, el trineo no llegar\u00e1 como tal, sino en un mundo m\u00e1gico de cuento de hadas, con copos de nieve, porque ver\u00e1n luces estrobosc\u00f3picas que esparcir\u00e1n copos de nieve por toda la plaza. B\u00e1sicamente, Pap\u00e1 Noel vendr\u00e1 todas las noches, a la misma hora, entre copos de nieve y con la m\u00fasica de la \u00f3pera de Chaikovski, El Cascanueces, y tambi\u00e9n con la ayuda de nuestras bailarinas de la \u00d3pera Rumana de Craiova. En cada ocasi\u00f3n, intentamos incluir proyectos tanto tradicionales como cl\u00e1sicos y futuristas, por supuesto con inteligencia artificial, con todo tipo de proyecciones en el Palacio Administrativo y muchas novedades. Adem\u00e1s, existe este proyecto \u00fanico, por primera vez en Ruman\u00eda, con esos estroboscopios que se instalan especialmente para dispersar la nieve a diario, y no solo dispersarla, sino incluso mantenerla en el aire.\u00bb<\/p><\/blockquote>\n<p>El reconocimiento internacional del evento, proveniente de prestigiosas publicaciones y confirmado por su presencia en ferias de turismo en las principales capitales europeas, genera un importante flujo tur\u00edstico, con un impacto directo en la econom\u00eda local. <\/p>\n<blockquote><p>\u00abSin duda, se han realizado reservas y sabemos, por agencias de viajes nacionales e internacionales, que los turistas han mostrado un especial inter\u00e9s desde marzo o abril. Vinieron a Craiova para reservar su plaza en la Feria de Navidad. Estamos muy contentos con la presencia de turistas; esperamos que haya la misma cantidad, los esperamos con gran cari\u00f1o y con muchas novedades. Este a\u00f1o esperamos que sean incluso m\u00e1s que el a\u00f1o pasado. El a\u00f1o pasado tuvimos aproximadamente dos millones de turistas que visitaron el Mercadillo de Navidad durante todo el periodo, ya que este a\u00f1o Forbes International nos design\u00f3 destino cultural europeo. Sin duda, la presencia de Craiova en las ferias internacionales de turismo de Berl\u00edn, Londres, Bulgaria o Serbia tambi\u00e9n ha atra\u00eddo a otros visitantes y agencias interesadas en la Feria de Navidad\u00bb.<\/p><\/blockquote>\n<p>La oferta tur\u00edstica se completa con museos y edificios administrativos que abren sus puertas al p\u00fablico, ofreciendo una mezcla de arte, historia y naturaleza. Se anima a los visitantes a seguir una ruta cultural que conecta la plaza Mihai Viteazul con los emblem\u00e1ticos parques y museos de la ciudad, que albergan tesoros nacionales, incluyendo las obras de Constantin Br\u00e2ncu\u0219i. Edificios administrativos como el Ayuntamiento o la Universidad tambi\u00e9n se convierten en atracciones tur\u00edsticas por derecho propio, revelando secretos del pasado financiero y legal de la ciudad. As\u00ed, Craiova demuestra este invierno que el turismo cultural y los eventos de entretenimiento pueden coexistir en armon\u00eda, ofreciendo a los visitantes una experiencia completa. M\u00e1s all\u00e1 del brillo de millones de luces y las innovaciones tecnol\u00f3gicas que traen nieve artificial a demanda, la ciudad revela con elegancia su verdadero tesoro: su patrimonio hist\u00f3rico. Ya sea que elija perderse entre las casetas tem\u00e1ticas de la plaza Mihai Viteazul, admirar la arquitectura de los edificios patrimoniales o explorar el universo art\u00edstico de Constantin Br\u00e2ncu\u0219i en el Museo de Arte, Craiova promete una experiencia memorable.<\/p>\n<p>(versi\u00f3n en espa\u00f1ol: Simona Sarbescu)<\/p>\n","protected":false},"excerpt":{"rendered":"<p>Situada en el suroeste de Ruman\u00eda, la ciudad de Craiova consolida su posici\u00f3n en el mapa tur\u00edstico europeo gracias a una compleja estrategia que la transforma, durante el invierno, en un aut\u00e9ntico centro de atracci\u00f3n internacional. M\u00e1s all\u00e1 de la simple decoraci\u00f3n festiva, las autoridades locales han apostado por una reinvenci\u00f3n anual del espacio urbano, [&hellip;]<\/p>\n","protected":false},"author":128,"featured_media":955832,"comment_status":"closed","ping_status":"closed","sticky":false,"template":"","format":"standard","meta":{"_acf_changed":false,"footnotes":""},"categories":[112392],"tags":[144273,182025,49286,48949,133792,112462,112596,157544],"coauthors":[113280],"class_list":["post-961373","post","type-post","status-publish","format-standard","has-post-thumbnail","hentry","category-radio-revista-turistica","tag-craiova-es","tag-marina-andronache","tag-navidad","tag-rumania","tag-turismo-es","tag-turismo-en-rumania","tag-vacaciones","tag-vacaciones-de-invierno"],"acf":[],"yoast_head":"<!-- This site is optimized with the Yoast SEO plugin v27.3 - https:\/\/yoast.com\/product\/yoast-seo-wordpress\/ -->\n<title>Vacaciones de invierno en Craiova - Radio Ruman\u00eda Internacional<\/title>\n<meta name=\"robots\" content=\"index, follow, max-snippet:-1, max-image-preview:large, max-video-preview:-1\" \/>\n<link rel=\"canonical\" href=\"https:\/\/www.rri.ro\/es\/cronica-semanal\/radio-revista-turistica\/vacaciones-de-invierno-en-craiova-id961373.html\" \/>\n<meta property=\"og:locale\" content=\"es_ES\" \/>\n<meta property=\"og:type\" content=\"article\" \/>\n<meta property=\"og:title\" content=\"Vacaciones de invierno en Craiova - Radio Ruman\u00eda Internacional\" \/>\n<meta property=\"og:description\" content=\"Situada en el suroeste de Ruman\u00eda, la ciudad de Craiova consolida su posici\u00f3n en el mapa tur\u00edstico europeo gracias a una compleja estrategia que la transforma, durante el invierno, en un aut\u00e9ntico centro de atracci\u00f3n internacional. M\u00e1s all\u00e1 de la simple decoraci\u00f3n festiva, las autoridades locales han apostado por una reinvenci\u00f3n anual del espacio urbano, [&hellip;]\" \/>\n<meta property=\"og:url\" content=\"https:\/\/www.rri.ro\/es\/cronica-semanal\/radio-revista-turistica\/vacaciones-de-invierno-en-craiova-id961373.html\" \/>\n<meta property=\"og:site_name\" content=\"Radio Ruman\u00eda Internacional\" \/>\n<meta property=\"article:published_time\" content=\"2025-12-11T13:28:38+00:00\" \/>\n<meta property=\"og:image\" content=\"https:\/\/www.rri.ro\/wp-content\/uploads\/2025\/11\/Targul-de-Craciun-de-la-Craiova-foto-Mariana-Chirita-RRI.jpg\" \/>\n\t<meta property=\"og:image:width\" content=\"1280\" \/>\n\t<meta property=\"og:image:height\" content=\"721\" \/>\n\t<meta property=\"og:image:type\" content=\"image\/jpeg\" \/>\n<meta name=\"author\" content=\"Daniel Onea\" \/>\n<meta name=\"twitter:card\" content=\"summary_large_image\" \/>\n<meta name=\"twitter:label1\" content=\"Escrito por\" \/>\n\t<meta name=\"twitter:data1\" content=\"Daniel Onea\" \/>\n\t<meta name=\"twitter:label2\" content=\"Tiempo de lectura\" \/>\n\t<meta name=\"twitter:data2\" content=\"6 minutos\" \/>\n\t<meta name=\"twitter:label3\" content=\"Written by\" \/>\n\t<meta name=\"twitter:data3\" content=\"Daniel Onea\" \/>\n<script type=\"application\/ld+json\" class=\"yoast-schema-graph\">{\"@context\":\"https:\\\/\\\/schema.org\",\"@graph\":[{\"@type\":\"Article\",\"@id\":\"https:\\\/\\\/www.rri.ro\\\/es\\\/cronica-semanal\\\/radio-revista-turistica\\\/vacaciones-de-invierno-en-craiova-id961373.html#article\",\"isPartOf\":{\"@id\":\"https:\\\/\\\/www.rri.ro\\\/es\\\/cronica-semanal\\\/radio-revista-turistica\\\/vacaciones-de-invierno-en-craiova-id961373.html\"},\"author\":{\"name\":\"Daniel Onea\",\"@id\":\"https:\\\/\\\/www.rri.ro\\\/#\\\/schema\\\/person\\\/fcce42c208d45f30f5b054b64bc1e0df\"},\"headline\":\"Vacaciones de invierno en Craiova\",\"datePublished\":\"2025-12-11T13:28:38+00:00\",\"mainEntityOfPage\":{\"@id\":\"https:\\\/\\\/www.rri.ro\\\/es\\\/cronica-semanal\\\/radio-revista-turistica\\\/vacaciones-de-invierno-en-craiova-id961373.html\"},\"wordCount\":1166,\"image\":{\"@id\":\"https:\\\/\\\/www.rri.ro\\\/es\\\/cronica-semanal\\\/radio-revista-turistica\\\/vacaciones-de-invierno-en-craiova-id961373.html#primaryimage\"},\"thumbnailUrl\":\"https:\\\/\\\/www.rri.ro\\\/wp-content\\\/uploads\\\/2025\\\/11\\\/Targul-de-Craciun-de-la-Craiova-foto-Mariana-Chirita-RRI.jpg\",\"keywords\":[\"Craiova\",\"Marina Andronache\",\"Navidad\",\"Rumania\",\"turismo\",\"Turismo en Rumania\",\"vacaciones\",\"vacaciones de invierno\"],\"articleSection\":[\"Radio Revista Tur\u00edstica\"],\"inLanguage\":\"es\"},{\"@type\":\"WebPage\",\"@id\":\"https:\\\/\\\/www.rri.ro\\\/es\\\/cronica-semanal\\\/radio-revista-turistica\\\/vacaciones-de-invierno-en-craiova-id961373.html\",\"url\":\"https:\\\/\\\/www.rri.ro\\\/es\\\/cronica-semanal\\\/radio-revista-turistica\\\/vacaciones-de-invierno-en-craiova-id961373.html\",\"name\":\"Vacaciones de invierno en Craiova - Radio Ruman\u00eda Internacional\",\"isPartOf\":{\"@id\":\"https:\\\/\\\/www.rri.ro\\\/#website\"},\"primaryImageOfPage\":{\"@id\":\"https:\\\/\\\/www.rri.ro\\\/es\\\/cronica-semanal\\\/radio-revista-turistica\\\/vacaciones-de-invierno-en-craiova-id961373.html#primaryimage\"},\"image\":{\"@id\":\"https:\\\/\\\/www.rri.ro\\\/es\\\/cronica-semanal\\\/radio-revista-turistica\\\/vacaciones-de-invierno-en-craiova-id961373.html#primaryimage\"},\"thumbnailUrl\":\"https:\\\/\\\/www.rri.ro\\\/wp-content\\\/uploads\\\/2025\\\/11\\\/Targul-de-Craciun-de-la-Craiova-foto-Mariana-Chirita-RRI.jpg\",\"datePublished\":\"2025-12-11T13:28:38+00:00\",\"author\":{\"@id\":\"https:\\\/\\\/www.rri.ro\\\/#\\\/schema\\\/person\\\/fcce42c208d45f30f5b054b64bc1e0df\"},\"breadcrumb\":{\"@id\":\"https:\\\/\\\/www.rri.ro\\\/es\\\/cronica-semanal\\\/radio-revista-turistica\\\/vacaciones-de-invierno-en-craiova-id961373.html#breadcrumb\"},\"inLanguage\":\"es\",\"potentialAction\":[{\"@type\":\"ReadAction\",\"target\":[\"https:\\\/\\\/www.rri.ro\\\/es\\\/cronica-semanal\\\/radio-revista-turistica\\\/vacaciones-de-invierno-en-craiova-id961373.html\"]}]},{\"@type\":\"ImageObject\",\"inLanguage\":\"es\",\"@id\":\"https:\\\/\\\/www.rri.ro\\\/es\\\/cronica-semanal\\\/radio-revista-turistica\\\/vacaciones-de-invierno-en-craiova-id961373.html#primaryimage\",\"url\":\"https:\\\/\\\/www.rri.ro\\\/wp-content\\\/uploads\\\/2025\\\/11\\\/Targul-de-Craciun-de-la-Craiova-foto-Mariana-Chirita-RRI.jpg\",\"contentUrl\":\"https:\\\/\\\/www.rri.ro\\\/wp-content\\\/uploads\\\/2025\\\/11\\\/Targul-de-Craciun-de-la-Craiova-foto-Mariana-Chirita-RRI.jpg\",\"width\":1280,\"height\":721,\"caption\":\"T\u0103rgul de Cr\u0103ciun de la Craiova (foto: Mariana Chiri\u0163\u0103\\\/RRI)\"},{\"@type\":\"BreadcrumbList\",\"@id\":\"https:\\\/\\\/www.rri.ro\\\/es\\\/cronica-semanal\\\/radio-revista-turistica\\\/vacaciones-de-invierno-en-craiova-id961373.html#breadcrumb\",\"itemListElement\":[{\"@type\":\"ListItem\",\"position\":1,\"name\":\"P\u00e1gina de inicio\",\"item\":\"https:\\\/\\\/www.rri.ro\\\/es\"},{\"@type\":\"ListItem\",\"position\":2,\"name\":\"Cr\u00f3nica semanal\",\"item\":\"https:\\\/\\\/www.rri.ro\\\/es\\\/cronica-semanal\"},{\"@type\":\"ListItem\",\"position\":3,\"name\":\"Radio Revista Tur\u00edstica\",\"item\":\"https:\\\/\\\/www.rri.ro\\\/es\\\/cronica-semanal\\\/radio-revista-turistica\"},{\"@type\":\"ListItem\",\"position\":4,\"name\":\"Vacaciones de invierno en Craiova\"}]},{\"@type\":\"WebSite\",\"@id\":\"https:\\\/\\\/www.rri.ro\\\/#website\",\"url\":\"https:\\\/\\\/www.rri.ro\\\/\",\"name\":\"Radio Ruman\u00eda Internacional\",\"description\":\"Totul despre Rom\u00e2nia \u015fi rom\u00e2ni, \u00een 13 limbi\\\/dialecte!\",\"inLanguage\":\"es\"},{\"@type\":\"Person\",\"@id\":\"https:\\\/\\\/www.rri.ro\\\/#\\\/schema\\\/person\\\/fcce42c208d45f30f5b054b64bc1e0df\",\"name\":\"Daniel Onea\",\"url\":\"https:\\\/\\\/www.rri.ro\\\/es\\\/author\\\/daniel-onea\"}]}<\/script>\n<!-- \/ Yoast SEO plugin. -->","yoast_head_json":{"title":"Vacaciones de invierno en Craiova - Radio Ruman\u00eda Internacional","robots":{"index":"index","follow":"follow","max-snippet":"max-snippet:-1","max-image-preview":"max-image-preview:large","max-video-preview":"max-video-preview:-1"},"canonical":"https:\/\/www.rri.ro\/es\/cronica-semanal\/radio-revista-turistica\/vacaciones-de-invierno-en-craiova-id961373.html","og_locale":"es_ES","og_type":"article","og_title":"Vacaciones de invierno en Craiova - Radio Ruman\u00eda Internacional","og_description":"Situada en el suroeste de Ruman\u00eda, la ciudad de Craiova consolida su posici\u00f3n en el mapa tur\u00edstico europeo gracias a una compleja estrategia que la transforma, durante el invierno, en un aut\u00e9ntico centro de atracci\u00f3n internacional. M\u00e1s all\u00e1 de la simple decoraci\u00f3n festiva, las autoridades locales han apostado por una reinvenci\u00f3n anual del espacio urbano, [&hellip;]","og_url":"https:\/\/www.rri.ro\/es\/cronica-semanal\/radio-revista-turistica\/vacaciones-de-invierno-en-craiova-id961373.html","og_site_name":"Radio Ruman\u00eda Internacional","article_published_time":"2025-12-11T13:28:38+00:00","og_image":[{"width":1280,"height":721,"url":"https:\/\/www.rri.ro\/wp-content\/uploads\/2025\/11\/Targul-de-Craciun-de-la-Craiova-foto-Mariana-Chirita-RRI.jpg","type":"image\/jpeg"}],"author":"Daniel Onea","twitter_card":"summary_large_image","twitter_misc":{"Escrito por":"Daniel Onea","Tiempo de lectura":"6 minutos","Written by":"Daniel Onea"},"schema":{"@context":"https:\/\/schema.org","@graph":[{"@type":"Article","@id":"https:\/\/www.rri.ro\/es\/cronica-semanal\/radio-revista-turistica\/vacaciones-de-invierno-en-craiova-id961373.html#article","isPartOf":{"@id":"https:\/\/www.rri.ro\/es\/cronica-semanal\/radio-revista-turistica\/vacaciones-de-invierno-en-craiova-id961373.html"},"author":{"name":"Daniel Onea","@id":"https:\/\/www.rri.ro\/#\/schema\/person\/fcce42c208d45f30f5b054b64bc1e0df"},"headline":"Vacaciones de invierno en Craiova","datePublished":"2025-12-11T13:28:38+00:00","mainEntityOfPage":{"@id":"https:\/\/www.rri.ro\/es\/cronica-semanal\/radio-revista-turistica\/vacaciones-de-invierno-en-craiova-id961373.html"},"wordCount":1166,"image":{"@id":"https:\/\/www.rri.ro\/es\/cronica-semanal\/radio-revista-turistica\/vacaciones-de-invierno-en-craiova-id961373.html#primaryimage"},"thumbnailUrl":"https:\/\/www.rri.ro\/wp-content\/uploads\/2025\/11\/Targul-de-Craciun-de-la-Craiova-foto-Mariana-Chirita-RRI.jpg","keywords":["Craiova","Marina Andronache","Navidad","Rumania","turismo","Turismo en Rumania","vacaciones","vacaciones de invierno"],"articleSection":["Radio Revista Tur\u00edstica"],"inLanguage":"es"},{"@type":"WebPage","@id":"https:\/\/www.rri.ro\/es\/cronica-semanal\/radio-revista-turistica\/vacaciones-de-invierno-en-craiova-id961373.html","url":"https:\/\/www.rri.ro\/es\/cronica-semanal\/radio-revista-turistica\/vacaciones-de-invierno-en-craiova-id961373.html","name":"Vacaciones de invierno en Craiova - Radio Ruman\u00eda Internacional","isPartOf":{"@id":"https:\/\/www.rri.ro\/#website"},"primaryImageOfPage":{"@id":"https:\/\/www.rri.ro\/es\/cronica-semanal\/radio-revista-turistica\/vacaciones-de-invierno-en-craiova-id961373.html#primaryimage"},"image":{"@id":"https:\/\/www.rri.ro\/es\/cronica-semanal\/radio-revista-turistica\/vacaciones-de-invierno-en-craiova-id961373.html#primaryimage"},"thumbnailUrl":"https:\/\/www.rri.ro\/wp-content\/uploads\/2025\/11\/Targul-de-Craciun-de-la-Craiova-foto-Mariana-Chirita-RRI.jpg","datePublished":"2025-12-11T13:28:38+00:00","author":{"@id":"https:\/\/www.rri.ro\/#\/schema\/person\/fcce42c208d45f30f5b054b64bc1e0df"},"breadcrumb":{"@id":"https:\/\/www.rri.ro\/es\/cronica-semanal\/radio-revista-turistica\/vacaciones-de-invierno-en-craiova-id961373.html#breadcrumb"},"inLanguage":"es","potentialAction":[{"@type":"ReadAction","target":["https:\/\/www.rri.ro\/es\/cronica-semanal\/radio-revista-turistica\/vacaciones-de-invierno-en-craiova-id961373.html"]}]},{"@type":"ImageObject","inLanguage":"es","@id":"https:\/\/www.rri.ro\/es\/cronica-semanal\/radio-revista-turistica\/vacaciones-de-invierno-en-craiova-id961373.html#primaryimage","url":"https:\/\/www.rri.ro\/wp-content\/uploads\/2025\/11\/Targul-de-Craciun-de-la-Craiova-foto-Mariana-Chirita-RRI.jpg","contentUrl":"https:\/\/www.rri.ro\/wp-content\/uploads\/2025\/11\/Targul-de-Craciun-de-la-Craiova-foto-Mariana-Chirita-RRI.jpg","width":1280,"height":721,"caption":"T\u0103rgul de Cr\u0103ciun de la Craiova (foto: Mariana Chiri\u0163\u0103\/RRI)"},{"@type":"BreadcrumbList","@id":"https:\/\/www.rri.ro\/es\/cronica-semanal\/radio-revista-turistica\/vacaciones-de-invierno-en-craiova-id961373.html#breadcrumb","itemListElement":[{"@type":"ListItem","position":1,"name":"P\u00e1gina de inicio","item":"https:\/\/www.rri.ro\/es"},{"@type":"ListItem","position":2,"name":"Cr\u00f3nica semanal","item":"https:\/\/www.rri.ro\/es\/cronica-semanal"},{"@type":"ListItem","position":3,"name":"Radio Revista Tur\u00edstica","item":"https:\/\/www.rri.ro\/es\/cronica-semanal\/radio-revista-turistica"},{"@type":"ListItem","position":4,"name":"Vacaciones de invierno en Craiova"}]},{"@type":"WebSite","@id":"https:\/\/www.rri.ro\/#website","url":"https:\/\/www.rri.ro\/","name":"Radio Ruman\u00eda Internacional","description":"Totul despre Rom\u00e2nia \u015fi rom\u00e2ni, \u00een 13 limbi\/dialecte!","inLanguage":"es"},{"@type":"Person","@id":"https:\/\/www.rri.ro\/#\/schema\/person\/fcce42c208d45f30f5b054b64bc1e0df","name":"Daniel Onea","url":"https:\/\/www.rri.ro\/es\/author\/daniel-onea"}]}},"_links":{"self":[{"href":"https:\/\/www.rri.ro\/es\/wp-json\/wp\/v2\/posts\/961373","targetHints":{"allow":["GET"]}}],"collection":[{"href":"https:\/\/www.rri.ro\/es\/wp-json\/wp\/v2\/posts"}],"about":[{"href":"https:\/\/www.rri.ro\/es\/wp-json\/wp\/v2\/types\/post"}],"author":[{"embeddable":true,"href":"https:\/\/www.rri.ro\/es\/wp-json\/wp\/v2\/users\/128"}],"replies":[{"embeddable":true,"href":"https:\/\/www.rri.ro\/es\/wp-json\/wp\/v2\/comments?post=961373"}],"version-history":[{"count":0,"href":"https:\/\/www.rri.ro\/es\/wp-json\/wp\/v2\/posts\/961373\/revisions"}],"wp:featuredmedia":[{"embeddable":true,"href":"https:\/\/www.rri.ro\/es\/wp-json\/wp\/v2\/media\/955832"}],"wp:attachment":[{"href":"https:\/\/www.rri.ro\/es\/wp-json\/wp\/v2\/media?parent=961373"}],"wp:term":[{"taxonomy":"category","embeddable":true,"href":"https:\/\/www.rri.ro\/es\/wp-json\/wp\/v2\/categories?post=961373"},{"taxonomy":"post_tag","embeddable":true,"href":"https:\/\/www.rri.ro\/es\/wp-json\/wp\/v2\/tags?post=961373"},{"taxonomy":"author","embeddable":true,"href":"https:\/\/www.rri.ro\/es\/wp-json\/wp\/v2\/coauthors?post=961373"}],"curies":[{"name":"wp","href":"https:\/\/api.w.org\/{rel}","templated":true}]}}