{"id":975271,"date":"2026-01-26T13:30:17","date_gmt":"2026-01-26T11:30:17","guid":{"rendered":"https:\/\/www.rri.ro\/?p=975271"},"modified":"2026-01-26T13:34:13","modified_gmt":"2026-01-26T11:34:13","slug":"la-miscelanea-recuerdos-y-ecos-del-24-de-enero-de-1859","status":"publish","type":"post","link":"https:\/\/www.rri.ro\/es\/panorama-rumano\/de-todo-un-poco\/la-miscelanea-recuerdos-y-ecos-del-24-de-enero-de-1859-id975271.html","title":{"rendered":"La miscel\u00e1nea: Ecos y recuerdos del 24 de enero de 1859"},"content":{"rendered":"<p>En 1859, Europa viv\u00eda un per\u00edodo de cambios: movimientos liberales, reformas pol\u00edticas y la idea de naciones unidas comenzaba a tomar fuerza. Moldavia y Valaquia eran principados aut\u00f3nomos bajo influencia extranjera, pero compart\u00edan lengua, costumbres y aspiraciones de independencia. La uni\u00f3n se logr\u00f3 de manera estrat\u00e9gica, cuando los electores de ambos principados eligieron al mismo pr\u00edncipe, Alexandru Ioan Cuza, como l\u00edder com\u00fan. Lo interesante es que esta uni\u00f3n no se celebr\u00f3 de la misma manera en todo el pa\u00eds. En ciudades como Bucarest y Ia\u0219i, hubo celebraciones oficiales. Pero en los pueblos peque\u00f1os de Moldavia, la gente se enter\u00f3 de la noticia por medio de mensajeros o cuando sonaban las campanas de la iglesia. Esto caus\u00f3 una mezcla de sorpresa, felicidad y dudas.<\/p>\n<p>Cuando pensamos en la uni\u00f3n de 1859, normalmente imaginamos edificios grandes y monumentos en las ciudades importantes. Sin embargo, m\u00e1s all\u00e1 de los grandes monumentos y de los relatos oficiales, existen lugares y gestos discretos donde la historia de la Uni\u00f3n sigue viva de una manera especial. En el Monasterio de Neam\u021b, por ejemplo, la uni\u00f3n no fue solo un acontecimiento pol\u00edtico. Aqu\u00ed se conservan documentos que muestran c\u00f3mo los monjes segu\u00edan atentamente las noticias del momento y c\u00f3mo incorporaron la idea de la uni\u00f3n en oraciones dedicadas a la prosperidad de los nuevos principados. En Moldavia, espacios como el hist\u00f3rico Hanu Ancu\u021bei funcionaban como verdaderos centros de informaci\u00f3n. En esta antigua posada se reun\u00edan viajeros y comerciantes que compart\u00edan noticias pol\u00edticas y debat\u00edan sobre la elecci\u00f3n de Alexandru Ioan Cuza. Muchos de esos relatos han sobrevivido hasta hoy en la memoria oral de la regi\u00f3n. Tambi\u00e9n los antiguos caminos y puentes, construidos en el siglo XVIII, desempe\u00f1aron un papel esencial. Por ellos viajaban los emisarios que llevaban las noticias de Ia\u0219i a Bucarest.<\/p>\n<p>Hoy en d\u00eda, recorrer estas rutas nos permite acercarnos a un pasado que no siempre est\u00e1 a la vista, pero que es muy importante para entender c\u00f3mo se form\u00f3 la uni\u00f3n. Adem\u00e1s de los lugares que se pueden visitar, hay s\u00edmbolos muy simples, pero que tienen un gran significado. Por ejemplo, en muchas aldeas, el 24 de enero, las campanas de las iglesias suenan de una manera especial para recordar la uni\u00f3n espiritual de Valaquia y Moldavia. En algunas zonas rurales, las familias suelen preparar un pan especial para esta ocasi\u00f3n. Este pan est\u00e1 decorado con cosas que representan a ambos principados. Lo comparten en la mesa como un deseo de paz y prosperidad. Finalmente, la uni\u00f3n tambi\u00e9n vive en las historias transmitidas de generaci\u00f3n en generaci\u00f3n. En muchos hogares, la elecci\u00f3n de Cuza se mezcla con relatos de encuentros inesperados, decisiones valientes y peque\u00f1os milagros cotidianos, reflejando c\u00f3mo aquel momento hist\u00f3rico influy\u00f3 en la vida de la gente com\u00fan, mucho m\u00e1s all\u00e1 de la pol\u00edtica.<\/p>\n<p>Alexandru Ioan Cuza es recordado, ante todo, como el primer pr\u00edncipe de la uni\u00f3n de Moldavia y Valaquia. Sin embargo, m\u00e1s all\u00e1 de su papel pol\u00edtico, existe una dimensi\u00f3n humana y cotidiana que suele quedar en segundo plano. Cuza estaba profundamente interesado en modernizar el pa\u00eds, especialmente en los \u00e1mbitos de la educaci\u00f3n y la administraci\u00f3n. Por eso viajaba constantemente por pueblos y ciudades, visitando escuelas, inspeccionando caminos y observando el funcionamiento de los mercados. Era conocido por su sencillez. En Ia\u0219i, por ejemplo, sol\u00eda pasear por los mercados sin ninguna protecci\u00f3n. Hablaba directamente con los comerciantes y campesinos. Escuchaba sus problemas y preocupaciones antes de tomar decisiones importantes. Esto no era normal entre los l\u00edderes de su tiempo. Esta cercan\u00eda con la gente ayud\u00f3 a generar la confianza necesaria para un proyecto complicado como la uni\u00f3n. La elecci\u00f3n de Cuza en ambos principados al mismo tiempo fue, sin duda, una decisi\u00f3n pol\u00edtica inteligente. Pero tambi\u00e9n fue un acto de gran importancia para la historia. La uni\u00f3n se logr\u00f3 sin que hubiera peleas ni problemas graves, lo que es algo muy especial en la historia de Europa en el siglo XIX. Esto muestra que hablar y encontrar soluciones pac\u00edficas pueden cambiar el futuro de un pa\u00eds.<\/p>\n<p>Hoy en d\u00eda, la gente celebra la uni\u00f3n con desfiles y actos oficiales. Pero tambi\u00e9n lo hace de maneras m\u00e1s sencillas y verdaderas. En algunas aldeas, los j\u00f3venes caminan por las calles con antorchas y cantan canciones tradicionales. Esto recuerda c\u00f3mo la noticia de la uni\u00f3n se supo en todo el pa\u00eds, poco a poco. En las escuelas y museos, la gente se re\u00fane para leer cartas que escribieron personas que vivieron ese momento importante. Estas cartas expresan sentimientos, miedos y esperanzas verdaderos, m\u00e1s all\u00e1 de lo que se dice oficialmente. La comida tambi\u00e9n es especial en estos d\u00edas. En algunas partes del mundo, en enero, la gente prepara platos especiales que nos recuerdan la uni\u00f3n y la prosperidad. La comida es una forma de recordar juntos.<\/p>\n<p>Han pasado 167 a\u00f1os, pero para los rumanos, la uni\u00f3n es muy importante. Cuando Moldavia y Valaquia se unieron, crearon la Ruman\u00eda que conocemos hoy. Esto muestra que cuando trabajamos juntos y pensamos en el futuro, podemos lograr cosas que duran mucho tiempo. Cada 24 de enero, incluso en los pueblos m\u00e1s peque\u00f1os, las familias recuerdan historias de los antepasados que fueron testigos directos o indirectos de aquel acontecimiento. Las familias transmiten la memoria de este acontecimiento de generaci\u00f3n en generaci\u00f3n. Recorrer hoy los antiguos caminos, visitar monasterios apartados o simplemente escuchar los relatos locales nos recuerda que la historia no vive solo en los libros, sino tambi\u00e9n en los gestos cotidianos y en las tradiciones que mantienen viva la identidad de un pueblo.<\/p>\n<p>La uni\u00f3n de 1859 no se recuerda solo a trav\u00e9s de monumentos o ceremonias oficiales. Con el paso del tiempo, tambi\u00e9n se convirti\u00f3 en una fuente de inspiraci\u00f3n para artistas y escritores rumanos. Ya en el siglo XIX, pintores y grabadores representaron la uni\u00f3n en escenas de Bucarest y de Ia\u0219i, combinando la solemnidad del acontecimiento con aspectos de la vida cotidiana. Muchas de estas obras se conservan hoy en museos. La huella de la uni\u00f3n est\u00e1 presente tambi\u00e9n en la creaci\u00f3n popular. Se compusieron poemas y canciones que celebraban aquel momento hist\u00f3rico, y algunos todav\u00eda se interpretan en festivales rurales. Estas obras transmiten emociones, orgullo colectivo y esperanza, acercando la historia al coraz\u00f3n de la gente. En la literatura contempor\u00e1nea, varios autores han abordado la unificaci\u00f3n desde una perspectiva m\u00e1s \u00edntima, mezclando ficci\u00f3n y hechos reales para contar la vida de familias comunes.<\/p>\n<p>Todo ello demuestra que la uni\u00f3n de 1859 no fue solo un hecho pol\u00edtico, sino un acontecimiento que sigue vivo en la cultura y en la memoria colectiva de Ruman\u00eda.<\/p>\n<p><iframe loading=\"lazy\" src=\"https:\/\/w.soundcloud.com\/player\/?url=https%3A\/\/api.soundcloud.com\/tracks\/soundcloud%253Atracks%253A2254231028&amp;color=%23ff5500&amp;auto_play=false&amp;hide_related=false&amp;show_comments=true&amp;show_user=true&amp;show_reposts=false&amp;show_teaser=true&amp;visual=true\" width=\"100%\" height=\"300\" frameborder=\"no\" scrolling=\"no\"><\/iframe><\/p>\n<div style=\"font-size: 10px; color: #cccccc; line-break: anywhere; word-break: normal; overflow: hidden; white-space: nowrap; text-overflow: ellipsis; font-family: Interstate,Lucida Grande,Lucida Sans Unicode,Lucida Sans,Garuda,Verdana,Tahoma,sans-serif; font-weight: 100;\"><a style=\"color: #cccccc; text-decoration: none;\" title=\"RadioRomaniaInternational\" href=\"https:\/\/soundcloud.com\/radioromaniainternational\" target=\"_blank\" rel=\"noopener\">RadioRomaniaInternational<\/a> \u00b7 <a style=\"color: #cccccc; text-decoration: none;\" title=\"Miscelanea 26.01.2026\" href=\"https:\/\/soundcloud.com\/radioromaniainternational\/miscelanea-26-01-2026\" target=\"_blank\" rel=\"noopener\">Miscelanea 26.01.2026<\/a><\/div>\n<p>&nbsp;<\/p>\n","protected":false},"excerpt":{"rendered":"<p>En 1859, Europa viv\u00eda un per\u00edodo de cambios: movimientos liberales, reformas pol\u00edticas y la idea de naciones unidas comenzaba a tomar fuerza. Moldavia y Valaquia eran principados aut\u00f3nomos bajo influencia extranjera, pero compart\u00edan lengua, costumbres y aspiraciones de independencia. La uni\u00f3n se logr\u00f3 de manera estrat\u00e9gica, cuando los electores de ambos principados eligieron al mismo [&hellip;]<\/p>\n","protected":false},"author":59,"featured_media":974876,"comment_status":"closed","ping_status":"closed","sticky":false,"template":"","format":"audio","meta":{"_acf_changed":false,"footnotes":""},"categories":[112227],"tags":[184363,161913,143962,184364,112350,151962,139544,162825,143288,174524,161907,161912,112437],"coauthors":[114943],"class_list":["post-975271","post","type-post","status-publish","format-audio","has-post-thumbnail","hentry","category-de-todo-un-poco","tag-24-de-enero-1859","tag-alexandru-ioan-cuza-es","tag-desfile","tag-eleccion","tag-historia","tag-lugares","tag-moldavia-es","tag-pasado","tag-principados","tag-recuerdos","tag-simbolos","tag-union-es","tag-valaquia","post_format-post-format-audio"],"acf":[],"yoast_head":"<!-- This site is optimized with the Yoast SEO plugin v27.5 - https:\/\/yoast.com\/product\/yoast-seo-wordpress\/ -->\n<title>La miscel\u00e1nea: Ecos y recuerdos del 24 de enero de 1859 - Radio Ruman\u00eda Internacional<\/title>\n<meta name=\"description\" content=\"El 24 de enero es una fecha especial en Ruman\u00eda: se conmemora la uni\u00f3n de los Principados de Moldavia y Valaquia en 1859 bajo el liderazgo de Alexandru Ioan Cuza. Exploraremos historias menos conocidas, lugares escondidos y s\u00edmbolos que a\u00fan resuenan en la vida cotidiana.\" \/>\n<meta name=\"robots\" content=\"index, follow, max-snippet:-1, max-image-preview:large, max-video-preview:-1\" \/>\n<link rel=\"canonical\" href=\"https:\/\/www.rri.ro\/es\/panorama-rumano\/de-todo-un-poco\/la-miscelanea-recuerdos-y-ecos-del-24-de-enero-de-1859-id975271.html\" \/>\n<meta property=\"og:locale\" content=\"es_ES\" \/>\n<meta property=\"og:type\" content=\"article\" \/>\n<meta property=\"og:title\" content=\"La miscel\u00e1nea: Ecos y recuerdos del 24 de enero de 1859 - Radio Ruman\u00eda Internacional\" \/>\n<meta property=\"og:description\" content=\"El 24 de enero es una fecha especial en Ruman\u00eda: se conmemora la uni\u00f3n de los Principados de Moldavia y Valaquia en 1859 bajo el liderazgo de Alexandru Ioan Cuza. Exploraremos historias menos conocidas, lugares escondidos y s\u00edmbolos que a\u00fan resuenan en la vida cotidiana.\" \/>\n<meta property=\"og:url\" content=\"https:\/\/www.rri.ro\/es\/panorama-rumano\/de-todo-un-poco\/la-miscelanea-recuerdos-y-ecos-del-24-de-enero-de-1859-id975271.html\" \/>\n<meta property=\"og:site_name\" content=\"Radio Ruman\u00eda Internacional\" \/>\n<meta property=\"article:published_time\" content=\"2026-01-26T11:30:17+00:00\" \/>\n<meta property=\"article:modified_time\" content=\"2026-01-26T11:34:13+00:00\" \/>\n<meta property=\"og:image\" content=\"https:\/\/www.rri.ro\/wp-content\/uploads\/2026\/01\/Ziua-Unirii-sursa-foto-MApN-facebook.jpg\" \/>\n\t<meta property=\"og:image:width\" content=\"960\" \/>\n\t<meta property=\"og:image:height\" content=\"540\" \/>\n\t<meta property=\"og:image:type\" content=\"image\/jpeg\" \/>\n<meta name=\"author\" content=\"Brigitta Pana\" \/>\n<meta name=\"twitter:card\" content=\"summary_large_image\" \/>\n<meta name=\"twitter:label1\" content=\"Escrito por\" \/>\n\t<meta name=\"twitter:data1\" content=\"Brigitta Pana\" \/>\n\t<meta name=\"twitter:label2\" content=\"Tiempo de lectura\" \/>\n\t<meta name=\"twitter:data2\" content=\"6 minutos\" \/>\n\t<meta name=\"twitter:label3\" content=\"Written by\" \/>\n\t<meta name=\"twitter:data3\" content=\"Brigitta Pana\" \/>\n<script type=\"application\/ld+json\" class=\"yoast-schema-graph\">{\"@context\":\"https:\\\/\\\/schema.org\",\"@graph\":[{\"@type\":\"Article\",\"@id\":\"https:\\\/\\\/www.rri.ro\\\/es\\\/panorama-rumano\\\/de-todo-un-poco\\\/la-miscelanea-recuerdos-y-ecos-del-24-de-enero-de-1859-id975271.html#article\",\"isPartOf\":{\"@id\":\"https:\\\/\\\/www.rri.ro\\\/es\\\/panorama-rumano\\\/de-todo-un-poco\\\/la-miscelanea-recuerdos-y-ecos-del-24-de-enero-de-1859-id975271.html\"},\"author\":{\"name\":\"Brigitta Pana\",\"@id\":\"https:\\\/\\\/www.rri.ro\\\/#\\\/schema\\\/person\\\/d931d1dd71df33f3f9574bd60b16a323\"},\"headline\":\"La miscel\u00e1nea: Ecos y recuerdos del 24 de enero de 1859\",\"datePublished\":\"2026-01-26T11:30:17+00:00\",\"dateModified\":\"2026-01-26T11:34:13+00:00\",\"mainEntityOfPage\":{\"@id\":\"https:\\\/\\\/www.rri.ro\\\/es\\\/panorama-rumano\\\/de-todo-un-poco\\\/la-miscelanea-recuerdos-y-ecos-del-24-de-enero-de-1859-id975271.html\"},\"wordCount\":1214,\"image\":{\"@id\":\"https:\\\/\\\/www.rri.ro\\\/es\\\/panorama-rumano\\\/de-todo-un-poco\\\/la-miscelanea-recuerdos-y-ecos-del-24-de-enero-de-1859-id975271.html#primaryimage\"},\"thumbnailUrl\":\"https:\\\/\\\/www.rri.ro\\\/wp-content\\\/uploads\\\/2026\\\/01\\\/Ziua-Unirii-sursa-foto-MApN-facebook.jpg\",\"keywords\":[\"24 de enero 1859\",\"Alexandru Ioan Cuza\",\"desfile\",\"elecci\u00f3n\",\"Historia\",\"lugares\",\"Moldavia\",\"pasado\",\"principados\",\"recuerdos\",\"s\u00edmbolos\",\"union\",\"Valaquia\"],\"articleSection\":[\"De todo un poco\"],\"inLanguage\":\"es\"},{\"@type\":\"WebPage\",\"@id\":\"https:\\\/\\\/www.rri.ro\\\/es\\\/panorama-rumano\\\/de-todo-un-poco\\\/la-miscelanea-recuerdos-y-ecos-del-24-de-enero-de-1859-id975271.html\",\"url\":\"https:\\\/\\\/www.rri.ro\\\/es\\\/panorama-rumano\\\/de-todo-un-poco\\\/la-miscelanea-recuerdos-y-ecos-del-24-de-enero-de-1859-id975271.html\",\"name\":\"La miscel\u00e1nea: Ecos y recuerdos del 24 de enero de 1859 - Radio Ruman\u00eda Internacional\",\"isPartOf\":{\"@id\":\"https:\\\/\\\/www.rri.ro\\\/#website\"},\"primaryImageOfPage\":{\"@id\":\"https:\\\/\\\/www.rri.ro\\\/es\\\/panorama-rumano\\\/de-todo-un-poco\\\/la-miscelanea-recuerdos-y-ecos-del-24-de-enero-de-1859-id975271.html#primaryimage\"},\"image\":{\"@id\":\"https:\\\/\\\/www.rri.ro\\\/es\\\/panorama-rumano\\\/de-todo-un-poco\\\/la-miscelanea-recuerdos-y-ecos-del-24-de-enero-de-1859-id975271.html#primaryimage\"},\"thumbnailUrl\":\"https:\\\/\\\/www.rri.ro\\\/wp-content\\\/uploads\\\/2026\\\/01\\\/Ziua-Unirii-sursa-foto-MApN-facebook.jpg\",\"datePublished\":\"2026-01-26T11:30:17+00:00\",\"dateModified\":\"2026-01-26T11:34:13+00:00\",\"author\":{\"@id\":\"https:\\\/\\\/www.rri.ro\\\/#\\\/schema\\\/person\\\/d931d1dd71df33f3f9574bd60b16a323\"},\"description\":\"El 24 de enero es una fecha especial en Ruman\u00eda: se conmemora la uni\u00f3n de los Principados de Moldavia y Valaquia en 1859 bajo el liderazgo de Alexandru Ioan Cuza. Exploraremos historias menos conocidas, lugares escondidos y s\u00edmbolos que a\u00fan resuenan en la vida cotidiana.\",\"breadcrumb\":{\"@id\":\"https:\\\/\\\/www.rri.ro\\\/es\\\/panorama-rumano\\\/de-todo-un-poco\\\/la-miscelanea-recuerdos-y-ecos-del-24-de-enero-de-1859-id975271.html#breadcrumb\"},\"inLanguage\":\"es\",\"potentialAction\":[{\"@type\":\"ReadAction\",\"target\":[\"https:\\\/\\\/www.rri.ro\\\/es\\\/panorama-rumano\\\/de-todo-un-poco\\\/la-miscelanea-recuerdos-y-ecos-del-24-de-enero-de-1859-id975271.html\"]}]},{\"@type\":\"ImageObject\",\"inLanguage\":\"es\",\"@id\":\"https:\\\/\\\/www.rri.ro\\\/es\\\/panorama-rumano\\\/de-todo-un-poco\\\/la-miscelanea-recuerdos-y-ecos-del-24-de-enero-de-1859-id975271.html#primaryimage\",\"url\":\"https:\\\/\\\/www.rri.ro\\\/wp-content\\\/uploads\\\/2026\\\/01\\\/Ziua-Unirii-sursa-foto-MApN-facebook.jpg\",\"contentUrl\":\"https:\\\/\\\/www.rri.ro\\\/wp-content\\\/uploads\\\/2026\\\/01\\\/Ziua-Unirii-sursa-foto-MApN-facebook.jpg\",\"width\":960,\"height\":540,\"caption\":\"Fotografie generat\u0103 cu AI.\"},{\"@type\":\"BreadcrumbList\",\"@id\":\"https:\\\/\\\/www.rri.ro\\\/es\\\/panorama-rumano\\\/de-todo-un-poco\\\/la-miscelanea-recuerdos-y-ecos-del-24-de-enero-de-1859-id975271.html#breadcrumb\",\"itemListElement\":[{\"@type\":\"ListItem\",\"position\":1,\"name\":\"P\u00e1gina de inicio\",\"item\":\"https:\\\/\\\/www.rri.ro\\\/es\"},{\"@type\":\"ListItem\",\"position\":2,\"name\":\"Panorama rumano\",\"item\":\"https:\\\/\\\/www.rri.ro\\\/es\\\/panorama-rumano\"},{\"@type\":\"ListItem\",\"position\":3,\"name\":\"De todo un poco\",\"item\":\"https:\\\/\\\/www.rri.ro\\\/es\\\/panorama-rumano\\\/de-todo-un-poco\"},{\"@type\":\"ListItem\",\"position\":4,\"name\":\"La miscel\u00e1nea: Ecos y recuerdos del 24 de enero de 1859\"}]},{\"@type\":\"WebSite\",\"@id\":\"https:\\\/\\\/www.rri.ro\\\/#website\",\"url\":\"https:\\\/\\\/www.rri.ro\\\/\",\"name\":\"Radio Ruman\u00eda Internacional\",\"description\":\"Totul despre Rom\u00e2nia \u015fi rom\u00e2ni, \u00een 13 limbi\\\/dialecte!\",\"inLanguage\":\"es\"},{\"@type\":\"Person\",\"@id\":\"https:\\\/\\\/www.rri.ro\\\/#\\\/schema\\\/person\\\/d931d1dd71df33f3f9574bd60b16a323\",\"name\":\"Brigitta Pana\",\"url\":\"https:\\\/\\\/www.rri.ro\\\/es\\\/author\\\/brigitta-pana\"}]}<\/script>\n<!-- \/ Yoast SEO plugin. -->","yoast_head_json":{"title":"La miscel\u00e1nea: Ecos y recuerdos del 24 de enero de 1859 - Radio Ruman\u00eda Internacional","description":"El 24 de enero es una fecha especial en Ruman\u00eda: se conmemora la uni\u00f3n de los Principados de Moldavia y Valaquia en 1859 bajo el liderazgo de Alexandru Ioan Cuza. Exploraremos historias menos conocidas, lugares escondidos y s\u00edmbolos que a\u00fan resuenan en la vida cotidiana.","robots":{"index":"index","follow":"follow","max-snippet":"max-snippet:-1","max-image-preview":"max-image-preview:large","max-video-preview":"max-video-preview:-1"},"canonical":"https:\/\/www.rri.ro\/es\/panorama-rumano\/de-todo-un-poco\/la-miscelanea-recuerdos-y-ecos-del-24-de-enero-de-1859-id975271.html","og_locale":"es_ES","og_type":"article","og_title":"La miscel\u00e1nea: Ecos y recuerdos del 24 de enero de 1859 - Radio Ruman\u00eda Internacional","og_description":"El 24 de enero es una fecha especial en Ruman\u00eda: se conmemora la uni\u00f3n de los Principados de Moldavia y Valaquia en 1859 bajo el liderazgo de Alexandru Ioan Cuza. Exploraremos historias menos conocidas, lugares escondidos y s\u00edmbolos que a\u00fan resuenan en la vida cotidiana.","og_url":"https:\/\/www.rri.ro\/es\/panorama-rumano\/de-todo-un-poco\/la-miscelanea-recuerdos-y-ecos-del-24-de-enero-de-1859-id975271.html","og_site_name":"Radio Ruman\u00eda Internacional","article_published_time":"2026-01-26T11:30:17+00:00","article_modified_time":"2026-01-26T11:34:13+00:00","og_image":[{"width":960,"height":540,"url":"https:\/\/www.rri.ro\/wp-content\/uploads\/2026\/01\/Ziua-Unirii-sursa-foto-MApN-facebook.jpg","type":"image\/jpeg"}],"author":"Brigitta Pana","twitter_card":"summary_large_image","twitter_misc":{"Escrito por":"Brigitta Pana","Tiempo de lectura":"6 minutos","Written by":"Brigitta Pana"},"schema":{"@context":"https:\/\/schema.org","@graph":[{"@type":"Article","@id":"https:\/\/www.rri.ro\/es\/panorama-rumano\/de-todo-un-poco\/la-miscelanea-recuerdos-y-ecos-del-24-de-enero-de-1859-id975271.html#article","isPartOf":{"@id":"https:\/\/www.rri.ro\/es\/panorama-rumano\/de-todo-un-poco\/la-miscelanea-recuerdos-y-ecos-del-24-de-enero-de-1859-id975271.html"},"author":{"name":"Brigitta Pana","@id":"https:\/\/www.rri.ro\/#\/schema\/person\/d931d1dd71df33f3f9574bd60b16a323"},"headline":"La miscel\u00e1nea: Ecos y recuerdos del 24 de enero de 1859","datePublished":"2026-01-26T11:30:17+00:00","dateModified":"2026-01-26T11:34:13+00:00","mainEntityOfPage":{"@id":"https:\/\/www.rri.ro\/es\/panorama-rumano\/de-todo-un-poco\/la-miscelanea-recuerdos-y-ecos-del-24-de-enero-de-1859-id975271.html"},"wordCount":1214,"image":{"@id":"https:\/\/www.rri.ro\/es\/panorama-rumano\/de-todo-un-poco\/la-miscelanea-recuerdos-y-ecos-del-24-de-enero-de-1859-id975271.html#primaryimage"},"thumbnailUrl":"https:\/\/www.rri.ro\/wp-content\/uploads\/2026\/01\/Ziua-Unirii-sursa-foto-MApN-facebook.jpg","keywords":["24 de enero 1859","Alexandru Ioan Cuza","desfile","elecci\u00f3n","Historia","lugares","Moldavia","pasado","principados","recuerdos","s\u00edmbolos","union","Valaquia"],"articleSection":["De todo un poco"],"inLanguage":"es"},{"@type":"WebPage","@id":"https:\/\/www.rri.ro\/es\/panorama-rumano\/de-todo-un-poco\/la-miscelanea-recuerdos-y-ecos-del-24-de-enero-de-1859-id975271.html","url":"https:\/\/www.rri.ro\/es\/panorama-rumano\/de-todo-un-poco\/la-miscelanea-recuerdos-y-ecos-del-24-de-enero-de-1859-id975271.html","name":"La miscel\u00e1nea: Ecos y recuerdos del 24 de enero de 1859 - Radio Ruman\u00eda Internacional","isPartOf":{"@id":"https:\/\/www.rri.ro\/#website"},"primaryImageOfPage":{"@id":"https:\/\/www.rri.ro\/es\/panorama-rumano\/de-todo-un-poco\/la-miscelanea-recuerdos-y-ecos-del-24-de-enero-de-1859-id975271.html#primaryimage"},"image":{"@id":"https:\/\/www.rri.ro\/es\/panorama-rumano\/de-todo-un-poco\/la-miscelanea-recuerdos-y-ecos-del-24-de-enero-de-1859-id975271.html#primaryimage"},"thumbnailUrl":"https:\/\/www.rri.ro\/wp-content\/uploads\/2026\/01\/Ziua-Unirii-sursa-foto-MApN-facebook.jpg","datePublished":"2026-01-26T11:30:17+00:00","dateModified":"2026-01-26T11:34:13+00:00","author":{"@id":"https:\/\/www.rri.ro\/#\/schema\/person\/d931d1dd71df33f3f9574bd60b16a323"},"description":"El 24 de enero es una fecha especial en Ruman\u00eda: se conmemora la uni\u00f3n de los Principados de Moldavia y Valaquia en 1859 bajo el liderazgo de Alexandru Ioan Cuza. Exploraremos historias menos conocidas, lugares escondidos y s\u00edmbolos que a\u00fan resuenan en la vida cotidiana.","breadcrumb":{"@id":"https:\/\/www.rri.ro\/es\/panorama-rumano\/de-todo-un-poco\/la-miscelanea-recuerdos-y-ecos-del-24-de-enero-de-1859-id975271.html#breadcrumb"},"inLanguage":"es","potentialAction":[{"@type":"ReadAction","target":["https:\/\/www.rri.ro\/es\/panorama-rumano\/de-todo-un-poco\/la-miscelanea-recuerdos-y-ecos-del-24-de-enero-de-1859-id975271.html"]}]},{"@type":"ImageObject","inLanguage":"es","@id":"https:\/\/www.rri.ro\/es\/panorama-rumano\/de-todo-un-poco\/la-miscelanea-recuerdos-y-ecos-del-24-de-enero-de-1859-id975271.html#primaryimage","url":"https:\/\/www.rri.ro\/wp-content\/uploads\/2026\/01\/Ziua-Unirii-sursa-foto-MApN-facebook.jpg","contentUrl":"https:\/\/www.rri.ro\/wp-content\/uploads\/2026\/01\/Ziua-Unirii-sursa-foto-MApN-facebook.jpg","width":960,"height":540,"caption":"Fotografie generat\u0103 cu AI."},{"@type":"BreadcrumbList","@id":"https:\/\/www.rri.ro\/es\/panorama-rumano\/de-todo-un-poco\/la-miscelanea-recuerdos-y-ecos-del-24-de-enero-de-1859-id975271.html#breadcrumb","itemListElement":[{"@type":"ListItem","position":1,"name":"P\u00e1gina de inicio","item":"https:\/\/www.rri.ro\/es"},{"@type":"ListItem","position":2,"name":"Panorama rumano","item":"https:\/\/www.rri.ro\/es\/panorama-rumano"},{"@type":"ListItem","position":3,"name":"De todo un poco","item":"https:\/\/www.rri.ro\/es\/panorama-rumano\/de-todo-un-poco"},{"@type":"ListItem","position":4,"name":"La miscel\u00e1nea: Ecos y recuerdos del 24 de enero de 1859"}]},{"@type":"WebSite","@id":"https:\/\/www.rri.ro\/#website","url":"https:\/\/www.rri.ro\/","name":"Radio Ruman\u00eda Internacional","description":"Totul despre Rom\u00e2nia \u015fi rom\u00e2ni, \u00een 13 limbi\/dialecte!","inLanguage":"es"},{"@type":"Person","@id":"https:\/\/www.rri.ro\/#\/schema\/person\/d931d1dd71df33f3f9574bd60b16a323","name":"Brigitta Pana","url":"https:\/\/www.rri.ro\/es\/author\/brigitta-pana"}]}},"_links":{"self":[{"href":"https:\/\/www.rri.ro\/es\/wp-json\/wp\/v2\/posts\/975271","targetHints":{"allow":["GET"]}}],"collection":[{"href":"https:\/\/www.rri.ro\/es\/wp-json\/wp\/v2\/posts"}],"about":[{"href":"https:\/\/www.rri.ro\/es\/wp-json\/wp\/v2\/types\/post"}],"author":[{"embeddable":true,"href":"https:\/\/www.rri.ro\/es\/wp-json\/wp\/v2\/users\/59"}],"replies":[{"embeddable":true,"href":"https:\/\/www.rri.ro\/es\/wp-json\/wp\/v2\/comments?post=975271"}],"version-history":[{"count":0,"href":"https:\/\/www.rri.ro\/es\/wp-json\/wp\/v2\/posts\/975271\/revisions"}],"wp:featuredmedia":[{"embeddable":true,"href":"https:\/\/www.rri.ro\/es\/wp-json\/wp\/v2\/media\/974876"}],"wp:attachment":[{"href":"https:\/\/www.rri.ro\/es\/wp-json\/wp\/v2\/media?parent=975271"}],"wp:term":[{"taxonomy":"category","embeddable":true,"href":"https:\/\/www.rri.ro\/es\/wp-json\/wp\/v2\/categories?post=975271"},{"taxonomy":"post_tag","embeddable":true,"href":"https:\/\/www.rri.ro\/es\/wp-json\/wp\/v2\/tags?post=975271"},{"taxonomy":"author","embeddable":true,"href":"https:\/\/www.rri.ro\/es\/wp-json\/wp\/v2\/coauthors?post=975271"}],"curies":[{"name":"wp","href":"https:\/\/api.w.org\/{rel}","templated":true}]}}