{"id":992037,"date":"2026-03-09T20:10:42","date_gmt":"2026-03-09T18:10:42","guid":{"rendered":"https:\/\/www.rri.ro\/?p=992037"},"modified":"2026-03-09T20:23:55","modified_gmt":"2026-03-09T18:23:55","slug":"noticias-del-dia-2830","status":"publish","type":"post","link":"https:\/\/www.rri.ro\/es\/actualidad\/noticias\/noticias-del-dia-2830-id992037.html","title":{"rendered":"Noticias del d\u00eda"},"content":{"rendered":"<p>TITULARES:<\/p>\n<ul>\n<li><strong>El precio del barril de petr\u00f3leo crudo Brent del mar del Norte subi\u00f3 a casi 120 d\u00f3lares el lunes, ante el temor de los inversores de que una guerra prolongada en Oriente Medio pudiera perturbar gravemente los mercados energ\u00e9ticos y afectar el crecimiento econ\u00f3mico mundial.<\/strong><\/li>\n<\/ul>\n<p>&nbsp;<\/p>\n<ul>\n<li><strong>Unos 2.000 rumanos han regresado sanos y salvos al pa\u00eds desde Estados afectados por conflictos, mediante vuelos de evacuaci\u00f3n, repatriaci\u00f3n asistida o con la ayuda de las autoridades, seg\u00fan inform\u00f3 el Ministerio de Asuntos Exteriores rumano en Bucarest.<\/strong><\/li>\n<\/ul>\n<p>&nbsp;<\/p>\n<ul>\n<li><strong>Ruman\u00eda participar\u00e1 en la Feria del Libro de Londres, una de las ferias internacionales m\u00e1s importantes dedicadas a los profesionales de la literatura, del 10 al 12 de marzo.<\/strong><\/li>\n<\/ul>\n<p>&nbsp;<\/p>\n<p><strong>PRECIO del CRUDO &#8211;<\/strong> Se espera que el Gobierno de Bucarest tome una decisi\u00f3n esta semana para evitar el aumento del precio del combustible a 10 leus por litro (unos 1,9 euros), en el contexto del aumento del precio del barril de petr\u00f3leo a nivel mundial debido al conflicto en Oriente Medio, seg\u00fan el ministro de Energ\u00eda, Bogdan Ivan. El precio del barril de petr\u00f3leo Brent del mar del Norte subi\u00f3 a casi 120 d\u00f3lares el lunes, tras haber aumentado cerca de un 28% la semana pasada, ante el temor de los inversores de que la prolongaci\u00f3n de la guerra en Oriente Medio pueda perturbar gravemente los mercados energ\u00e9ticos y afectar al crecimiento econ\u00f3mico mundial. Seg\u00fan Reuters, los Estados miembros de la UE anunciaron que disponen de suficientes reservas de petr\u00f3leo y gas, a pesar de la interrupci\u00f3n de las cadenas de suministro tras la guerra en Oriente Medio. Mientras tanto, los ministros de finanzas del G7 debatieron el lunes el posible uso de las reservas estrat\u00e9gicas de petr\u00f3leo para estabilizar el mercado, pero a\u00fan no han tomado ninguna decisi\u00f3n. M\u00e1s informaci\u00f3n sobre la preocupaci\u00f3n por el precio del combustible, despu\u00e9s de las noticias.<\/p>\n<p>&nbsp;<\/p>\n<p><strong>RUMANOS REPATRIADOS<\/strong> \u2013 Ruman\u00eda ha solicitado la activaci\u00f3n del mecanismo europeo rescEU, siendo el primer pa\u00eds en hacerlo desde su creaci\u00f3n en 2019, seg\u00fan anunci\u00f3 el Ministerio de Asuntos Exteriores. En base a esto, dos vuelos de evacuaci\u00f3n de ciudadanos rumanos, en la ruta Mascate (Om\u00e1n) &#8211; Bucarest, aterrizaron anoche domingo en el Aeropuerto Internacional \u00abHenri Coand\u0103\u00bb de Bucarest. Los vuelos, operados por la compa\u00f1\u00eda polaca LOT, transportaban a bordo a 273 ciudadanos rumanos afectados por la crisis en Oriente Medio. Tambi\u00e9n viajaban a bordo 83 ciudadanos elegibles de los Estados miembros de la Uni\u00f3n Europea y de terceros pa\u00edses participantes en el mecanismo rescEU. El Ministerio de Asuntos Exteriores estima que 2.000 rumanos regresaron al pa\u00eds desde la zona del Golfo mediante vuelos de evacuaci\u00f3n, vuelos de repatriaci\u00f3n asistida o vuelos comerciales, pero con la ayuda del Estado rumano. Unos 1.500 ciudadanos han regresado por sus propios medios. Seg\u00fan el Ministerio de Asuntos Exteriores, todav\u00eda hay alrededor de 12.500 rumanos en la regi\u00f3n bajo la atenci\u00f3n de los servicios consulares. De ellos, 2.500 desean regresar al pa\u00eds y 400 son casos prioritarios.<\/p>\n<p>&nbsp;<\/p>\n<p><strong>PROFESORES<\/strong>\u00a0\u2013 Los simulacros de los ex\u00e1menes nacionales de Evaluaci\u00f3n Nacional y Bachillerato en Ruman\u00eda ser\u00e1n boicoteados por el profesorado, anuncia el l\u00edder de la Federaci\u00f3n de Sindicatos de la Educaci\u00f3n \u00abSpiru Haret\u00bb, el profesor Marius Nistor. Afirma que el profesorado vot\u00f3 abrumadoramente en contra de participar en estos ex\u00e1menes, en un refer\u00e9ndum organizado en los centros educativos. En un comunicado, el Ministerio de Educaci\u00f3n expresa su confianza en que todos los implicados actuar\u00e1n en beneficio de los ni\u00f1os. Los simulacros est\u00e1n programados para la segunda quincena de marzo. Volveremos despu\u00e9s de las noticias.<\/p>\n<p>&nbsp;<\/p>\n<p><strong>CONSEJO EUROPEO &#8211;<\/strong> El presidente Nicu\u015for Dan comunic\u00f3 el lunes al presidente del Consejo Europeo, Antonio Costa, que Ruman\u00eda desea \u00abun Mercado \u00danico plenamente integrado, as\u00ed como una simplificaci\u00f3n significativa de la burocracia y la carga administrativa\u00bb. El jefe de Estado rumano mantuvo una conversaci\u00f3n telef\u00f3nica con el presidente del Consejo Europeo, durante la cual se abordaron las prioridades de Bucarest y los principales temas para Ruman\u00eda de cara a la reuni\u00f3n de l\u00edderes europeos que se celebrar\u00e1 los d\u00edas 19 y 20 de marzo en Bruselas. Seg\u00fan Nicu\u015for Dan, \u00abel di\u00e1logo se centr\u00f3 en temas relacionados con la competitividad y el Mercado \u00danico, la transici\u00f3n a la energ\u00eda verde, el presupuesto de la Uni\u00f3n Europea y el relanzamiento de la industria europea\u00bb. Otro tema tratado fue el futuro marco presupuestario europeo. \u00abEl presupuesto de la UE debe proporcionar fondos relevantes para aumentar la competitividad, incluso en la regi\u00f3n de los Estados del Este, de la que forma parte nuestro pa\u00eds, naciones que hist\u00f3ricamente presentan una brecha de desarrollo con respecto a otros Estados miembros\u00bb, declar\u00f3 el jefe de Estado en una publicaci\u00f3n en redes sociales.<\/p>\n<p>&nbsp;<\/p>\n<p><strong>PRESUPUESTO de RUMAN\u00cdA<\/strong> \u2013 En Bucarest, los partidos de la coalici\u00f3n gubernamental y los representantes del grupo parlamentario de minor\u00edas nacionales decidieron, durante la reuni\u00f3n del lunes, que el Ministerio de Finanzas publique, a m\u00e1s tardar el martes, el proyecto de presupuesto Estatal para 2026, que el Gobierno aprobar\u00e1 esta semana y posteriormente se enviar\u00e1 al Parlamento, seg\u00fan anunci\u00f3 el PNL. Seg\u00fan Radio Ruman\u00eda, los l\u00edderes de los partidos de la coalici\u00f3n coincidieron en la necesidad de aprobar el proyecto de presupuesto en la pr\u00f3xima sesi\u00f3n ejecutiva, para que su debate en el Parlamento pueda comenzar la pr\u00f3xima semana. El objetivo es que el futuro proyecto de presupuesto se ajuste a un objetivo de d\u00e9ficit del 6,2 % del PIB, sea realista, equilibrado y apoye inversiones superiores a 15\u00a0000 millones de euros con fondos europeos, as\u00ed como una inflaci\u00f3n que se acerque al umbral del 4 %.<\/p>\n<p>&nbsp;<\/p>\n<p><strong>MOCI\u00d3N<\/strong> &#8211; El Senado de Bucarest rechaz\u00f3, en sesi\u00f3n plenaria el lunes, la moci\u00f3n simple contra el ministro de Inversiones y Proyectos Europeos, Drago\u015f P\u00eeslaru. Se trata de la sexta moci\u00f3n simple este a\u00f1o, presentada por la oposici\u00f3n y parlamentarios independientes. Los firmantes de la moci\u00f3n cuestionan la eficacia de las negociaciones llevadas a cabo por Drago\u015f P\u00eeslaru, preguntan si existen garant\u00edas de que Ruman\u00eda recaudar\u00e1 todos los tramos del PNRR al final del programa y solicitan la presentaci\u00f3n de un calendario p\u00fablico para eliminar los riesgos de este documento estrat\u00e9gico. El ministro afirma que las acusaciones sobre la falta de resultados se contradicen con las cifras relativas a la absorci\u00f3n de fondos europeos.<\/p>\n<p>&nbsp;<\/p>\n<p><strong>OTAN<\/strong> &#8211; La OTAN confirm\u00f3 el lunes la interceptaci\u00f3n de un misil que se dirig\u00eda hacia Turqu\u00eda, inform\u00f3 la portavoz de la OTAN, Allison Hart, seg\u00fan Reuters. \u00abLa OTAN se mantiene firme en su disposici\u00f3n para defender a todos sus aliados ante cualquier amenaza\u00bb, declar\u00f3 la portavoz de la OTAN, Allison Hart, en una publicaci\u00f3n en redes sociales. Previamente, el Ministerio de Defensa turco anunci\u00f3 el lunes que las defensas a\u00e9reas de la alianza hab\u00edan derribado un misil bal\u00edstico lanzado desde Ir\u00e1n. Este fue el segundo ataque iran\u00ed con misiles bal\u00edsticos en la \u00faltima semana contra el sur de Turqu\u00eda. En este contexto, Estados Unidos suspendi\u00f3 sus servicios consulares en el sur de Turqu\u00eda y orden\u00f3 al personal diplom\u00e1tico no esencial que abandonara la regi\u00f3n \u00abdebido a riesgos de seguridad\u00bb.<\/p>\n<p>&nbsp;<\/p>\n<p><strong>FERIA<\/strong> &#8211; Ruman\u00eda participar\u00e1 en la Feria del Libro de Londres, una de las ferias internacionales m\u00e1s importantes dedicada a los profesionales de la literatura, del 10 al 12 de marzo. La presencia rumana en este evento est\u00e1 organizada por el Instituto Cultural Rumano, a trav\u00e9s del Centro Nacional del Libro y su sede en Londres. Para destacar la presencia de Ruman\u00eda en la feria y atraer la atenci\u00f3n de la prensa brit\u00e1nica, el Instituto Cultural Rumano ha preparado una serie de eventos bajo el lema \u00abLiteratura Rumana, Direcci\u00f3n Extranjera\u00bb. Entre los invitados se encuentran las autoras C\u0103t\u0103lina Florescu, Vesna Goldsworthy y Tatiana \u0162\u00eebuleac; los autores, editores y traductores Claudiu Komartin y Paul Doru Mugur; el profesor Alfred Bruckstein; la traductora Monica Cure; y los editores Susan Curtis y Will Evans.<\/p>\n<p>&nbsp;<\/p>\n<p><strong>TIEMPO<\/strong> \u2013 En Ruman\u00eda, el tiempo ser\u00e1 predominantemente agradable, con cielos variables. El viento soplar\u00e1 de d\u00e9bil a moderado, con intensificaci\u00f3n en la zona de los C\u00e1rpatos sur, donde se registrar\u00e1n r\u00e1fagas de 60 a 80 km\/h en las crestas, localmente en el noreste (generalmente de 40 a 50 km\/h), con velocidades m\u00e1s altas en el suroeste, de 50 a 65 km\/h y aisladas de 70 km\/h. Las temperaturas m\u00e1ximas generalmente oscilar\u00e1n entre 10 y 16 \u00b0C, y las m\u00ednimas entre -9 y 7 \u00b0C.<\/p>\n","protected":false},"excerpt":{"rendered":"<p>TITULARES: El precio del barril de petr\u00f3leo crudo Brent del mar del Norte subi\u00f3 a casi 120 d\u00f3lares el lunes, ante el temor de los inversores de que una guerra prolongada en Oriente Medio pudiera perturbar gravemente los mercados energ\u00e9ticos y afectar el crecimiento econ\u00f3mico mundial. &nbsp; Unos 2.000 rumanos han regresado sanos y salvos [&hellip;]<\/p>\n","protected":false},"author":113,"featured_media":723423,"comment_status":"closed","ping_status":"closed","sticky":false,"template":"","format":"standard","meta":{"_acf_changed":false,"footnotes":""},"categories":[49382],"tags":[187058,187064,187056,187063,149733,187053,178489,187066,163374,48978,187052,187055,165257,187067,187062,187060,149332,155103,111844,176805,187051,187026,166706,187065,187061,187057,164489,171077,187068,148563,187031,48949,186892,187059,187054,187030],"coauthors":[116091],"class_list":["post-992037","post","type-post","status-publish","format-standard","has-post-thumbnail","hentry","category-noticias","tag-120-dolares","tag-2-000-rumanos","tag-activacion-del-mecanismo-europeo-resceu","tag-afectar-el-crecimiento-economico-mundial","tag-antonio-costa-es","tag-autoras-catalina-florescu","tag-autores","tag-ayuda-de-las-autoridades","tag-boicot","tag-bucarest","tag-direccion-extranjera","tag-editores-y-traductores-claudiu-komartin-y-paul-doru-mugur","tag-feria-del-libro-de-londres","tag-ferias-internacionales-mas-importantes","tag-gravemente","tag-guerra-prolongada-en-oriente-medio","tag-inversores","tag-invitados","tag-literatura-rumana","tag-mar-del-norte","tag-mercado-unico-plenamente-integrado","tag-mercados-energeticos","tag-ministerio-de-asuntos-exteriores-rumano","tag-paises-afectados-por-conflictos","tag-perturbar","tag-precio-del-barril-de-petroleo-crudo-brent","tag-presidente-del-consejo-europeo","tag-presidente-nicusor-dan-es","tag-profesionales-de-la-literatura","tag-profesores","tag-repatriacion-asistida","tag-rumania","tag-sanos-y-salvos","tag-temor","tag-vesna-goldsworthy-y-tatiana-tibuleac","tag-vuelos-de-evacuacion"],"acf":[],"yoast_head":"<!-- This site is optimized with the Yoast SEO plugin v27.3 - https:\/\/yoast.com\/product\/yoast-seo-wordpress\/ -->\n<title>Noticias del d\u00eda - Radio Ruman\u00eda Internacional<\/title>\n<meta name=\"robots\" content=\"index, follow, max-snippet:-1, max-image-preview:large, max-video-preview:-1\" \/>\n<link rel=\"canonical\" href=\"https:\/\/www.rri.ro\/es\/actualidad\/noticias\/noticias-del-dia-2830-id992037.html\" \/>\n<meta property=\"og:locale\" content=\"es_ES\" \/>\n<meta property=\"og:type\" content=\"article\" \/>\n<meta property=\"og:title\" content=\"Noticias del d\u00eda - Radio Ruman\u00eda Internacional\" \/>\n<meta property=\"og:description\" content=\"TITULARES: El precio del barril de petr\u00f3leo crudo Brent del mar del Norte subi\u00f3 a casi 120 d\u00f3lares el lunes, ante el temor de los inversores de que una guerra prolongada en Oriente Medio pudiera perturbar gravemente los mercados energ\u00e9ticos y afectar el crecimiento econ\u00f3mico mundial. &nbsp; Unos 2.000 rumanos han regresado sanos y salvos [&hellip;]\" \/>\n<meta property=\"og:url\" content=\"https:\/\/www.rri.ro\/es\/actualidad\/noticias\/noticias-del-dia-2830-id992037.html\" \/>\n<meta property=\"og:site_name\" content=\"Radio Ruman\u00eda Internacional\" \/>\n<meta property=\"article:published_time\" content=\"2026-03-09T18:10:42+00:00\" \/>\n<meta property=\"article:modified_time\" content=\"2026-03-09T18:23:55+00:00\" \/>\n<meta property=\"og:image\" content=\"https:\/\/www.rri.ro\/wp-content\/uploads\/2024\/03\/RRI-960x540-Noticias-2-NOU.jpg\" \/>\n\t<meta property=\"og:image:width\" content=\"960\" \/>\n\t<meta property=\"og:image:height\" content=\"540\" \/>\n\t<meta property=\"og:image:type\" content=\"image\/jpeg\" \/>\n<meta name=\"author\" content=\"Newsroom\" \/>\n<meta name=\"twitter:card\" content=\"summary_large_image\" \/>\n<meta name=\"twitter:label1\" content=\"Escrito por\" \/>\n\t<meta name=\"twitter:data1\" content=\"Newsroom\" \/>\n\t<meta name=\"twitter:label2\" content=\"Tiempo de lectura\" \/>\n\t<meta name=\"twitter:data2\" content=\"7 minutos\" \/>\n\t<meta name=\"twitter:label3\" content=\"Written by\" \/>\n\t<meta name=\"twitter:data3\" content=\"Newsroom\" \/>\n<script type=\"application\/ld+json\" class=\"yoast-schema-graph\">{\"@context\":\"https:\\\/\\\/schema.org\",\"@graph\":[{\"@type\":\"Article\",\"@id\":\"https:\\\/\\\/www.rri.ro\\\/es\\\/actualidad\\\/noticias\\\/noticias-del-dia-2830-id992037.html#article\",\"isPartOf\":{\"@id\":\"https:\\\/\\\/www.rri.ro\\\/es\\\/actualidad\\\/noticias\\\/noticias-del-dia-2830-id992037.html\"},\"author\":{\"name\":\"Newsroom\",\"@id\":\"https:\\\/\\\/www.rri.ro\\\/#\\\/schema\\\/person\\\/4a479940371b9fdefd194f561e8a7f88\"},\"headline\":\"Noticias del d\u00eda\",\"datePublished\":\"2026-03-09T18:10:42+00:00\",\"dateModified\":\"2026-03-09T18:23:55+00:00\",\"mainEntityOfPage\":{\"@id\":\"https:\\\/\\\/www.rri.ro\\\/es\\\/actualidad\\\/noticias\\\/noticias-del-dia-2830-id992037.html\"},\"wordCount\":1502,\"image\":{\"@id\":\"https:\\\/\\\/www.rri.ro\\\/es\\\/actualidad\\\/noticias\\\/noticias-del-dia-2830-id992037.html#primaryimage\"},\"thumbnailUrl\":\"https:\\\/\\\/www.rri.ro\\\/wp-content\\\/uploads\\\/2024\\\/03\\\/RRI-960x540-Noticias-2-NOU.jpg\",\"keywords\":[\"120 d\u00f3lares\",\"2.000 rumanos\",\"activaci\u00f3n del mecanismo europeo rescEU\",\"afectar el crecimiento econ\u00f3mico mundial\",\"Antonio Costa\",\"autoras C\u0103t\u0103lina Florescu\",\"autores\",\"ayuda de las autoridades\",\"boicot\",\"Bucarest\",\"Direcci\u00f3n Extranjera\",\"editores y traductores Claudiu Komartin y Paul Doru Mugur\",\"Feria del Libro de Londres\",\"ferias internacionales m\u00e1s importantes\",\"gravemente\",\"guerra prolongada en Oriente Medio\",\"inversores\",\"invitados\",\"literatura rumana\",\"mar del Norte\",\"Mercado \u00danico plenamente integrado\",\"mercados energ\u00e9ticos\",\"Ministerio de Asuntos Exteriores rumano\",\"pa\u00edses afectados por conflictos\",\"perturbar\",\"precio del barril de petr\u00f3leo crudo Brent\",\"presidente del Consejo Europeo\",\"presidente Nicusor Dan\",\"profesionales de la literatura.\",\"profesores\",\"repatriaci\u00f3n asistida\",\"Rumania\",\"sanos y salvos\",\"temor\",\"Vesna Goldsworthy y Tatiana \u0162\u00eebuleac\",\"vuelos de evacuaci\u00f3n\"],\"articleSection\":[\"Noticias\"],\"inLanguage\":\"es\"},{\"@type\":\"WebPage\",\"@id\":\"https:\\\/\\\/www.rri.ro\\\/es\\\/actualidad\\\/noticias\\\/noticias-del-dia-2830-id992037.html\",\"url\":\"https:\\\/\\\/www.rri.ro\\\/es\\\/actualidad\\\/noticias\\\/noticias-del-dia-2830-id992037.html\",\"name\":\"Noticias del d\u00eda - Radio Ruman\u00eda Internacional\",\"isPartOf\":{\"@id\":\"https:\\\/\\\/www.rri.ro\\\/#website\"},\"primaryImageOfPage\":{\"@id\":\"https:\\\/\\\/www.rri.ro\\\/es\\\/actualidad\\\/noticias\\\/noticias-del-dia-2830-id992037.html#primaryimage\"},\"image\":{\"@id\":\"https:\\\/\\\/www.rri.ro\\\/es\\\/actualidad\\\/noticias\\\/noticias-del-dia-2830-id992037.html#primaryimage\"},\"thumbnailUrl\":\"https:\\\/\\\/www.rri.ro\\\/wp-content\\\/uploads\\\/2024\\\/03\\\/RRI-960x540-Noticias-2-NOU.jpg\",\"datePublished\":\"2026-03-09T18:10:42+00:00\",\"dateModified\":\"2026-03-09T18:23:55+00:00\",\"author\":{\"@id\":\"https:\\\/\\\/www.rri.ro\\\/#\\\/schema\\\/person\\\/4a479940371b9fdefd194f561e8a7f88\"},\"breadcrumb\":{\"@id\":\"https:\\\/\\\/www.rri.ro\\\/es\\\/actualidad\\\/noticias\\\/noticias-del-dia-2830-id992037.html#breadcrumb\"},\"inLanguage\":\"es\",\"potentialAction\":[{\"@type\":\"ReadAction\",\"target\":[\"https:\\\/\\\/www.rri.ro\\\/es\\\/actualidad\\\/noticias\\\/noticias-del-dia-2830-id992037.html\"]}]},{\"@type\":\"ImageObject\",\"inLanguage\":\"es\",\"@id\":\"https:\\\/\\\/www.rri.ro\\\/es\\\/actualidad\\\/noticias\\\/noticias-del-dia-2830-id992037.html#primaryimage\",\"url\":\"https:\\\/\\\/www.rri.ro\\\/wp-content\\\/uploads\\\/2024\\\/03\\\/RRI-960x540-Noticias-2-NOU.jpg\",\"contentUrl\":\"https:\\\/\\\/www.rri.ro\\\/wp-content\\\/uploads\\\/2024\\\/03\\\/RRI-960x540-Noticias-2-NOU.jpg\",\"width\":960,\"height\":540,\"caption\":\"RRI 960x540 Noticias 2-NOU\"},{\"@type\":\"BreadcrumbList\",\"@id\":\"https:\\\/\\\/www.rri.ro\\\/es\\\/actualidad\\\/noticias\\\/noticias-del-dia-2830-id992037.html#breadcrumb\",\"itemListElement\":[{\"@type\":\"ListItem\",\"position\":1,\"name\":\"P\u00e1gina de inicio\",\"item\":\"https:\\\/\\\/www.rri.ro\\\/es\"},{\"@type\":\"ListItem\",\"position\":2,\"name\":\"Actualidad\",\"item\":\"https:\\\/\\\/www.rri.ro\\\/es\\\/actualidad\"},{\"@type\":\"ListItem\",\"position\":3,\"name\":\"Noticias\",\"item\":\"https:\\\/\\\/www.rri.ro\\\/es\\\/actualidad\\\/noticias\"},{\"@type\":\"ListItem\",\"position\":4,\"name\":\"Noticias del d\u00eda\"}]},{\"@type\":\"WebSite\",\"@id\":\"https:\\\/\\\/www.rri.ro\\\/#website\",\"url\":\"https:\\\/\\\/www.rri.ro\\\/\",\"name\":\"Radio Ruman\u00eda Internacional\",\"description\":\"Totul despre Rom\u00e2nia \u015fi rom\u00e2ni, \u00een 13 limbi\\\/dialecte!\",\"inLanguage\":\"es\"},{\"@type\":\"Person\",\"@id\":\"https:\\\/\\\/www.rri.ro\\\/#\\\/schema\\\/person\\\/4a479940371b9fdefd194f561e8a7f88\",\"name\":\"Newsroom\",\"url\":\"https:\\\/\\\/www.rri.ro\\\/es\\\/author\\\/newsroom\"}]}<\/script>\n<!-- \/ Yoast SEO plugin. -->","yoast_head_json":{"title":"Noticias del d\u00eda - Radio Ruman\u00eda Internacional","robots":{"index":"index","follow":"follow","max-snippet":"max-snippet:-1","max-image-preview":"max-image-preview:large","max-video-preview":"max-video-preview:-1"},"canonical":"https:\/\/www.rri.ro\/es\/actualidad\/noticias\/noticias-del-dia-2830-id992037.html","og_locale":"es_ES","og_type":"article","og_title":"Noticias del d\u00eda - Radio Ruman\u00eda Internacional","og_description":"TITULARES: El precio del barril de petr\u00f3leo crudo Brent del mar del Norte subi\u00f3 a casi 120 d\u00f3lares el lunes, ante el temor de los inversores de que una guerra prolongada en Oriente Medio pudiera perturbar gravemente los mercados energ\u00e9ticos y afectar el crecimiento econ\u00f3mico mundial. &nbsp; Unos 2.000 rumanos han regresado sanos y salvos [&hellip;]","og_url":"https:\/\/www.rri.ro\/es\/actualidad\/noticias\/noticias-del-dia-2830-id992037.html","og_site_name":"Radio Ruman\u00eda Internacional","article_published_time":"2026-03-09T18:10:42+00:00","article_modified_time":"2026-03-09T18:23:55+00:00","og_image":[{"width":960,"height":540,"url":"https:\/\/www.rri.ro\/wp-content\/uploads\/2024\/03\/RRI-960x540-Noticias-2-NOU.jpg","type":"image\/jpeg"}],"author":"Newsroom","twitter_card":"summary_large_image","twitter_misc":{"Escrito por":"Newsroom","Tiempo de lectura":"7 minutos","Written by":"Newsroom"},"schema":{"@context":"https:\/\/schema.org","@graph":[{"@type":"Article","@id":"https:\/\/www.rri.ro\/es\/actualidad\/noticias\/noticias-del-dia-2830-id992037.html#article","isPartOf":{"@id":"https:\/\/www.rri.ro\/es\/actualidad\/noticias\/noticias-del-dia-2830-id992037.html"},"author":{"name":"Newsroom","@id":"https:\/\/www.rri.ro\/#\/schema\/person\/4a479940371b9fdefd194f561e8a7f88"},"headline":"Noticias del d\u00eda","datePublished":"2026-03-09T18:10:42+00:00","dateModified":"2026-03-09T18:23:55+00:00","mainEntityOfPage":{"@id":"https:\/\/www.rri.ro\/es\/actualidad\/noticias\/noticias-del-dia-2830-id992037.html"},"wordCount":1502,"image":{"@id":"https:\/\/www.rri.ro\/es\/actualidad\/noticias\/noticias-del-dia-2830-id992037.html#primaryimage"},"thumbnailUrl":"https:\/\/www.rri.ro\/wp-content\/uploads\/2024\/03\/RRI-960x540-Noticias-2-NOU.jpg","keywords":["120 d\u00f3lares","2.000 rumanos","activaci\u00f3n del mecanismo europeo rescEU","afectar el crecimiento econ\u00f3mico mundial","Antonio Costa","autoras C\u0103t\u0103lina Florescu","autores","ayuda de las autoridades","boicot","Bucarest","Direcci\u00f3n Extranjera","editores y traductores Claudiu Komartin y Paul Doru Mugur","Feria del Libro de Londres","ferias internacionales m\u00e1s importantes","gravemente","guerra prolongada en Oriente Medio","inversores","invitados","literatura rumana","mar del Norte","Mercado \u00danico plenamente integrado","mercados energ\u00e9ticos","Ministerio de Asuntos Exteriores rumano","pa\u00edses afectados por conflictos","perturbar","precio del barril de petr\u00f3leo crudo Brent","presidente del Consejo Europeo","presidente Nicusor Dan","profesionales de la literatura.","profesores","repatriaci\u00f3n asistida","Rumania","sanos y salvos","temor","Vesna Goldsworthy y Tatiana \u0162\u00eebuleac","vuelos de evacuaci\u00f3n"],"articleSection":["Noticias"],"inLanguage":"es"},{"@type":"WebPage","@id":"https:\/\/www.rri.ro\/es\/actualidad\/noticias\/noticias-del-dia-2830-id992037.html","url":"https:\/\/www.rri.ro\/es\/actualidad\/noticias\/noticias-del-dia-2830-id992037.html","name":"Noticias del d\u00eda - Radio Ruman\u00eda Internacional","isPartOf":{"@id":"https:\/\/www.rri.ro\/#website"},"primaryImageOfPage":{"@id":"https:\/\/www.rri.ro\/es\/actualidad\/noticias\/noticias-del-dia-2830-id992037.html#primaryimage"},"image":{"@id":"https:\/\/www.rri.ro\/es\/actualidad\/noticias\/noticias-del-dia-2830-id992037.html#primaryimage"},"thumbnailUrl":"https:\/\/www.rri.ro\/wp-content\/uploads\/2024\/03\/RRI-960x540-Noticias-2-NOU.jpg","datePublished":"2026-03-09T18:10:42+00:00","dateModified":"2026-03-09T18:23:55+00:00","author":{"@id":"https:\/\/www.rri.ro\/#\/schema\/person\/4a479940371b9fdefd194f561e8a7f88"},"breadcrumb":{"@id":"https:\/\/www.rri.ro\/es\/actualidad\/noticias\/noticias-del-dia-2830-id992037.html#breadcrumb"},"inLanguage":"es","potentialAction":[{"@type":"ReadAction","target":["https:\/\/www.rri.ro\/es\/actualidad\/noticias\/noticias-del-dia-2830-id992037.html"]}]},{"@type":"ImageObject","inLanguage":"es","@id":"https:\/\/www.rri.ro\/es\/actualidad\/noticias\/noticias-del-dia-2830-id992037.html#primaryimage","url":"https:\/\/www.rri.ro\/wp-content\/uploads\/2024\/03\/RRI-960x540-Noticias-2-NOU.jpg","contentUrl":"https:\/\/www.rri.ro\/wp-content\/uploads\/2024\/03\/RRI-960x540-Noticias-2-NOU.jpg","width":960,"height":540,"caption":"RRI 960x540 Noticias 2-NOU"},{"@type":"BreadcrumbList","@id":"https:\/\/www.rri.ro\/es\/actualidad\/noticias\/noticias-del-dia-2830-id992037.html#breadcrumb","itemListElement":[{"@type":"ListItem","position":1,"name":"P\u00e1gina de inicio","item":"https:\/\/www.rri.ro\/es"},{"@type":"ListItem","position":2,"name":"Actualidad","item":"https:\/\/www.rri.ro\/es\/actualidad"},{"@type":"ListItem","position":3,"name":"Noticias","item":"https:\/\/www.rri.ro\/es\/actualidad\/noticias"},{"@type":"ListItem","position":4,"name":"Noticias del d\u00eda"}]},{"@type":"WebSite","@id":"https:\/\/www.rri.ro\/#website","url":"https:\/\/www.rri.ro\/","name":"Radio Ruman\u00eda Internacional","description":"Totul despre Rom\u00e2nia \u015fi rom\u00e2ni, \u00een 13 limbi\/dialecte!","inLanguage":"es"},{"@type":"Person","@id":"https:\/\/www.rri.ro\/#\/schema\/person\/4a479940371b9fdefd194f561e8a7f88","name":"Newsroom","url":"https:\/\/www.rri.ro\/es\/author\/newsroom"}]}},"_links":{"self":[{"href":"https:\/\/www.rri.ro\/es\/wp-json\/wp\/v2\/posts\/992037","targetHints":{"allow":["GET"]}}],"collection":[{"href":"https:\/\/www.rri.ro\/es\/wp-json\/wp\/v2\/posts"}],"about":[{"href":"https:\/\/www.rri.ro\/es\/wp-json\/wp\/v2\/types\/post"}],"author":[{"embeddable":true,"href":"https:\/\/www.rri.ro\/es\/wp-json\/wp\/v2\/users\/113"}],"replies":[{"embeddable":true,"href":"https:\/\/www.rri.ro\/es\/wp-json\/wp\/v2\/comments?post=992037"}],"version-history":[{"count":0,"href":"https:\/\/www.rri.ro\/es\/wp-json\/wp\/v2\/posts\/992037\/revisions"}],"wp:featuredmedia":[{"embeddable":true,"href":"https:\/\/www.rri.ro\/es\/wp-json\/wp\/v2\/media\/723423"}],"wp:attachment":[{"href":"https:\/\/www.rri.ro\/es\/wp-json\/wp\/v2\/media?parent=992037"}],"wp:term":[{"taxonomy":"category","embeddable":true,"href":"https:\/\/www.rri.ro\/es\/wp-json\/wp\/v2\/categories?post=992037"},{"taxonomy":"post_tag","embeddable":true,"href":"https:\/\/www.rri.ro\/es\/wp-json\/wp\/v2\/tags?post=992037"},{"taxonomy":"author","embeddable":true,"href":"https:\/\/www.rri.ro\/es\/wp-json\/wp\/v2\/coauthors?post=992037"}],"curies":[{"name":"wp","href":"https:\/\/api.w.org\/{rel}","templated":true}]}}