{"id":992806,"date":"2026-03-11T15:49:55","date_gmt":"2026-03-11T13:49:55","guid":{"rendered":"https:\/\/www.rri.ro\/?p=992806"},"modified":"2026-03-11T15:53:49","modified_gmt":"2026-03-11T13:53:49","slug":"128-rumaniando-en-la-radio","status":"publish","type":"post","link":"https:\/\/www.rri.ro\/es\/cronica-semanal\/rumaniando-en-la-radio\/128-rumaniando-en-la-radio-id992806.html","title":{"rendered":"128 Rumaniando en la Radio"},"content":{"rendered":"<p><iframe loading=\"lazy\" src=\"https:\/\/w.soundcloud.com\/player\/?url=https%3A\/\/api.soundcloud.com\/tracks\/soundcloud%253Atracks%253A2281790315&amp;color=%23ff5500&amp;auto_play=false&amp;hide_related=false&amp;show_comments=true&amp;show_user=true&amp;show_reposts=false&amp;show_teaser=true\" width=\"100%\" height=\"166\" frameborder=\"no\" scrolling=\"no\"><\/iframe><\/p>\n<div style=\"font-size: 10px; color: #cccccc; line-break: anywhere; word-break: normal; overflow: hidden; white-space: nowrap; text-overflow: ellipsis; font-family: Interstate,Lucida Grande,Lucida Sans Unicode,Lucida Sans,Garuda,Verdana,Tahoma,sans-serif; font-weight: 100;\"><a style=\"color: #cccccc; text-decoration: none;\" title=\"RadioRomaniaInternational\" href=\"https:\/\/soundcloud.com\/radioromaniainternational\" target=\"_blank\" rel=\"noopener\">RadioRomaniaInternational<\/a> \u00b7 <a style=\"color: #cccccc; text-decoration: none;\" title=\"128 RUM 11.03.2026\" href=\"https:\/\/soundcloud.com\/radioromaniainternational\/128-rum-11-03-2026\" target=\"_blank\" rel=\"noopener\">128 RUM 11.03.2026<\/a><\/div>\n<p>&nbsp;<\/p>\n<p><span style=\"font-family: arial, helvetica, sans-serif;\">Seguimos recorriendo las veredas de Via Transilvanica, la principal ruta de senderismo de Ruman\u00eda. Hoy avanzamos por la Tierra de los Sajones y nos detenemos en las localidades de Bazna, Copsa Mica y Axente Sever.<\/span><\/p>\n","protected":false},"excerpt":{"rendered":"<p>RadioRomaniaInternational \u00b7 128 RUM 11.03.2026 &nbsp; Seguimos recorriendo las veredas de Via Transilvanica, la principal ruta de senderismo de Ruman\u00eda. Hoy avanzamos por la Tierra de los Sajones y nos detenemos en las localidades de Bazna, Copsa Mica y Axente Sever.<\/p>\n","protected":false},"author":99,"featured_media":562387,"comment_status":"closed","ping_status":"closed","sticky":false,"template":"","format":"audio","meta":{"_acf_changed":false,"footnotes":""},"categories":[112449],"tags":[158540,187198,187199,187194,187195,187193,187197,187196,152243,187200,187201,182727,143968,159092,148974],"coauthors":[114929],"class_list":["post-992806","post","type-post","status-publish","format-audio","has-post-thumbnail","hentry","category-rumaniando-en-la-radio","tag-aguas-minerales","tag-arqueologia-en-sibiu","tag-axente-sever","tag-balneario-rumano","tag-barro-sapropelico","tag-bazna","tag-contaminacion-historica","tag-copsa-mica","tag-iglesia-fortificada","tag-ioan-axente-sever","tag-multiculturalidad-transilvana","tag-senderismo-en-rumania","tag-transilvania-es","tag-turismo-activo","tag-via-transilvanica-es","post_format-post-format-audio"],"acf":[],"yoast_head":"<!-- This site is optimized with the Yoast SEO plugin v27.3 - https:\/\/yoast.com\/product\/yoast-seo-wordpress\/ -->\n<title>128 Rumaniando en la Radio - Radio Ruman\u00eda Internacional<\/title>\n<meta name=\"robots\" content=\"index, follow, max-snippet:-1, max-image-preview:large, max-video-preview:-1\" \/>\n<link rel=\"canonical\" href=\"https:\/\/www.rri.ro\/es\/cronica-semanal\/rumaniando-en-la-radio\/128-rumaniando-en-la-radio-id992806.html\" \/>\n<meta property=\"og:locale\" content=\"es_ES\" \/>\n<meta property=\"og:type\" content=\"article\" \/>\n<meta property=\"og:title\" content=\"128 Rumaniando en la Radio - Radio Ruman\u00eda Internacional\" \/>\n<meta property=\"og:description\" content=\"RadioRomaniaInternational \u00b7 128 RUM 11.03.2026 &nbsp; Seguimos recorriendo las veredas de Via Transilvanica, la principal ruta de senderismo de Ruman\u00eda. Hoy avanzamos por la Tierra de los Sajones y nos detenemos en las localidades de Bazna, Copsa Mica y Axente Sever.\" \/>\n<meta property=\"og:url\" content=\"https:\/\/www.rri.ro\/es\/cronica-semanal\/rumaniando-en-la-radio\/128-rumaniando-en-la-radio-id992806.html\" \/>\n<meta property=\"og:site_name\" content=\"Radio Ruman\u00eda Internacional\" \/>\n<meta property=\"article:published_time\" content=\"2026-03-11T13:49:55+00:00\" \/>\n<meta property=\"article:modified_time\" content=\"2026-03-11T13:53:49+00:00\" \/>\n<meta property=\"og:image\" content=\"https:\/\/www.rri.ro\/wp-content\/uploads\/2023\/10\/rumaniando-en-la-radio.jpg\" \/>\n\t<meta property=\"og:image:width\" content=\"640\" \/>\n\t<meta property=\"og:image:height\" content=\"401\" \/>\n\t<meta property=\"og:image:type\" content=\"image\/jpeg\" \/>\n<meta name=\"author\" content=\"Antonio Madrid\" \/>\n<meta name=\"twitter:card\" content=\"summary_large_image\" \/>\n<meta name=\"twitter:label1\" content=\"Escrito por\" \/>\n\t<meta name=\"twitter:data1\" content=\"Antonio Madrid\" \/>\n\t<meta name=\"twitter:label2\" content=\"Written by\" \/>\n\t<meta name=\"twitter:data2\" content=\"Antonio Madrid\" \/>\n<script type=\"application\/ld+json\" class=\"yoast-schema-graph\">{\"@context\":\"https:\\\/\\\/schema.org\",\"@graph\":[{\"@type\":\"Article\",\"@id\":\"https:\\\/\\\/www.rri.ro\\\/es\\\/cronica-semanal\\\/rumaniando-en-la-radio\\\/128-rumaniando-en-la-radio-id992806.html#article\",\"isPartOf\":{\"@id\":\"https:\\\/\\\/www.rri.ro\\\/es\\\/cronica-semanal\\\/rumaniando-en-la-radio\\\/128-rumaniando-en-la-radio-id992806.html\"},\"author\":{\"name\":\"Antonio Madrid\",\"@id\":\"https:\\\/\\\/www.rri.ro\\\/#\\\/schema\\\/person\\\/42648fab0d4c496576143af628fee3bb\"},\"headline\":\"128 Rumaniando en la Radio\",\"datePublished\":\"2026-03-11T13:49:55+00:00\",\"dateModified\":\"2026-03-11T13:53:49+00:00\",\"mainEntityOfPage\":{\"@id\":\"https:\\\/\\\/www.rri.ro\\\/es\\\/cronica-semanal\\\/rumaniando-en-la-radio\\\/128-rumaniando-en-la-radio-id992806.html\"},\"wordCount\":43,\"image\":{\"@id\":\"https:\\\/\\\/www.rri.ro\\\/es\\\/cronica-semanal\\\/rumaniando-en-la-radio\\\/128-rumaniando-en-la-radio-id992806.html#primaryimage\"},\"thumbnailUrl\":\"https:\\\/\\\/www.rri.ro\\\/wp-content\\\/uploads\\\/2023\\\/10\\\/rumaniando-en-la-radio.jpg\",\"keywords\":[\"aguas minerales\",\"arqueolog\u00eda en Sibiu\",\"Axente Sever\",\"balneario rumano\",\"barro saprop\u00e9lico\",\"Bazna\",\"contaminaci\u00f3n hist\u00f3rica\",\"Cop\u0219a Mic\u0103\",\"iglesia fortificada\",\"Ioan Axente Sever\",\"multiculturalidad transilvana\",\"senderismo en Ruman\u00eda\",\"Transilvania\",\"turismo activo\",\"Via Transilvanica\"],\"articleSection\":[\"Rumaniando en la Radio\"],\"inLanguage\":\"es\"},{\"@type\":\"WebPage\",\"@id\":\"https:\\\/\\\/www.rri.ro\\\/es\\\/cronica-semanal\\\/rumaniando-en-la-radio\\\/128-rumaniando-en-la-radio-id992806.html\",\"url\":\"https:\\\/\\\/www.rri.ro\\\/es\\\/cronica-semanal\\\/rumaniando-en-la-radio\\\/128-rumaniando-en-la-radio-id992806.html\",\"name\":\"128 Rumaniando en la Radio - Radio Ruman\u00eda Internacional\",\"isPartOf\":{\"@id\":\"https:\\\/\\\/www.rri.ro\\\/#website\"},\"primaryImageOfPage\":{\"@id\":\"https:\\\/\\\/www.rri.ro\\\/es\\\/cronica-semanal\\\/rumaniando-en-la-radio\\\/128-rumaniando-en-la-radio-id992806.html#primaryimage\"},\"image\":{\"@id\":\"https:\\\/\\\/www.rri.ro\\\/es\\\/cronica-semanal\\\/rumaniando-en-la-radio\\\/128-rumaniando-en-la-radio-id992806.html#primaryimage\"},\"thumbnailUrl\":\"https:\\\/\\\/www.rri.ro\\\/wp-content\\\/uploads\\\/2023\\\/10\\\/rumaniando-en-la-radio.jpg\",\"datePublished\":\"2026-03-11T13:49:55+00:00\",\"dateModified\":\"2026-03-11T13:53:49+00:00\",\"author\":{\"@id\":\"https:\\\/\\\/www.rri.ro\\\/#\\\/schema\\\/person\\\/42648fab0d4c496576143af628fee3bb\"},\"breadcrumb\":{\"@id\":\"https:\\\/\\\/www.rri.ro\\\/es\\\/cronica-semanal\\\/rumaniando-en-la-radio\\\/128-rumaniando-en-la-radio-id992806.html#breadcrumb\"},\"inLanguage\":\"es\",\"potentialAction\":[{\"@type\":\"ReadAction\",\"target\":[\"https:\\\/\\\/www.rri.ro\\\/es\\\/cronica-semanal\\\/rumaniando-en-la-radio\\\/128-rumaniando-en-la-radio-id992806.html\"]}]},{\"@type\":\"ImageObject\",\"inLanguage\":\"es\",\"@id\":\"https:\\\/\\\/www.rri.ro\\\/es\\\/cronica-semanal\\\/rumaniando-en-la-radio\\\/128-rumaniando-en-la-radio-id992806.html#primaryimage\",\"url\":\"https:\\\/\\\/www.rri.ro\\\/wp-content\\\/uploads\\\/2023\\\/10\\\/rumaniando-en-la-radio.jpg\",\"contentUrl\":\"https:\\\/\\\/www.rri.ro\\\/wp-content\\\/uploads\\\/2023\\\/10\\\/rumaniando-en-la-radio.jpg\",\"width\":640,\"height\":401},{\"@type\":\"BreadcrumbList\",\"@id\":\"https:\\\/\\\/www.rri.ro\\\/es\\\/cronica-semanal\\\/rumaniando-en-la-radio\\\/128-rumaniando-en-la-radio-id992806.html#breadcrumb\",\"itemListElement\":[{\"@type\":\"ListItem\",\"position\":1,\"name\":\"P\u00e1gina de inicio\",\"item\":\"https:\\\/\\\/www.rri.ro\\\/es\"},{\"@type\":\"ListItem\",\"position\":2,\"name\":\"Cr\u00f3nica semanal\",\"item\":\"https:\\\/\\\/www.rri.ro\\\/es\\\/cronica-semanal\"},{\"@type\":\"ListItem\",\"position\":3,\"name\":\"Rumaniando en la Radio\",\"item\":\"https:\\\/\\\/www.rri.ro\\\/es\\\/cronica-semanal\\\/rumaniando-en-la-radio\"},{\"@type\":\"ListItem\",\"position\":4,\"name\":\"128 Rumaniando en la Radio\"}]},{\"@type\":\"WebSite\",\"@id\":\"https:\\\/\\\/www.rri.ro\\\/#website\",\"url\":\"https:\\\/\\\/www.rri.ro\\\/\",\"name\":\"Radio Ruman\u00eda Internacional\",\"description\":\"Totul despre Rom\u00e2nia \u015fi rom\u00e2ni, \u00een 13 limbi\\\/dialecte!\",\"inLanguage\":\"es\"},{\"@type\":\"Person\",\"@id\":\"https:\\\/\\\/www.rri.ro\\\/#\\\/schema\\\/person\\\/42648fab0d4c496576143af628fee3bb\",\"name\":\"Antonio Madrid\",\"sameAs\":[\"www.linkedin.com\\\/in\\\/antoniojmadridi\"],\"url\":\"https:\\\/\\\/www.rri.ro\\\/es\\\/author\\\/antonio-madrid\"}]}<\/script>\n<!-- \/ Yoast SEO plugin. -->","yoast_head_json":{"title":"128 Rumaniando en la Radio - Radio Ruman\u00eda Internacional","robots":{"index":"index","follow":"follow","max-snippet":"max-snippet:-1","max-image-preview":"max-image-preview:large","max-video-preview":"max-video-preview:-1"},"canonical":"https:\/\/www.rri.ro\/es\/cronica-semanal\/rumaniando-en-la-radio\/128-rumaniando-en-la-radio-id992806.html","og_locale":"es_ES","og_type":"article","og_title":"128 Rumaniando en la Radio - Radio Ruman\u00eda Internacional","og_description":"RadioRomaniaInternational \u00b7 128 RUM 11.03.2026 &nbsp; Seguimos recorriendo las veredas de Via Transilvanica, la principal ruta de senderismo de Ruman\u00eda. Hoy avanzamos por la Tierra de los Sajones y nos detenemos en las localidades de Bazna, Copsa Mica y Axente Sever.","og_url":"https:\/\/www.rri.ro\/es\/cronica-semanal\/rumaniando-en-la-radio\/128-rumaniando-en-la-radio-id992806.html","og_site_name":"Radio Ruman\u00eda Internacional","article_published_time":"2026-03-11T13:49:55+00:00","article_modified_time":"2026-03-11T13:53:49+00:00","og_image":[{"width":640,"height":401,"url":"https:\/\/www.rri.ro\/wp-content\/uploads\/2023\/10\/rumaniando-en-la-radio.jpg","type":"image\/jpeg"}],"author":"Antonio Madrid","twitter_card":"summary_large_image","twitter_misc":{"Escrito por":"Antonio Madrid","Written by":"Antonio Madrid"},"schema":{"@context":"https:\/\/schema.org","@graph":[{"@type":"Article","@id":"https:\/\/www.rri.ro\/es\/cronica-semanal\/rumaniando-en-la-radio\/128-rumaniando-en-la-radio-id992806.html#article","isPartOf":{"@id":"https:\/\/www.rri.ro\/es\/cronica-semanal\/rumaniando-en-la-radio\/128-rumaniando-en-la-radio-id992806.html"},"author":{"name":"Antonio Madrid","@id":"https:\/\/www.rri.ro\/#\/schema\/person\/42648fab0d4c496576143af628fee3bb"},"headline":"128 Rumaniando en la Radio","datePublished":"2026-03-11T13:49:55+00:00","dateModified":"2026-03-11T13:53:49+00:00","mainEntityOfPage":{"@id":"https:\/\/www.rri.ro\/es\/cronica-semanal\/rumaniando-en-la-radio\/128-rumaniando-en-la-radio-id992806.html"},"wordCount":43,"image":{"@id":"https:\/\/www.rri.ro\/es\/cronica-semanal\/rumaniando-en-la-radio\/128-rumaniando-en-la-radio-id992806.html#primaryimage"},"thumbnailUrl":"https:\/\/www.rri.ro\/wp-content\/uploads\/2023\/10\/rumaniando-en-la-radio.jpg","keywords":["aguas minerales","arqueolog\u00eda en Sibiu","Axente Sever","balneario rumano","barro saprop\u00e9lico","Bazna","contaminaci\u00f3n hist\u00f3rica","Cop\u0219a Mic\u0103","iglesia fortificada","Ioan Axente Sever","multiculturalidad transilvana","senderismo en Ruman\u00eda","Transilvania","turismo activo","Via Transilvanica"],"articleSection":["Rumaniando en la Radio"],"inLanguage":"es"},{"@type":"WebPage","@id":"https:\/\/www.rri.ro\/es\/cronica-semanal\/rumaniando-en-la-radio\/128-rumaniando-en-la-radio-id992806.html","url":"https:\/\/www.rri.ro\/es\/cronica-semanal\/rumaniando-en-la-radio\/128-rumaniando-en-la-radio-id992806.html","name":"128 Rumaniando en la Radio - Radio Ruman\u00eda Internacional","isPartOf":{"@id":"https:\/\/www.rri.ro\/#website"},"primaryImageOfPage":{"@id":"https:\/\/www.rri.ro\/es\/cronica-semanal\/rumaniando-en-la-radio\/128-rumaniando-en-la-radio-id992806.html#primaryimage"},"image":{"@id":"https:\/\/www.rri.ro\/es\/cronica-semanal\/rumaniando-en-la-radio\/128-rumaniando-en-la-radio-id992806.html#primaryimage"},"thumbnailUrl":"https:\/\/www.rri.ro\/wp-content\/uploads\/2023\/10\/rumaniando-en-la-radio.jpg","datePublished":"2026-03-11T13:49:55+00:00","dateModified":"2026-03-11T13:53:49+00:00","author":{"@id":"https:\/\/www.rri.ro\/#\/schema\/person\/42648fab0d4c496576143af628fee3bb"},"breadcrumb":{"@id":"https:\/\/www.rri.ro\/es\/cronica-semanal\/rumaniando-en-la-radio\/128-rumaniando-en-la-radio-id992806.html#breadcrumb"},"inLanguage":"es","potentialAction":[{"@type":"ReadAction","target":["https:\/\/www.rri.ro\/es\/cronica-semanal\/rumaniando-en-la-radio\/128-rumaniando-en-la-radio-id992806.html"]}]},{"@type":"ImageObject","inLanguage":"es","@id":"https:\/\/www.rri.ro\/es\/cronica-semanal\/rumaniando-en-la-radio\/128-rumaniando-en-la-radio-id992806.html#primaryimage","url":"https:\/\/www.rri.ro\/wp-content\/uploads\/2023\/10\/rumaniando-en-la-radio.jpg","contentUrl":"https:\/\/www.rri.ro\/wp-content\/uploads\/2023\/10\/rumaniando-en-la-radio.jpg","width":640,"height":401},{"@type":"BreadcrumbList","@id":"https:\/\/www.rri.ro\/es\/cronica-semanal\/rumaniando-en-la-radio\/128-rumaniando-en-la-radio-id992806.html#breadcrumb","itemListElement":[{"@type":"ListItem","position":1,"name":"P\u00e1gina de inicio","item":"https:\/\/www.rri.ro\/es"},{"@type":"ListItem","position":2,"name":"Cr\u00f3nica semanal","item":"https:\/\/www.rri.ro\/es\/cronica-semanal"},{"@type":"ListItem","position":3,"name":"Rumaniando en la Radio","item":"https:\/\/www.rri.ro\/es\/cronica-semanal\/rumaniando-en-la-radio"},{"@type":"ListItem","position":4,"name":"128 Rumaniando en la Radio"}]},{"@type":"WebSite","@id":"https:\/\/www.rri.ro\/#website","url":"https:\/\/www.rri.ro\/","name":"Radio Ruman\u00eda Internacional","description":"Totul despre Rom\u00e2nia \u015fi rom\u00e2ni, \u00een 13 limbi\/dialecte!","inLanguage":"es"},{"@type":"Person","@id":"https:\/\/www.rri.ro\/#\/schema\/person\/42648fab0d4c496576143af628fee3bb","name":"Antonio Madrid","sameAs":["www.linkedin.com\/in\/antoniojmadridi"],"url":"https:\/\/www.rri.ro\/es\/author\/antonio-madrid"}]}},"_links":{"self":[{"href":"https:\/\/www.rri.ro\/es\/wp-json\/wp\/v2\/posts\/992806","targetHints":{"allow":["GET"]}}],"collection":[{"href":"https:\/\/www.rri.ro\/es\/wp-json\/wp\/v2\/posts"}],"about":[{"href":"https:\/\/www.rri.ro\/es\/wp-json\/wp\/v2\/types\/post"}],"author":[{"embeddable":true,"href":"https:\/\/www.rri.ro\/es\/wp-json\/wp\/v2\/users\/99"}],"replies":[{"embeddable":true,"href":"https:\/\/www.rri.ro\/es\/wp-json\/wp\/v2\/comments?post=992806"}],"version-history":[{"count":0,"href":"https:\/\/www.rri.ro\/es\/wp-json\/wp\/v2\/posts\/992806\/revisions"}],"wp:featuredmedia":[{"embeddable":true,"href":"https:\/\/www.rri.ro\/es\/wp-json\/wp\/v2\/media\/562387"}],"wp:attachment":[{"href":"https:\/\/www.rri.ro\/es\/wp-json\/wp\/v2\/media?parent=992806"}],"wp:term":[{"taxonomy":"category","embeddable":true,"href":"https:\/\/www.rri.ro\/es\/wp-json\/wp\/v2\/categories?post=992806"},{"taxonomy":"post_tag","embeddable":true,"href":"https:\/\/www.rri.ro\/es\/wp-json\/wp\/v2\/tags?post=992806"},{"taxonomy":"author","embeddable":true,"href":"https:\/\/www.rri.ro\/es\/wp-json\/wp\/v2\/coauthors?post=992806"}],"curies":[{"name":"wp","href":"https:\/\/api.w.org\/{rel}","templated":true}]}}