{"id":993925,"date":"2026-03-13T17:39:39","date_gmt":"2026-03-13T15:39:39","guid":{"rendered":"https:\/\/www.rri.ro\/?p=993925"},"modified":"2026-03-13T17:42:36","modified_gmt":"2026-03-13T15:42:36","slug":"la-actriz-ruxandra-oancea-y-el-director-de-escena-mario-mocanu-entre-rumania-y-espana","status":"publish","type":"post","link":"https:\/\/www.rri.ro\/es\/panorama-rumano\/paseo-cultural\/la-actriz-ruxandra-oancea-y-el-director-de-escena-mario-mocanu-entre-rumania-y-espana-id993925.html","title":{"rendered":"La actriz Ruxandra Oancea y el director de escena Mario Mocanu, entre Ruman\u00eda y Espa\u00f1a"},"content":{"rendered":"<p>La actriz Ruxandra Oancea y el director de escena Mario Mocanu han vuelto a nuestra emisora para hablar de sus proyectos de traducci\u00f3n de textos dram\u00e1ticos.<\/p>\n<p>Mario Mocanu se fue a Espa\u00f1a en 2003, pero siempre ha mantenido el nexo con su pa\u00eds de origen. Cuando era ni\u00f1o, escuchaba teatro radiof\u00f3nico y fue entonces cuando se acerc\u00f3 al mundo de las artes esc\u00e9nicas. Ha trabajado sobre textos de autores rumanos, y actualmente participa en un proyecto Erasmus + para realizar su tesis doctoral.<\/p>\n<p>Ruxandra Oancea es actriz y fil\u00f3loga. Se fue de Ruman\u00eda a principios de los a\u00f1os 2000, pero siempre ha vivido entre dos mundos. Al igual que Mario Mocanu, ha estudiado en la Real Escuela Superior de Arte Dram\u00e1tico de Madrid (RESAD). Ha estudiado tambi\u00e9n fololog\u00eda en la Universidad Complutense de Madrid, lo que le permite trabajar en varios \u00e1mbitos. <\/p>\n<p>Han colaborado en varios proyectos y se consideran traductores por vocaci\u00f3n, pero tambi\u00e9n por necesidad. He aqu\u00ed lo que nos han contado en RRI:<br \/>\n<iframe loading=\"lazy\" width=\"100%\" height=\"166\" scrolling=\"no\" frameborder=\"no\" allow=\"autoplay\" src=\"https:\/\/w.soundcloud.com\/player\/?url=https%3A\/\/api.soundcloud.com\/tracks\/soundcloud%253Atracks%253A2283150224&#038;color=%23ff5500&#038;auto_play=false&#038;hide_related=false&#038;show_comments=true&#038;show_user=true&#038;show_reposts=false&#038;show_teaser=true\"><\/iframe><\/p>\n<div style=\"font-size: 10px; color: #cccccc;line-break: anywhere;word-break: normal;overflow: hidden;white-space: nowrap;text-overflow: ellipsis; font-family: Interstate,Lucida Grande,Lucida Sans Unicode,Lucida Sans,Garuda,Verdana,Tahoma,sans-serif;font-weight: 100;\"><a href=\"https:\/\/soundcloud.com\/radioromaniainternational\" title=\"RadioRomaniaInternational\" target=\"_blank\" style=\"color: #cccccc; text-decoration: none;\">RadioRomaniaInternational<\/a> \u00b7 <a href=\"https:\/\/soundcloud.com\/radioromaniainternational\/ruxandra-oancea-y-mario-mocanu\" title=\"Ruxandra Oancea y Mario Mocanu, entre Ruman\u00eda y Espa\u00f1a\" target=\"_blank\" style=\"color: #cccccc; text-decoration: none;\">Ruxandra Oancea y Mario Mocanu, entre Ruman\u00eda y Espa\u00f1a<\/a><\/div>\n","protected":false},"excerpt":{"rendered":"<p>La actriz Ruxandra Oancea y el director de escena Mario Mocanu han vuelto a nuestra emisora para hablar de sus proyectos de traducci\u00f3n de textos dram\u00e1ticos. Mario Mocanu se fue a Espa\u00f1a en 2003, pero siempre ha mantenido el nexo con su pa\u00eds de origen. Cuando era ni\u00f1o, escuchaba teatro radiof\u00f3nico y fue entonces cuando [&hellip;]<\/p>\n","protected":false},"author":61,"featured_media":993863,"comment_status":"closed","ping_status":"closed","sticky":false,"template":"","format":"audio","meta":{"_acf_changed":false,"footnotes":""},"categories":[111717],"tags":[171645,112039,48949,111826,132278],"coauthors":[116698],"class_list":["post-993925","post","type-post","status-publish","format-audio","has-post-thumbnail","hentry","category-paseo-cultural","tag-autores-rumanos","tag-mario-mocanu","tag-rumania","tag-rumanos-en-espana","tag-ruxandra-oancea","post_format-post-format-audio"],"acf":[],"yoast_head":"<!-- This site is optimized with the Yoast SEO plugin v27.3 - https:\/\/yoast.com\/product\/yoast-seo-wordpress\/ -->\n<title>La actriz Ruxandra Oancea y el director de escena Mario Mocanu, entre Ruman\u00eda y Espa\u00f1a - Radio Ruman\u00eda Internacional<\/title>\n<meta name=\"robots\" content=\"index, follow, max-snippet:-1, max-image-preview:large, max-video-preview:-1\" \/>\n<link rel=\"canonical\" href=\"https:\/\/www.rri.ro\/es\/panorama-rumano\/paseo-cultural\/la-actriz-ruxandra-oancea-y-el-director-de-escena-mario-mocanu-entre-rumania-y-espana-id993925.html\" \/>\n<meta property=\"og:locale\" content=\"es_ES\" \/>\n<meta property=\"og:type\" content=\"article\" \/>\n<meta property=\"og:title\" content=\"La actriz Ruxandra Oancea y el director de escena Mario Mocanu, entre Ruman\u00eda y Espa\u00f1a - Radio Ruman\u00eda Internacional\" \/>\n<meta property=\"og:description\" content=\"La actriz Ruxandra Oancea y el director de escena Mario Mocanu han vuelto a nuestra emisora para hablar de sus proyectos de traducci\u00f3n de textos dram\u00e1ticos. Mario Mocanu se fue a Espa\u00f1a en 2003, pero siempre ha mantenido el nexo con su pa\u00eds de origen. Cuando era ni\u00f1o, escuchaba teatro radiof\u00f3nico y fue entonces cuando [&hellip;]\" \/>\n<meta property=\"og:url\" content=\"https:\/\/www.rri.ro\/es\/panorama-rumano\/paseo-cultural\/la-actriz-ruxandra-oancea-y-el-director-de-escena-mario-mocanu-entre-rumania-y-espana-id993925.html\" \/>\n<meta property=\"og:site_name\" content=\"Radio Ruman\u00eda Internacional\" \/>\n<meta property=\"article:published_time\" content=\"2026-03-13T15:39:39+00:00\" \/>\n<meta property=\"article:modified_time\" content=\"2026-03-13T15:42:36+00:00\" \/>\n<meta property=\"og:image\" content=\"https:\/\/www.rri.ro\/wp-content\/uploads\/2026\/03\/Ruxandra-Oancea-Monica-Tarau-Mario-Mocanu-foto-Monica-Tarau-RRI.jpg\" \/>\n\t<meta property=\"og:image:width\" content=\"1194\" \/>\n\t<meta property=\"og:image:height\" content=\"858\" \/>\n\t<meta property=\"og:image:type\" content=\"image\/jpeg\" \/>\n<meta name=\"author\" content=\"Monica Tar\u0103u\" \/>\n<meta name=\"twitter:card\" content=\"summary_large_image\" \/>\n<meta name=\"twitter:label1\" content=\"Escrito por\" \/>\n\t<meta name=\"twitter:data1\" content=\"Monica Tar\u0103u\" \/>\n\t<meta name=\"twitter:label2\" content=\"Tiempo de lectura\" \/>\n\t<meta name=\"twitter:data2\" content=\"1 minuto\" \/>\n\t<meta name=\"twitter:label3\" content=\"Written by\" \/>\n\t<meta name=\"twitter:data3\" content=\"Monica Tar\u0103u\" \/>\n<script type=\"application\/ld+json\" class=\"yoast-schema-graph\">{\"@context\":\"https:\\\/\\\/schema.org\",\"@graph\":[{\"@type\":\"Article\",\"@id\":\"https:\\\/\\\/www.rri.ro\\\/es\\\/panorama-rumano\\\/paseo-cultural\\\/la-actriz-ruxandra-oancea-y-el-director-de-escena-mario-mocanu-entre-rumania-y-espana-id993925.html#article\",\"isPartOf\":{\"@id\":\"https:\\\/\\\/www.rri.ro\\\/es\\\/panorama-rumano\\\/paseo-cultural\\\/la-actriz-ruxandra-oancea-y-el-director-de-escena-mario-mocanu-entre-rumania-y-espana-id993925.html\"},\"author\":{\"name\":\"Monica Tar\u0103u\",\"@id\":\"https:\\\/\\\/www.rri.ro\\\/#\\\/schema\\\/person\\\/bcfb9bd03936efd8c393a7e62bae417a\"},\"headline\":\"La actriz Ruxandra Oancea y el director de escena Mario Mocanu, entre Ruman\u00eda y Espa\u00f1a\",\"datePublished\":\"2026-03-13T15:39:39+00:00\",\"dateModified\":\"2026-03-13T15:42:36+00:00\",\"mainEntityOfPage\":{\"@id\":\"https:\\\/\\\/www.rri.ro\\\/es\\\/panorama-rumano\\\/paseo-cultural\\\/la-actriz-ruxandra-oancea-y-el-director-de-escena-mario-mocanu-entre-rumania-y-espana-id993925.html\"},\"wordCount\":207,\"image\":{\"@id\":\"https:\\\/\\\/www.rri.ro\\\/es\\\/panorama-rumano\\\/paseo-cultural\\\/la-actriz-ruxandra-oancea-y-el-director-de-escena-mario-mocanu-entre-rumania-y-espana-id993925.html#primaryimage\"},\"thumbnailUrl\":\"https:\\\/\\\/www.rri.ro\\\/wp-content\\\/uploads\\\/2026\\\/03\\\/Ruxandra-Oancea-Monica-Tarau-Mario-Mocanu-foto-Monica-Tarau-RRI.jpg\",\"keywords\":[\"autores rumanos\",\"Mario Mocanu\",\"Rumania\",\"rumanos en Espa\u00f1a\",\"Ruxandra Oancea\"],\"articleSection\":[\"Paseo\u00a0cultural\"],\"inLanguage\":\"es\"},{\"@type\":\"WebPage\",\"@id\":\"https:\\\/\\\/www.rri.ro\\\/es\\\/panorama-rumano\\\/paseo-cultural\\\/la-actriz-ruxandra-oancea-y-el-director-de-escena-mario-mocanu-entre-rumania-y-espana-id993925.html\",\"url\":\"https:\\\/\\\/www.rri.ro\\\/es\\\/panorama-rumano\\\/paseo-cultural\\\/la-actriz-ruxandra-oancea-y-el-director-de-escena-mario-mocanu-entre-rumania-y-espana-id993925.html\",\"name\":\"La actriz Ruxandra Oancea y el director de escena Mario Mocanu, entre Ruman\u00eda y Espa\u00f1a - Radio Ruman\u00eda Internacional\",\"isPartOf\":{\"@id\":\"https:\\\/\\\/www.rri.ro\\\/#website\"},\"primaryImageOfPage\":{\"@id\":\"https:\\\/\\\/www.rri.ro\\\/es\\\/panorama-rumano\\\/paseo-cultural\\\/la-actriz-ruxandra-oancea-y-el-director-de-escena-mario-mocanu-entre-rumania-y-espana-id993925.html#primaryimage\"},\"image\":{\"@id\":\"https:\\\/\\\/www.rri.ro\\\/es\\\/panorama-rumano\\\/paseo-cultural\\\/la-actriz-ruxandra-oancea-y-el-director-de-escena-mario-mocanu-entre-rumania-y-espana-id993925.html#primaryimage\"},\"thumbnailUrl\":\"https:\\\/\\\/www.rri.ro\\\/wp-content\\\/uploads\\\/2026\\\/03\\\/Ruxandra-Oancea-Monica-Tarau-Mario-Mocanu-foto-Monica-Tarau-RRI.jpg\",\"datePublished\":\"2026-03-13T15:39:39+00:00\",\"dateModified\":\"2026-03-13T15:42:36+00:00\",\"author\":{\"@id\":\"https:\\\/\\\/www.rri.ro\\\/#\\\/schema\\\/person\\\/bcfb9bd03936efd8c393a7e62bae417a\"},\"breadcrumb\":{\"@id\":\"https:\\\/\\\/www.rri.ro\\\/es\\\/panorama-rumano\\\/paseo-cultural\\\/la-actriz-ruxandra-oancea-y-el-director-de-escena-mario-mocanu-entre-rumania-y-espana-id993925.html#breadcrumb\"},\"inLanguage\":\"es\",\"potentialAction\":[{\"@type\":\"ReadAction\",\"target\":[\"https:\\\/\\\/www.rri.ro\\\/es\\\/panorama-rumano\\\/paseo-cultural\\\/la-actriz-ruxandra-oancea-y-el-director-de-escena-mario-mocanu-entre-rumania-y-espana-id993925.html\"]}]},{\"@type\":\"ImageObject\",\"inLanguage\":\"es\",\"@id\":\"https:\\\/\\\/www.rri.ro\\\/es\\\/panorama-rumano\\\/paseo-cultural\\\/la-actriz-ruxandra-oancea-y-el-director-de-escena-mario-mocanu-entre-rumania-y-espana-id993925.html#primaryimage\",\"url\":\"https:\\\/\\\/www.rri.ro\\\/wp-content\\\/uploads\\\/2026\\\/03\\\/Ruxandra-Oancea-Monica-Tarau-Mario-Mocanu-foto-Monica-Tarau-RRI.jpg\",\"contentUrl\":\"https:\\\/\\\/www.rri.ro\\\/wp-content\\\/uploads\\\/2026\\\/03\\\/Ruxandra-Oancea-Monica-Tarau-Mario-Mocanu-foto-Monica-Tarau-RRI.jpg\",\"width\":1194,\"height\":858},{\"@type\":\"BreadcrumbList\",\"@id\":\"https:\\\/\\\/www.rri.ro\\\/es\\\/panorama-rumano\\\/paseo-cultural\\\/la-actriz-ruxandra-oancea-y-el-director-de-escena-mario-mocanu-entre-rumania-y-espana-id993925.html#breadcrumb\",\"itemListElement\":[{\"@type\":\"ListItem\",\"position\":1,\"name\":\"P\u00e1gina de inicio\",\"item\":\"https:\\\/\\\/www.rri.ro\\\/es\"},{\"@type\":\"ListItem\",\"position\":2,\"name\":\"Panorama rumano\",\"item\":\"https:\\\/\\\/www.rri.ro\\\/es\\\/panorama-rumano\"},{\"@type\":\"ListItem\",\"position\":3,\"name\":\"Paseo\u00a0cultural\",\"item\":\"https:\\\/\\\/www.rri.ro\\\/es\\\/panorama-rumano\\\/paseo-cultural\"},{\"@type\":\"ListItem\",\"position\":4,\"name\":\"La actriz Ruxandra Oancea y el director de escena Mario Mocanu, entre Ruman\u00eda y Espa\u00f1a\"}]},{\"@type\":\"WebSite\",\"@id\":\"https:\\\/\\\/www.rri.ro\\\/#website\",\"url\":\"https:\\\/\\\/www.rri.ro\\\/\",\"name\":\"Radio Ruman\u00eda Internacional\",\"description\":\"Totul despre Rom\u00e2nia \u015fi rom\u00e2ni, \u00een 13 limbi\\\/dialecte!\",\"inLanguage\":\"es\"},{\"@type\":\"Person\",\"@id\":\"https:\\\/\\\/www.rri.ro\\\/#\\\/schema\\\/person\\\/bcfb9bd03936efd8c393a7e62bae417a\",\"name\":\"Monica Tar\u0103u\",\"url\":\"https:\\\/\\\/www.rri.ro\\\/es\\\/author\\\/monica-tarau\"}]}<\/script>\n<!-- \/ Yoast SEO plugin. -->","yoast_head_json":{"title":"La actriz Ruxandra Oancea y el director de escena Mario Mocanu, entre Ruman\u00eda y Espa\u00f1a - Radio Ruman\u00eda Internacional","robots":{"index":"index","follow":"follow","max-snippet":"max-snippet:-1","max-image-preview":"max-image-preview:large","max-video-preview":"max-video-preview:-1"},"canonical":"https:\/\/www.rri.ro\/es\/panorama-rumano\/paseo-cultural\/la-actriz-ruxandra-oancea-y-el-director-de-escena-mario-mocanu-entre-rumania-y-espana-id993925.html","og_locale":"es_ES","og_type":"article","og_title":"La actriz Ruxandra Oancea y el director de escena Mario Mocanu, entre Ruman\u00eda y Espa\u00f1a - Radio Ruman\u00eda Internacional","og_description":"La actriz Ruxandra Oancea y el director de escena Mario Mocanu han vuelto a nuestra emisora para hablar de sus proyectos de traducci\u00f3n de textos dram\u00e1ticos. Mario Mocanu se fue a Espa\u00f1a en 2003, pero siempre ha mantenido el nexo con su pa\u00eds de origen. Cuando era ni\u00f1o, escuchaba teatro radiof\u00f3nico y fue entonces cuando [&hellip;]","og_url":"https:\/\/www.rri.ro\/es\/panorama-rumano\/paseo-cultural\/la-actriz-ruxandra-oancea-y-el-director-de-escena-mario-mocanu-entre-rumania-y-espana-id993925.html","og_site_name":"Radio Ruman\u00eda Internacional","article_published_time":"2026-03-13T15:39:39+00:00","article_modified_time":"2026-03-13T15:42:36+00:00","og_image":[{"width":1194,"height":858,"url":"https:\/\/www.rri.ro\/wp-content\/uploads\/2026\/03\/Ruxandra-Oancea-Monica-Tarau-Mario-Mocanu-foto-Monica-Tarau-RRI.jpg","type":"image\/jpeg"}],"author":"Monica Tar\u0103u","twitter_card":"summary_large_image","twitter_misc":{"Escrito por":"Monica Tar\u0103u","Tiempo de lectura":"1 minuto","Written by":"Monica Tar\u0103u"},"schema":{"@context":"https:\/\/schema.org","@graph":[{"@type":"Article","@id":"https:\/\/www.rri.ro\/es\/panorama-rumano\/paseo-cultural\/la-actriz-ruxandra-oancea-y-el-director-de-escena-mario-mocanu-entre-rumania-y-espana-id993925.html#article","isPartOf":{"@id":"https:\/\/www.rri.ro\/es\/panorama-rumano\/paseo-cultural\/la-actriz-ruxandra-oancea-y-el-director-de-escena-mario-mocanu-entre-rumania-y-espana-id993925.html"},"author":{"name":"Monica Tar\u0103u","@id":"https:\/\/www.rri.ro\/#\/schema\/person\/bcfb9bd03936efd8c393a7e62bae417a"},"headline":"La actriz Ruxandra Oancea y el director de escena Mario Mocanu, entre Ruman\u00eda y Espa\u00f1a","datePublished":"2026-03-13T15:39:39+00:00","dateModified":"2026-03-13T15:42:36+00:00","mainEntityOfPage":{"@id":"https:\/\/www.rri.ro\/es\/panorama-rumano\/paseo-cultural\/la-actriz-ruxandra-oancea-y-el-director-de-escena-mario-mocanu-entre-rumania-y-espana-id993925.html"},"wordCount":207,"image":{"@id":"https:\/\/www.rri.ro\/es\/panorama-rumano\/paseo-cultural\/la-actriz-ruxandra-oancea-y-el-director-de-escena-mario-mocanu-entre-rumania-y-espana-id993925.html#primaryimage"},"thumbnailUrl":"https:\/\/www.rri.ro\/wp-content\/uploads\/2026\/03\/Ruxandra-Oancea-Monica-Tarau-Mario-Mocanu-foto-Monica-Tarau-RRI.jpg","keywords":["autores rumanos","Mario Mocanu","Rumania","rumanos en Espa\u00f1a","Ruxandra Oancea"],"articleSection":["Paseo\u00a0cultural"],"inLanguage":"es"},{"@type":"WebPage","@id":"https:\/\/www.rri.ro\/es\/panorama-rumano\/paseo-cultural\/la-actriz-ruxandra-oancea-y-el-director-de-escena-mario-mocanu-entre-rumania-y-espana-id993925.html","url":"https:\/\/www.rri.ro\/es\/panorama-rumano\/paseo-cultural\/la-actriz-ruxandra-oancea-y-el-director-de-escena-mario-mocanu-entre-rumania-y-espana-id993925.html","name":"La actriz Ruxandra Oancea y el director de escena Mario Mocanu, entre Ruman\u00eda y Espa\u00f1a - Radio Ruman\u00eda Internacional","isPartOf":{"@id":"https:\/\/www.rri.ro\/#website"},"primaryImageOfPage":{"@id":"https:\/\/www.rri.ro\/es\/panorama-rumano\/paseo-cultural\/la-actriz-ruxandra-oancea-y-el-director-de-escena-mario-mocanu-entre-rumania-y-espana-id993925.html#primaryimage"},"image":{"@id":"https:\/\/www.rri.ro\/es\/panorama-rumano\/paseo-cultural\/la-actriz-ruxandra-oancea-y-el-director-de-escena-mario-mocanu-entre-rumania-y-espana-id993925.html#primaryimage"},"thumbnailUrl":"https:\/\/www.rri.ro\/wp-content\/uploads\/2026\/03\/Ruxandra-Oancea-Monica-Tarau-Mario-Mocanu-foto-Monica-Tarau-RRI.jpg","datePublished":"2026-03-13T15:39:39+00:00","dateModified":"2026-03-13T15:42:36+00:00","author":{"@id":"https:\/\/www.rri.ro\/#\/schema\/person\/bcfb9bd03936efd8c393a7e62bae417a"},"breadcrumb":{"@id":"https:\/\/www.rri.ro\/es\/panorama-rumano\/paseo-cultural\/la-actriz-ruxandra-oancea-y-el-director-de-escena-mario-mocanu-entre-rumania-y-espana-id993925.html#breadcrumb"},"inLanguage":"es","potentialAction":[{"@type":"ReadAction","target":["https:\/\/www.rri.ro\/es\/panorama-rumano\/paseo-cultural\/la-actriz-ruxandra-oancea-y-el-director-de-escena-mario-mocanu-entre-rumania-y-espana-id993925.html"]}]},{"@type":"ImageObject","inLanguage":"es","@id":"https:\/\/www.rri.ro\/es\/panorama-rumano\/paseo-cultural\/la-actriz-ruxandra-oancea-y-el-director-de-escena-mario-mocanu-entre-rumania-y-espana-id993925.html#primaryimage","url":"https:\/\/www.rri.ro\/wp-content\/uploads\/2026\/03\/Ruxandra-Oancea-Monica-Tarau-Mario-Mocanu-foto-Monica-Tarau-RRI.jpg","contentUrl":"https:\/\/www.rri.ro\/wp-content\/uploads\/2026\/03\/Ruxandra-Oancea-Monica-Tarau-Mario-Mocanu-foto-Monica-Tarau-RRI.jpg","width":1194,"height":858},{"@type":"BreadcrumbList","@id":"https:\/\/www.rri.ro\/es\/panorama-rumano\/paseo-cultural\/la-actriz-ruxandra-oancea-y-el-director-de-escena-mario-mocanu-entre-rumania-y-espana-id993925.html#breadcrumb","itemListElement":[{"@type":"ListItem","position":1,"name":"P\u00e1gina de inicio","item":"https:\/\/www.rri.ro\/es"},{"@type":"ListItem","position":2,"name":"Panorama rumano","item":"https:\/\/www.rri.ro\/es\/panorama-rumano"},{"@type":"ListItem","position":3,"name":"Paseo\u00a0cultural","item":"https:\/\/www.rri.ro\/es\/panorama-rumano\/paseo-cultural"},{"@type":"ListItem","position":4,"name":"La actriz Ruxandra Oancea y el director de escena Mario Mocanu, entre Ruman\u00eda y Espa\u00f1a"}]},{"@type":"WebSite","@id":"https:\/\/www.rri.ro\/#website","url":"https:\/\/www.rri.ro\/","name":"Radio Ruman\u00eda Internacional","description":"Totul despre Rom\u00e2nia \u015fi rom\u00e2ni, \u00een 13 limbi\/dialecte!","inLanguage":"es"},{"@type":"Person","@id":"https:\/\/www.rri.ro\/#\/schema\/person\/bcfb9bd03936efd8c393a7e62bae417a","name":"Monica Tar\u0103u","url":"https:\/\/www.rri.ro\/es\/author\/monica-tarau"}]}},"_links":{"self":[{"href":"https:\/\/www.rri.ro\/es\/wp-json\/wp\/v2\/posts\/993925","targetHints":{"allow":["GET"]}}],"collection":[{"href":"https:\/\/www.rri.ro\/es\/wp-json\/wp\/v2\/posts"}],"about":[{"href":"https:\/\/www.rri.ro\/es\/wp-json\/wp\/v2\/types\/post"}],"author":[{"embeddable":true,"href":"https:\/\/www.rri.ro\/es\/wp-json\/wp\/v2\/users\/61"}],"replies":[{"embeddable":true,"href":"https:\/\/www.rri.ro\/es\/wp-json\/wp\/v2\/comments?post=993925"}],"version-history":[{"count":0,"href":"https:\/\/www.rri.ro\/es\/wp-json\/wp\/v2\/posts\/993925\/revisions"}],"wp:featuredmedia":[{"embeddable":true,"href":"https:\/\/www.rri.ro\/es\/wp-json\/wp\/v2\/media\/993863"}],"wp:attachment":[{"href":"https:\/\/www.rri.ro\/es\/wp-json\/wp\/v2\/media?parent=993925"}],"wp:term":[{"taxonomy":"category","embeddable":true,"href":"https:\/\/www.rri.ro\/es\/wp-json\/wp\/v2\/categories?post=993925"},{"taxonomy":"post_tag","embeddable":true,"href":"https:\/\/www.rri.ro\/es\/wp-json\/wp\/v2\/tags?post=993925"},{"taxonomy":"author","embeddable":true,"href":"https:\/\/www.rri.ro\/es\/wp-json\/wp\/v2\/coauthors?post=993925"}],"curies":[{"name":"wp","href":"https:\/\/api.w.org\/{rel}","templated":true}]}}