{"id":1009656,"date":"2026-04-23T13:48:00","date_gmt":"2026-04-23T10:48:00","guid":{"rendered":"https:\/\/www.rri.ro\/?p=1009656"},"modified":"2026-04-23T13:48:00","modified_gmt":"2026-04-23T10:48:00","slug":"23-04-2026","status":"publish","type":"post","link":"https:\/\/www.rri.ro\/fr\/actualites\/le-flash\/23-04-2026-id1009656.html","title":{"rendered":"23.04.2026"},"content":{"rendered":"<p><strong>Crise politique<\/strong> \u2013 Le PSD ne renonce pas \u00e0 son intention de quitter l\u2019Ex\u00e9cutif de Bucarest. Selon des sources politiques, les 7 ministres sociaux-d\u00e9mocrates pourraient d\u00e9poser ce jeudi m\u00eame leur d\u00e9mission suite \u00e0 la d\u00e9cision prise \u00e0 la t\u00eate du parti. Il s\u2019agit de 6 portefeuilles\u00a0: le Travail, la Justice, l\u2019Agriculture, l\u2019Energie, les Transports et la Sant\u00e9 ainsi que d\u2019un poste de vice premier ministre. De m\u00eame, le fauteuil du secr\u00e9taire g\u00e9n\u00e9ral du gouvernement resterait vacant, car appartenant toujours aux Parti Social-D\u00e9mocrate. Avec ces d\u00e9parts, l\u2019Ex\u00e9cutif changera de composition politique et ne b\u00e9n\u00e9ficiera plus que du soutien des Lib\u00e9raux, de l\u2019Union Sauvez la Roumanie et de l\u2019Union D\u00e9mocrate Magyare de Roumanie. Rappelons-le, lundi le PSD avait d\u00e9cid\u00e9 de retirer son soutien au premier ministre lib\u00e9ral, Ilie Bolojan, demandant sa d\u00e9mission. De son c\u00f4t\u00e9, le premier ministre refuse de quitter ses fonctions. Mercredi, le pr\u00e9sident roumain Nicusor Dan a eu des consultations avec les dirigeants de tous les partis de l\u2019actuelle coalition gouvernementale, dans une tentative de trouver une formule pour la stabilit\u00e9 du pays et pour pouvoir continuer une gouvernance pro-europ\u00e9enne. Pourtant, les consultations se sont achev\u00e9es sans aboutir sur une solution claire pour sortir de ce blocage politique, les opinions des leaders politiques restant inchang\u00e9s : le PSD souhaite rester au sein de la coalition, mais \u00e0 condition que l\u2019actuel premier ministre quitte ses fonctions. En cas contraire, les sociaux-d\u00e9mocrates quitteront, eux, le gouvernement, pouvant passer dans l\u2019opposition et m\u00eame voter une motion de censure contre l\u2019Ex\u00e9cutif. En revanche, le Parti National Lib\u00e9ral, l\u2019Union sauvez la Roumanie et l\u2019Union D\u00e9mocrate Magyare de Roumanie, soit les autres membres de la coalition gouvernementale, continuent d\u2019appuyer l\u2019actuel chef du gouvernement qui n\u2019exclut pas non plus la variante d\u2019un gouvernement minoritaire. \u00c0 l\u2019issue des discussions, mercredi, le chef de l\u2019\u00c9tat, Nicusor Dan, a assur\u00e9 que la Roumanie \u00e9tait toujours un Etat fonctionnel, malgr\u00e9 les divergences d\u2019opinion au niveau politique.<\/p>\n<p>&nbsp;<\/p>\n<p><strong>Gouvernement<\/strong> &#8211; Le gouvernement de Bucarest doit adopter dans sa r\u00e9union de ce jeudi un m\u00e9morandum portant sur le d\u00e9marrage de la restructuration d\u2019une premi\u00e8re s\u00e9rie de soci\u00e9t\u00e9s d\u2019Etat qui totalisent des dettes historiques au budget, causant des pertes importantes. Par ailleurs, l\u2019acc\u00e8s des \u00e9trangers sur le march\u00e9 de l\u2019emploi de Roumanie est d\u00e9sormais plus durement r\u00e9glement\u00e9 aux termes d\u2019un projet de d\u00e9cret d\u2019urgence adopt\u00e9 ce jeudi par l\u2019Ex\u00e9cutif. Il s&rsquo;agit d&rsquo;autoriser de mani\u00e8re plus claire les soci\u00e9t\u00e9s qui peuvent faire venir des ouvriers \u00e9trangers en Roumanie, de mettre en place un contr\u00f4le plus rigoureux de ces soci\u00e9t\u00e9s, de r\u00e9duire la bureaucratie et de num\u00e9riser les proc\u00e9dures. \u00c0 leur tour, les patrons auront des obligations plus claires concernant le salaire accord\u00e9 \u00e0 ces ouvriers, le logement et les conditions de travail, sous peine de sanction en cas contraire.<\/p>\n<p>&nbsp;<\/p>\n<p><strong>Sommet<\/strong> &#8211; La Roumanie sera repr\u00e9sent\u00e9e par son chef d\u2019Etat, Nicusor Dan, au Sommet informel de l\u2019Union europ\u00e9enne de Nicosie, \u00e0 Chypre. Les chefs d\u2019Etat et de gouvernement s\u2019y r\u00e9unissent ce soir pour se pencher sur la situation g\u00e9opolitique actuelle, notamment sur la guerre en Ukraine et sur les tensions au Moyen-Orient. Egalement \u00e0 l\u2019agenda des pourparlers, le futur budget sur le long terme de l\u2019union europ\u00e9enne.<\/p>\n<p><strong>D\u00e9ficit<\/strong> &#8211; Le d\u00e9ficit budg\u00e9taire de la Roumanie a baiss\u00e9 de 9,3 % du PIB en 2024 \u00e0 7,9 % en 2025, selon les donn\u00e9es fournies par Eurostat. Dans un message post\u00e9 sur Facebook, le premier ministre roumain, Ilie Bolojan, mentionne que cet \u00e9volution est l\u2019effet des mesures de r\u00e9duction des d\u00e9penses et de croissance des revenus prises dans la seconde partie de l\u2019ann\u00e9e derni\u00e8re, mais aussi le r\u00e9sultat de l\u2019utilisation des fonds europ\u00e9ens venus via le Plan national de relancer de r\u00e9silience. Pourtant, la Roumanie affiche toujours le plus grand d\u00e9ficit de l\u2019Union europ\u00e9enne, m\u00eame apr\u00e8s avoir connu la correction la plus importante de l\u2019espace communautaire, a encore expliqu\u00e9 le premier ministre. Plus cette correction et rapide, plus vite une croissance \u00e9conomique saine pourra d\u00e9marrer et cela se refl\u00e8tera aussi dans le niveau de vie, a encore \u00e9crit le premier ministre.<\/p>\n<p><strong>BNR<\/strong> &#8211; La Banque nationale de Roumanie organise ces jeudi et vendredi, la sixi\u00e8me \u00e9dition de ses \u00ab\u00a0Journ\u00e9es Portes Ouvertes\u00a0\u00bb pour marquer, entre autres, cette ann\u00e9e, les 146 ans \u00e9coul\u00e9es depuis sa cr\u00e9ation. Des visites guid\u00e9es ont permis au public de d\u00e9couvrir les endroits les plus spectaculaires du Vieux Palais de la Banque Nationale situ\u00e9e au c\u0153ur m\u00eame de la capitale, d\u2019en apprendre davantage sur l\u2019histoire de la Banque et d\u2019admirer les plus importants objets expos\u00e9s dans son mus\u00e9e. Les visiteurs pourront \u00e9galement d\u00e9couvrir la fascinante \u00a0histoire de la monnaie nationale roumaine dans l\u2019exposition intitul\u00e9e : \u00ab\u00a0L\u2019argent nous parle : l\u2019histoire du leu, du m\u00e9tal au polym\u00e8re\u00a0\u00bb. A admirer \u00e9galement, quelques-uns des lingots d\u2019or faisant partie de la r\u00e9serve de la Roumanie.<\/p>\n<p><strong>\u00a0<\/strong><\/p>\n<p><strong>Saint Georges<\/strong> &#8211; Les fid\u00e8les chr\u00e9tiens de Roumanie f\u00eatent, ce jeudi, le Saint-Georges, martyr au quatri\u00e8me si\u00e8cle, patron spirituel des Forces terrestres de l\u2019Arm\u00e9e Roumaine. Aujourd\u2019hui, pr\u00e8s d\u2019un million de Roumains c\u00e9l\u00e8brent leur onomastique. G\u00e9n\u00e9ral dans l\u2019arm\u00e9e romaine \u00e0 l\u2019\u00e9poque de l\u2019empereur Diocl\u00e9tien, Saint-Georges est tomb\u00e9 victime de la pers\u00e9cution contre les chr\u00e9tiens. Il fut emprisonn\u00e9 et tortur\u00e9 pour renoncer au christianisme, avant d\u2019\u00eatre ex\u00e9cut\u00e9 pour ne pas renoncer \u00e0 sa foi.<\/p>\n<p>&nbsp;<\/p>\n<p><strong>Tennis<\/strong> &#8211; La joueuse de tennis la Roumaine Jaqueline Cristian affrontent ce jeudi la joueuse ukrainienne, Youlia Starodoubtseva, au deuxi\u00e8me round du tournoi WTA 1000 de Madrid. La Roumaine, qui a acc\u00e9d\u00e9 directement au second tour, a d\u00e9j\u00e0 vaincu par deux fois son adversaire ukrainienne \u00e0 d\u2019autres occasions. Et c\u2019est toujours \u00e0 Madrid, que la Roumaine Sorana C\u00eerstea affrontera au deuxi\u00e8me tour, l\u2019Italienne, Tyra Grant.<\/p>\n<p><strong>M\u00e9t\u00e9o<\/strong> &#8211; Le vent souffle avec force sur la plupart des r\u00e9gions de la Roumanie ce jeudi. Dans le nord, l\u2019est, le centre, le sud-ouest, le sud et le sud-est les rafales pourraient aller jusqu\u2019\u00e0 50 voire 70 km \u00e0 l\u2019heure et arriver par endroits m\u00eame jusqu\u2019\u00e0 70 ou 90 km \u00e0 l\u2019heure. Sur les cr\u00eates des montagnes, \u00e0 plus de 1600 m d\u2019altitude, notamment dans les Carpates M\u00e9ridionales, le vent est encore plus fort avec des rafales, allant de 90 \u00e0 130 km \u00e0 l\u2019heure. Le ciel est couvert et il pleut par endroit sur le nord, le sud et le relief. Les maxima de la journ\u00e9e vont de 10 \u00e0 19\u00b0C.<\/p>\n","protected":false},"excerpt":{"rendered":"<p>Crise politique \u2013 Le PSD ne renonce pas \u00e0 son intention de quitter l\u2019Ex\u00e9cutif de Bucarest. Selon des sources politiques, les 7 ministres sociaux-d\u00e9mocrates pourraient d\u00e9poser ce jeudi m\u00eame leur d\u00e9mission suite \u00e0 la d\u00e9cision prise \u00e0 la t\u00eate du parti. Il s\u2019agit de 6 portefeuilles\u00a0: le Travail, la Justice, l\u2019Agriculture, l\u2019Energie, les Transports et [&hellip;]<\/p>\n","protected":false},"author":113,"featured_media":723357,"comment_status":"closed","ping_status":"closed","sticky":false,"template":"","format":"standard","meta":{"_acf_changed":false,"footnotes":""},"categories":[89002],"tags":[],"coauthors":[116091],"class_list":["post-1009656","post","type-post","status-publish","format-standard","has-post-thumbnail","hentry","category-le-flash"],"acf":[],"yoast_head":"<!-- This site is optimized with the Yoast SEO plugin v27.3 - https:\/\/yoast.com\/product\/yoast-seo-wordpress\/ -->\n<title>23.04.2026 - Radio Roumanie Internationale<\/title>\n<meta name=\"robots\" content=\"index, follow, max-snippet:-1, max-image-preview:large, max-video-preview:-1\" \/>\n<link rel=\"canonical\" href=\"https:\/\/www.rri.ro\/fr\/actualites\/le-flash\/23-04-2026-id1009656.html\" \/>\n<meta property=\"og:locale\" content=\"fr_FR\" \/>\n<meta property=\"og:type\" content=\"article\" \/>\n<meta property=\"og:title\" content=\"23.04.2026 - Radio Roumanie Internationale\" \/>\n<meta property=\"og:description\" content=\"Crise politique \u2013 Le PSD ne renonce pas \u00e0 son intention de quitter l\u2019Ex\u00e9cutif de Bucarest. Selon des sources politiques, les 7 ministres sociaux-d\u00e9mocrates pourraient d\u00e9poser ce jeudi m\u00eame leur d\u00e9mission suite \u00e0 la d\u00e9cision prise \u00e0 la t\u00eate du parti. Il s\u2019agit de 6 portefeuilles\u00a0: le Travail, la Justice, l\u2019Agriculture, l\u2019Energie, les Transports et [&hellip;]\" \/>\n<meta property=\"og:url\" content=\"https:\/\/www.rri.ro\/fr\/actualites\/le-flash\/23-04-2026-id1009656.html\" \/>\n<meta property=\"og:site_name\" content=\"Radio Roumanie Internationale\" \/>\n<meta property=\"article:published_time\" content=\"2026-04-23T10:48:00+00:00\" \/>\n<meta property=\"og:image\" content=\"https:\/\/www.rri.ro\/wp-content\/uploads\/2024\/03\/RRI-960x540-Le-flash-2-NOU.jpg\" \/>\n\t<meta property=\"og:image:width\" content=\"960\" \/>\n\t<meta property=\"og:image:height\" content=\"540\" \/>\n\t<meta property=\"og:image:type\" content=\"image\/jpeg\" \/>\n<meta name=\"author\" content=\"Newsroom\" \/>\n<meta name=\"twitter:card\" content=\"summary_large_image\" \/>\n<meta name=\"twitter:label1\" content=\"\u00c9crit par\" \/>\n\t<meta name=\"twitter:data1\" content=\"Newsroom\" \/>\n\t<meta name=\"twitter:label2\" content=\"Dur\u00e9e de lecture estim\u00e9e\" \/>\n\t<meta name=\"twitter:data2\" content=\"6 minutes\" \/>\n\t<meta name=\"twitter:label3\" content=\"Written by\" \/>\n\t<meta name=\"twitter:data3\" content=\"Newsroom\" \/>\n<script type=\"application\/ld+json\" class=\"yoast-schema-graph\">{\"@context\":\"https:\\\/\\\/schema.org\",\"@graph\":[{\"@type\":\"Article\",\"@id\":\"https:\\\/\\\/www.rri.ro\\\/fr\\\/actualites\\\/le-flash\\\/23-04-2026-id1009656.html#article\",\"isPartOf\":{\"@id\":\"https:\\\/\\\/www.rri.ro\\\/fr\\\/actualites\\\/le-flash\\\/23-04-2026-id1009656.html\"},\"author\":{\"name\":\"Newsroom\",\"@id\":\"https:\\\/\\\/www.rri.ro\\\/#\\\/schema\\\/person\\\/4a479940371b9fdefd194f561e8a7f88\"},\"headline\":\"23.04.2026\",\"datePublished\":\"2026-04-23T10:48:00+00:00\",\"mainEntityOfPage\":{\"@id\":\"https:\\\/\\\/www.rri.ro\\\/fr\\\/actualites\\\/le-flash\\\/23-04-2026-id1009656.html\"},\"wordCount\":1179,\"image\":{\"@id\":\"https:\\\/\\\/www.rri.ro\\\/fr\\\/actualites\\\/le-flash\\\/23-04-2026-id1009656.html#primaryimage\"},\"thumbnailUrl\":\"https:\\\/\\\/www.rri.ro\\\/wp-content\\\/uploads\\\/2024\\\/03\\\/RRI-960x540-Le-flash-2-NOU.jpg\",\"articleSection\":[\"Le flash\"],\"inLanguage\":\"fr-FR\"},{\"@type\":\"WebPage\",\"@id\":\"https:\\\/\\\/www.rri.ro\\\/fr\\\/actualites\\\/le-flash\\\/23-04-2026-id1009656.html\",\"url\":\"https:\\\/\\\/www.rri.ro\\\/fr\\\/actualites\\\/le-flash\\\/23-04-2026-id1009656.html\",\"name\":\"23.04.2026 - Radio Roumanie Internationale\",\"isPartOf\":{\"@id\":\"https:\\\/\\\/www.rri.ro\\\/#website\"},\"primaryImageOfPage\":{\"@id\":\"https:\\\/\\\/www.rri.ro\\\/fr\\\/actualites\\\/le-flash\\\/23-04-2026-id1009656.html#primaryimage\"},\"image\":{\"@id\":\"https:\\\/\\\/www.rri.ro\\\/fr\\\/actualites\\\/le-flash\\\/23-04-2026-id1009656.html#primaryimage\"},\"thumbnailUrl\":\"https:\\\/\\\/www.rri.ro\\\/wp-content\\\/uploads\\\/2024\\\/03\\\/RRI-960x540-Le-flash-2-NOU.jpg\",\"datePublished\":\"2026-04-23T10:48:00+00:00\",\"author\":{\"@id\":\"https:\\\/\\\/www.rri.ro\\\/#\\\/schema\\\/person\\\/4a479940371b9fdefd194f561e8a7f88\"},\"breadcrumb\":{\"@id\":\"https:\\\/\\\/www.rri.ro\\\/fr\\\/actualites\\\/le-flash\\\/23-04-2026-id1009656.html#breadcrumb\"},\"inLanguage\":\"fr-FR\",\"potentialAction\":[{\"@type\":\"ReadAction\",\"target\":[\"https:\\\/\\\/www.rri.ro\\\/fr\\\/actualites\\\/le-flash\\\/23-04-2026-id1009656.html\"]}]},{\"@type\":\"ImageObject\",\"inLanguage\":\"fr-FR\",\"@id\":\"https:\\\/\\\/www.rri.ro\\\/fr\\\/actualites\\\/le-flash\\\/23-04-2026-id1009656.html#primaryimage\",\"url\":\"https:\\\/\\\/www.rri.ro\\\/wp-content\\\/uploads\\\/2024\\\/03\\\/RRI-960x540-Le-flash-2-NOU.jpg\",\"contentUrl\":\"https:\\\/\\\/www.rri.ro\\\/wp-content\\\/uploads\\\/2024\\\/03\\\/RRI-960x540-Le-flash-2-NOU.jpg\",\"width\":960,\"height\":540},{\"@type\":\"BreadcrumbList\",\"@id\":\"https:\\\/\\\/www.rri.ro\\\/fr\\\/actualites\\\/le-flash\\\/23-04-2026-id1009656.html#breadcrumb\",\"itemListElement\":[{\"@type\":\"ListItem\",\"position\":1,\"name\":\"Page d'accueil\",\"item\":\"https:\\\/\\\/www.rri.ro\\\/fr\"},{\"@type\":\"ListItem\",\"position\":2,\"name\":\"Actualit\u00e9s\",\"item\":\"https:\\\/\\\/www.rri.ro\\\/fr\\\/actualites\"},{\"@type\":\"ListItem\",\"position\":3,\"name\":\"Le flash\",\"item\":\"https:\\\/\\\/www.rri.ro\\\/fr\\\/actualites\\\/le-flash\"},{\"@type\":\"ListItem\",\"position\":4,\"name\":\"23.04.2026\"}]},{\"@type\":\"WebSite\",\"@id\":\"https:\\\/\\\/www.rri.ro\\\/#website\",\"url\":\"https:\\\/\\\/www.rri.ro\\\/\",\"name\":\"Radio Roumanie Internationale\",\"description\":\"Totul despre Rom\u00e2nia \u015fi rom\u00e2ni, \u00een 13 limbi\\\/dialecte!\",\"inLanguage\":\"fr-FR\"},{\"@type\":\"Person\",\"@id\":\"https:\\\/\\\/www.rri.ro\\\/#\\\/schema\\\/person\\\/4a479940371b9fdefd194f561e8a7f88\",\"name\":\"Newsroom\",\"url\":\"https:\\\/\\\/www.rri.ro\\\/fr\\\/author\\\/newsroom\"}]}<\/script>\n<!-- \/ Yoast SEO plugin. -->","yoast_head_json":{"title":"23.04.2026 - Radio Roumanie Internationale","robots":{"index":"index","follow":"follow","max-snippet":"max-snippet:-1","max-image-preview":"max-image-preview:large","max-video-preview":"max-video-preview:-1"},"canonical":"https:\/\/www.rri.ro\/fr\/actualites\/le-flash\/23-04-2026-id1009656.html","og_locale":"fr_FR","og_type":"article","og_title":"23.04.2026 - Radio Roumanie Internationale","og_description":"Crise politique \u2013 Le PSD ne renonce pas \u00e0 son intention de quitter l\u2019Ex\u00e9cutif de Bucarest. Selon des sources politiques, les 7 ministres sociaux-d\u00e9mocrates pourraient d\u00e9poser ce jeudi m\u00eame leur d\u00e9mission suite \u00e0 la d\u00e9cision prise \u00e0 la t\u00eate du parti. Il s\u2019agit de 6 portefeuilles\u00a0: le Travail, la Justice, l\u2019Agriculture, l\u2019Energie, les Transports et [&hellip;]","og_url":"https:\/\/www.rri.ro\/fr\/actualites\/le-flash\/23-04-2026-id1009656.html","og_site_name":"Radio Roumanie Internationale","article_published_time":"2026-04-23T10:48:00+00:00","og_image":[{"width":960,"height":540,"url":"https:\/\/www.rri.ro\/wp-content\/uploads\/2024\/03\/RRI-960x540-Le-flash-2-NOU.jpg","type":"image\/jpeg"}],"author":"Newsroom","twitter_card":"summary_large_image","twitter_misc":{"\u00c9crit par":"Newsroom","Dur\u00e9e de lecture estim\u00e9e":"6 minutes","Written by":"Newsroom"},"schema":{"@context":"https:\/\/schema.org","@graph":[{"@type":"Article","@id":"https:\/\/www.rri.ro\/fr\/actualites\/le-flash\/23-04-2026-id1009656.html#article","isPartOf":{"@id":"https:\/\/www.rri.ro\/fr\/actualites\/le-flash\/23-04-2026-id1009656.html"},"author":{"name":"Newsroom","@id":"https:\/\/www.rri.ro\/#\/schema\/person\/4a479940371b9fdefd194f561e8a7f88"},"headline":"23.04.2026","datePublished":"2026-04-23T10:48:00+00:00","mainEntityOfPage":{"@id":"https:\/\/www.rri.ro\/fr\/actualites\/le-flash\/23-04-2026-id1009656.html"},"wordCount":1179,"image":{"@id":"https:\/\/www.rri.ro\/fr\/actualites\/le-flash\/23-04-2026-id1009656.html#primaryimage"},"thumbnailUrl":"https:\/\/www.rri.ro\/wp-content\/uploads\/2024\/03\/RRI-960x540-Le-flash-2-NOU.jpg","articleSection":["Le flash"],"inLanguage":"fr-FR"},{"@type":"WebPage","@id":"https:\/\/www.rri.ro\/fr\/actualites\/le-flash\/23-04-2026-id1009656.html","url":"https:\/\/www.rri.ro\/fr\/actualites\/le-flash\/23-04-2026-id1009656.html","name":"23.04.2026 - Radio Roumanie Internationale","isPartOf":{"@id":"https:\/\/www.rri.ro\/#website"},"primaryImageOfPage":{"@id":"https:\/\/www.rri.ro\/fr\/actualites\/le-flash\/23-04-2026-id1009656.html#primaryimage"},"image":{"@id":"https:\/\/www.rri.ro\/fr\/actualites\/le-flash\/23-04-2026-id1009656.html#primaryimage"},"thumbnailUrl":"https:\/\/www.rri.ro\/wp-content\/uploads\/2024\/03\/RRI-960x540-Le-flash-2-NOU.jpg","datePublished":"2026-04-23T10:48:00+00:00","author":{"@id":"https:\/\/www.rri.ro\/#\/schema\/person\/4a479940371b9fdefd194f561e8a7f88"},"breadcrumb":{"@id":"https:\/\/www.rri.ro\/fr\/actualites\/le-flash\/23-04-2026-id1009656.html#breadcrumb"},"inLanguage":"fr-FR","potentialAction":[{"@type":"ReadAction","target":["https:\/\/www.rri.ro\/fr\/actualites\/le-flash\/23-04-2026-id1009656.html"]}]},{"@type":"ImageObject","inLanguage":"fr-FR","@id":"https:\/\/www.rri.ro\/fr\/actualites\/le-flash\/23-04-2026-id1009656.html#primaryimage","url":"https:\/\/www.rri.ro\/wp-content\/uploads\/2024\/03\/RRI-960x540-Le-flash-2-NOU.jpg","contentUrl":"https:\/\/www.rri.ro\/wp-content\/uploads\/2024\/03\/RRI-960x540-Le-flash-2-NOU.jpg","width":960,"height":540},{"@type":"BreadcrumbList","@id":"https:\/\/www.rri.ro\/fr\/actualites\/le-flash\/23-04-2026-id1009656.html#breadcrumb","itemListElement":[{"@type":"ListItem","position":1,"name":"Page d'accueil","item":"https:\/\/www.rri.ro\/fr"},{"@type":"ListItem","position":2,"name":"Actualit\u00e9s","item":"https:\/\/www.rri.ro\/fr\/actualites"},{"@type":"ListItem","position":3,"name":"Le flash","item":"https:\/\/www.rri.ro\/fr\/actualites\/le-flash"},{"@type":"ListItem","position":4,"name":"23.04.2026"}]},{"@type":"WebSite","@id":"https:\/\/www.rri.ro\/#website","url":"https:\/\/www.rri.ro\/","name":"Radio Roumanie Internationale","description":"Totul despre Rom\u00e2nia \u015fi rom\u00e2ni, \u00een 13 limbi\/dialecte!","inLanguage":"fr-FR"},{"@type":"Person","@id":"https:\/\/www.rri.ro\/#\/schema\/person\/4a479940371b9fdefd194f561e8a7f88","name":"Newsroom","url":"https:\/\/www.rri.ro\/fr\/author\/newsroom"}]}},"_links":{"self":[{"href":"https:\/\/www.rri.ro\/fr\/wp-json\/wp\/v2\/posts\/1009656","targetHints":{"allow":["GET"]}}],"collection":[{"href":"https:\/\/www.rri.ro\/fr\/wp-json\/wp\/v2\/posts"}],"about":[{"href":"https:\/\/www.rri.ro\/fr\/wp-json\/wp\/v2\/types\/post"}],"author":[{"embeddable":true,"href":"https:\/\/www.rri.ro\/fr\/wp-json\/wp\/v2\/users\/113"}],"replies":[{"embeddable":true,"href":"https:\/\/www.rri.ro\/fr\/wp-json\/wp\/v2\/comments?post=1009656"}],"version-history":[{"count":1,"href":"https:\/\/www.rri.ro\/fr\/wp-json\/wp\/v2\/posts\/1009656\/revisions"}],"predecessor-version":[{"id":1009658,"href":"https:\/\/www.rri.ro\/fr\/wp-json\/wp\/v2\/posts\/1009656\/revisions\/1009658"}],"wp:featuredmedia":[{"embeddable":true,"href":"https:\/\/www.rri.ro\/fr\/wp-json\/wp\/v2\/media\/723357"}],"wp:attachment":[{"href":"https:\/\/www.rri.ro\/fr\/wp-json\/wp\/v2\/media?parent=1009656"}],"wp:term":[{"taxonomy":"category","embeddable":true,"href":"https:\/\/www.rri.ro\/fr\/wp-json\/wp\/v2\/categories?post=1009656"},{"taxonomy":"post_tag","embeddable":true,"href":"https:\/\/www.rri.ro\/fr\/wp-json\/wp\/v2\/tags?post=1009656"},{"taxonomy":"author","embeddable":true,"href":"https:\/\/www.rri.ro\/fr\/wp-json\/wp\/v2\/coauthors?post=1009656"}],"curies":[{"name":"wp","href":"https:\/\/api.w.org\/{rel}","templated":true}]}}