{"id":1009793,"date":"2026-04-26T10:06:59","date_gmt":"2026-04-26T07:06:59","guid":{"rendered":"https:\/\/www.rri.ro\/?p=1009793"},"modified":"2026-04-23T19:09:09","modified_gmt":"2026-04-23T16:09:09","slug":"virgil-madgearu-une-figure-de-proue-de-leconomie-roumaine","status":"publish","type":"post","link":"https:\/\/www.rri.ro\/fr\/chroniques-hebdomadaires\/lencyclopedie-de-rri\/virgil-madgearu-une-figure-de-proue-de-leconomie-roumaine-id1009793.html","title":{"rendered":"Virgil Madgearu, une figure de proue de l\u2019\u00e9conomie roumaine"},"content":{"rendered":"<p>Sans doute, tant dans la Roumanie d\u2019avant l\u2019Union de 1918, que dans celle d\u2019apr\u00e8s, lorsqu\u2019elle avait doubl\u00e9 son territoire et sa population, la principale activit\u00e9 de la population rurale \u00e9tait l\u2019agriculture. C\u2019est donc en partant des r\u00e9alit\u00e9s d\u00e9mographiques, de l\u2019exp\u00e9rience du fonctionnement de l\u2019Etat roumain et des dysfonctionnements dont le pays avait h\u00e9rit\u00e9, que Virgil Madgearu a esquiss\u00e9 un parcours pour le d\u00e9veloppement \u00e9conomique de la Roumanie, o\u00f9 l\u2019Etat jouait un r\u00f4le dominant. Quant \u00e0 la politique \u00e9conomique internationale, il a \u00e9t\u00e9 en faveur des l\u2019approche des \u00ab portes ouvertes\u00a0\u00bb, c\u2019est-\u00e0-dire de la libre circulation du capital et des marchandises entre les pays, ce qui l\u2019a plac\u00e9 du c\u00f4t\u00e9 gauche de l\u2019\u00e9chiquier politique de son \u00e9poque.<\/p>\n<p>&nbsp;<\/p>\n<p>Pourtant, le 27 novembre 1940, une \u00e9quipe du mouvement d\u2019extr\u00eame droite appel\u00e9 \u00ab\u00a0Les l\u00e9gionnaires de la Garde de Fer \u00bb attrape Virgil Madgearu et l\u2019emm\u00e8ne \u00e0 une trentaine de km de Bucarest, dans la for\u00eat de Snagov, o\u00f9 sa vie est coup\u00e9e court, \u00e0 53 ans seulement.<\/p>\n<p>&nbsp;<\/p>\n<h3><strong>Qui \u00e9tait Virgil Madgearu\u00a0?<\/strong><\/h3>\n<p>&nbsp;<\/p>\n<p>Virgil Madgearu est n\u00e9 en 1887 dans la famille d\u2019un homme politique de Galati, aux c\u00f4t\u00e9s de 5 s\u0153urs et 3 fr\u00e8res. Il a fait ses \u00e9tudes d\u2019\u00e9conomie \u00e0 l\u2019Universit\u00e9 de Leipzig, en Allemagne, des cours qu\u2019il a termin\u00e9es en 1910. La veille de l\u2019entr\u00e9e de la Roumanie dans la Premi\u00e8re guerre mondiale, en 1916, il devenait professeur \u00e0 l\u2019Acad\u00e9mie de Hautes Etudes Commerciales et Industrielles de Bucarest.<\/p>\n<p>&nbsp;<\/p>\n<p>L\u2019\u0153uvre acad\u00e9mique de Virgil Madgearu est assez diverse, allant de la philosophie fiscale, jusqu\u2019\u00e0 l\u2019histoire \u00e9conomique, en passant par le syst\u00e8me des banques et des cr\u00e9dits, sans oublier la doctrine et le d\u00e9veloppement de diff\u00e9rents secteurs \u00e9conomiques, les int\u00e9r\u00eats de l\u2019Etat ou encore la protection des ouvrier et d\u2019autres cat\u00e9gories de la production.<\/p>\n<p>&nbsp;<\/p>\n<p>Mais la principale th\u00e9orie lanc\u00e9e par Virgil Madgearu a \u00e9t\u00e9 justement \u00ab\u00a0la doctrine paysanne \u00bb, expos\u00e9e dans des volumes publi\u00e9s en 1921, 1923 et 1936.<\/p>\n<p>Hormis son activit\u00e9 didactique et acad\u00e9mique, il a aussi \u00e9t\u00e9 un journaliste prolifique, auteur de commentaires \u00e9conomiques et politiques.<\/p>\n<p>&nbsp;<\/p>\n<p>En r\u00e9alit\u00e9, il ne s\u2019est pas content\u00e9 de cette activit\u00e9 scientifique et acad\u00e9mique, il a aussi poursuivi une carri\u00e8re politique au sein du Parti National Paysan, form\u00e9 en 1923. C\u2019est sa doctrine qui a servi de point d\u2019orgue pour le Parti National Paysan, tant dans sa forme ancienne, dirig\u00e9e par Ion Mihalache, que pour le Parti national Roumain de Transylvanie, dirig\u00e9 par Iuliu Maniu. Les deux ont fusionn\u00e9 en 1926 pour former le Part National Paysan.<\/p>\n<p>&nbsp;<\/p>\n<p>Entre 1928 et 1933, lorsque Parti National Paysan gouvernait la Roumanie, Virgil Madgearu a \u00e9t\u00e9 ministre de l\u2019Industrie et du commerce au sein du gouvernement ayant \u00e0 sa t\u00eate Iuliu Maniu, \u00e0 compter de 1929. Il a aussi \u00e9t\u00e9 ministre de l\u2019Agriculture et des domaines entre 1930 et 1931, puis ministre de nouveau de l\u2019Industrie et du commerce \u00e0 partir de 1932.<\/p>\n<p>&nbsp;<\/p>\n<h3><strong>Un destin tragique<\/strong><\/h3>\n<p>&nbsp;<\/p>\n<p>Malheureusement c\u2019est la politique qui a coup\u00e9 court sa vie, et notamment celle pratiqu\u00e9e par le mouvement fasciste.<\/p>\n<p>&nbsp;<\/p>\n<p>Au printemps 1940, Virgil Madgearu est arr\u00eat\u00e9 par les membres de la S\u00e9curit\u00e9 et confin\u00e9 \u00e0 domicile forc\u00e9. Au mois de septembre de la m\u00eame ann\u00e9e, le mouvement fasciste roumain de la Garde de Fer forme son gouvernement et d\u00e9marre sa politique de liquidation des anciens adversaires.<\/p>\n<p>&nbsp;<\/p>\n<p>Dans la nuit du 26 au 27 septembre 1940, un groupe de \u00ab\u00a0l\u00e9gionnaires\u00a0\u00bb arm\u00e9s tuent 64 d\u00e9tenus politiques de la prison de Jilava, dans le sud de Bucarest. Le lendemain, le 27 septembre 1940, Virgil Madgearu et l\u2019historien Nicolae Iorga connaissaient le m\u00eame sort, \u00e9tant tu\u00e9s par balle par la m\u00eame \u00e9quipe de la Garde de Fer, dirig\u00e9e par Traian Boeru.<\/p>\n<p>&nbsp;<\/p>\n<p>Dimitrie Paceag \u00e9tait \u00e9l\u00e8ve lorsqu\u2019il a pris connaissance de l\u2019existence du Mouvement L\u00e9gionnaire d\u2019extr\u00eame droite. C\u2019\u00e9tait \u00e0 la fin des ann\u00e9es 1930. En 2000, en r\u00e9pondant \u00e0 une question du Centre d\u2019histoire orale de la radiodiffusion roumaine sur l\u2019assassinat de Virgil Madgearu, Dimitrie Paceag a admis que la Garde de fer \u00e9tait la seule coupable pour l\u2019agression qui avait mis fin \u00e0 la vie de Madgearu, un geste impardonnable. Toutefois, il a tenu \u00e0 pr\u00e9ciser, qu\u2019\u00e0 ce jour, on ignorait toutes les circonstances de cet \u00e9v\u00e9nement.<\/p>\n<p>&nbsp;<\/p>\n<p>Voici le t\u00e9moignage de Dimitrie Paceag:<\/p>\n<p><strong><em>\u00a0<\/em><\/strong><em>\u00ab\u00a0L\u2019assassinat de Iorga et de Madgearu est une tache sur la conscience du Mouvement L\u00e9gionnaire. Au sein du Mouvement, toute personne qui punissait une autre, (&#8230;) tous ces gens se sont rendus. Alors que pour les assassinats de Iorga et de Madgearu commis par l\u2019\u00e9quipe de Traian Boeru, ce dernier ne s\u2019est pas rendu. Plus encore, j\u2019ai entendu qu\u2019il avait r\u00e9ussi \u00e0 partir pour l\u2019Allemagne en 1941, et plus tard dans la R\u00e9publique D\u00e9mocrate Allemande, avec toute sa famille, o\u00f9 il a v\u00e9cu sans probl\u00e8me le reste de sa vie\u00a0\u00bb. <\/em><\/p>\n<p><strong>\u00a0<\/strong><\/p>\n<p>Malgr\u00e9 sa fin tragique, Virgil Madgearu reste une personnalit\u00e9 marquante de la vie scientifique, politique et \u00e9conomique roumaine du d\u00e9but du 20e si\u00e8cle. En t\u00e9moigne aussi, le fait qu\u2019il a \u00e9t\u00e9 membre de l\u2019Association pour l\u2019Etude et la R\u00e9forme Sociale, membre de l\u2019Institut Royal des Sciences Administratives de la Roumanie et membre de la Soci\u00e9t\u00e9 roumaine de la statistique. Apr\u00e8s la r\u00e9volution anticommuniste roumaine de d\u00e9cembre 1989, il est devenu membre post-mortem de l\u2019Acad\u00e9mie Roumaine. Il a re\u00e7u de nombreuses autres distinctions, alors que 7 lyc\u00e9s de Roumanie portent son nom, tout comme deux rues, l\u2019une \u00e0 Bucarest, la capitale,\u00a0 l\u2019autre \u00e0 Timisoara (ouest). Tout cela pour garder vive la m\u00e9moire de celui qui avait \u00e9t\u00e9 Virgil Madgearu. (trad. Valentina Beleavski\u00e7)<\/p>\n<p>&nbsp;<\/p>\n<p>&nbsp;<\/p>\n","protected":false},"excerpt":{"rendered":"<p>Sans doute, tant dans la Roumanie d\u2019avant l\u2019Union de 1918, que dans celle d\u2019apr\u00e8s, lorsqu\u2019elle avait doubl\u00e9 son territoire et sa population, la principale activit\u00e9 de la population rurale \u00e9tait l\u2019agriculture. C\u2019est donc en partant des r\u00e9alit\u00e9s d\u00e9mographiques, de l\u2019exp\u00e9rience du fonctionnement de l\u2019Etat roumain et des dysfonctionnements dont le pays avait h\u00e9rit\u00e9, que Virgil [&hellip;]<\/p>\n","protected":false},"author":127,"featured_media":780234,"comment_status":"closed","ping_status":"closed","sticky":false,"template":"","format":"standard","meta":{"_acf_changed":false,"footnotes":""},"categories":[87525],"tags":[],"coauthors":[113318],"class_list":["post-1009793","post","type-post","status-publish","format-standard","has-post-thumbnail","hentry","category-lencyclopedie-de-rri"],"acf":[],"yoast_head":"<!-- This site is optimized with the Yoast SEO plugin v27.3 - https:\/\/yoast.com\/product\/yoast-seo-wordpress\/ -->\n<title>Virgil Madgearu, une figure de proue de l\u2019\u00e9conomie roumaine - Radio Roumanie Internationale<\/title>\n<meta name=\"robots\" content=\"index, follow, max-snippet:-1, max-image-preview:large, max-video-preview:-1\" \/>\n<link rel=\"canonical\" href=\"https:\/\/www.rri.ro\/fr\/chroniques-hebdomadaires\/lencyclopedie-de-rri\/virgil-madgearu-une-figure-de-proue-de-leconomie-roumaine-id1009793.html\" \/>\n<meta property=\"og:locale\" content=\"fr_FR\" \/>\n<meta property=\"og:type\" content=\"article\" \/>\n<meta property=\"og:title\" content=\"Virgil Madgearu, une figure de proue de l\u2019\u00e9conomie roumaine - Radio Roumanie Internationale\" \/>\n<meta property=\"og:description\" content=\"Sans doute, tant dans la Roumanie d\u2019avant l\u2019Union de 1918, que dans celle d\u2019apr\u00e8s, lorsqu\u2019elle avait doubl\u00e9 son territoire et sa population, la principale activit\u00e9 de la population rurale \u00e9tait l\u2019agriculture. C\u2019est donc en partant des r\u00e9alit\u00e9s d\u00e9mographiques, de l\u2019exp\u00e9rience du fonctionnement de l\u2019Etat roumain et des dysfonctionnements dont le pays avait h\u00e9rit\u00e9, que Virgil [&hellip;]\" \/>\n<meta property=\"og:url\" content=\"https:\/\/www.rri.ro\/fr\/chroniques-hebdomadaires\/lencyclopedie-de-rri\/virgil-madgearu-une-figure-de-proue-de-leconomie-roumaine-id1009793.html\" \/>\n<meta property=\"og:site_name\" content=\"Radio Roumanie Internationale\" \/>\n<meta property=\"article:published_time\" content=\"2026-04-26T07:06:59+00:00\" \/>\n<meta property=\"og:image\" content=\"https:\/\/www.rri.ro\/wp-content\/uploads\/2024\/06\/banner-Enciclopedia-RRI.-960x540-3.jpg\" \/>\n\t<meta property=\"og:image:width\" content=\"960\" \/>\n\t<meta property=\"og:image:height\" content=\"540\" \/>\n\t<meta property=\"og:image:type\" content=\"image\/jpeg\" \/>\n<meta name=\"author\" content=\"Steliu Lambru\" \/>\n<meta name=\"twitter:card\" content=\"summary_large_image\" \/>\n<meta name=\"twitter:label1\" content=\"\u00c9crit par\" \/>\n\t<meta name=\"twitter:data1\" content=\"Steliu Lambru\" \/>\n\t<meta name=\"twitter:label2\" content=\"Dur\u00e9e de lecture estim\u00e9e\" \/>\n\t<meta name=\"twitter:data2\" content=\"5 minutes\" \/>\n\t<meta name=\"twitter:label3\" content=\"Written by\" \/>\n\t<meta name=\"twitter:data3\" content=\"Steliu Lambru\" \/>\n<script type=\"application\/ld+json\" class=\"yoast-schema-graph\">{\"@context\":\"https:\\\/\\\/schema.org\",\"@graph\":[{\"@type\":\"Article\",\"@id\":\"https:\\\/\\\/www.rri.ro\\\/fr\\\/chroniques-hebdomadaires\\\/lencyclopedie-de-rri\\\/virgil-madgearu-une-figure-de-proue-de-leconomie-roumaine-id1009793.html#article\",\"isPartOf\":{\"@id\":\"https:\\\/\\\/www.rri.ro\\\/fr\\\/chroniques-hebdomadaires\\\/lencyclopedie-de-rri\\\/virgil-madgearu-une-figure-de-proue-de-leconomie-roumaine-id1009793.html\"},\"author\":{\"name\":\"Steliu Lambru\",\"@id\":\"https:\\\/\\\/www.rri.ro\\\/#\\\/schema\\\/person\\\/32dfff47877fea659b3b498015876c1d\"},\"headline\":\"Virgil Madgearu, une figure de proue de l\u2019\u00e9conomie roumaine\",\"datePublished\":\"2026-04-26T07:06:59+00:00\",\"mainEntityOfPage\":{\"@id\":\"https:\\\/\\\/www.rri.ro\\\/fr\\\/chroniques-hebdomadaires\\\/lencyclopedie-de-rri\\\/virgil-madgearu-une-figure-de-proue-de-leconomie-roumaine-id1009793.html\"},\"wordCount\":1008,\"image\":{\"@id\":\"https:\\\/\\\/www.rri.ro\\\/fr\\\/chroniques-hebdomadaires\\\/lencyclopedie-de-rri\\\/virgil-madgearu-une-figure-de-proue-de-leconomie-roumaine-id1009793.html#primaryimage\"},\"thumbnailUrl\":\"https:\\\/\\\/www.rri.ro\\\/wp-content\\\/uploads\\\/2024\\\/06\\\/banner-Enciclopedia-RRI.-960x540-3.jpg\",\"articleSection\":[\"L'Encyclop\u00e9die de RRI\"],\"inLanguage\":\"fr-FR\"},{\"@type\":\"WebPage\",\"@id\":\"https:\\\/\\\/www.rri.ro\\\/fr\\\/chroniques-hebdomadaires\\\/lencyclopedie-de-rri\\\/virgil-madgearu-une-figure-de-proue-de-leconomie-roumaine-id1009793.html\",\"url\":\"https:\\\/\\\/www.rri.ro\\\/fr\\\/chroniques-hebdomadaires\\\/lencyclopedie-de-rri\\\/virgil-madgearu-une-figure-de-proue-de-leconomie-roumaine-id1009793.html\",\"name\":\"Virgil Madgearu, une figure de proue de l\u2019\u00e9conomie roumaine - Radio Roumanie Internationale\",\"isPartOf\":{\"@id\":\"https:\\\/\\\/www.rri.ro\\\/#website\"},\"primaryImageOfPage\":{\"@id\":\"https:\\\/\\\/www.rri.ro\\\/fr\\\/chroniques-hebdomadaires\\\/lencyclopedie-de-rri\\\/virgil-madgearu-une-figure-de-proue-de-leconomie-roumaine-id1009793.html#primaryimage\"},\"image\":{\"@id\":\"https:\\\/\\\/www.rri.ro\\\/fr\\\/chroniques-hebdomadaires\\\/lencyclopedie-de-rri\\\/virgil-madgearu-une-figure-de-proue-de-leconomie-roumaine-id1009793.html#primaryimage\"},\"thumbnailUrl\":\"https:\\\/\\\/www.rri.ro\\\/wp-content\\\/uploads\\\/2024\\\/06\\\/banner-Enciclopedia-RRI.-960x540-3.jpg\",\"datePublished\":\"2026-04-26T07:06:59+00:00\",\"author\":{\"@id\":\"https:\\\/\\\/www.rri.ro\\\/#\\\/schema\\\/person\\\/32dfff47877fea659b3b498015876c1d\"},\"breadcrumb\":{\"@id\":\"https:\\\/\\\/www.rri.ro\\\/fr\\\/chroniques-hebdomadaires\\\/lencyclopedie-de-rri\\\/virgil-madgearu-une-figure-de-proue-de-leconomie-roumaine-id1009793.html#breadcrumb\"},\"inLanguage\":\"fr-FR\",\"potentialAction\":[{\"@type\":\"ReadAction\",\"target\":[\"https:\\\/\\\/www.rri.ro\\\/fr\\\/chroniques-hebdomadaires\\\/lencyclopedie-de-rri\\\/virgil-madgearu-une-figure-de-proue-de-leconomie-roumaine-id1009793.html\"]}]},{\"@type\":\"ImageObject\",\"inLanguage\":\"fr-FR\",\"@id\":\"https:\\\/\\\/www.rri.ro\\\/fr\\\/chroniques-hebdomadaires\\\/lencyclopedie-de-rri\\\/virgil-madgearu-une-figure-de-proue-de-leconomie-roumaine-id1009793.html#primaryimage\",\"url\":\"https:\\\/\\\/www.rri.ro\\\/wp-content\\\/uploads\\\/2024\\\/06\\\/banner-Enciclopedia-RRI.-960x540-3.jpg\",\"contentUrl\":\"https:\\\/\\\/www.rri.ro\\\/wp-content\\\/uploads\\\/2024\\\/06\\\/banner-Enciclopedia-RRI.-960x540-3.jpg\",\"width\":960,\"height\":540,\"caption\":\"RRI Encyclopaedia\"},{\"@type\":\"BreadcrumbList\",\"@id\":\"https:\\\/\\\/www.rri.ro\\\/fr\\\/chroniques-hebdomadaires\\\/lencyclopedie-de-rri\\\/virgil-madgearu-une-figure-de-proue-de-leconomie-roumaine-id1009793.html#breadcrumb\",\"itemListElement\":[{\"@type\":\"ListItem\",\"position\":1,\"name\":\"Page d'accueil\",\"item\":\"https:\\\/\\\/www.rri.ro\\\/fr\"},{\"@type\":\"ListItem\",\"position\":2,\"name\":\"Panoramice\",\"item\":\"https:\\\/\\\/www.rri.ro\\\/panoramice\"},{\"@type\":\"ListItem\",\"position\":3,\"name\":\"L'Encyclop\u00e9die de RRI\",\"item\":\"https:\\\/\\\/www.rri.ro\\\/fr\\\/chroniques-hebdomadaires\\\/lencyclopedie-de-rri\"},{\"@type\":\"ListItem\",\"position\":4,\"name\":\"Virgil Madgearu, une figure de proue de l\u2019\u00e9conomie roumaine\"}]},{\"@type\":\"WebSite\",\"@id\":\"https:\\\/\\\/www.rri.ro\\\/#website\",\"url\":\"https:\\\/\\\/www.rri.ro\\\/\",\"name\":\"Radio Roumanie Internationale\",\"description\":\"Totul despre Rom\u00e2nia \u015fi rom\u00e2ni, \u00een 13 limbi\\\/dialecte!\",\"inLanguage\":\"fr-FR\"},{\"@type\":\"Person\",\"@id\":\"https:\\\/\\\/www.rri.ro\\\/#\\\/schema\\\/person\\\/32dfff47877fea659b3b498015876c1d\",\"name\":\"Steliu Lambru\",\"url\":\"https:\\\/\\\/www.rri.ro\\\/fr\\\/author\\\/steliu-lambru\"}]}<\/script>\n<!-- \/ Yoast SEO plugin. -->","yoast_head_json":{"title":"Virgil Madgearu, une figure de proue de l\u2019\u00e9conomie roumaine - Radio Roumanie Internationale","robots":{"index":"index","follow":"follow","max-snippet":"max-snippet:-1","max-image-preview":"max-image-preview:large","max-video-preview":"max-video-preview:-1"},"canonical":"https:\/\/www.rri.ro\/fr\/chroniques-hebdomadaires\/lencyclopedie-de-rri\/virgil-madgearu-une-figure-de-proue-de-leconomie-roumaine-id1009793.html","og_locale":"fr_FR","og_type":"article","og_title":"Virgil Madgearu, une figure de proue de l\u2019\u00e9conomie roumaine - Radio Roumanie Internationale","og_description":"Sans doute, tant dans la Roumanie d\u2019avant l\u2019Union de 1918, que dans celle d\u2019apr\u00e8s, lorsqu\u2019elle avait doubl\u00e9 son territoire et sa population, la principale activit\u00e9 de la population rurale \u00e9tait l\u2019agriculture. C\u2019est donc en partant des r\u00e9alit\u00e9s d\u00e9mographiques, de l\u2019exp\u00e9rience du fonctionnement de l\u2019Etat roumain et des dysfonctionnements dont le pays avait h\u00e9rit\u00e9, que Virgil [&hellip;]","og_url":"https:\/\/www.rri.ro\/fr\/chroniques-hebdomadaires\/lencyclopedie-de-rri\/virgil-madgearu-une-figure-de-proue-de-leconomie-roumaine-id1009793.html","og_site_name":"Radio Roumanie Internationale","article_published_time":"2026-04-26T07:06:59+00:00","og_image":[{"width":960,"height":540,"url":"https:\/\/www.rri.ro\/wp-content\/uploads\/2024\/06\/banner-Enciclopedia-RRI.-960x540-3.jpg","type":"image\/jpeg"}],"author":"Steliu Lambru","twitter_card":"summary_large_image","twitter_misc":{"\u00c9crit par":"Steliu Lambru","Dur\u00e9e de lecture estim\u00e9e":"5 minutes","Written by":"Steliu Lambru"},"schema":{"@context":"https:\/\/schema.org","@graph":[{"@type":"Article","@id":"https:\/\/www.rri.ro\/fr\/chroniques-hebdomadaires\/lencyclopedie-de-rri\/virgil-madgearu-une-figure-de-proue-de-leconomie-roumaine-id1009793.html#article","isPartOf":{"@id":"https:\/\/www.rri.ro\/fr\/chroniques-hebdomadaires\/lencyclopedie-de-rri\/virgil-madgearu-une-figure-de-proue-de-leconomie-roumaine-id1009793.html"},"author":{"name":"Steliu Lambru","@id":"https:\/\/www.rri.ro\/#\/schema\/person\/32dfff47877fea659b3b498015876c1d"},"headline":"Virgil Madgearu, une figure de proue de l\u2019\u00e9conomie roumaine","datePublished":"2026-04-26T07:06:59+00:00","mainEntityOfPage":{"@id":"https:\/\/www.rri.ro\/fr\/chroniques-hebdomadaires\/lencyclopedie-de-rri\/virgil-madgearu-une-figure-de-proue-de-leconomie-roumaine-id1009793.html"},"wordCount":1008,"image":{"@id":"https:\/\/www.rri.ro\/fr\/chroniques-hebdomadaires\/lencyclopedie-de-rri\/virgil-madgearu-une-figure-de-proue-de-leconomie-roumaine-id1009793.html#primaryimage"},"thumbnailUrl":"https:\/\/www.rri.ro\/wp-content\/uploads\/2024\/06\/banner-Enciclopedia-RRI.-960x540-3.jpg","articleSection":["L'Encyclop\u00e9die de RRI"],"inLanguage":"fr-FR"},{"@type":"WebPage","@id":"https:\/\/www.rri.ro\/fr\/chroniques-hebdomadaires\/lencyclopedie-de-rri\/virgil-madgearu-une-figure-de-proue-de-leconomie-roumaine-id1009793.html","url":"https:\/\/www.rri.ro\/fr\/chroniques-hebdomadaires\/lencyclopedie-de-rri\/virgil-madgearu-une-figure-de-proue-de-leconomie-roumaine-id1009793.html","name":"Virgil Madgearu, une figure de proue de l\u2019\u00e9conomie roumaine - Radio Roumanie Internationale","isPartOf":{"@id":"https:\/\/www.rri.ro\/#website"},"primaryImageOfPage":{"@id":"https:\/\/www.rri.ro\/fr\/chroniques-hebdomadaires\/lencyclopedie-de-rri\/virgil-madgearu-une-figure-de-proue-de-leconomie-roumaine-id1009793.html#primaryimage"},"image":{"@id":"https:\/\/www.rri.ro\/fr\/chroniques-hebdomadaires\/lencyclopedie-de-rri\/virgil-madgearu-une-figure-de-proue-de-leconomie-roumaine-id1009793.html#primaryimage"},"thumbnailUrl":"https:\/\/www.rri.ro\/wp-content\/uploads\/2024\/06\/banner-Enciclopedia-RRI.-960x540-3.jpg","datePublished":"2026-04-26T07:06:59+00:00","author":{"@id":"https:\/\/www.rri.ro\/#\/schema\/person\/32dfff47877fea659b3b498015876c1d"},"breadcrumb":{"@id":"https:\/\/www.rri.ro\/fr\/chroniques-hebdomadaires\/lencyclopedie-de-rri\/virgil-madgearu-une-figure-de-proue-de-leconomie-roumaine-id1009793.html#breadcrumb"},"inLanguage":"fr-FR","potentialAction":[{"@type":"ReadAction","target":["https:\/\/www.rri.ro\/fr\/chroniques-hebdomadaires\/lencyclopedie-de-rri\/virgil-madgearu-une-figure-de-proue-de-leconomie-roumaine-id1009793.html"]}]},{"@type":"ImageObject","inLanguage":"fr-FR","@id":"https:\/\/www.rri.ro\/fr\/chroniques-hebdomadaires\/lencyclopedie-de-rri\/virgil-madgearu-une-figure-de-proue-de-leconomie-roumaine-id1009793.html#primaryimage","url":"https:\/\/www.rri.ro\/wp-content\/uploads\/2024\/06\/banner-Enciclopedia-RRI.-960x540-3.jpg","contentUrl":"https:\/\/www.rri.ro\/wp-content\/uploads\/2024\/06\/banner-Enciclopedia-RRI.-960x540-3.jpg","width":960,"height":540,"caption":"RRI Encyclopaedia"},{"@type":"BreadcrumbList","@id":"https:\/\/www.rri.ro\/fr\/chroniques-hebdomadaires\/lencyclopedie-de-rri\/virgil-madgearu-une-figure-de-proue-de-leconomie-roumaine-id1009793.html#breadcrumb","itemListElement":[{"@type":"ListItem","position":1,"name":"Page d'accueil","item":"https:\/\/www.rri.ro\/fr"},{"@type":"ListItem","position":2,"name":"Panoramice","item":"https:\/\/www.rri.ro\/panoramice"},{"@type":"ListItem","position":3,"name":"L'Encyclop\u00e9die de RRI","item":"https:\/\/www.rri.ro\/fr\/chroniques-hebdomadaires\/lencyclopedie-de-rri"},{"@type":"ListItem","position":4,"name":"Virgil Madgearu, une figure de proue de l\u2019\u00e9conomie roumaine"}]},{"@type":"WebSite","@id":"https:\/\/www.rri.ro\/#website","url":"https:\/\/www.rri.ro\/","name":"Radio Roumanie Internationale","description":"Totul despre Rom\u00e2nia \u015fi rom\u00e2ni, \u00een 13 limbi\/dialecte!","inLanguage":"fr-FR"},{"@type":"Person","@id":"https:\/\/www.rri.ro\/#\/schema\/person\/32dfff47877fea659b3b498015876c1d","name":"Steliu Lambru","url":"https:\/\/www.rri.ro\/fr\/author\/steliu-lambru"}]}},"_links":{"self":[{"href":"https:\/\/www.rri.ro\/fr\/wp-json\/wp\/v2\/posts\/1009793","targetHints":{"allow":["GET"]}}],"collection":[{"href":"https:\/\/www.rri.ro\/fr\/wp-json\/wp\/v2\/posts"}],"about":[{"href":"https:\/\/www.rri.ro\/fr\/wp-json\/wp\/v2\/types\/post"}],"author":[{"embeddable":true,"href":"https:\/\/www.rri.ro\/fr\/wp-json\/wp\/v2\/users\/127"}],"replies":[{"embeddable":true,"href":"https:\/\/www.rri.ro\/fr\/wp-json\/wp\/v2\/comments?post=1009793"}],"version-history":[{"count":1,"href":"https:\/\/www.rri.ro\/fr\/wp-json\/wp\/v2\/posts\/1009793\/revisions"}],"predecessor-version":[{"id":1009796,"href":"https:\/\/www.rri.ro\/fr\/wp-json\/wp\/v2\/posts\/1009793\/revisions\/1009796"}],"wp:featuredmedia":[{"embeddable":true,"href":"https:\/\/www.rri.ro\/fr\/wp-json\/wp\/v2\/media\/780234"}],"wp:attachment":[{"href":"https:\/\/www.rri.ro\/fr\/wp-json\/wp\/v2\/media?parent=1009793"}],"wp:term":[{"taxonomy":"category","embeddable":true,"href":"https:\/\/www.rri.ro\/fr\/wp-json\/wp\/v2\/categories?post=1009793"},{"taxonomy":"post_tag","embeddable":true,"href":"https:\/\/www.rri.ro\/fr\/wp-json\/wp\/v2\/tags?post=1009793"},{"taxonomy":"author","embeddable":true,"href":"https:\/\/www.rri.ro\/fr\/wp-json\/wp\/v2\/coauthors?post=1009793"}],"curies":[{"name":"wp","href":"https:\/\/api.w.org\/{rel}","templated":true}]}}