{"id":1010062,"date":"2026-04-26T10:22:21","date_gmt":"2026-04-26T07:22:21","guid":{"rendered":"https:\/\/www.rri.ro\/?p=1010062"},"modified":"2026-04-24T13:27:55","modified_gmt":"2026-04-24T10:27:55","slug":"quel-impact-du-conflit-au-moyen-orient-sur-le-tourisme","status":"publish","type":"post","link":"https:\/\/www.rri.ro\/fr\/nos-emissions\/la-roumanie-en-bref\/quel-impact-du-conflit-au-moyen-orient-sur-le-tourisme-id1010062.html","title":{"rendered":"Quel impact du conflit au Moyen Orient sur le tourisme\u00a0?"},"content":{"rendered":"<p><strong>Des Roumains bloqu\u00e9s \u00e0 l&rsquo;\u00e9tranger au moment o\u00f9 la guerre en Iran a \u00e9clat\u00e9<\/strong><\/p>\n<p>&nbsp;<\/p>\n<p>Le conflit au Moyen Orient n\u2019est pas sans cons\u00e9quences sur le tourisme. On l\u2019a vu d\u00e8s le premier jour, lorsque des milliers de Roumains se trouvant en vacances \u00e0 l\u2019\u00e9tranger, surtout dans les pays du Golfe ou des pays asiatiques plus \u00e9loign\u00e9s, ont eu de grandes difficult\u00e9s \u00e0 rentrer au pays, n\u00e9cessitant m\u00eame des rapatriements op\u00e9r\u00e9s par le biais des autorit\u00e9s roumaines. A pr\u00e9ciser qu\u2019en Roumanie c\u2019\u00e9tait m\u00eame la fin d\u2019une p\u00e9riode de vacances scolaires, lorsqu\u2019on organise des voyages scolaires, y compris \u00e0 l\u2019\u00e9tranger, et lorsque de nombreuses familles ont l\u2019habitude de faire des escapades dans des pays qui ne sont pas recommand\u00e9s \u00e0 d\u2019autres saisons.<\/p>\n<p>&nbsp;<\/p>\n<p><strong>Des co\u00fbts \u00e0 la hausse<\/strong><\/p>\n<p>&nbsp;<\/p>\n<p>Sans doute, le conflit au Moyen Orient a frapp\u00e9 de plein fouet le tourisme, si bien que l\u2019on voit d\u00e9j\u00e0 les tendances changer. Partout dans le monde, de nombreux touristes ont annul\u00e9 leurs s\u00e9jours ou ont d\u00e9cid\u00e9 de changer de destination. Eviter les zones \u00e0 risque n\u2019est pas le seul probl\u00e8me. Les co\u00fbts des vacances sont \u00e9galement \u00e0 la hausse, sur toile de fond des pressions sans pr\u00e9c\u00e9dent sur le march\u00e9 du p\u00e9trole, qui entrainent la hausse des tarifs du transport a\u00e9rien. Tout cela pousse les Europ\u00e9ens \u00e0 se r\u00e9orienter vers des destinations alternatives, plus accessibles, y compris des s\u00e9jours \u00e0 l\u2019int\u00e9rieur de leur propre pays, comme le constate une enqu\u00eate r\u00e9alis\u00e9e par un site d\u2019investissements financiers.<\/p>\n<p>&nbsp;<\/p>\n<p><strong>Des touristes plus prudents<\/strong><\/p>\n<p>&nbsp;<\/p>\n<p>Et la Roumanie n\u2019y fait pas exception. Des tendances similaires y sont constat\u00e9es par les sp\u00e9cialistes du domaine. Selon les donn\u00e9es fournies par la presse locale, les touristes roumains portent d\u00e9sormais une attention accrue \u00e0 la s\u00e9curit\u00e9 des destinations exotiques et sont plus prudents au moment o\u00f9 ils prennent leurs d\u00e9cisions en mati\u00e8re de voyage. Les destinations internes ont regagn\u00e9 leur int\u00e9r\u00eat\u00a0: les vacances de la P\u00e2que orthodoxe en sont la preuve, lorsque les Roumains ont privil\u00e9gi\u00e9 les stations de montagne locales, le littoral roumain ou encore le delta du Danube. M\u00eame parmi ceux qui avaient d\u00e9j\u00e0 pr\u00e9vu de voyager plus loin, pr\u00e8s de la moiti\u00e9 ont affirm\u00e9 pr\u00e9f\u00e9rer se r\u00e9orienter vers une destination locale ou europ\u00e9enne si la situation g\u00e9opolitique s\u2019aggravait. Seuls 15 % des personnes interrog\u00e9es garderaient la destination initiale et 14 % prennent en calcul un ajournement, voire une annulation de leur s\u00e9jour. Seulement 22 % des Roumains questionn\u00e9s ne souhaitent pas changer de plans de vacances.<\/p>\n<p>&nbsp;<\/p>\n<p><strong>De nouvelles tendances\u00a0<\/strong><\/p>\n<p>&nbsp;<\/p>\n<p>Les incertitudes internationales, la baisse de la valeur des ch\u00e8ques-vacances et la c\u00e9l\u00e9bration plus t\u00f4t que d\u2019habitude de la P\u00e2que orthodoxe \u2013 sont autant de raisons qui ont d\u00e9termin\u00e9 un changement de comportement dans les rangs des touristes roumains, selon les r\u00e9centes enqu\u00eates sp\u00e9cialis\u00e9es. Plus concr\u00e8tement, ils ach\u00e8tent moins de s\u00e9jours \u00e0 l\u2019avance, en privil\u00e9giant les offres de \u00ab derni\u00e8re minute \u00bb, comme l&rsquo;explique le vice-pr\u00e9sident de l\u2019Association nationale des Agences de Tourisme (ANAT), Adrian Voican. Prenons toujours l\u2019exemple des vacances de P\u00e2ques. C\u2019est \u00e0 cause des incertitudes internationales que de nombreux Roumains ont chang\u00e9 leurs destinations exotiques pour des pays d\u2019Europe, tels l\u2019Espagne, la France et l\u2019Italie. En fait, ils sont de plus en plus nombreux \u00e0 renoncer au Moyen Orient et \u00e0 l\u2019Asie, en faveur de l\u2019Am\u00e9rique du Sud, pr\u00e9cise encore Adrian Voican.<\/p>\n<p>&nbsp;<\/p>\n<p><strong>Davantage de touristes \u00e9trangers en Roumanie\u00a0<\/strong><\/p>\n<p>&nbsp;<\/p>\n<p>En fait, il remarque aussi une chute de l\u2019app\u00e9tit des Roumains pour des s\u00e9jours de vacances, doubl\u00e9 par une hausse de l\u2019int\u00e9r\u00eat des touristes \u00e9trangers pour la Roumanie. Par exemple, en d\u00e9but de cette ann\u00e9e, les statistiques faisaient \u00e9tat d\u2019une hausse de 7 % des \u00e9trangers arriv\u00e9s en Roumanie, une tendance qui ne semble pas s\u2019estomper. Et pour cause. \u00ab\u00a0La Roumanie est un pays s\u00fbr, membre de l\u2019espace Schengen, et les gens vont opter de plus en plus pour l\u2019Europe, et donc pour la Roumanie aussi. Pourtant, il ne faut pas s\u2019attendre \u00e0 un rythme trop rapide de ce ph\u00e9nom\u00e8ne, puisque la Roumanie n\u2019a pas encore de strat\u00e9gie pr\u00e9cise, claire de promotion internationale\u00a0\u00bb, estime encore Adrian Voican, vice-pr\u00e9sident de l\u2019Association nationale des Agences de Tourisme (ANAT).<\/p>\n<p>&nbsp;<\/p>\n<p><strong>Quelles autres destinations fascinent plus r\u00e9cemment les Roumains\u00a0?<\/strong><\/p>\n<p>&nbsp;<\/p>\n<p>Ce sont, par exemple des zones autour de la M\u00e9diterran\u00e9e, telles aue l\u2019Andalousie, les Pouilles ou les circuits culturels en Turquie, notamment en Cappadoce ou \u00e0 Pamukkale. Du moins, ce sont les destinations se trouvant en t\u00eate de liste des vacances de P\u00e2ques, d\u2019une agence de tourisme roumaine. Une autre \u00e9num\u00e8re plusieurs villes o\u00f9 les Roumains ont fait de courts s\u00e9jours, de 4-5 jours, ce printemps, \u00e0 savoir : Ath\u00e8nes, Rome, Amsterdam, Barcelone et Madrid, avec un accent mis sur la d\u00e9tente, la visite des principales attractions touristiques et le shopping. Certains n\u2019ont pas contourn\u00e9 l\u2019aspect religieux de ces vacances et se sont tourn\u00e9s vers la Gr\u00e8ce par exemple, pays orthodoxe comme la Roumanie, o\u00f9 ils ont pu marier d\u00e9tente et traditions pascales. Enfin, le go\u00fbt de l\u2019inconnu reste assez fort chez les Roumains, toute une cat\u00e9gorie ayant opt\u00e9 pour des pays aux cultures tr\u00e8s diff\u00e9rentes, tels l\u2019Egypte et le Sri Lanka ou pour des circuits du type Azerba\u00efdjan-G\u00e9orgie-Arm\u00e9nie ou encore Vietnam\u2013Cambodge.<\/p>\n<p>&nbsp;<\/p>\n<p>Autant de tendances en train de changer dans les rangs des touristes roumains sous la pression d\u2019un contexte g\u00e9opolitique tendu. (trad. Valentina Beleavski)<\/p>\n<p>&nbsp;<\/p>\n","protected":false},"excerpt":{"rendered":"<p>Des Roumains bloqu\u00e9s \u00e0 l&rsquo;\u00e9tranger au moment o\u00f9 la guerre en Iran a \u00e9clat\u00e9 &nbsp; Le conflit au Moyen Orient n\u2019est pas sans cons\u00e9quences sur le tourisme. On l\u2019a vu d\u00e8s le premier jour, lorsque des milliers de Roumains se trouvant en vacances \u00e0 l\u2019\u00e9tranger, surtout dans les pays du Golfe ou des pays asiatiques [&hellip;]<\/p>\n","protected":false},"author":28,"featured_media":563802,"comment_status":"closed","ping_status":"closed","sticky":false,"template":"","format":"standard","meta":{"_acf_changed":false,"footnotes":""},"categories":[97207],"tags":[],"coauthors":[115205],"class_list":["post-1010062","post","type-post","status-publish","format-standard","has-post-thumbnail","hentry","category-la-roumanie-en-bref"],"acf":[],"yoast_head":"<!-- This site is optimized with the Yoast SEO plugin v27.3 - https:\/\/yoast.com\/product\/yoast-seo-wordpress\/ -->\n<title>Quel impact du conflit au Moyen Orient sur le tourisme\u00a0? - Radio Roumanie Internationale<\/title>\n<meta name=\"robots\" content=\"index, follow, max-snippet:-1, max-image-preview:large, max-video-preview:-1\" \/>\n<link rel=\"canonical\" href=\"https:\/\/www.rri.ro\/fr\/nos-emissions\/la-roumanie-en-bref\/quel-impact-du-conflit-au-moyen-orient-sur-le-tourisme-id1010062.html\" \/>\n<meta property=\"og:locale\" content=\"fr_FR\" \/>\n<meta property=\"og:type\" content=\"article\" \/>\n<meta property=\"og:title\" content=\"Quel impact du conflit au Moyen Orient sur le tourisme\u00a0? - Radio Roumanie Internationale\" \/>\n<meta property=\"og:description\" content=\"Des Roumains bloqu\u00e9s \u00e0 l&rsquo;\u00e9tranger au moment o\u00f9 la guerre en Iran a \u00e9clat\u00e9 &nbsp; Le conflit au Moyen Orient n\u2019est pas sans cons\u00e9quences sur le tourisme. On l\u2019a vu d\u00e8s le premier jour, lorsque des milliers de Roumains se trouvant en vacances \u00e0 l\u2019\u00e9tranger, surtout dans les pays du Golfe ou des pays asiatiques [&hellip;]\" \/>\n<meta property=\"og:url\" content=\"https:\/\/www.rri.ro\/fr\/nos-emissions\/la-roumanie-en-bref\/quel-impact-du-conflit-au-moyen-orient-sur-le-tourisme-id1010062.html\" \/>\n<meta property=\"og:site_name\" content=\"Radio Roumanie Internationale\" \/>\n<meta property=\"article:published_time\" content=\"2026-04-26T07:22:21+00:00\" \/>\n<meta property=\"og:image\" content=\"https:\/\/www.rri.ro\/wp-content\/uploads\/2024\/02\/turisti-mare-sezlong-alan-laiter-garza-unsplash-com.jpg\" \/>\n\t<meta property=\"og:image:width\" content=\"640\" \/>\n\t<meta property=\"og:image:height\" content=\"480\" \/>\n\t<meta property=\"og:image:type\" content=\"image\/jpeg\" \/>\n<meta name=\"author\" content=\"Eugen Cojocariu\" \/>\n<meta name=\"twitter:card\" content=\"summary_large_image\" \/>\n<meta name=\"twitter:label1\" content=\"\u00c9crit par\" \/>\n\t<meta name=\"twitter:data1\" content=\"Eugen Cojocariu\" \/>\n\t<meta name=\"twitter:label2\" content=\"Dur\u00e9e de lecture estim\u00e9e\" \/>\n\t<meta name=\"twitter:data2\" content=\"5 minutes\" \/>\n\t<meta name=\"twitter:label3\" content=\"Written by\" \/>\n\t<meta name=\"twitter:data3\" content=\"Eugen Cojocariu\" \/>\n<script type=\"application\/ld+json\" class=\"yoast-schema-graph\">{\"@context\":\"https:\\\/\\\/schema.org\",\"@graph\":[{\"@type\":\"Article\",\"@id\":\"https:\\\/\\\/www.rri.ro\\\/fr\\\/nos-emissions\\\/la-roumanie-en-bref\\\/quel-impact-du-conflit-au-moyen-orient-sur-le-tourisme-id1010062.html#article\",\"isPartOf\":{\"@id\":\"https:\\\/\\\/www.rri.ro\\\/fr\\\/nos-emissions\\\/la-roumanie-en-bref\\\/quel-impact-du-conflit-au-moyen-orient-sur-le-tourisme-id1010062.html\"},\"author\":{\"name\":\"Eugen Cojocariu\",\"@id\":\"https:\\\/\\\/www.rri.ro\\\/#\\\/schema\\\/person\\\/7e1d12a0ddf50bb2d58f812a617e5eaa\"},\"headline\":\"Quel impact du conflit au Moyen Orient sur le tourisme\u00a0?\",\"datePublished\":\"2026-04-26T07:22:21+00:00\",\"mainEntityOfPage\":{\"@id\":\"https:\\\/\\\/www.rri.ro\\\/fr\\\/nos-emissions\\\/la-roumanie-en-bref\\\/quel-impact-du-conflit-au-moyen-orient-sur-le-tourisme-id1010062.html\"},\"wordCount\":1013,\"image\":{\"@id\":\"https:\\\/\\\/www.rri.ro\\\/fr\\\/nos-emissions\\\/la-roumanie-en-bref\\\/quel-impact-du-conflit-au-moyen-orient-sur-le-tourisme-id1010062.html#primaryimage\"},\"thumbnailUrl\":\"https:\\\/\\\/www.rri.ro\\\/wp-content\\\/uploads\\\/2024\\\/02\\\/turisti-mare-sezlong-alan-laiter-garza-unsplash-com.jpg\",\"articleSection\":[\"La Roumanie, en bref\"],\"inLanguage\":\"fr-FR\"},{\"@type\":\"WebPage\",\"@id\":\"https:\\\/\\\/www.rri.ro\\\/fr\\\/nos-emissions\\\/la-roumanie-en-bref\\\/quel-impact-du-conflit-au-moyen-orient-sur-le-tourisme-id1010062.html\",\"url\":\"https:\\\/\\\/www.rri.ro\\\/fr\\\/nos-emissions\\\/la-roumanie-en-bref\\\/quel-impact-du-conflit-au-moyen-orient-sur-le-tourisme-id1010062.html\",\"name\":\"Quel impact du conflit au Moyen Orient sur le tourisme\u00a0? - Radio Roumanie Internationale\",\"isPartOf\":{\"@id\":\"https:\\\/\\\/www.rri.ro\\\/#website\"},\"primaryImageOfPage\":{\"@id\":\"https:\\\/\\\/www.rri.ro\\\/fr\\\/nos-emissions\\\/la-roumanie-en-bref\\\/quel-impact-du-conflit-au-moyen-orient-sur-le-tourisme-id1010062.html#primaryimage\"},\"image\":{\"@id\":\"https:\\\/\\\/www.rri.ro\\\/fr\\\/nos-emissions\\\/la-roumanie-en-bref\\\/quel-impact-du-conflit-au-moyen-orient-sur-le-tourisme-id1010062.html#primaryimage\"},\"thumbnailUrl\":\"https:\\\/\\\/www.rri.ro\\\/wp-content\\\/uploads\\\/2024\\\/02\\\/turisti-mare-sezlong-alan-laiter-garza-unsplash-com.jpg\",\"datePublished\":\"2026-04-26T07:22:21+00:00\",\"author\":{\"@id\":\"https:\\\/\\\/www.rri.ro\\\/#\\\/schema\\\/person\\\/7e1d12a0ddf50bb2d58f812a617e5eaa\"},\"breadcrumb\":{\"@id\":\"https:\\\/\\\/www.rri.ro\\\/fr\\\/nos-emissions\\\/la-roumanie-en-bref\\\/quel-impact-du-conflit-au-moyen-orient-sur-le-tourisme-id1010062.html#breadcrumb\"},\"inLanguage\":\"fr-FR\",\"potentialAction\":[{\"@type\":\"ReadAction\",\"target\":[\"https:\\\/\\\/www.rri.ro\\\/fr\\\/nos-emissions\\\/la-roumanie-en-bref\\\/quel-impact-du-conflit-au-moyen-orient-sur-le-tourisme-id1010062.html\"]}]},{\"@type\":\"ImageObject\",\"inLanguage\":\"fr-FR\",\"@id\":\"https:\\\/\\\/www.rri.ro\\\/fr\\\/nos-emissions\\\/la-roumanie-en-bref\\\/quel-impact-du-conflit-au-moyen-orient-sur-le-tourisme-id1010062.html#primaryimage\",\"url\":\"https:\\\/\\\/www.rri.ro\\\/wp-content\\\/uploads\\\/2024\\\/02\\\/turisti-mare-sezlong-alan-laiter-garza-unsplash-com.jpg\",\"contentUrl\":\"https:\\\/\\\/www.rri.ro\\\/wp-content\\\/uploads\\\/2024\\\/02\\\/turisti-mare-sezlong-alan-laiter-garza-unsplash-com.jpg\",\"width\":640,\"height\":480},{\"@type\":\"BreadcrumbList\",\"@id\":\"https:\\\/\\\/www.rri.ro\\\/fr\\\/nos-emissions\\\/la-roumanie-en-bref\\\/quel-impact-du-conflit-au-moyen-orient-sur-le-tourisme-id1010062.html#breadcrumb\",\"itemListElement\":[{\"@type\":\"ListItem\",\"position\":1,\"name\":\"Page d'accueil\",\"item\":\"https:\\\/\\\/www.rri.ro\\\/fr\"},{\"@type\":\"ListItem\",\"position\":2,\"name\":\"Rubrici\",\"item\":\"https:\\\/\\\/www.rri.ro\\\/rubrici\"},{\"@type\":\"ListItem\",\"position\":3,\"name\":\"La Roumanie, en bref\",\"item\":\"https:\\\/\\\/www.rri.ro\\\/fr\\\/nos-emissions\\\/la-roumanie-en-bref\"},{\"@type\":\"ListItem\",\"position\":4,\"name\":\"Quel impact du conflit au Moyen Orient sur le tourisme\u00a0?\"}]},{\"@type\":\"WebSite\",\"@id\":\"https:\\\/\\\/www.rri.ro\\\/#website\",\"url\":\"https:\\\/\\\/www.rri.ro\\\/\",\"name\":\"Radio Roumanie Internationale\",\"description\":\"Totul despre Rom\u00e2nia \u015fi rom\u00e2ni, \u00een 13 limbi\\\/dialecte!\",\"inLanguage\":\"fr-FR\"},{\"@type\":\"Person\",\"@id\":\"https:\\\/\\\/www.rri.ro\\\/#\\\/schema\\\/person\\\/7e1d12a0ddf50bb2d58f812a617e5eaa\",\"name\":\"Eugen Cojocariu\",\"url\":\"https:\\\/\\\/www.rri.ro\\\/fr\\\/author\\\/eugen-cojocariu\"}]}<\/script>\n<!-- \/ Yoast SEO plugin. -->","yoast_head_json":{"title":"Quel impact du conflit au Moyen Orient sur le tourisme\u00a0? - Radio Roumanie Internationale","robots":{"index":"index","follow":"follow","max-snippet":"max-snippet:-1","max-image-preview":"max-image-preview:large","max-video-preview":"max-video-preview:-1"},"canonical":"https:\/\/www.rri.ro\/fr\/nos-emissions\/la-roumanie-en-bref\/quel-impact-du-conflit-au-moyen-orient-sur-le-tourisme-id1010062.html","og_locale":"fr_FR","og_type":"article","og_title":"Quel impact du conflit au Moyen Orient sur le tourisme\u00a0? - Radio Roumanie Internationale","og_description":"Des Roumains bloqu\u00e9s \u00e0 l&rsquo;\u00e9tranger au moment o\u00f9 la guerre en Iran a \u00e9clat\u00e9 &nbsp; Le conflit au Moyen Orient n\u2019est pas sans cons\u00e9quences sur le tourisme. On l\u2019a vu d\u00e8s le premier jour, lorsque des milliers de Roumains se trouvant en vacances \u00e0 l\u2019\u00e9tranger, surtout dans les pays du Golfe ou des pays asiatiques [&hellip;]","og_url":"https:\/\/www.rri.ro\/fr\/nos-emissions\/la-roumanie-en-bref\/quel-impact-du-conflit-au-moyen-orient-sur-le-tourisme-id1010062.html","og_site_name":"Radio Roumanie Internationale","article_published_time":"2026-04-26T07:22:21+00:00","og_image":[{"width":640,"height":480,"url":"https:\/\/www.rri.ro\/wp-content\/uploads\/2024\/02\/turisti-mare-sezlong-alan-laiter-garza-unsplash-com.jpg","type":"image\/jpeg"}],"author":"Eugen Cojocariu","twitter_card":"summary_large_image","twitter_misc":{"\u00c9crit par":"Eugen Cojocariu","Dur\u00e9e de lecture estim\u00e9e":"5 minutes","Written by":"Eugen Cojocariu"},"schema":{"@context":"https:\/\/schema.org","@graph":[{"@type":"Article","@id":"https:\/\/www.rri.ro\/fr\/nos-emissions\/la-roumanie-en-bref\/quel-impact-du-conflit-au-moyen-orient-sur-le-tourisme-id1010062.html#article","isPartOf":{"@id":"https:\/\/www.rri.ro\/fr\/nos-emissions\/la-roumanie-en-bref\/quel-impact-du-conflit-au-moyen-orient-sur-le-tourisme-id1010062.html"},"author":{"name":"Eugen Cojocariu","@id":"https:\/\/www.rri.ro\/#\/schema\/person\/7e1d12a0ddf50bb2d58f812a617e5eaa"},"headline":"Quel impact du conflit au Moyen Orient sur le tourisme\u00a0?","datePublished":"2026-04-26T07:22:21+00:00","mainEntityOfPage":{"@id":"https:\/\/www.rri.ro\/fr\/nos-emissions\/la-roumanie-en-bref\/quel-impact-du-conflit-au-moyen-orient-sur-le-tourisme-id1010062.html"},"wordCount":1013,"image":{"@id":"https:\/\/www.rri.ro\/fr\/nos-emissions\/la-roumanie-en-bref\/quel-impact-du-conflit-au-moyen-orient-sur-le-tourisme-id1010062.html#primaryimage"},"thumbnailUrl":"https:\/\/www.rri.ro\/wp-content\/uploads\/2024\/02\/turisti-mare-sezlong-alan-laiter-garza-unsplash-com.jpg","articleSection":["La Roumanie, en bref"],"inLanguage":"fr-FR"},{"@type":"WebPage","@id":"https:\/\/www.rri.ro\/fr\/nos-emissions\/la-roumanie-en-bref\/quel-impact-du-conflit-au-moyen-orient-sur-le-tourisme-id1010062.html","url":"https:\/\/www.rri.ro\/fr\/nos-emissions\/la-roumanie-en-bref\/quel-impact-du-conflit-au-moyen-orient-sur-le-tourisme-id1010062.html","name":"Quel impact du conflit au Moyen Orient sur le tourisme\u00a0? - Radio Roumanie Internationale","isPartOf":{"@id":"https:\/\/www.rri.ro\/#website"},"primaryImageOfPage":{"@id":"https:\/\/www.rri.ro\/fr\/nos-emissions\/la-roumanie-en-bref\/quel-impact-du-conflit-au-moyen-orient-sur-le-tourisme-id1010062.html#primaryimage"},"image":{"@id":"https:\/\/www.rri.ro\/fr\/nos-emissions\/la-roumanie-en-bref\/quel-impact-du-conflit-au-moyen-orient-sur-le-tourisme-id1010062.html#primaryimage"},"thumbnailUrl":"https:\/\/www.rri.ro\/wp-content\/uploads\/2024\/02\/turisti-mare-sezlong-alan-laiter-garza-unsplash-com.jpg","datePublished":"2026-04-26T07:22:21+00:00","author":{"@id":"https:\/\/www.rri.ro\/#\/schema\/person\/7e1d12a0ddf50bb2d58f812a617e5eaa"},"breadcrumb":{"@id":"https:\/\/www.rri.ro\/fr\/nos-emissions\/la-roumanie-en-bref\/quel-impact-du-conflit-au-moyen-orient-sur-le-tourisme-id1010062.html#breadcrumb"},"inLanguage":"fr-FR","potentialAction":[{"@type":"ReadAction","target":["https:\/\/www.rri.ro\/fr\/nos-emissions\/la-roumanie-en-bref\/quel-impact-du-conflit-au-moyen-orient-sur-le-tourisme-id1010062.html"]}]},{"@type":"ImageObject","inLanguage":"fr-FR","@id":"https:\/\/www.rri.ro\/fr\/nos-emissions\/la-roumanie-en-bref\/quel-impact-du-conflit-au-moyen-orient-sur-le-tourisme-id1010062.html#primaryimage","url":"https:\/\/www.rri.ro\/wp-content\/uploads\/2024\/02\/turisti-mare-sezlong-alan-laiter-garza-unsplash-com.jpg","contentUrl":"https:\/\/www.rri.ro\/wp-content\/uploads\/2024\/02\/turisti-mare-sezlong-alan-laiter-garza-unsplash-com.jpg","width":640,"height":480},{"@type":"BreadcrumbList","@id":"https:\/\/www.rri.ro\/fr\/nos-emissions\/la-roumanie-en-bref\/quel-impact-du-conflit-au-moyen-orient-sur-le-tourisme-id1010062.html#breadcrumb","itemListElement":[{"@type":"ListItem","position":1,"name":"Page d'accueil","item":"https:\/\/www.rri.ro\/fr"},{"@type":"ListItem","position":2,"name":"Rubrici","item":"https:\/\/www.rri.ro\/rubrici"},{"@type":"ListItem","position":3,"name":"La Roumanie, en bref","item":"https:\/\/www.rri.ro\/fr\/nos-emissions\/la-roumanie-en-bref"},{"@type":"ListItem","position":4,"name":"Quel impact du conflit au Moyen Orient sur le tourisme\u00a0?"}]},{"@type":"WebSite","@id":"https:\/\/www.rri.ro\/#website","url":"https:\/\/www.rri.ro\/","name":"Radio Roumanie Internationale","description":"Totul despre Rom\u00e2nia \u015fi rom\u00e2ni, \u00een 13 limbi\/dialecte!","inLanguage":"fr-FR"},{"@type":"Person","@id":"https:\/\/www.rri.ro\/#\/schema\/person\/7e1d12a0ddf50bb2d58f812a617e5eaa","name":"Eugen Cojocariu","url":"https:\/\/www.rri.ro\/fr\/author\/eugen-cojocariu"}]}},"_links":{"self":[{"href":"https:\/\/www.rri.ro\/fr\/wp-json\/wp\/v2\/posts\/1010062","targetHints":{"allow":["GET"]}}],"collection":[{"href":"https:\/\/www.rri.ro\/fr\/wp-json\/wp\/v2\/posts"}],"about":[{"href":"https:\/\/www.rri.ro\/fr\/wp-json\/wp\/v2\/types\/post"}],"author":[{"embeddable":true,"href":"https:\/\/www.rri.ro\/fr\/wp-json\/wp\/v2\/users\/28"}],"replies":[{"embeddable":true,"href":"https:\/\/www.rri.ro\/fr\/wp-json\/wp\/v2\/comments?post=1010062"}],"version-history":[{"count":1,"href":"https:\/\/www.rri.ro\/fr\/wp-json\/wp\/v2\/posts\/1010062\/revisions"}],"predecessor-version":[{"id":1010067,"href":"https:\/\/www.rri.ro\/fr\/wp-json\/wp\/v2\/posts\/1010062\/revisions\/1010067"}],"wp:featuredmedia":[{"embeddable":true,"href":"https:\/\/www.rri.ro\/fr\/wp-json\/wp\/v2\/media\/563802"}],"wp:attachment":[{"href":"https:\/\/www.rri.ro\/fr\/wp-json\/wp\/v2\/media?parent=1010062"}],"wp:term":[{"taxonomy":"category","embeddable":true,"href":"https:\/\/www.rri.ro\/fr\/wp-json\/wp\/v2\/categories?post=1010062"},{"taxonomy":"post_tag","embeddable":true,"href":"https:\/\/www.rri.ro\/fr\/wp-json\/wp\/v2\/tags?post=1010062"},{"taxonomy":"author","embeddable":true,"href":"https:\/\/www.rri.ro\/fr\/wp-json\/wp\/v2\/coauthors?post=1010062"}],"curies":[{"name":"wp","href":"https:\/\/api.w.org\/{rel}","templated":true}]}}