{"id":1010065,"date":"2026-04-26T11:25:37","date_gmt":"2026-04-26T08:25:37","guid":{"rendered":"https:\/\/www.rri.ro\/?p=1010065"},"modified":"2026-04-26T12:00:54","modified_gmt":"2026-04-26T09:00:54","slug":"la-semaine-du-20-au-25-avril-2026","status":"publish","type":"post","link":"https:\/\/www.rri.ro\/fr\/actualites\/cette-semaine-en-roumanie\/la-semaine-du-20-au-25-avril-2026-id1010065.html","title":{"rendered":"La semaine du 20 au 25 avril 2026"},"content":{"rendered":"<h3><strong>Crise gouvernementale en Roumanie<\/strong><\/h3>\n<p><strong>\u00a0<\/strong><\/p>\n<p>A Bucarest, le PSD, principal parti de la coalition gouvernementale, a mis sa menace \u00e0 ex\u00e9cution et a retir\u00e9 son soutien au premier ministre lib\u00e9ral Ilie Bolojan \u00e0 travers la d\u00e9mission de ses ministres. Le Parti social d\u00e9mocrate, le Parti national lib\u00e9ral, l\u2019Union Sauvez la Roumanie et l\u2019Union d\u00e9mocrate magyare de Roumanie ont entam\u00e9 une coalition gouvernementale il y a dix mois avec pour mission de redresser la situation \u00e9conomique du pays, marqu\u00e9e par un d\u00e9ficit budg\u00e9taire et un taux d\u2019inflation, particuli\u00e8rement \u00e9lev\u00e9. Depuis plusieurs mois d\u00e9j\u00e0, le PSD pointe du doigt les mesures d\u2019aust\u00e9rit\u00e9 impopulaires appliqu\u00e9es. Cette semaine, les sociaux-d\u00e9mocrates ont lanc\u00e9 des accusations dures envers le chef de l\u2019Ex\u00e9cutif, l\u2019accusant de d\u00e9truire l\u2019\u00e9conomie et de baisser le pouvoir d\u2019achat de la population. Ilie Bolojan a pourtant annonc\u00e9 qu\u2019il continuerait \u00e0 exercer son mandat de premier ministre afin d\u2019assurer la stabilit\u00e9 du gouvernement et a pr\u00e9cis\u00e9 que les d\u00e9cisions entreprises jusqu\u2019ici avaient \u00e9t\u00e9 assum\u00e9es par tous les partis de la coalition, y compris par le PSD. Apr\u00e8s la d\u00e9mission des ministres sociaux-d\u00e9mocrates, le chef de l\u2019Ex\u00e9cutif a choisi de nommer des ministres par int\u00e9rim, afin d\u2019\u00e9viter tout blocage dans la gestion du pays. Ces derniers conservent les pleins pouvoirs durant une p\u00e9riode de 45 jours. Apr\u00e8s ce d\u00e9lai, un vote de validation du Parlement devra avoir lieu. Ilie Bolojan assumera personnellement le minist\u00e8re de l\u2019Energie. Les autres domaines cl\u00e9s tels que le Travail, la Justice, la Sant\u00e9 et les Transports seront g\u00e9r\u00e9s par les ministres du Parti national lib\u00e9ral, l\u2019Union d\u00e9mocrate magyare de Roumanie et l\u2019Union sauvez la Roumanie qui font toujours partie du Cabinet. Depuis Chypre, o\u00f9 il participait au sommet informel de l\u2019UE, le chef de l\u2019Etat a pr\u00e9cis\u00e9 que les tonalit\u00e9s des d\u00e9clarations faites durant cette crise politique se sont un peu apais\u00e9es. \u00ab\u00a0La Roumanie pr\u00e9serve la direction europ\u00e9enne. Nous avons quatre partis pro-occidentaux qui souhaitent la garder. Pour nous, l\u2019OCDE, le programme SAFE et le Plan national de relance et de r\u00e9silience sont extr\u00eamement importants et c\u2019est pourquoi il y a un consensus en ce sens.\u00a0 Les institutions fonctionnent et d\u2019une fa\u00e7on ou d\u2019une autre, la Roumanie continuera sur la voie sur laquelle elle s\u2019est engag\u00e9e\u00a0\u00bb, a pr\u00e9cis\u00e9 Nicu\u0219or Dan. Une semaine de n\u00e9gociations intenses est attendue, durant laquelle le gouvernement fonctionnera avec les pleins pouvoirs, mais sous la menace d\u2019une possible motion de censure. A la suite de la d\u00e9mission de ses ministres, le PSD a officiellement d\u00e9clar\u00e9 dans un communique, qu\u2019il se tenait pr\u00eat \u00e0 participer \u00e0 la formation d\u2019un nouveau gouvernement pro-europ\u00e9en et \u00e0 soutenir un premier ministre, membre d\u2019un parti politique ou bien technocrate, qui soit r\u00e9ceptif aux probl\u00e8mes des citoyens. Et jusqu\u2019\u00e0 la cr\u00e9ation d\u2019un nouveau gouvernement, les sociaux-d\u00e9mocrates promettent d\u2019assurer le soutien parlementaire \u00e0 l\u2019adoption des actes normatifs n\u00e9cessaires au d\u00e9roulement des projets \u00e0 financement europ\u00e9en.<\/p>\n<p>&nbsp;<\/p>\n<h3><strong>Le pr\u00e9sident roumain, Nicu\u0219or Dan, pr\u00e9sent \u00e0 la r\u00e9union du Conseil europ\u00e9en \u00e0 Chypre. <\/strong><\/h3>\n<p><strong>\u00a0<\/strong><\/p>\n<p>Pr\u00e9sent \u00e0 la r\u00e9union informelle du Conseil europ\u00e9en d\u00e9roul\u00e9e \u00e0 Chypre ces jeudi et vendredi, le chef de l\u2019Etat roumain, Nicu\u0219or Dan,\u00a0a fait savoir que la prosp\u00e9rit\u00e9 et la s\u00e9curit\u00e9 de la Roumanie d\u00e9pendaient d\u2019une Union europ\u00e9enne puissante et prosp\u00e8re. Il a soulign\u00e9 qu\u2019un des th\u00e8mes essentiels pour la Roumanie figurant \u00e0 l\u2019agenda de la r\u00e9union \u00e9tait le futur budget de l\u2019Union europ\u00e9enne. \u00ab\u00a0Nous souhaitons un budget ambitieux et g\u00e9n\u00e9reux\u00a0\u00bb a affirm\u00e9 Nicu\u0219or Dan, plaidant pour un assouplissement de l\u2019acc\u00e8s des entreprises des Etats membres moins d\u00e9velopp\u00e9s aux fonds destin\u00e9s \u00e0 la comp\u00e9titivit\u00e9. Le chef de l\u2019Etat a soulign\u00e9 aussi l\u2019importance des fonds de coh\u00e9sion. \u00ab\u00a0Ils sont un ingr\u00e9dient indispensable de notre solidarit\u00e9 commune. Parall\u00e8lement, l\u2019Union doit investir des ressources dans la comp\u00e9titivit\u00e9 et la s\u00e9curit\u00e9, dans une Politique agricole commune puissante, ainsi que dans la connectivit\u00e9 et l\u2019innovation, avec un accent particulier sur notre voisinage imm\u00e9diat\u00a0\u00bb, a pr\u00e9cis\u00e9 Nicu\u0219or Dan.<\/p>\n<p>&nbsp;<\/p>\n<h3><strong>Un d\u00e9ficit budg\u00e9taire \u00e0 la baisse. <\/strong><\/h3>\n<p><strong>\u00a0<\/strong><\/p>\n<p>Le d\u00e9ficit total de la Roumanie a baiss\u00e9 de 9,3% du PIB en 2024 \u00e0 7,9% l\u2019ann\u00e9e derni\u00e8re, conform\u00e9ment aux chiffres de l\u2019Eurostat, a annonc\u00e9 le premier ministre Ilie Bolojan. Il a affirm\u00e9 que la r\u00e9duction du d\u00e9ficit \u00e9tait un pas n\u00e9cessaire pour stabiliser les finances du pays, et non pas par un objectif en soi. Le chef du cabinet de Bucarest a rappel\u00e9 que cette baisse suit les mesures de r\u00e9duction des d\u00e9penses, d\u2019augmentation des recettes et d\u2019utilisation des fonds europ\u00e9ens. Il a soulign\u00e9 que chaque point de pourcentage r\u00e9duit se traduit par moins de d\u00e9penses avec les taux d\u2019int\u00e9r\u00eat et davantage d\u2019argent aux investissements et aux services publics. Pour sa part, le ministre des Finances, Alexandru Nazare, a pr\u00e9cis\u00e9 que cette \u00e9volution marquait une \u00e9tape de maturation fiscale et de regain de la cr\u00e9dibilit\u00e9 \u00e9conomique. Et pourtant, d\u2019apr\u00e8s le ministre des Finances, la Roumanie demeure le pays confront\u00e9 au d\u00e9ficit budg\u00e9taire le plus \u00e9lev\u00e9 de l\u2019Union europ\u00e9enne, ce qui impose une poursuite des mesures de consolidation fiscale.<\/p>\n<p>&nbsp;<\/p>\n<h3><strong>La journ\u00e9e de l\u2019industrie roumaine \u00e0 Bruxelles. <\/strong><\/h3>\n<p><strong>\u00a0<\/strong><\/p>\n<p>Lundi, le si\u00e8ge de l\u2019OTAN \u00e0 Bruxelles a accueilli une journ\u00e9e de l\u2019industrie roumaine, un \u00e9v\u00e9nement de diplomatie \u00e9conomique cens\u00e9 promouvoir l\u2019industrie roumaine et faciliter l\u2019acc\u00e8s des entreprises nationales aux structures de l\u2019Alliance de l\u2019Atlantique Nord. Une vingtaine d\u2019entreprises roumaines ont pr\u00e9sent\u00e9 des technologies du domaine de la d\u00e9fense antia\u00e9rienne, en mettant particuli\u00e8rement l\u2019accent sur les drones et les syst\u00e8mes anti-drone, mais aussi sur les programmes de s\u00e9curit\u00e9 cybern\u00e9tique et de communications, y compris dans l\u2019espace. Pr\u00e9sente \u00e0 l\u2019\u00e9v\u00e9nement, la cheffe de la diplomatie roumaine, Oana \u0162oiu, a affirm\u00e9 que la Roumanie souhaitait mettre \u00e0 profit la hausse des d\u00e9penses de l\u2019Alliance afin de cr\u00e9er des opportunit\u00e9s \u00e9conomiques et des emplois en Roumanie. Il s\u2019agit d\u2019un montant total de 1,4 trillions de dollars mis \u00e0 la disposition des alli\u00e9s.<\/p>\n<p>&nbsp;<\/p>\n<h3><strong>Le casque de Co\u021bofene\u0219ti et les bracelets daces sont rentr\u00e9s \u00e0 la maison, au mus\u00e9e d\u2019histoire nationale de Bucarest. <\/strong><\/h3>\n<p><strong>\u00a0<\/strong><\/p>\n<p>Le casque de Cotofenesti et les deux bracelets daces en or, r\u00e9cup\u00e9r\u00e9s apr\u00e8s le vol perp\u00e9tr\u00e9 l\u2019ann\u00e9e derni\u00e8re au mus\u00e9e de Drenthe, \u00e0 Assen aux Pays-Bas, ont \u00e9t\u00e9 ramen\u00e9s cette semaine en Roumanie. Un troisi\u00e8me bracelet n\u2019a jamais \u00e9t\u00e9 r\u00e9cup\u00e9r\u00e9. Les pi\u00e8ces du tr\u00e9sor national ont \u00e9t\u00e9 transport\u00e9es dans des conditions de s\u00e9curit\u00e9 maximale au mus\u00e9e national d\u2019histoire de Bucarest, o\u00f9 elles seront expos\u00e9es jusqu\u2019au 3 mai. Le minist\u00e8re roumain de la culture a annonc\u00e9 l\u2019automne dernier avoir re\u00e7u environ 5,7 millions d\u2019euros, l\u2019\u00e9quivalent du d\u00e9dommagement pay\u00e9 par l\u2019assureur pour les quatre objets culturels mobiles vol\u00e9s du mus\u00e9e de Drenthe. Apr\u00e8s la r\u00e9cup\u00e9ration de trois pi\u00e8ces sur quatre, la Roumanie devrait restituer d\u00e9sormais une partie de cet argent \u00e0 la soci\u00e9t\u00e9 d\u2019assurances. Selon les autorit\u00e9s n\u00e9erlandaises, plusieurs suspects ont \u00e9t\u00e9 arr\u00eat\u00e9s durant les mois qui ont suivi le vol.<\/p>\n","protected":false},"excerpt":{"rendered":"<p>Crise gouvernementale en Roumanie \u00a0 A Bucarest, le PSD, principal parti de la coalition gouvernementale, a mis sa menace \u00e0 ex\u00e9cution et a retir\u00e9 son soutien au premier ministre lib\u00e9ral Ilie Bolojan \u00e0 travers la d\u00e9mission de ses ministres. Le Parti social d\u00e9mocrate, le Parti national lib\u00e9ral, l\u2019Union Sauvez la Roumanie et l\u2019Union d\u00e9mocrate magyare [&hellip;]<\/p>\n","protected":false},"author":21,"featured_media":892496,"comment_status":"closed","ping_status":"closed","sticky":false,"template":"","format":"standard","meta":{"_acf_changed":false,"footnotes":""},"categories":[94426],"tags":[],"coauthors":[115852],"class_list":["post-1010065","post","type-post","status-publish","format-standard","has-post-thumbnail","hentry","category-cette-semaine-en-roumanie"],"acf":[],"yoast_head":"<!-- This site is optimized with the Yoast SEO plugin v27.3 - https:\/\/yoast.com\/product\/yoast-seo-wordpress\/ -->\n<title>La semaine du 20 au 25 avril 2026 - Radio Roumanie Internationale<\/title>\n<meta name=\"robots\" content=\"index, follow, max-snippet:-1, max-image-preview:large, max-video-preview:-1\" \/>\n<link rel=\"canonical\" href=\"https:\/\/www.rri.ro\/fr\/actualites\/cette-semaine-en-roumanie\/la-semaine-du-20-au-25-avril-2026-id1010065.html\" \/>\n<meta property=\"og:locale\" content=\"fr_FR\" \/>\n<meta property=\"og:type\" content=\"article\" \/>\n<meta property=\"og:title\" content=\"La semaine du 20 au 25 avril 2026 - Radio Roumanie Internationale\" \/>\n<meta property=\"og:description\" content=\"Crise gouvernementale en Roumanie \u00a0 A Bucarest, le PSD, principal parti de la coalition gouvernementale, a mis sa menace \u00e0 ex\u00e9cution et a retir\u00e9 son soutien au premier ministre lib\u00e9ral Ilie Bolojan \u00e0 travers la d\u00e9mission de ses ministres. Le Parti social d\u00e9mocrate, le Parti national lib\u00e9ral, l\u2019Union Sauvez la Roumanie et l\u2019Union d\u00e9mocrate magyare [&hellip;]\" \/>\n<meta property=\"og:url\" content=\"https:\/\/www.rri.ro\/fr\/actualites\/cette-semaine-en-roumanie\/la-semaine-du-20-au-25-avril-2026-id1010065.html\" \/>\n<meta property=\"og:site_name\" content=\"Radio Roumanie Internationale\" \/>\n<meta property=\"article:published_time\" content=\"2026-04-26T08:25:37+00:00\" \/>\n<meta property=\"article:modified_time\" content=\"2026-04-26T09:00:54+00:00\" \/>\n<meta property=\"og:image\" content=\"https:\/\/www.rri.ro\/wp-content\/uploads\/2025\/05\/eveniment-top-ND-2025-16x9-1.jpg\" \/>\n\t<meta property=\"og:image:width\" content=\"1280\" \/>\n\t<meta property=\"og:image:height\" content=\"720\" \/>\n\t<meta property=\"og:image:type\" content=\"image\/jpeg\" \/>\n<meta name=\"author\" content=\"Leyla Cheamil\" \/>\n<meta name=\"twitter:card\" content=\"summary_large_image\" \/>\n<meta name=\"twitter:label1\" content=\"\u00c9crit par\" \/>\n\t<meta name=\"twitter:data1\" content=\"Valentina Beleavski\" \/>\n\t<meta name=\"twitter:label2\" content=\"Dur\u00e9e de lecture estim\u00e9e\" \/>\n\t<meta name=\"twitter:data2\" content=\"7 minutes\" \/>\n\t<meta name=\"twitter:label3\" content=\"Written by\" \/>\n\t<meta name=\"twitter:data3\" content=\"Leyla Cheamil\" \/>\n<script type=\"application\/ld+json\" class=\"yoast-schema-graph\">{\"@context\":\"https:\\\/\\\/schema.org\",\"@graph\":[{\"@type\":\"Article\",\"@id\":\"https:\\\/\\\/www.rri.ro\\\/fr\\\/actualites\\\/cette-semaine-en-roumanie\\\/la-semaine-du-20-au-25-avril-2026-id1010065.html#article\",\"isPartOf\":{\"@id\":\"https:\\\/\\\/www.rri.ro\\\/fr\\\/actualites\\\/cette-semaine-en-roumanie\\\/la-semaine-du-20-au-25-avril-2026-id1010065.html\"},\"author\":{\"name\":\"Valentina Beleavski\",\"@id\":\"https:\\\/\\\/www.rri.ro\\\/#\\\/schema\\\/person\\\/f678ace260ac792e538779c8b1b55da2\"},\"headline\":\"La semaine du 20 au 25 avril 2026\",\"datePublished\":\"2026-04-26T08:25:37+00:00\",\"dateModified\":\"2026-04-26T09:00:54+00:00\",\"mainEntityOfPage\":{\"@id\":\"https:\\\/\\\/www.rri.ro\\\/fr\\\/actualites\\\/cette-semaine-en-roumanie\\\/la-semaine-du-20-au-25-avril-2026-id1010065.html\"},\"wordCount\":1325,\"image\":{\"@id\":\"https:\\\/\\\/www.rri.ro\\\/fr\\\/actualites\\\/cette-semaine-en-roumanie\\\/la-semaine-du-20-au-25-avril-2026-id1010065.html#primaryimage\"},\"thumbnailUrl\":\"https:\\\/\\\/www.rri.ro\\\/wp-content\\\/uploads\\\/2025\\\/05\\\/eveniment-top-ND-2025-16x9-1.jpg\",\"articleSection\":[\"Cette semaine, en Roumanie\"],\"inLanguage\":\"fr-FR\"},{\"@type\":\"WebPage\",\"@id\":\"https:\\\/\\\/www.rri.ro\\\/fr\\\/actualites\\\/cette-semaine-en-roumanie\\\/la-semaine-du-20-au-25-avril-2026-id1010065.html\",\"url\":\"https:\\\/\\\/www.rri.ro\\\/fr\\\/actualites\\\/cette-semaine-en-roumanie\\\/la-semaine-du-20-au-25-avril-2026-id1010065.html\",\"name\":\"La semaine du 20 au 25 avril 2026 - Radio Roumanie Internationale\",\"isPartOf\":{\"@id\":\"https:\\\/\\\/www.rri.ro\\\/#website\"},\"primaryImageOfPage\":{\"@id\":\"https:\\\/\\\/www.rri.ro\\\/fr\\\/actualites\\\/cette-semaine-en-roumanie\\\/la-semaine-du-20-au-25-avril-2026-id1010065.html#primaryimage\"},\"image\":{\"@id\":\"https:\\\/\\\/www.rri.ro\\\/fr\\\/actualites\\\/cette-semaine-en-roumanie\\\/la-semaine-du-20-au-25-avril-2026-id1010065.html#primaryimage\"},\"thumbnailUrl\":\"https:\\\/\\\/www.rri.ro\\\/wp-content\\\/uploads\\\/2025\\\/05\\\/eveniment-top-ND-2025-16x9-1.jpg\",\"datePublished\":\"2026-04-26T08:25:37+00:00\",\"dateModified\":\"2026-04-26T09:00:54+00:00\",\"author\":{\"@id\":\"https:\\\/\\\/www.rri.ro\\\/#\\\/schema\\\/person\\\/f678ace260ac792e538779c8b1b55da2\"},\"breadcrumb\":{\"@id\":\"https:\\\/\\\/www.rri.ro\\\/fr\\\/actualites\\\/cette-semaine-en-roumanie\\\/la-semaine-du-20-au-25-avril-2026-id1010065.html#breadcrumb\"},\"inLanguage\":\"fr-FR\",\"potentialAction\":[{\"@type\":\"ReadAction\",\"target\":[\"https:\\\/\\\/www.rri.ro\\\/fr\\\/actualites\\\/cette-semaine-en-roumanie\\\/la-semaine-du-20-au-25-avril-2026-id1010065.html\"]}]},{\"@type\":\"ImageObject\",\"inLanguage\":\"fr-FR\",\"@id\":\"https:\\\/\\\/www.rri.ro\\\/fr\\\/actualites\\\/cette-semaine-en-roumanie\\\/la-semaine-du-20-au-25-avril-2026-id1010065.html#primaryimage\",\"url\":\"https:\\\/\\\/www.rri.ro\\\/wp-content\\\/uploads\\\/2025\\\/05\\\/eveniment-top-ND-2025-16x9-1.jpg\",\"contentUrl\":\"https:\\\/\\\/www.rri.ro\\\/wp-content\\\/uploads\\\/2025\\\/05\\\/eveniment-top-ND-2025-16x9-1.jpg\",\"width\":1280,\"height\":720,\"caption\":\"\u041e\u0433\u043b\u044f\u0434 \u043f\u043e\u0434\u0456\u0439 \u0442\u0438\u0436\u043d\u044f\"},{\"@type\":\"BreadcrumbList\",\"@id\":\"https:\\\/\\\/www.rri.ro\\\/fr\\\/actualites\\\/cette-semaine-en-roumanie\\\/la-semaine-du-20-au-25-avril-2026-id1010065.html#breadcrumb\",\"itemListElement\":[{\"@type\":\"ListItem\",\"position\":1,\"name\":\"Page d'accueil\",\"item\":\"https:\\\/\\\/www.rri.ro\\\/fr\"},{\"@type\":\"ListItem\",\"position\":2,\"name\":\"Actualit\u00e9s\",\"item\":\"https:\\\/\\\/www.rri.ro\\\/fr\\\/actualites\"},{\"@type\":\"ListItem\",\"position\":3,\"name\":\"Cette semaine, en Roumanie\",\"item\":\"https:\\\/\\\/www.rri.ro\\\/fr\\\/actualites\\\/cette-semaine-en-roumanie\"},{\"@type\":\"ListItem\",\"position\":4,\"name\":\"La semaine du 20 au 25 avril 2026\"}]},{\"@type\":\"WebSite\",\"@id\":\"https:\\\/\\\/www.rri.ro\\\/#website\",\"url\":\"https:\\\/\\\/www.rri.ro\\\/\",\"name\":\"Radio Roumanie Internationale\",\"description\":\"Totul despre Rom\u00e2nia \u015fi rom\u00e2ni, \u00een 13 limbi\\\/dialecte!\",\"inLanguage\":\"fr-FR\"},{\"@type\":\"Person\",\"@id\":\"https:\\\/\\\/www.rri.ro\\\/#\\\/schema\\\/person\\\/f678ace260ac792e538779c8b1b55da2\",\"name\":\"Valentina Beleavski\",\"url\":\"https:\\\/\\\/www.rri.ro\\\/fr\\\/author\\\/valentina-beleavski\"}]}<\/script>\n<!-- \/ Yoast SEO plugin. -->","yoast_head_json":{"title":"La semaine du 20 au 25 avril 2026 - Radio Roumanie Internationale","robots":{"index":"index","follow":"follow","max-snippet":"max-snippet:-1","max-image-preview":"max-image-preview:large","max-video-preview":"max-video-preview:-1"},"canonical":"https:\/\/www.rri.ro\/fr\/actualites\/cette-semaine-en-roumanie\/la-semaine-du-20-au-25-avril-2026-id1010065.html","og_locale":"fr_FR","og_type":"article","og_title":"La semaine du 20 au 25 avril 2026 - Radio Roumanie Internationale","og_description":"Crise gouvernementale en Roumanie \u00a0 A Bucarest, le PSD, principal parti de la coalition gouvernementale, a mis sa menace \u00e0 ex\u00e9cution et a retir\u00e9 son soutien au premier ministre lib\u00e9ral Ilie Bolojan \u00e0 travers la d\u00e9mission de ses ministres. Le Parti social d\u00e9mocrate, le Parti national lib\u00e9ral, l\u2019Union Sauvez la Roumanie et l\u2019Union d\u00e9mocrate magyare [&hellip;]","og_url":"https:\/\/www.rri.ro\/fr\/actualites\/cette-semaine-en-roumanie\/la-semaine-du-20-au-25-avril-2026-id1010065.html","og_site_name":"Radio Roumanie Internationale","article_published_time":"2026-04-26T08:25:37+00:00","article_modified_time":"2026-04-26T09:00:54+00:00","og_image":[{"width":1280,"height":720,"url":"https:\/\/www.rri.ro\/wp-content\/uploads\/2025\/05\/eveniment-top-ND-2025-16x9-1.jpg","type":"image\/jpeg"}],"author":"Leyla Cheamil","twitter_card":"summary_large_image","twitter_misc":{"\u00c9crit par":"Valentina Beleavski","Dur\u00e9e de lecture estim\u00e9e":"7 minutes","Written by":"Leyla Cheamil"},"schema":{"@context":"https:\/\/schema.org","@graph":[{"@type":"Article","@id":"https:\/\/www.rri.ro\/fr\/actualites\/cette-semaine-en-roumanie\/la-semaine-du-20-au-25-avril-2026-id1010065.html#article","isPartOf":{"@id":"https:\/\/www.rri.ro\/fr\/actualites\/cette-semaine-en-roumanie\/la-semaine-du-20-au-25-avril-2026-id1010065.html"},"author":{"name":"Valentina Beleavski","@id":"https:\/\/www.rri.ro\/#\/schema\/person\/f678ace260ac792e538779c8b1b55da2"},"headline":"La semaine du 20 au 25 avril 2026","datePublished":"2026-04-26T08:25:37+00:00","dateModified":"2026-04-26T09:00:54+00:00","mainEntityOfPage":{"@id":"https:\/\/www.rri.ro\/fr\/actualites\/cette-semaine-en-roumanie\/la-semaine-du-20-au-25-avril-2026-id1010065.html"},"wordCount":1325,"image":{"@id":"https:\/\/www.rri.ro\/fr\/actualites\/cette-semaine-en-roumanie\/la-semaine-du-20-au-25-avril-2026-id1010065.html#primaryimage"},"thumbnailUrl":"https:\/\/www.rri.ro\/wp-content\/uploads\/2025\/05\/eveniment-top-ND-2025-16x9-1.jpg","articleSection":["Cette semaine, en Roumanie"],"inLanguage":"fr-FR"},{"@type":"WebPage","@id":"https:\/\/www.rri.ro\/fr\/actualites\/cette-semaine-en-roumanie\/la-semaine-du-20-au-25-avril-2026-id1010065.html","url":"https:\/\/www.rri.ro\/fr\/actualites\/cette-semaine-en-roumanie\/la-semaine-du-20-au-25-avril-2026-id1010065.html","name":"La semaine du 20 au 25 avril 2026 - Radio Roumanie Internationale","isPartOf":{"@id":"https:\/\/www.rri.ro\/#website"},"primaryImageOfPage":{"@id":"https:\/\/www.rri.ro\/fr\/actualites\/cette-semaine-en-roumanie\/la-semaine-du-20-au-25-avril-2026-id1010065.html#primaryimage"},"image":{"@id":"https:\/\/www.rri.ro\/fr\/actualites\/cette-semaine-en-roumanie\/la-semaine-du-20-au-25-avril-2026-id1010065.html#primaryimage"},"thumbnailUrl":"https:\/\/www.rri.ro\/wp-content\/uploads\/2025\/05\/eveniment-top-ND-2025-16x9-1.jpg","datePublished":"2026-04-26T08:25:37+00:00","dateModified":"2026-04-26T09:00:54+00:00","author":{"@id":"https:\/\/www.rri.ro\/#\/schema\/person\/f678ace260ac792e538779c8b1b55da2"},"breadcrumb":{"@id":"https:\/\/www.rri.ro\/fr\/actualites\/cette-semaine-en-roumanie\/la-semaine-du-20-au-25-avril-2026-id1010065.html#breadcrumb"},"inLanguage":"fr-FR","potentialAction":[{"@type":"ReadAction","target":["https:\/\/www.rri.ro\/fr\/actualites\/cette-semaine-en-roumanie\/la-semaine-du-20-au-25-avril-2026-id1010065.html"]}]},{"@type":"ImageObject","inLanguage":"fr-FR","@id":"https:\/\/www.rri.ro\/fr\/actualites\/cette-semaine-en-roumanie\/la-semaine-du-20-au-25-avril-2026-id1010065.html#primaryimage","url":"https:\/\/www.rri.ro\/wp-content\/uploads\/2025\/05\/eveniment-top-ND-2025-16x9-1.jpg","contentUrl":"https:\/\/www.rri.ro\/wp-content\/uploads\/2025\/05\/eveniment-top-ND-2025-16x9-1.jpg","width":1280,"height":720,"caption":"\u041e\u0433\u043b\u044f\u0434 \u043f\u043e\u0434\u0456\u0439 \u0442\u0438\u0436\u043d\u044f"},{"@type":"BreadcrumbList","@id":"https:\/\/www.rri.ro\/fr\/actualites\/cette-semaine-en-roumanie\/la-semaine-du-20-au-25-avril-2026-id1010065.html#breadcrumb","itemListElement":[{"@type":"ListItem","position":1,"name":"Page d'accueil","item":"https:\/\/www.rri.ro\/fr"},{"@type":"ListItem","position":2,"name":"Actualit\u00e9s","item":"https:\/\/www.rri.ro\/fr\/actualites"},{"@type":"ListItem","position":3,"name":"Cette semaine, en Roumanie","item":"https:\/\/www.rri.ro\/fr\/actualites\/cette-semaine-en-roumanie"},{"@type":"ListItem","position":4,"name":"La semaine du 20 au 25 avril 2026"}]},{"@type":"WebSite","@id":"https:\/\/www.rri.ro\/#website","url":"https:\/\/www.rri.ro\/","name":"Radio Roumanie Internationale","description":"Totul despre Rom\u00e2nia \u015fi rom\u00e2ni, \u00een 13 limbi\/dialecte!","inLanguage":"fr-FR"},{"@type":"Person","@id":"https:\/\/www.rri.ro\/#\/schema\/person\/f678ace260ac792e538779c8b1b55da2","name":"Valentina Beleavski","url":"https:\/\/www.rri.ro\/fr\/author\/valentina-beleavski"}]}},"_links":{"self":[{"href":"https:\/\/www.rri.ro\/fr\/wp-json\/wp\/v2\/posts\/1010065","targetHints":{"allow":["GET"]}}],"collection":[{"href":"https:\/\/www.rri.ro\/fr\/wp-json\/wp\/v2\/posts"}],"about":[{"href":"https:\/\/www.rri.ro\/fr\/wp-json\/wp\/v2\/types\/post"}],"author":[{"embeddable":true,"href":"https:\/\/www.rri.ro\/fr\/wp-json\/wp\/v2\/users\/21"}],"replies":[{"embeddable":true,"href":"https:\/\/www.rri.ro\/fr\/wp-json\/wp\/v2\/comments?post=1010065"}],"version-history":[{"count":1,"href":"https:\/\/www.rri.ro\/fr\/wp-json\/wp\/v2\/posts\/1010065\/revisions"}],"predecessor-version":[{"id":1010072,"href":"https:\/\/www.rri.ro\/fr\/wp-json\/wp\/v2\/posts\/1010065\/revisions\/1010072"}],"wp:featuredmedia":[{"embeddable":true,"href":"https:\/\/www.rri.ro\/fr\/wp-json\/wp\/v2\/media\/892496"}],"wp:attachment":[{"href":"https:\/\/www.rri.ro\/fr\/wp-json\/wp\/v2\/media?parent=1010065"}],"wp:term":[{"taxonomy":"category","embeddable":true,"href":"https:\/\/www.rri.ro\/fr\/wp-json\/wp\/v2\/categories?post=1010065"},{"taxonomy":"post_tag","embeddable":true,"href":"https:\/\/www.rri.ro\/fr\/wp-json\/wp\/v2\/tags?post=1010065"},{"taxonomy":"author","embeddable":true,"href":"https:\/\/www.rri.ro\/fr\/wp-json\/wp\/v2\/coauthors?post=1010065"}],"curies":[{"name":"wp","href":"https:\/\/api.w.org\/{rel}","templated":true}]}}